{"id":6227,"date":"2023-01-03T07:12:00","date_gmt":"2023-01-03T06:12:00","guid":{"rendered":"https:\/\/www.inforesidencias.com\/blog\/?p=6227"},"modified":"2022-12-29T17:05:28","modified_gmt":"2022-12-29T16:05:28","slug":"acceder-a-una-plaza-publica-de-residencia-de-mayores","status":"publish","type":"post","link":"https:\/\/www.inforesidencias.com\/blog\/index.php\/2023\/01\/03\/acceder-a-una-plaza-publica-de-residencia-de-mayores\/","title":{"rendered":"Acceder a una plaza p\u00fablica de residencia de mayores"},"content":{"rendered":"\n<p><\/p>\n\n\n\n<p><\/p>\n\n\n\n<p>Cuando se quiere acceder a una plaza p\u00fablica de residencia de mayores hay algunos aspectos importante que hay que tener en cuenta. Son aspectos de car\u00e1cter b\u00e1sico pero a su vez esencial.<\/p>\n\n\n\n<h2 class=\"wp-block-heading\">5 aspectos importantes al acceder a una plaza p\u00fablica o acreditada de residencia<\/h2>\n\n\n\n<p>1- No se puede optar a ingresar sin antes tener concedida la ley de dependencia con al menos un grado II o III (esto quiz\u00e1 cambia muy pronto con la Real Decreto 1051\/2013). Este aspecto es b\u00e1sico porque este proceso desde que se solicita hasta que hay una resoluci\u00f3n pueden pasar unos meses dependiendo de la Comunidad Aut\u00f3noma. Por ello, es necesario valorar la opci\u00f3n de optar a una plaza 100% privada hasta el momento de recibir respuesta por parte de la Administraci\u00f3n.<\/p>\n\n\n\n<p>2- Una vez tenemos nuestra resoluci\u00f3n (con un grado II o III), llega el momento de elegir residencia. En total tenemos la posibilidad de apuntarnos a un m\u00e1ximo de 3 servicios. Es decir, 3 residencias o 3 centros de d\u00eda, 2+1 etc. Pero como m\u00e1ximo 3. Antes de hacerlo, es bueno preguntar como va la lista de espera en cada uno y visitarlo on nuestro familiar a ser posible. El tiempo de espera puede variar en funci\u00f3n de si la plaza es par hombre o mujer.<\/p>\n\n\n\n<div class=\"wp-block-image\"><figure class=\"aligncenter size-large is-resized\"><img decoding=\"async\" loading=\"lazy\" src=\"https:\/\/www.inforesidencias.com\/blog\/wp-content\/uploads\/2022\/12\/Acceder-a-una-plaza-pu\u0301blica-de-residencia-de-mayores-1-1024x683.png\" alt=\"\" class=\"wp-image-6236\" width=\"529\" height=\"352\" srcset=\"https:\/\/www.inforesidencias.com\/blog\/wp-content\/uploads\/2022\/12\/Acceder-a-una-plaza-pu\u0301blica-de-residencia-de-mayores-1-1024x683.png 1024w, https:\/\/www.inforesidencias.com\/blog\/wp-content\/uploads\/2022\/12\/Acceder-a-una-plaza-pu\u0301blica-de-residencia-de-mayores-1-300x200.png 300w, https:\/\/www.inforesidencias.com\/blog\/wp-content\/uploads\/2022\/12\/Acceder-a-una-plaza-pu\u0301blica-de-residencia-de-mayores-1-768x512.png 768w, https:\/\/www.inforesidencias.com\/blog\/wp-content\/uploads\/2022\/12\/Acceder-a-una-plaza-pu\u0301blica-de-residencia-de-mayores-1.png 1470w\" sizes=\"(max-width: 529px) 100vw, 529px\" \/><\/figure><\/div>\n\n\n\n<p>3- Mientras no nos llega el turno para acceder a la plaza, una buena opci\u00f3n es optar por aquel centro que, a parte de tener plazas p\u00fablicas tambi\u00e9n est\u00e9 acreditado por la Administraci\u00f3n de esa Comunidad. De este modo, mientras que \u00abesperamos\u00bb podemos solicitar que nos paguen la prestaci\u00f3n econ\u00f3mica vinculada la servicio (o tambi\u00e9n llamado cheque servicio) para poder pagar parte del coste de esa plaza privada. El tr\u00e1mite lo pueden hacer desde la propia residencia.<\/p>\n\n\n\n<p>4- Tener en cuenta que se puede pedir una revisi\u00f3n de Grado si se necesita. Lo explicamos en <a href=\"https:\/\/www.inforesidencias.com\/blog\/index.php\/2022\/11\/21\/revision-del-grado-de-dependencia\/\" target=\"_blank\" rel=\"noreferrer noopener\">este articulo<\/a><\/p>\n\n\n\n<p>5- Es probable que una vez acceda a la plaza p\u00fablica le asignen una habitaci\u00f3n doble. No obstante, siempre hay la opci\u00f3n de pagar un suplemento si se prefiere una habitaci\u00f3n individual. <\/p>\n\n\n\n<p>A parte de este art\u00edculo sobre acceder a una plaza p\u00fablica de residencia de mayores, pensamos que tambi\u00e9n te puede interesar:<\/p>\n\n\n\n<ul><li><a href=\"https:\/\/dependencia.info\/noticia\/5765\/actualidad\/la-busqueda-de-residencias-para-personas-mayores-crece-un-52-durante-2022.html\" target=\"_blank\" rel=\"noreferrer noopener\">Crece la b\u00fasqueda de residencias geri\u00e1tricas en 2022<\/a><\/li><li><a href=\"https:\/\/www.inforesidencias.com\/aula-virtual\/courses\/los-cambios-a-la-ley-de-testamento-vital\/\" target=\"_blank\" rel=\"noreferrer noopener\">Los cambios en la reforma legal en materia de discapacidad<\/a><\/li><\/ul>\n","protected":false},"excerpt":{"rendered":"<p>Cuando se quiere acceder a una plaza p\u00fablica de residencia de mayores hay algunos aspectos importante que hay que tener en cuenta. Son aspectos de car\u00e1cter b\u00e1sico pero a su vez esencial. 5 aspectos importantes al acceder a una plaza p\u00fablica o acreditada de residencia 1- No se puede optar a ingresar sin antes tener concedida la ley de dependencia con al menos un grado II o III (esto quiz\u00e1 cambia muy pronto con la Real Decreto 1051\/2013). Este aspecto es b\u00e1sico porque este proceso desde que se solicita hasta que hay una resoluci\u00f3n pueden pasar unos meses dependiendo de la Comunidad Aut\u00f3noma. Por ello, es necesario valorar la opci\u00f3n de optar a una plaza 100% privada hasta el momento de recibir respuesta por parte de la Administraci\u00f3n. 2- Una vez tenemos nuestra resoluci\u00f3n (con un grado II o III), llega el momento de elegir residencia. En total tenemos la [&hellip;]<\/p>\n","protected":false},"author":2,"featured_media":6235,"comment_status":"open","ping_status":"open","sticky":false,"template":"","format":"standard","meta":{"footnotes":""},"categories":[1],"tags":[],"yoast_head":"<!-- This site is optimized with the Yoast SEO plugin v21.7 - https:\/\/yoast.com\/wordpress\/plugins\/seo\/ -->\n<title>Acceder a una plaza p\u00fablica de residencia de mayores - Blog Inforesidencias.com<\/title>\n<meta name=\"description\" content=\"Hay una serie de aspecrtos importantes a tener en cuenta a la hora de acceder a una plaza p\u00fablica de residencia de mayores en Espa\u00f1a.\" \/>\n<meta name=\"robots\" content=\"index, follow, max-snippet:-1, max-image-preview:large, max-video-preview:-1\" \/>\n<link rel=\"canonical\" href=\"https:\/\/www.inforesidencias.com\/blog\/index.php\/2023\/01\/03\/acceder-a-una-plaza-publica-de-residencia-de-mayores\/\" \/>\n<meta property=\"og:locale\" content=\"es_ES\" \/>\n<meta property=\"og:type\" content=\"article\" \/>\n<meta property=\"og:title\" content=\"Acceder a una plaza p\u00fablica de residencia de mayores - Blog Inforesidencias.com\" \/>\n<meta property=\"og:description\" content=\"Hay una serie de aspecrtos importantes a tener en cuenta a la hora de acceder a una plaza p\u00fablica de residencia de mayores en Espa\u00f1a.\" \/>\n<meta property=\"og:url\" content=\"https:\/\/www.inforesidencias.com\/blog\/index.php\/2023\/01\/03\/acceder-a-una-plaza-publica-de-residencia-de-mayores\/\" \/>\n<meta property=\"og:site_name\" content=\"Blog Inforesidencias.com\" \/>\n<meta property=\"article:publisher\" content=\"https:\/\/www.facebook.com\/Inforesidencias\/\" \/>\n<meta property=\"article:author\" content=\"https:\/\/www.facebook.com\/josep.demarti\" \/>\n<meta property=\"article:published_time\" content=\"2023-01-03T06:12:00+00:00\" \/>\n<meta property=\"article:modified_time\" content=\"2022-12-29T16:05:28+00:00\" \/>\n<meta property=\"og:image\" content=\"https:\/\/www.inforesidencias.com\/blog\/wp-content\/uploads\/2022\/12\/Acceder-a-una-plaza-pu\u0301blica-de-residencia-de-mayores-1024x683.png\" \/>\n\t<meta property=\"og:image:width\" content=\"1024\" \/>\n\t<meta property=\"og:image:height\" content=\"683\" \/>\n\t<meta property=\"og:image:type\" content=\"image\/png\" \/>\n<meta name=\"author\" content=\"Josep de Mart\u00ed\" \/>\n<meta name=\"twitter:card\" content=\"summary_large_image\" \/>\n<meta name=\"twitter:creator\" content=\"@blog-ir\" \/>\n<meta name=\"twitter:site\" content=\"@inforesidencias\" \/>\n<meta name=\"twitter:label1\" content=\"Escrito por\" \/>\n\t<meta name=\"twitter:data1\" content=\"Josep de Mart\u00ed\" \/>\n\t<meta name=\"twitter:label2\" content=\"Tiempo de lectura\" \/>\n\t<meta name=\"twitter:data2\" content=\"2 minutos\" \/>\n<script type=\"application\/ld+json\" class=\"yoast-schema-graph\">{\"@context\":\"https:\/\/schema.org\",\"@graph\":[{\"@type\":\"WebPage\",\"@id\":\"https:\/\/www.inforesidencias.com\/blog\/index.php\/2023\/01\/03\/acceder-a-una-plaza-publica-de-residencia-de-mayores\/\",\"url\":\"https:\/\/www.inforesidencias.com\/blog\/index.php\/2023\/01\/03\/acceder-a-una-plaza-publica-de-residencia-de-mayores\/\",\"name\":\"Acceder a una plaza p\u00fablica de residencia de mayores - Blog Inforesidencias.com\",\"isPartOf\":{\"@id\":\"https:\/\/www.inforesidencias.com\/blog\/#website\"},\"datePublished\":\"2023-01-03T06:12:00+00:00\",\"dateModified\":\"2022-12-29T16:05:28+00:00\",\"author\":{\"@id\":\"https:\/\/www.inforesidencias.com\/blog\/#\/schema\/person\/9e146774d1eb3bc1c0316242a3898628\"},\"description\":\"Hay una serie de aspecrtos importantes a tener en cuenta a la hora de acceder a una plaza p\u00fablica de residencia de mayores en Espa\u00f1a.\",\"breadcrumb\":{\"@id\":\"https:\/\/www.inforesidencias.com\/blog\/index.php\/2023\/01\/03\/acceder-a-una-plaza-publica-de-residencia-de-mayores\/#breadcrumb\"},\"inLanguage\":\"es\",\"potentialAction\":[{\"@type\":\"ReadAction\",\"target\":[\"https:\/\/www.inforesidencias.com\/blog\/index.php\/2023\/01\/03\/acceder-a-una-plaza-publica-de-residencia-de-mayores\/\"]}]},{\"@type\":\"BreadcrumbList\",\"@id\":\"https:\/\/www.inforesidencias.com\/blog\/index.php\/2023\/01\/03\/acceder-a-una-plaza-publica-de-residencia-de-mayores\/#breadcrumb\",\"itemListElement\":[{\"@type\":\"ListItem\",\"position\":1,\"name\":\"Home\",\"item\":\"https:\/\/www.inforesidencias.com\/blog\/\"},{\"@type\":\"ListItem\",\"position\":2,\"name\":\"Acceder a una plaza p\u00fablica de residencia de mayores\"}]},{\"@type\":\"WebSite\",\"@id\":\"https:\/\/www.inforesidencias.com\/blog\/#website\",\"url\":\"https:\/\/www.inforesidencias.com\/blog\/\",\"name\":\"Blog Inforesidencias.com\",\"description\":\"El buscador de residencias de la 3\u00aa edad\",\"potentialAction\":[{\"@type\":\"SearchAction\",\"target\":{\"@type\":\"EntryPoint\",\"urlTemplate\":\"https:\/\/www.inforesidencias.com\/blog\/?s={search_term_string}\"},\"query-input\":\"required name=search_term_string\"}],\"inLanguage\":\"es\"},{\"@type\":\"Person\",\"@id\":\"https:\/\/www.inforesidencias.com\/blog\/#\/schema\/person\/9e146774d1eb3bc1c0316242a3898628\",\"name\":\"Josep de Mart\u00ed\",\"image\":{\"@type\":\"ImageObject\",\"inLanguage\":\"es\",\"@id\":\"https:\/\/www.inforesidencias.com\/blog\/#\/schema\/person\/image\/\",\"url\":\"https:\/\/secure.gravatar.com\/avatar\/de0302c4806c00c4cebff396a798c1ff?s=96&d=mm&r=g\",\"contentUrl\":\"https:\/\/secure.gravatar.com\/avatar\/de0302c4806c00c4cebff396a798c1ff?s=96&d=mm&r=g\",\"caption\":\"Josep de Mart\u00ed\"},\"sameAs\":[\"https:\/\/www.inforesidencias.com\",\"https:\/\/www.facebook.com\/josep.demarti\",\"https:\/\/twitter.com\/blog-ir\"],\"url\":\"https:\/\/www.inforesidencias.com\/blog\/index.php\/author\/josepdemarti\/\"}]}<\/script>\n<!-- \/ Yoast SEO plugin. -->","yoast_head_json":{"title":"Acceder a una plaza p\u00fablica de residencia de mayores - Blog Inforesidencias.com","description":"Hay una serie de aspecrtos importantes a tener en cuenta a la hora de acceder a una plaza p\u00fablica de residencia de mayores en Espa\u00f1a.","robots":{"index":"index","follow":"follow","max-snippet":"max-snippet:-1","max-image-preview":"max-image-preview:large","max-video-preview":"max-video-preview:-1"},"canonical":"https:\/\/www.inforesidencias.com\/blog\/index.php\/2023\/01\/03\/acceder-a-una-plaza-publica-de-residencia-de-mayores\/","og_locale":"es_ES","og_type":"article","og_title":"Acceder a una plaza p\u00fablica de residencia de mayores - Blog Inforesidencias.com","og_description":"Hay una serie de aspecrtos importantes a tener en cuenta a la hora de acceder a una plaza p\u00fablica de residencia de mayores en Espa\u00f1a.","og_url":"https:\/\/www.inforesidencias.com\/blog\/index.php\/2023\/01\/03\/acceder-a-una-plaza-publica-de-residencia-de-mayores\/","og_site_name":"Blog Inforesidencias.com","article_publisher":"https:\/\/www.facebook.com\/Inforesidencias\/","article_author":"https:\/\/www.facebook.com\/josep.demarti","article_published_time":"2023-01-03T06:12:00+00:00","article_modified_time":"2022-12-29T16:05:28+00:00","og_image":[{"width":1024,"height":683,"url":"https:\/\/www.inforesidencias.com\/blog\/wp-content\/uploads\/2022\/12\/Acceder-a-una-plaza-pu\u0301blica-de-residencia-de-mayores-1024x683.png","type":"image\/png"}],"author":"Josep de Mart\u00ed","twitter_card":"summary_large_image","twitter_creator":"@blog-ir","twitter_site":"@inforesidencias","twitter_misc":{"Escrito por":"Josep de Mart\u00ed","Tiempo de lectura":"2 minutos"},"schema":{"@context":"https:\/\/schema.org","@graph":[{"@type":"WebPage","@id":"https:\/\/www.inforesidencias.com\/blog\/index.php\/2023\/01\/03\/acceder-a-una-plaza-publica-de-residencia-de-mayores\/","url":"https:\/\/www.inforesidencias.com\/blog\/index.php\/2023\/01\/03\/acceder-a-una-plaza-publica-de-residencia-de-mayores\/","name":"Acceder a una plaza p\u00fablica de residencia de mayores - Blog Inforesidencias.com","isPartOf":{"@id":"https:\/\/www.inforesidencias.com\/blog\/#website"},"datePublished":"2023-01-03T06:12:00+00:00","dateModified":"2022-12-29T16:05:28+00:00","author":{"@id":"https:\/\/www.inforesidencias.com\/blog\/#\/schema\/person\/9e146774d1eb3bc1c0316242a3898628"},"description":"Hay una serie de aspecrtos importantes a tener en cuenta a la hora de acceder a una plaza p\u00fablica de residencia de mayores en Espa\u00f1a.","breadcrumb":{"@id":"https:\/\/www.inforesidencias.com\/blog\/index.php\/2023\/01\/03\/acceder-a-una-plaza-publica-de-residencia-de-mayores\/#breadcrumb"},"inLanguage":"es","potentialAction":[{"@type":"ReadAction","target":["https:\/\/www.inforesidencias.com\/blog\/index.php\/2023\/01\/03\/acceder-a-una-plaza-publica-de-residencia-de-mayores\/"]}]},{"@type":"BreadcrumbList","@id":"https:\/\/www.inforesidencias.com\/blog\/index.php\/2023\/01\/03\/acceder-a-una-plaza-publica-de-residencia-de-mayores\/#breadcrumb","itemListElement":[{"@type":"ListItem","position":1,"name":"Home","item":"https:\/\/www.inforesidencias.com\/blog\/"},{"@type":"ListItem","position":2,"name":"Acceder a una plaza p\u00fablica de residencia de mayores"}]},{"@type":"WebSite","@id":"https:\/\/www.inforesidencias.com\/blog\/#website","url":"https:\/\/www.inforesidencias.com\/blog\/","name":"Blog Inforesidencias.com","description":"El buscador de residencias de la 3\u00aa edad","potentialAction":[{"@type":"SearchAction","target":{"@type":"EntryPoint","urlTemplate":"https:\/\/www.inforesidencias.com\/blog\/?s={search_term_string}"},"query-input":"required name=search_term_string"}],"inLanguage":"es"},{"@type":"Person","@id":"https:\/\/www.inforesidencias.com\/blog\/#\/schema\/person\/9e146774d1eb3bc1c0316242a3898628","name":"Josep de Mart\u00ed","image":{"@type":"ImageObject","inLanguage":"es","@id":"https:\/\/www.inforesidencias.com\/blog\/#\/schema\/person\/image\/","url":"https:\/\/secure.gravatar.com\/avatar\/de0302c4806c00c4cebff396a798c1ff?s=96&d=mm&r=g","contentUrl":"https:\/\/secure.gravatar.com\/avatar\/de0302c4806c00c4cebff396a798c1ff?s=96&d=mm&r=g","caption":"Josep de Mart\u00ed"},"sameAs":["https:\/\/www.inforesidencias.com","https:\/\/www.facebook.com\/josep.demarti","https:\/\/twitter.com\/blog-ir"],"url":"https:\/\/www.inforesidencias.com\/blog\/index.php\/author\/josepdemarti\/"}]}},"_links":{"self":[{"href":"https:\/\/www.inforesidencias.com\/blog\/index.php\/wp-json\/wp\/v2\/posts\/6227"}],"collection":[{"href":"https:\/\/www.inforesidencias.com\/blog\/index.php\/wp-json\/wp\/v2\/posts"}],"about":[{"href":"https:\/\/www.inforesidencias.com\/blog\/index.php\/wp-json\/wp\/v2\/types\/post"}],"author":[{"embeddable":true,"href":"https:\/\/www.inforesidencias.com\/blog\/index.php\/wp-json\/wp\/v2\/users\/2"}],"replies":[{"embeddable":true,"href":"https:\/\/www.inforesidencias.com\/blog\/index.php\/wp-json\/wp\/v2\/comments?post=6227"}],"version-history":[{"count":9,"href":"https:\/\/www.inforesidencias.com\/blog\/index.php\/wp-json\/wp\/v2\/posts\/6227\/revisions"}],"predecessor-version":[{"id":6247,"href":"https:\/\/www.inforesidencias.com\/blog\/index.php\/wp-json\/wp\/v2\/posts\/6227\/revisions\/6247"}],"wp:featuredmedia":[{"embeddable":true,"href":"https:\/\/www.inforesidencias.com\/blog\/index.php\/wp-json\/wp\/v2\/media\/6235"}],"wp:attachment":[{"href":"https:\/\/www.inforesidencias.com\/blog\/index.php\/wp-json\/wp\/v2\/media?parent=6227"}],"wp:term":[{"taxonomy":"category","embeddable":true,"href":"https:\/\/www.inforesidencias.com\/blog\/index.php\/wp-json\/wp\/v2\/categories?post=6227"},{"taxonomy":"post_tag","embeddable":true,"href":"https:\/\/www.inforesidencias.com\/blog\/index.php\/wp-json\/wp\/v2\/tags?post=6227"}],"curies":[{"name":"wp","href":"https:\/\/api.w.org\/{rel}","templated":true}]}}