{"id":6269,"date":"2023-01-17T06:02:00","date_gmt":"2023-01-17T05:02:00","guid":{"rendered":"https:\/\/www.inforesidencias.com\/blog\/?p=6269"},"modified":"2023-01-11T18:02:31","modified_gmt":"2023-01-11T17:02:31","slug":"muebles-para-la-tercera-edad","status":"publish","type":"post","link":"https:\/\/www.inforesidencias.com\/blog\/index.php\/2023\/01\/17\/muebles-para-la-tercera-edad\/","title":{"rendered":"Muebles para la tercera edad"},"content":{"rendered":"\n<p>Es habitual al hacerse mayor, ir adaptando progresivamente nuestro hogar para hacerlo m\u00e1s c\u00f3modo y accesible ante la posible p\u00e9rdida progresiva de movilidad y autonom\u00eda.<\/p>\n\n\n\n<p>Los muebles para la tercera edad suelen ser dise\u00f1ados para proporcionar comodidad y seguridad para las personas mayores. Esto puede incluir caracter\u00edsticas como reposabrazos anchos, asientos con respaldo alto y sillas con apoyabrazos ajustables, as\u00ed como sillas de ruedas y andadores. Tambi\u00e9n pueden incluir caracter\u00edsticas de seguridad, como patas antideslizantes, barras de apoyo para los muebles del ba\u00f1o, tiradores para las puertas y cajones y respaldos que ayudan a evitar lesiones por ca\u00eddas. Muchos muebles para personas mayores tambi\u00e9n se pueden ajustar para adaptarse a las necesidades cambiantes de la persona, como una cama que se puede convertir en una silla elevadora.<\/p>\n\n\n\n<h2 class=\"wp-block-heading\">Motivos para adaptar el hogar<\/h2>\n\n\n\n<p>Llegados a este punto, es posible que hayas pensado cuales son los beneficios de realizar estos cambios. La respuesta es r\u00e1pida:<\/p>\n\n\n\n<p>Adaptar el hogar para una persona mayor puede ayudar a mejorar su seguridad, comodidad y calidad de vida.<\/p>\n\n\n\n<div class=\"wp-block-image\"><figure class=\"aligncenter size-large is-resized\"><img decoding=\"async\" loading=\"lazy\" src=\"https:\/\/www.inforesidencias.com\/blog\/wp-content\/uploads\/2023\/01\/Muebles-para-la-tercera-edad-1024x680.png\" alt=\"\" class=\"wp-image-6271\" width=\"431\" height=\"287\" srcset=\"https:\/\/www.inforesidencias.com\/blog\/wp-content\/uploads\/2023\/01\/Muebles-para-la-tercera-edad-1024x680.png 1024w, https:\/\/www.inforesidencias.com\/blog\/wp-content\/uploads\/2023\/01\/Muebles-para-la-tercera-edad-300x199.png 300w, https:\/\/www.inforesidencias.com\/blog\/wp-content\/uploads\/2023\/01\/Muebles-para-la-tercera-edad-768x510.png 768w, https:\/\/www.inforesidencias.com\/blog\/wp-content\/uploads\/2023\/01\/Muebles-para-la-tercera-edad.png 1454w\" sizes=\"(max-width: 431px) 100vw, 431px\" \/><\/figure><\/div>\n\n\n\n<p>M\u00e1s concretamente, algunas medidas que se pueden tomar para adaptar el hogar de una persoincluyen:<\/p>\n\n\n\n<ul><li>Instalar barras de apoyo en el ba\u00f1o y en el \u00e1rea de la ducha, y colocar un asiento de ba\u00f1o para facilitar el uso<\/li><li>Modificar las escaleras para incluir barandillas de apoyo y iluminaci\u00f3n adicional<\/li><li>Instalar pasamanos en los pasillos y puertas m\u00e1s anchas para facilitar el acceso con un andador o silla de ruedas<\/li><li>Reemplazar los interruptores y enchufes por unos m\u00e1s f\u00e1ciles de usar<\/li><li>Instalar iluminaci\u00f3n adicional en las \u00e1reas de tr\u00e1nsito, como pasillos y escaleras<\/li><li>Quitar alfombras y colocar pisos antideslizantes<\/li><li>Instalar detectores de humo y mon\u00f3xido de carbono en todas las habitaciones<\/li><li>Hacer arreglos para tener un bot\u00f3n de emergencia en caso de ca\u00edda o necesidad de ayuda<\/li><li>Instalar un sistema de llamada de emergencia en caso de necesidad<\/li><\/ul>\n\n\n\n<p>Es importante tener en cuenta que las necesidades pueden variar de una persona a otra y pueden ser necesarias modificaciones adicionales.<\/p>\n\n\n\n<p>Tambi\u00e9n puede ser muy \u00fatil consultar con un profesional de la salud y\/o un especialista en dise\u00f1o u ortopedia para obtener recomendaciones personalizadas.<\/p>\n\n\n\n<p>Adem\u00e1s de este art\u00edculo sobre muebles para la tercera edad, te puede interesar:<\/p>\n\n\n\n<ul><li><a href=\"https:\/\/www.inforesidencias.com\/blog\/index.php\/2023\/01\/08\/fracturas-en-personas-mayores\/\">Fracturas en personas mayores<\/a><\/li><li><a href=\"https:\/\/www.inforesidencias.com\/centros\/buscador\/busquedas-predefinidas\/residencias-para-personas-en-sillas-de-ruedas\" target=\"_blank\" rel=\"noreferrer noopener\">Residencias geri\u00e1tricas adaptadas para personas en silla de ruedas<\/a><\/li><li><a href=\"https:\/\/dependencia.info\/noticia\/3196\/arquitectura-y-residencias\/arquitectura-y-residencias:-vivir-en-una-residencia-que-parece-una-casa-de-juguete.html\">Arquitectura y residencias: Vivir en una residencia que parece una casa de juguete<\/a><\/li><\/ul>\n","protected":false},"excerpt":{"rendered":"<p>Es habitual al hacerse mayor, ir adaptando progresivamente nuestro hogar para hacerlo m\u00e1s c\u00f3modo y accesible ante la posible p\u00e9rdida progresiva de movilidad y autonom\u00eda. Los muebles para la tercera edad suelen ser dise\u00f1ados para proporcionar comodidad y seguridad para las personas mayores. Esto puede incluir caracter\u00edsticas como reposabrazos anchos, asientos con respaldo alto y sillas con apoyabrazos ajustables, as\u00ed como sillas de ruedas y andadores. Tambi\u00e9n pueden incluir caracter\u00edsticas de seguridad, como patas antideslizantes, barras de apoyo para los muebles del ba\u00f1o, tiradores para las puertas y cajones y respaldos que ayudan a evitar lesiones por ca\u00eddas. Muchos muebles para personas mayores tambi\u00e9n se pueden ajustar para adaptarse a las necesidades cambiantes de la persona, como una cama que se puede convertir en una silla elevadora. Motivos para adaptar el hogar Llegados a este punto, es posible que hayas pensado cuales son los beneficios de realizar estos cambios. La [&hellip;]<\/p>\n","protected":false},"author":2,"featured_media":6271,"comment_status":"open","ping_status":"open","sticky":false,"template":"","format":"standard","meta":{"footnotes":""},"categories":[1],"tags":[],"yoast_head":"<!-- This site is optimized with the Yoast SEO plugin v21.7 - https:\/\/yoast.com\/wordpress\/plugins\/seo\/ -->\n<title>Muebles para la tercera edad - Blog Inforesidencias.com<\/title>\n<meta name=\"description\" content=\"Los muebles para la tercera edad son una buena opci\u00f3n a tener en cuenta para que la persona mayor siga en su hogar. \u00bfPor donde empezar?\" \/>\n<meta name=\"robots\" content=\"index, follow, max-snippet:-1, max-image-preview:large, max-video-preview:-1\" \/>\n<link rel=\"canonical\" href=\"https:\/\/www.inforesidencias.com\/blog\/index.php\/2023\/01\/17\/muebles-para-la-tercera-edad\/\" \/>\n<meta property=\"og:locale\" content=\"es_ES\" \/>\n<meta property=\"og:type\" content=\"article\" \/>\n<meta property=\"og:title\" content=\"Muebles para la tercera edad - Blog Inforesidencias.com\" \/>\n<meta property=\"og:description\" content=\"Los muebles para la tercera edad son una buena opci\u00f3n a tener en cuenta para que la persona mayor siga en su hogar. \u00bfPor donde empezar?\" \/>\n<meta property=\"og:url\" content=\"https:\/\/www.inforesidencias.com\/blog\/index.php\/2023\/01\/17\/muebles-para-la-tercera-edad\/\" \/>\n<meta property=\"og:site_name\" content=\"Blog Inforesidencias.com\" \/>\n<meta property=\"article:publisher\" content=\"https:\/\/www.facebook.com\/Inforesidencias\/\" \/>\n<meta property=\"article:author\" content=\"https:\/\/www.facebook.com\/josep.demarti\" \/>\n<meta property=\"article:published_time\" content=\"2023-01-17T05:02:00+00:00\" \/>\n<meta property=\"article:modified_time\" content=\"2023-01-11T17:02:31+00:00\" \/>\n<meta property=\"og:image\" content=\"https:\/\/www.inforesidencias.com\/blog\/wp-content\/uploads\/2023\/01\/Muebles-para-la-tercera-edad-1024x680.png\" \/>\n\t<meta property=\"og:image:width\" content=\"1024\" \/>\n\t<meta property=\"og:image:height\" content=\"680\" \/>\n\t<meta property=\"og:image:type\" content=\"image\/png\" \/>\n<meta name=\"author\" content=\"Josep de Mart\u00ed\" \/>\n<meta name=\"twitter:card\" content=\"summary_large_image\" \/>\n<meta name=\"twitter:creator\" content=\"@blog-ir\" \/>\n<meta name=\"twitter:site\" content=\"@inforesidencias\" \/>\n<meta name=\"twitter:label1\" content=\"Escrito por\" \/>\n\t<meta name=\"twitter:data1\" content=\"Josep de Mart\u00ed\" \/>\n\t<meta name=\"twitter:label2\" content=\"Tiempo de lectura\" \/>\n\t<meta name=\"twitter:data2\" content=\"2 minutos\" \/>\n<script type=\"application\/ld+json\" class=\"yoast-schema-graph\">{\"@context\":\"https:\/\/schema.org\",\"@graph\":[{\"@type\":\"WebPage\",\"@id\":\"https:\/\/www.inforesidencias.com\/blog\/index.php\/2023\/01\/17\/muebles-para-la-tercera-edad\/\",\"url\":\"https:\/\/www.inforesidencias.com\/blog\/index.php\/2023\/01\/17\/muebles-para-la-tercera-edad\/\",\"name\":\"Muebles para la tercera edad - Blog Inforesidencias.com\",\"isPartOf\":{\"@id\":\"https:\/\/www.inforesidencias.com\/blog\/#website\"},\"datePublished\":\"2023-01-17T05:02:00+00:00\",\"dateModified\":\"2023-01-11T17:02:31+00:00\",\"author\":{\"@id\":\"https:\/\/www.inforesidencias.com\/blog\/#\/schema\/person\/9e146774d1eb3bc1c0316242a3898628\"},\"description\":\"Los muebles para la tercera edad son una buena opci\u00f3n a tener en cuenta para que la persona mayor siga en su hogar. \u00bfPor donde empezar?\",\"breadcrumb\":{\"@id\":\"https:\/\/www.inforesidencias.com\/blog\/index.php\/2023\/01\/17\/muebles-para-la-tercera-edad\/#breadcrumb\"},\"inLanguage\":\"es\",\"potentialAction\":[{\"@type\":\"ReadAction\",\"target\":[\"https:\/\/www.inforesidencias.com\/blog\/index.php\/2023\/01\/17\/muebles-para-la-tercera-edad\/\"]}]},{\"@type\":\"BreadcrumbList\",\"@id\":\"https:\/\/www.inforesidencias.com\/blog\/index.php\/2023\/01\/17\/muebles-para-la-tercera-edad\/#breadcrumb\",\"itemListElement\":[{\"@type\":\"ListItem\",\"position\":1,\"name\":\"Home\",\"item\":\"https:\/\/www.inforesidencias.com\/blog\/\"},{\"@type\":\"ListItem\",\"position\":2,\"name\":\"Muebles para la tercera edad\"}]},{\"@type\":\"WebSite\",\"@id\":\"https:\/\/www.inforesidencias.com\/blog\/#website\",\"url\":\"https:\/\/www.inforesidencias.com\/blog\/\",\"name\":\"Blog Inforesidencias.com\",\"description\":\"El buscador de residencias de la 3\u00aa edad\",\"potentialAction\":[{\"@type\":\"SearchAction\",\"target\":{\"@type\":\"EntryPoint\",\"urlTemplate\":\"https:\/\/www.inforesidencias.com\/blog\/?s={search_term_string}\"},\"query-input\":\"required name=search_term_string\"}],\"inLanguage\":\"es\"},{\"@type\":\"Person\",\"@id\":\"https:\/\/www.inforesidencias.com\/blog\/#\/schema\/person\/9e146774d1eb3bc1c0316242a3898628\",\"name\":\"Josep de Mart\u00ed\",\"image\":{\"@type\":\"ImageObject\",\"inLanguage\":\"es\",\"@id\":\"https:\/\/www.inforesidencias.com\/blog\/#\/schema\/person\/image\/\",\"url\":\"https:\/\/secure.gravatar.com\/avatar\/de0302c4806c00c4cebff396a798c1ff?s=96&d=mm&r=g\",\"contentUrl\":\"https:\/\/secure.gravatar.com\/avatar\/de0302c4806c00c4cebff396a798c1ff?s=96&d=mm&r=g\",\"caption\":\"Josep de Mart\u00ed\"},\"sameAs\":[\"https:\/\/www.inforesidencias.com\",\"https:\/\/www.facebook.com\/josep.demarti\",\"https:\/\/twitter.com\/blog-ir\"],\"url\":\"https:\/\/www.inforesidencias.com\/blog\/index.php\/author\/josepdemarti\/\"}]}<\/script>\n<!-- \/ Yoast SEO plugin. -->","yoast_head_json":{"title":"Muebles para la tercera edad - Blog Inforesidencias.com","description":"Los muebles para la tercera edad son una buena opci\u00f3n a tener en cuenta para que la persona mayor siga en su hogar. \u00bfPor donde empezar?","robots":{"index":"index","follow":"follow","max-snippet":"max-snippet:-1","max-image-preview":"max-image-preview:large","max-video-preview":"max-video-preview:-1"},"canonical":"https:\/\/www.inforesidencias.com\/blog\/index.php\/2023\/01\/17\/muebles-para-la-tercera-edad\/","og_locale":"es_ES","og_type":"article","og_title":"Muebles para la tercera edad - Blog Inforesidencias.com","og_description":"Los muebles para la tercera edad son una buena opci\u00f3n a tener en cuenta para que la persona mayor siga en su hogar. \u00bfPor donde empezar?","og_url":"https:\/\/www.inforesidencias.com\/blog\/index.php\/2023\/01\/17\/muebles-para-la-tercera-edad\/","og_site_name":"Blog Inforesidencias.com","article_publisher":"https:\/\/www.facebook.com\/Inforesidencias\/","article_author":"https:\/\/www.facebook.com\/josep.demarti","article_published_time":"2023-01-17T05:02:00+00:00","article_modified_time":"2023-01-11T17:02:31+00:00","og_image":[{"width":1024,"height":680,"url":"https:\/\/www.inforesidencias.com\/blog\/wp-content\/uploads\/2023\/01\/Muebles-para-la-tercera-edad-1024x680.png","type":"image\/png"}],"author":"Josep de Mart\u00ed","twitter_card":"summary_large_image","twitter_creator":"@blog-ir","twitter_site":"@inforesidencias","twitter_misc":{"Escrito por":"Josep de Mart\u00ed","Tiempo de lectura":"2 minutos"},"schema":{"@context":"https:\/\/schema.org","@graph":[{"@type":"WebPage","@id":"https:\/\/www.inforesidencias.com\/blog\/index.php\/2023\/01\/17\/muebles-para-la-tercera-edad\/","url":"https:\/\/www.inforesidencias.com\/blog\/index.php\/2023\/01\/17\/muebles-para-la-tercera-edad\/","name":"Muebles para la tercera edad - Blog Inforesidencias.com","isPartOf":{"@id":"https:\/\/www.inforesidencias.com\/blog\/#website"},"datePublished":"2023-01-17T05:02:00+00:00","dateModified":"2023-01-11T17:02:31+00:00","author":{"@id":"https:\/\/www.inforesidencias.com\/blog\/#\/schema\/person\/9e146774d1eb3bc1c0316242a3898628"},"description":"Los muebles para la tercera edad son una buena opci\u00f3n a tener en cuenta para que la persona mayor siga en su hogar. \u00bfPor donde empezar?","breadcrumb":{"@id":"https:\/\/www.inforesidencias.com\/blog\/index.php\/2023\/01\/17\/muebles-para-la-tercera-edad\/#breadcrumb"},"inLanguage":"es","potentialAction":[{"@type":"ReadAction","target":["https:\/\/www.inforesidencias.com\/blog\/index.php\/2023\/01\/17\/muebles-para-la-tercera-edad\/"]}]},{"@type":"BreadcrumbList","@id":"https:\/\/www.inforesidencias.com\/blog\/index.php\/2023\/01\/17\/muebles-para-la-tercera-edad\/#breadcrumb","itemListElement":[{"@type":"ListItem","position":1,"name":"Home","item":"https:\/\/www.inforesidencias.com\/blog\/"},{"@type":"ListItem","position":2,"name":"Muebles para la tercera edad"}]},{"@type":"WebSite","@id":"https:\/\/www.inforesidencias.com\/blog\/#website","url":"https:\/\/www.inforesidencias.com\/blog\/","name":"Blog Inforesidencias.com","description":"El buscador de residencias de la 3\u00aa edad","potentialAction":[{"@type":"SearchAction","target":{"@type":"EntryPoint","urlTemplate":"https:\/\/www.inforesidencias.com\/blog\/?s={search_term_string}"},"query-input":"required name=search_term_string"}],"inLanguage":"es"},{"@type":"Person","@id":"https:\/\/www.inforesidencias.com\/blog\/#\/schema\/person\/9e146774d1eb3bc1c0316242a3898628","name":"Josep de Mart\u00ed","image":{"@type":"ImageObject","inLanguage":"es","@id":"https:\/\/www.inforesidencias.com\/blog\/#\/schema\/person\/image\/","url":"https:\/\/secure.gravatar.com\/avatar\/de0302c4806c00c4cebff396a798c1ff?s=96&d=mm&r=g","contentUrl":"https:\/\/secure.gravatar.com\/avatar\/de0302c4806c00c4cebff396a798c1ff?s=96&d=mm&r=g","caption":"Josep de Mart\u00ed"},"sameAs":["https:\/\/www.inforesidencias.com","https:\/\/www.facebook.com\/josep.demarti","https:\/\/twitter.com\/blog-ir"],"url":"https:\/\/www.inforesidencias.com\/blog\/index.php\/author\/josepdemarti\/"}]}},"_links":{"self":[{"href":"https:\/\/www.inforesidencias.com\/blog\/index.php\/wp-json\/wp\/v2\/posts\/6269"}],"collection":[{"href":"https:\/\/www.inforesidencias.com\/blog\/index.php\/wp-json\/wp\/v2\/posts"}],"about":[{"href":"https:\/\/www.inforesidencias.com\/blog\/index.php\/wp-json\/wp\/v2\/types\/post"}],"author":[{"embeddable":true,"href":"https:\/\/www.inforesidencias.com\/blog\/index.php\/wp-json\/wp\/v2\/users\/2"}],"replies":[{"embeddable":true,"href":"https:\/\/www.inforesidencias.com\/blog\/index.php\/wp-json\/wp\/v2\/comments?post=6269"}],"version-history":[{"count":5,"href":"https:\/\/www.inforesidencias.com\/blog\/index.php\/wp-json\/wp\/v2\/posts\/6269\/revisions"}],"predecessor-version":[{"id":6275,"href":"https:\/\/www.inforesidencias.com\/blog\/index.php\/wp-json\/wp\/v2\/posts\/6269\/revisions\/6275"}],"wp:featuredmedia":[{"embeddable":true,"href":"https:\/\/www.inforesidencias.com\/blog\/index.php\/wp-json\/wp\/v2\/media\/6271"}],"wp:attachment":[{"href":"https:\/\/www.inforesidencias.com\/blog\/index.php\/wp-json\/wp\/v2\/media?parent=6269"}],"wp:term":[{"taxonomy":"category","embeddable":true,"href":"https:\/\/www.inforesidencias.com\/blog\/index.php\/wp-json\/wp\/v2\/categories?post=6269"},{"taxonomy":"post_tag","embeddable":true,"href":"https:\/\/www.inforesidencias.com\/blog\/index.php\/wp-json\/wp\/v2\/tags?post=6269"}],"curies":[{"name":"wp","href":"https:\/\/api.w.org\/{rel}","templated":true}]}}