{"id":6281,"date":"2023-01-26T05:57:00","date_gmt":"2023-01-26T04:57:00","guid":{"rendered":"https:\/\/www.inforesidencias.com\/blog\/?p=6281"},"modified":"2023-01-16T17:58:07","modified_gmt":"2023-01-16T16:58:07","slug":"camas-articuladas-una-aliada-para-personas-con-dependencia","status":"publish","type":"post","link":"https:\/\/www.inforesidencias.com\/blog\/index.php\/2023\/01\/26\/camas-articuladas-una-aliada-para-personas-con-dependencia\/","title":{"rendered":"Camas articuladas. Una aliada para personas con dependencia"},"content":{"rendered":"\n<p><strong>Las camas articuladas se han convertido en uno de los mejores aliados de las residencias y de los hogares por las m\u00faltiples ventajas y funciones que cuentan<\/strong>, haciendo la vida y rutinas de profesionales y usuarios mucho m\u00e1s eficiente y segura.<\/p>\n\n\n\n<p>Cuando una persona sufre una lesi\u00f3n, se encuentra en el proceso inicial de una patolog\u00eda, tiene riesgo o tendencia a padecerla, es importante anticiparse y ajustar una cama articulada a su situaci\u00f3n y necesidades. Dormir bien y tener un descanso placentero, no s\u00f3lo es beneficioso para la salud f\u00edsica sino tambi\u00e9n para la salud mental.<\/p>\n\n\n\n<p>Las camas sanitarias <strong>permiten la regulaci\u00f3n del somier en diferentes posiciones, as\u00ed como la elevaci\u00f3n de \u00e9ste<\/strong>, adapt\u00e1ndose al cuerpo del usuario para mejorar su descanso. El movimiento de los planos de las camas articuladas, permite cambiar de postura con mayor facilidad, evitando la aparici\u00f3n de \u00falceras por presi\u00f3n o escaras en la piel, gracias a un sistema flexible de absorci\u00f3n de cargas, que consigue una distribuci\u00f3n \u00f3ptima de las presiones a lo largo de la cama.<\/p>\n\n\n\n<h2 class=\"wp-block-heading\">Un nombre propio en las camas articuladas<\/h2>\n\n\n\n<p>Actualmente, una de las camas m\u00e1s completas del mercado es la <a href=\"https:\/\/landing.armisencare.com\/catalogo-cama-lago-care\">cama Lago Care<\/a>, que combina funcionalidad y comodidad, con dise\u00f1o, mejorando la calidad de vida de las personas.<\/p>\n\n\n\n<div class=\"wp-block-image\"><figure class=\"aligncenter size-large\"><img decoding=\"async\" loading=\"lazy\" width=\"904\" height=\"594\" src=\"https:\/\/www.inforesidencias.com\/blog\/wp-content\/uploads\/2023\/01\/Camas-articuladas-armisen.png\" alt=\"\" class=\"wp-image-6282\" srcset=\"https:\/\/www.inforesidencias.com\/blog\/wp-content\/uploads\/2023\/01\/Camas-articuladas-armisen.png 904w, https:\/\/www.inforesidencias.com\/blog\/wp-content\/uploads\/2023\/01\/Camas-articuladas-armisen-300x197.png 300w, https:\/\/www.inforesidencias.com\/blog\/wp-content\/uploads\/2023\/01\/Camas-articuladas-armisen-768x505.png 768w\" sizes=\"(max-width: 904px) 100vw, 904px\" \/><\/figure><\/div>\n\n\n\n<p>La <strong>cama articulada Lago Care<\/strong> permite regular la <strong>altura desde 25 cm<\/strong>, reduciendo as\u00ed el riesgo de lesiones por ca\u00eddas<strong>, hasta 80 cm<\/strong>, disminuyendo el esfuerzo en la entrada y salida de la cama. Adem\u00e1s, cuenta con <strong>respaldo retr\u00e1ctil lumbar regulable hasta los 70\u00ba con autorregresi\u00f3n<\/strong>, lo que supone una disminuci\u00f3n de la presi\u00f3n en zonas espec\u00edficas, al sincronizar el movimiento de los planos articulados. Destaca tambi\u00e9n por su versatilidad y modularidad, con la incorporaci\u00f3n de barandillas partidas abatibles anti-atrapamiento, denominadas Twin, que cuentan con un innovador sistema, muy depurado, que permite gracias a sus cuatro alturas, salir de la cama sin obst\u00e1culos, apoyarse al salir, evitar ca\u00eddas, facilitar la movilidad aut\u00f3noma y la recepci\u00f3n de cuidados por parte del profesional. Estas barandillas al abatirse quedan ocultas como si fuera una cama panelada.<\/p>\n\n\n\n<p>Por otro lado, cuenta con las <strong>funciones de Trendelenburg<\/strong>, favoreciendo el retorno de la sangre al coraz\u00f3n, <strong>y Anti-Trendelenburg<\/strong>, permitiendo la apertura de las v\u00edas respiratorias, y la relajaci\u00f3n de la musculatura implicada, disminuyendo el trabajo cardiaco y evitando el retorno del \u00e1cido. Todo ello de forma automatizada a trav\u00e9s del mando de control.<\/p>\n\n\n\n<p><strong>Las camas m\u00e9dicas articuladas<\/strong>, est\u00e1n recomendadas para personas con movilidad reducida (que requieren un sistema de elevaci\u00f3n del somier y un apoyo ergon\u00f3mico, como las barandillas partidas). A las personas con patolog\u00edas como el Alzheimer u otras degenerativas, se les recomiendan camas muy bajas o antica\u00eddas y una luz bajo el somier para evitar la desorientaci\u00f3n. Las personas con problemas respiratorios, card\u00edacos y circulatorios, necesitan camas con funcionalidades espec\u00edficas que permitan elevar el plano del tronco para abrir las v\u00edas respiratorias, evitar las hernias de hiato y otros reflujos, lo que conseguimos gracias a la posici\u00f3n de Fowler o sentado, Trendelenburg y Antitrendelenburg. <\/p>\n\n\n\n<p>Con la funci\u00f3n de RCP, el somier se coloca r\u00e1pidamente en una posici\u00f3n plana y con la elevaci\u00f3n del reposapi\u00e9s, conseguimos favorecer el retorno venoso. Cualquier lesi\u00f3n producida en la espalda, se atendide con la funci\u00f3n de la autorregresi\u00f3n lumbar y personas con sobrepeso, pueden optar a camas bari\u00e1tricas.<\/p>\n\n\n\n<p>En <a href=\"https:\/\/www.armisencare.com\/\">Armisen Care<\/a>, <strong>empresa especializada en camas m\u00e9dicas articuladas y mobiliario asistencial para hogares, <a href=\"https:\/\/www.inforesidencias.com\/centros\/buscador\/residencias\/canarias\">residencias<\/a> y hospitales de toda Espa\u00f1a<\/strong>, apuestan por una forma diferente de enfocar el producto sanitario, renovando la propuesta actual, donde cuidarse no implique renunciar a una mejor calidad de vida, sino que se pueda hacer fusionando el dise\u00f1o con una tecnolog\u00eda muy depurada de productos ergon\u00f3micos y funcionales.<\/p>\n\n\n\n<p>En relaci\u00f3n a este art\u00edculo, creemos que tambi\u00e9n te puede interesar:<\/p>\n\n\n\n<ul><li><a href=\"https:\/\/www.inforesidencias.com\/blog\/index.php\/2018\/01\/01\/una-reflexion-sobre-el-uso-de-sujecciones-contenciones-en-residencias\/\" target=\"_blank\" rel=\"noreferrer noopener\">Una reflexi\u00f3n sobre el uso de contenciones en residencias de mayores<\/a><\/li><\/ul>\n","protected":false},"excerpt":{"rendered":"<p>Las camas articuladas se han convertido en uno de los mejores aliados de las residencias y de los hogares por las m\u00faltiples ventajas y funciones que cuentan, haciendo la vida y rutinas de profesionales y usuarios mucho m\u00e1s eficiente y segura. Cuando una persona sufre una lesi\u00f3n, se encuentra en el proceso inicial de una patolog\u00eda, tiene riesgo o tendencia a padecerla, es importante anticiparse y ajustar una cama articulada a su situaci\u00f3n y necesidades. Dormir bien y tener un descanso placentero, no s\u00f3lo es beneficioso para la salud f\u00edsica sino tambi\u00e9n para la salud mental. Las camas sanitarias permiten la regulaci\u00f3n del somier en diferentes posiciones, as\u00ed como la elevaci\u00f3n de \u00e9ste, adapt\u00e1ndose al cuerpo del usuario para mejorar su descanso. El movimiento de los planos de las camas articuladas, permite cambiar de postura con mayor facilidad, evitando la aparici\u00f3n de \u00falceras por presi\u00f3n o escaras en la piel, [&hellip;]<\/p>\n","protected":false},"author":2,"featured_media":6282,"comment_status":"open","ping_status":"open","sticky":false,"template":"","format":"standard","meta":{"footnotes":""},"categories":[1],"tags":[],"yoast_head":"<!-- This site is optimized with the Yoast SEO plugin v21.7 - https:\/\/yoast.com\/wordpress\/plugins\/seo\/ -->\n<title>Camas articuladas. Una aliada para personas con dependencia - Blog Inforesidencias.com<\/title>\n<meta name=\"description\" content=\"Existen diferentes tipos de camas articuladas, algunas de ellas dise\u00f1adas especificamente para personas que sufren demencias como alzheimer\" \/>\n<meta name=\"robots\" content=\"index, follow, max-snippet:-1, max-image-preview:large, max-video-preview:-1\" \/>\n<link rel=\"canonical\" href=\"https:\/\/www.inforesidencias.com\/blog\/index.php\/2023\/01\/26\/camas-articuladas-una-aliada-para-personas-con-dependencia\/\" \/>\n<meta property=\"og:locale\" content=\"es_ES\" \/>\n<meta property=\"og:type\" content=\"article\" \/>\n<meta property=\"og:title\" content=\"Camas articuladas. Una aliada para personas con dependencia - Blog Inforesidencias.com\" \/>\n<meta property=\"og:description\" content=\"Existen diferentes tipos de camas articuladas, algunas de ellas dise\u00f1adas especificamente para personas que sufren demencias como alzheimer\" \/>\n<meta property=\"og:url\" content=\"https:\/\/www.inforesidencias.com\/blog\/index.php\/2023\/01\/26\/camas-articuladas-una-aliada-para-personas-con-dependencia\/\" \/>\n<meta property=\"og:site_name\" content=\"Blog Inforesidencias.com\" \/>\n<meta property=\"article:publisher\" content=\"https:\/\/www.facebook.com\/Inforesidencias\/\" \/>\n<meta property=\"article:author\" content=\"https:\/\/www.facebook.com\/josep.demarti\" \/>\n<meta property=\"article:published_time\" content=\"2023-01-26T04:57:00+00:00\" \/>\n<meta property=\"article:modified_time\" content=\"2023-01-16T16:58:07+00:00\" \/>\n<meta property=\"og:image\" content=\"https:\/\/www.inforesidencias.com\/blog\/wp-content\/uploads\/2023\/01\/Camas-articuladas-armisen.png\" \/>\n\t<meta property=\"og:image:width\" content=\"904\" \/>\n\t<meta property=\"og:image:height\" content=\"594\" \/>\n\t<meta property=\"og:image:type\" content=\"image\/png\" \/>\n<meta name=\"author\" content=\"Josep de Mart\u00ed\" \/>\n<meta name=\"twitter:card\" content=\"summary_large_image\" \/>\n<meta name=\"twitter:creator\" content=\"@blog-ir\" \/>\n<meta name=\"twitter:site\" content=\"@inforesidencias\" \/>\n<meta name=\"twitter:label1\" content=\"Escrito por\" \/>\n\t<meta name=\"twitter:data1\" content=\"Josep de Mart\u00ed\" \/>\n\t<meta name=\"twitter:label2\" content=\"Tiempo de lectura\" \/>\n\t<meta name=\"twitter:data2\" content=\"3 minutos\" \/>\n<script type=\"application\/ld+json\" class=\"yoast-schema-graph\">{\"@context\":\"https:\/\/schema.org\",\"@graph\":[{\"@type\":\"WebPage\",\"@id\":\"https:\/\/www.inforesidencias.com\/blog\/index.php\/2023\/01\/26\/camas-articuladas-una-aliada-para-personas-con-dependencia\/\",\"url\":\"https:\/\/www.inforesidencias.com\/blog\/index.php\/2023\/01\/26\/camas-articuladas-una-aliada-para-personas-con-dependencia\/\",\"name\":\"Camas articuladas. Una aliada para personas con dependencia - Blog Inforesidencias.com\",\"isPartOf\":{\"@id\":\"https:\/\/www.inforesidencias.com\/blog\/#website\"},\"datePublished\":\"2023-01-26T04:57:00+00:00\",\"dateModified\":\"2023-01-16T16:58:07+00:00\",\"author\":{\"@id\":\"https:\/\/www.inforesidencias.com\/blog\/#\/schema\/person\/9e146774d1eb3bc1c0316242a3898628\"},\"description\":\"Existen diferentes tipos de camas articuladas, algunas de ellas dise\u00f1adas especificamente para personas que sufren demencias como alzheimer\",\"breadcrumb\":{\"@id\":\"https:\/\/www.inforesidencias.com\/blog\/index.php\/2023\/01\/26\/camas-articuladas-una-aliada-para-personas-con-dependencia\/#breadcrumb\"},\"inLanguage\":\"es\",\"potentialAction\":[{\"@type\":\"ReadAction\",\"target\":[\"https:\/\/www.inforesidencias.com\/blog\/index.php\/2023\/01\/26\/camas-articuladas-una-aliada-para-personas-con-dependencia\/\"]}]},{\"@type\":\"BreadcrumbList\",\"@id\":\"https:\/\/www.inforesidencias.com\/blog\/index.php\/2023\/01\/26\/camas-articuladas-una-aliada-para-personas-con-dependencia\/#breadcrumb\",\"itemListElement\":[{\"@type\":\"ListItem\",\"position\":1,\"name\":\"Home\",\"item\":\"https:\/\/www.inforesidencias.com\/blog\/\"},{\"@type\":\"ListItem\",\"position\":2,\"name\":\"Camas articuladas. Una aliada para personas con dependencia\"}]},{\"@type\":\"WebSite\",\"@id\":\"https:\/\/www.inforesidencias.com\/blog\/#website\",\"url\":\"https:\/\/www.inforesidencias.com\/blog\/\",\"name\":\"Blog Inforesidencias.com\",\"description\":\"El buscador de residencias de la 3\u00aa edad\",\"potentialAction\":[{\"@type\":\"SearchAction\",\"target\":{\"@type\":\"EntryPoint\",\"urlTemplate\":\"https:\/\/www.inforesidencias.com\/blog\/?s={search_term_string}\"},\"query-input\":\"required name=search_term_string\"}],\"inLanguage\":\"es\"},{\"@type\":\"Person\",\"@id\":\"https:\/\/www.inforesidencias.com\/blog\/#\/schema\/person\/9e146774d1eb3bc1c0316242a3898628\",\"name\":\"Josep de Mart\u00ed\",\"image\":{\"@type\":\"ImageObject\",\"inLanguage\":\"es\",\"@id\":\"https:\/\/www.inforesidencias.com\/blog\/#\/schema\/person\/image\/\",\"url\":\"https:\/\/secure.gravatar.com\/avatar\/de0302c4806c00c4cebff396a798c1ff?s=96&d=mm&r=g\",\"contentUrl\":\"https:\/\/secure.gravatar.com\/avatar\/de0302c4806c00c4cebff396a798c1ff?s=96&d=mm&r=g\",\"caption\":\"Josep de Mart\u00ed\"},\"sameAs\":[\"https:\/\/www.inforesidencias.com\",\"https:\/\/www.facebook.com\/josep.demarti\",\"https:\/\/twitter.com\/blog-ir\"],\"url\":\"https:\/\/www.inforesidencias.com\/blog\/index.php\/author\/josepdemarti\/\"}]}<\/script>\n<!-- \/ Yoast SEO plugin. -->","yoast_head_json":{"title":"Camas articuladas. Una aliada para personas con dependencia - Blog Inforesidencias.com","description":"Existen diferentes tipos de camas articuladas, algunas de ellas dise\u00f1adas especificamente para personas que sufren demencias como alzheimer","robots":{"index":"index","follow":"follow","max-snippet":"max-snippet:-1","max-image-preview":"max-image-preview:large","max-video-preview":"max-video-preview:-1"},"canonical":"https:\/\/www.inforesidencias.com\/blog\/index.php\/2023\/01\/26\/camas-articuladas-una-aliada-para-personas-con-dependencia\/","og_locale":"es_ES","og_type":"article","og_title":"Camas articuladas. Una aliada para personas con dependencia - Blog Inforesidencias.com","og_description":"Existen diferentes tipos de camas articuladas, algunas de ellas dise\u00f1adas especificamente para personas que sufren demencias como alzheimer","og_url":"https:\/\/www.inforesidencias.com\/blog\/index.php\/2023\/01\/26\/camas-articuladas-una-aliada-para-personas-con-dependencia\/","og_site_name":"Blog Inforesidencias.com","article_publisher":"https:\/\/www.facebook.com\/Inforesidencias\/","article_author":"https:\/\/www.facebook.com\/josep.demarti","article_published_time":"2023-01-26T04:57:00+00:00","article_modified_time":"2023-01-16T16:58:07+00:00","og_image":[{"width":904,"height":594,"url":"https:\/\/www.inforesidencias.com\/blog\/wp-content\/uploads\/2023\/01\/Camas-articuladas-armisen.png","type":"image\/png"}],"author":"Josep de Mart\u00ed","twitter_card":"summary_large_image","twitter_creator":"@blog-ir","twitter_site":"@inforesidencias","twitter_misc":{"Escrito por":"Josep de Mart\u00ed","Tiempo de lectura":"3 minutos"},"schema":{"@context":"https:\/\/schema.org","@graph":[{"@type":"WebPage","@id":"https:\/\/www.inforesidencias.com\/blog\/index.php\/2023\/01\/26\/camas-articuladas-una-aliada-para-personas-con-dependencia\/","url":"https:\/\/www.inforesidencias.com\/blog\/index.php\/2023\/01\/26\/camas-articuladas-una-aliada-para-personas-con-dependencia\/","name":"Camas articuladas. Una aliada para personas con dependencia - Blog Inforesidencias.com","isPartOf":{"@id":"https:\/\/www.inforesidencias.com\/blog\/#website"},"datePublished":"2023-01-26T04:57:00+00:00","dateModified":"2023-01-16T16:58:07+00:00","author":{"@id":"https:\/\/www.inforesidencias.com\/blog\/#\/schema\/person\/9e146774d1eb3bc1c0316242a3898628"},"description":"Existen diferentes tipos de camas articuladas, algunas de ellas dise\u00f1adas especificamente para personas que sufren demencias como alzheimer","breadcrumb":{"@id":"https:\/\/www.inforesidencias.com\/blog\/index.php\/2023\/01\/26\/camas-articuladas-una-aliada-para-personas-con-dependencia\/#breadcrumb"},"inLanguage":"es","potentialAction":[{"@type":"ReadAction","target":["https:\/\/www.inforesidencias.com\/blog\/index.php\/2023\/01\/26\/camas-articuladas-una-aliada-para-personas-con-dependencia\/"]}]},{"@type":"BreadcrumbList","@id":"https:\/\/www.inforesidencias.com\/blog\/index.php\/2023\/01\/26\/camas-articuladas-una-aliada-para-personas-con-dependencia\/#breadcrumb","itemListElement":[{"@type":"ListItem","position":1,"name":"Home","item":"https:\/\/www.inforesidencias.com\/blog\/"},{"@type":"ListItem","position":2,"name":"Camas articuladas. Una aliada para personas con dependencia"}]},{"@type":"WebSite","@id":"https:\/\/www.inforesidencias.com\/blog\/#website","url":"https:\/\/www.inforesidencias.com\/blog\/","name":"Blog Inforesidencias.com","description":"El buscador de residencias de la 3\u00aa edad","potentialAction":[{"@type":"SearchAction","target":{"@type":"EntryPoint","urlTemplate":"https:\/\/www.inforesidencias.com\/blog\/?s={search_term_string}"},"query-input":"required name=search_term_string"}],"inLanguage":"es"},{"@type":"Person","@id":"https:\/\/www.inforesidencias.com\/blog\/#\/schema\/person\/9e146774d1eb3bc1c0316242a3898628","name":"Josep de Mart\u00ed","image":{"@type":"ImageObject","inLanguage":"es","@id":"https:\/\/www.inforesidencias.com\/blog\/#\/schema\/person\/image\/","url":"https:\/\/secure.gravatar.com\/avatar\/de0302c4806c00c4cebff396a798c1ff?s=96&d=mm&r=g","contentUrl":"https:\/\/secure.gravatar.com\/avatar\/de0302c4806c00c4cebff396a798c1ff?s=96&d=mm&r=g","caption":"Josep de Mart\u00ed"},"sameAs":["https:\/\/www.inforesidencias.com","https:\/\/www.facebook.com\/josep.demarti","https:\/\/twitter.com\/blog-ir"],"url":"https:\/\/www.inforesidencias.com\/blog\/index.php\/author\/josepdemarti\/"}]}},"_links":{"self":[{"href":"https:\/\/www.inforesidencias.com\/blog\/index.php\/wp-json\/wp\/v2\/posts\/6281"}],"collection":[{"href":"https:\/\/www.inforesidencias.com\/blog\/index.php\/wp-json\/wp\/v2\/posts"}],"about":[{"href":"https:\/\/www.inforesidencias.com\/blog\/index.php\/wp-json\/wp\/v2\/types\/post"}],"author":[{"embeddable":true,"href":"https:\/\/www.inforesidencias.com\/blog\/index.php\/wp-json\/wp\/v2\/users\/2"}],"replies":[{"embeddable":true,"href":"https:\/\/www.inforesidencias.com\/blog\/index.php\/wp-json\/wp\/v2\/comments?post=6281"}],"version-history":[{"count":6,"href":"https:\/\/www.inforesidencias.com\/blog\/index.php\/wp-json\/wp\/v2\/posts\/6281\/revisions"}],"predecessor-version":[{"id":6288,"href":"https:\/\/www.inforesidencias.com\/blog\/index.php\/wp-json\/wp\/v2\/posts\/6281\/revisions\/6288"}],"wp:featuredmedia":[{"embeddable":true,"href":"https:\/\/www.inforesidencias.com\/blog\/index.php\/wp-json\/wp\/v2\/media\/6282"}],"wp:attachment":[{"href":"https:\/\/www.inforesidencias.com\/blog\/index.php\/wp-json\/wp\/v2\/media?parent=6281"}],"wp:term":[{"taxonomy":"category","embeddable":true,"href":"https:\/\/www.inforesidencias.com\/blog\/index.php\/wp-json\/wp\/v2\/categories?post=6281"},{"taxonomy":"post_tag","embeddable":true,"href":"https:\/\/www.inforesidencias.com\/blog\/index.php\/wp-json\/wp\/v2\/tags?post=6281"}],"curies":[{"name":"wp","href":"https:\/\/api.w.org\/{rel}","templated":true}]}}