{"id":6290,"date":"2023-03-01T04:37:00","date_gmt":"2023-03-01T03:37:00","guid":{"rendered":"https:\/\/www.inforesidencias.com\/blog\/?p=6290"},"modified":"2023-02-20T16:02:18","modified_gmt":"2023-02-20T15:02:18","slug":"muebles-auxiliares-de-habitacion-para-residencias-y-domicilios","status":"publish","type":"post","link":"https:\/\/www.inforesidencias.com\/blog\/index.php\/2023\/03\/01\/muebles-auxiliares-de-habitacion-para-residencias-y-domicilios\/","title":{"rendered":"Muebles auxiliares de habitaci\u00f3n para residencias y domicilios"},"content":{"rendered":"\n<p><\/p>\n\n\n\n<p><\/p>\n\n\n\n<p>Los muebles auxiliares son una herramienta muy \u00fatil para las personas dependientes o bien quienes les cuidan. Existen diferentes muebles auxiliares de habitaci\u00f3n,  como sillas o armarios y la empresa Bock nos ofrece muchos de ellos<\/p>\n\n\n\n<p>Empezando la gama <strong>storeline<\/strong> denominada \u201ct\u201d est\u00e1n las <a href=\"https:\/\/es.bock.net\/asistencia-en-residencias\/muebles-complementarios\/mesitas\/\">mesitas para habitaci\u00f3n<\/a>, facilitan la asistencia cotidiana ya que permiten guardar todas las cosas importantes para los usuarios. En varios acabados, con caj\u00f3n superior y otras variantes seg\u00fan el modelo, con hueco central y con armario o caj\u00f3n inferior y ruedas 2 de ellas con freno.<\/p>\n\n\n\n<p><strong>Novedad<\/strong>: Desde la t100 a la t103 encontramos que todas llevan preparado el sistema server-ready :anclaje para la server auxiliar s100 con m\u00e1stil de aluminio y plano fen\u00f3lico inclinable, regulable en altura, acoplable a las mesitas de la l\u00ednea t, esta soluci\u00f3n pensada para usar la misma server, en distintas mesitas, en ambos lados, ya que es de instalaci\u00f3n r\u00e1pida y sin herramientas.<\/p>\n\n\n\n<figure class=\"wp-block-embed-youtube wp-block-embed is-type-video is-provider-youtube wp-embed-aspect-16-9 wp-has-aspect-ratio\"><div class=\"wp-block-embed__wrapper\">\n<iframe loading=\"lazy\" title=\"bock Server storeline\u00ae s100 EN\" width=\"500\" height=\"281\" src=\"https:\/\/www.youtube.com\/embed\/l9SbBItkQ48?feature=oembed\" frameborder=\"0\" allow=\"accelerometer; autoplay; clipboard-write; encrypted-media; gyroscope; picture-in-picture; web-share\" allowfullscreen><\/iframe>\n<\/div><\/figure>\n\n\n\n<p>Se trata del complemento perfecto para el servicio de usuarios y el trabajo de los cuidadores. Las mesitas auxiliares \u201cs\u201d ampl\u00edan el soporte de objetos en momentos puntuales y tambi\u00e9n facilitan ciertas actividades gracias a las bandejas inclinables para simplificar la rutina diaria. Destaca la s200, es la mesita auxiliar &#8211; server por excelencia, con 4 ruedas dobles de 75mm y rodadura de goma, con freno, base en forma de U para c\u00f3modamente acercarla a un sill\u00f3n y de m\u00e1xima estabilidad. Plegable para ocupar el menor espacio cuando no se usa.<\/p>\n\n\n\n<p>El m\u00e1stil de aluminio esconde el mecanismo, que permite un ajuste de altura de 76cm a 108cm de la bandeja fen\u00f3lica, dividida en 2 con un plano fijo y otro inclinable de 55x38cm que soporta una carga m\u00e1xima de 10Kg.<\/p>\n\n\n\n<p>A parte de este art\u00edculo sobre Muebles auxiliares de habitaci\u00f3n para residencias de la tercera edad y domicilios, pensamos que tambi\u00e9n te puede interesar:<\/p>\n\n\n\n<ul><li><a href=\"https:\/\/www.inforesidencias.com\/blog\/index.php\/2023\/01\/17\/muebles-para-la-tercera-edad\/\" target=\"_blank\" rel=\"noreferrer noopener\">Factores a tener en cuenta al elegir muebles para personas mayores<\/a><\/li><li><a href=\"https:\/\/www.inforesidencias.com\/centros\/buscador\/servicio-de-atencion-domiciliaria\/madrid\">Servicios de atenci\u00f3n domiciliaria en Madrid<\/a><\/li><\/ul>\n","protected":false},"excerpt":{"rendered":"<p>Los muebles auxiliares son una herramienta muy \u00fatil para las personas dependientes o bien quienes les cuidan. Existen diferentes muebles auxiliares de habitaci\u00f3n, como sillas o armarios y la empresa Bock nos ofrece muchos de ellos Empezando la gama storeline denominada \u201ct\u201d est\u00e1n las mesitas para habitaci\u00f3n, facilitan la asistencia cotidiana ya que permiten guardar todas las cosas importantes para los usuarios. En varios acabados, con caj\u00f3n superior y otras variantes seg\u00fan el modelo, con hueco central y con armario o caj\u00f3n inferior y ruedas 2 de ellas con freno. Novedad: Desde la t100 a la t103 encontramos que todas llevan preparado el sistema server-ready :anclaje para la server auxiliar s100 con m\u00e1stil de aluminio y plano fen\u00f3lico inclinable, regulable en altura, acoplable a las mesitas de la l\u00ednea t, esta soluci\u00f3n pensada para usar la misma server, en distintas mesitas, en ambos lados, ya que es de instalaci\u00f3n r\u00e1pida [&hellip;]<\/p>\n","protected":false},"author":2,"featured_media":6292,"comment_status":"open","ping_status":"open","sticky":false,"template":"","format":"standard","meta":{"footnotes":""},"categories":[1],"tags":[],"yoast_head":"<!-- This site is optimized with the Yoast SEO plugin v21.7 - https:\/\/yoast.com\/wordpress\/plugins\/seo\/ -->\n<title>Muebles auxiliares de habitaci\u00f3n para residencias y domicilios - Blog Inforesidencias.com<\/title>\n<meta name=\"description\" content=\"Existen diferentes tipos de muebles auxiliares de habitaci\u00f3n para residencias geri\u00e1tricas o domicilios como las mesitas plegables\" \/>\n<meta name=\"robots\" content=\"index, follow, max-snippet:-1, max-image-preview:large, max-video-preview:-1\" \/>\n<link rel=\"canonical\" href=\"https:\/\/www.inforesidencias.com\/blog\/index.php\/2023\/03\/01\/muebles-auxiliares-de-habitacion-para-residencias-y-domicilios\/\" \/>\n<meta property=\"og:locale\" content=\"es_ES\" \/>\n<meta property=\"og:type\" content=\"article\" \/>\n<meta property=\"og:title\" content=\"Muebles auxiliares de habitaci\u00f3n para residencias y domicilios - Blog Inforesidencias.com\" \/>\n<meta property=\"og:description\" content=\"Existen diferentes tipos de muebles auxiliares de habitaci\u00f3n para residencias geri\u00e1tricas o domicilios como las mesitas plegables\" \/>\n<meta property=\"og:url\" content=\"https:\/\/www.inforesidencias.com\/blog\/index.php\/2023\/03\/01\/muebles-auxiliares-de-habitacion-para-residencias-y-domicilios\/\" \/>\n<meta property=\"og:site_name\" content=\"Blog Inforesidencias.com\" \/>\n<meta property=\"article:publisher\" content=\"https:\/\/www.facebook.com\/Inforesidencias\/\" \/>\n<meta property=\"article:author\" content=\"https:\/\/www.facebook.com\/josep.demarti\" \/>\n<meta property=\"article:published_time\" content=\"2023-03-01T03:37:00+00:00\" \/>\n<meta property=\"article:modified_time\" content=\"2023-02-20T15:02:18+00:00\" \/>\n<meta property=\"og:image\" content=\"https:\/\/www.inforesidencias.com\/blog\/wp-content\/uploads\/2023\/01\/Muebles-auxiliares-de-habitacio\u0301n.png\" \/>\n\t<meta property=\"og:image:width\" content=\"101\" \/>\n\t<meta property=\"og:image:height\" content=\"114\" \/>\n\t<meta property=\"og:image:type\" content=\"image\/png\" \/>\n<meta name=\"author\" content=\"Josep de Mart\u00ed\" \/>\n<meta name=\"twitter:card\" content=\"summary_large_image\" \/>\n<meta name=\"twitter:creator\" content=\"@blog-ir\" \/>\n<meta name=\"twitter:site\" content=\"@inforesidencias\" \/>\n<meta name=\"twitter:label1\" content=\"Escrito por\" \/>\n\t<meta name=\"twitter:data1\" content=\"Josep de Mart\u00ed\" \/>\n\t<meta name=\"twitter:label2\" content=\"Tiempo de lectura\" \/>\n\t<meta name=\"twitter:data2\" content=\"2 minutos\" \/>\n<script type=\"application\/ld+json\" class=\"yoast-schema-graph\">{\"@context\":\"https:\/\/schema.org\",\"@graph\":[{\"@type\":\"WebPage\",\"@id\":\"https:\/\/www.inforesidencias.com\/blog\/index.php\/2023\/03\/01\/muebles-auxiliares-de-habitacion-para-residencias-y-domicilios\/\",\"url\":\"https:\/\/www.inforesidencias.com\/blog\/index.php\/2023\/03\/01\/muebles-auxiliares-de-habitacion-para-residencias-y-domicilios\/\",\"name\":\"Muebles auxiliares de habitaci\u00f3n para residencias y domicilios - Blog Inforesidencias.com\",\"isPartOf\":{\"@id\":\"https:\/\/www.inforesidencias.com\/blog\/#website\"},\"datePublished\":\"2023-03-01T03:37:00+00:00\",\"dateModified\":\"2023-02-20T15:02:18+00:00\",\"author\":{\"@id\":\"https:\/\/www.inforesidencias.com\/blog\/#\/schema\/person\/9e146774d1eb3bc1c0316242a3898628\"},\"description\":\"Existen diferentes tipos de muebles auxiliares de habitaci\u00f3n para residencias geri\u00e1tricas o domicilios como las mesitas plegables\",\"breadcrumb\":{\"@id\":\"https:\/\/www.inforesidencias.com\/blog\/index.php\/2023\/03\/01\/muebles-auxiliares-de-habitacion-para-residencias-y-domicilios\/#breadcrumb\"},\"inLanguage\":\"es\",\"potentialAction\":[{\"@type\":\"ReadAction\",\"target\":[\"https:\/\/www.inforesidencias.com\/blog\/index.php\/2023\/03\/01\/muebles-auxiliares-de-habitacion-para-residencias-y-domicilios\/\"]}]},{\"@type\":\"BreadcrumbList\",\"@id\":\"https:\/\/www.inforesidencias.com\/blog\/index.php\/2023\/03\/01\/muebles-auxiliares-de-habitacion-para-residencias-y-domicilios\/#breadcrumb\",\"itemListElement\":[{\"@type\":\"ListItem\",\"position\":1,\"name\":\"Home\",\"item\":\"https:\/\/www.inforesidencias.com\/blog\/\"},{\"@type\":\"ListItem\",\"position\":2,\"name\":\"Muebles auxiliares de habitaci\u00f3n para residencias y domicilios\"}]},{\"@type\":\"WebSite\",\"@id\":\"https:\/\/www.inforesidencias.com\/blog\/#website\",\"url\":\"https:\/\/www.inforesidencias.com\/blog\/\",\"name\":\"Blog Inforesidencias.com\",\"description\":\"El buscador de residencias de la 3\u00aa edad\",\"potentialAction\":[{\"@type\":\"SearchAction\",\"target\":{\"@type\":\"EntryPoint\",\"urlTemplate\":\"https:\/\/www.inforesidencias.com\/blog\/?s={search_term_string}\"},\"query-input\":\"required name=search_term_string\"}],\"inLanguage\":\"es\"},{\"@type\":\"Person\",\"@id\":\"https:\/\/www.inforesidencias.com\/blog\/#\/schema\/person\/9e146774d1eb3bc1c0316242a3898628\",\"name\":\"Josep de Mart\u00ed\",\"image\":{\"@type\":\"ImageObject\",\"inLanguage\":\"es\",\"@id\":\"https:\/\/www.inforesidencias.com\/blog\/#\/schema\/person\/image\/\",\"url\":\"https:\/\/secure.gravatar.com\/avatar\/de0302c4806c00c4cebff396a798c1ff?s=96&d=mm&r=g\",\"contentUrl\":\"https:\/\/secure.gravatar.com\/avatar\/de0302c4806c00c4cebff396a798c1ff?s=96&d=mm&r=g\",\"caption\":\"Josep de Mart\u00ed\"},\"sameAs\":[\"https:\/\/www.inforesidencias.com\",\"https:\/\/www.facebook.com\/josep.demarti\",\"https:\/\/twitter.com\/blog-ir\"],\"url\":\"https:\/\/www.inforesidencias.com\/blog\/index.php\/author\/josepdemarti\/\"}]}<\/script>\n<!-- \/ Yoast SEO plugin. -->","yoast_head_json":{"title":"Muebles auxiliares de habitaci\u00f3n para residencias y domicilios - Blog Inforesidencias.com","description":"Existen diferentes tipos de muebles auxiliares de habitaci\u00f3n para residencias geri\u00e1tricas o domicilios como las mesitas plegables","robots":{"index":"index","follow":"follow","max-snippet":"max-snippet:-1","max-image-preview":"max-image-preview:large","max-video-preview":"max-video-preview:-1"},"canonical":"https:\/\/www.inforesidencias.com\/blog\/index.php\/2023\/03\/01\/muebles-auxiliares-de-habitacion-para-residencias-y-domicilios\/","og_locale":"es_ES","og_type":"article","og_title":"Muebles auxiliares de habitaci\u00f3n para residencias y domicilios - Blog Inforesidencias.com","og_description":"Existen diferentes tipos de muebles auxiliares de habitaci\u00f3n para residencias geri\u00e1tricas o domicilios como las mesitas plegables","og_url":"https:\/\/www.inforesidencias.com\/blog\/index.php\/2023\/03\/01\/muebles-auxiliares-de-habitacion-para-residencias-y-domicilios\/","og_site_name":"Blog Inforesidencias.com","article_publisher":"https:\/\/www.facebook.com\/Inforesidencias\/","article_author":"https:\/\/www.facebook.com\/josep.demarti","article_published_time":"2023-03-01T03:37:00+00:00","article_modified_time":"2023-02-20T15:02:18+00:00","og_image":[{"width":101,"height":114,"url":"https:\/\/www.inforesidencias.com\/blog\/wp-content\/uploads\/2023\/01\/Muebles-auxiliares-de-habitacio\u0301n.png","type":"image\/png"}],"author":"Josep de Mart\u00ed","twitter_card":"summary_large_image","twitter_creator":"@blog-ir","twitter_site":"@inforesidencias","twitter_misc":{"Escrito por":"Josep de Mart\u00ed","Tiempo de lectura":"2 minutos"},"schema":{"@context":"https:\/\/schema.org","@graph":[{"@type":"WebPage","@id":"https:\/\/www.inforesidencias.com\/blog\/index.php\/2023\/03\/01\/muebles-auxiliares-de-habitacion-para-residencias-y-domicilios\/","url":"https:\/\/www.inforesidencias.com\/blog\/index.php\/2023\/03\/01\/muebles-auxiliares-de-habitacion-para-residencias-y-domicilios\/","name":"Muebles auxiliares de habitaci\u00f3n para residencias y domicilios - Blog Inforesidencias.com","isPartOf":{"@id":"https:\/\/www.inforesidencias.com\/blog\/#website"},"datePublished":"2023-03-01T03:37:00+00:00","dateModified":"2023-02-20T15:02:18+00:00","author":{"@id":"https:\/\/www.inforesidencias.com\/blog\/#\/schema\/person\/9e146774d1eb3bc1c0316242a3898628"},"description":"Existen diferentes tipos de muebles auxiliares de habitaci\u00f3n para residencias geri\u00e1tricas o domicilios como las mesitas plegables","breadcrumb":{"@id":"https:\/\/www.inforesidencias.com\/blog\/index.php\/2023\/03\/01\/muebles-auxiliares-de-habitacion-para-residencias-y-domicilios\/#breadcrumb"},"inLanguage":"es","potentialAction":[{"@type":"ReadAction","target":["https:\/\/www.inforesidencias.com\/blog\/index.php\/2023\/03\/01\/muebles-auxiliares-de-habitacion-para-residencias-y-domicilios\/"]}]},{"@type":"BreadcrumbList","@id":"https:\/\/www.inforesidencias.com\/blog\/index.php\/2023\/03\/01\/muebles-auxiliares-de-habitacion-para-residencias-y-domicilios\/#breadcrumb","itemListElement":[{"@type":"ListItem","position":1,"name":"Home","item":"https:\/\/www.inforesidencias.com\/blog\/"},{"@type":"ListItem","position":2,"name":"Muebles auxiliares de habitaci\u00f3n para residencias y domicilios"}]},{"@type":"WebSite","@id":"https:\/\/www.inforesidencias.com\/blog\/#website","url":"https:\/\/www.inforesidencias.com\/blog\/","name":"Blog Inforesidencias.com","description":"El buscador de residencias de la 3\u00aa edad","potentialAction":[{"@type":"SearchAction","target":{"@type":"EntryPoint","urlTemplate":"https:\/\/www.inforesidencias.com\/blog\/?s={search_term_string}"},"query-input":"required name=search_term_string"}],"inLanguage":"es"},{"@type":"Person","@id":"https:\/\/www.inforesidencias.com\/blog\/#\/schema\/person\/9e146774d1eb3bc1c0316242a3898628","name":"Josep de Mart\u00ed","image":{"@type":"ImageObject","inLanguage":"es","@id":"https:\/\/www.inforesidencias.com\/blog\/#\/schema\/person\/image\/","url":"https:\/\/secure.gravatar.com\/avatar\/de0302c4806c00c4cebff396a798c1ff?s=96&d=mm&r=g","contentUrl":"https:\/\/secure.gravatar.com\/avatar\/de0302c4806c00c4cebff396a798c1ff?s=96&d=mm&r=g","caption":"Josep de Mart\u00ed"},"sameAs":["https:\/\/www.inforesidencias.com","https:\/\/www.facebook.com\/josep.demarti","https:\/\/twitter.com\/blog-ir"],"url":"https:\/\/www.inforesidencias.com\/blog\/index.php\/author\/josepdemarti\/"}]}},"_links":{"self":[{"href":"https:\/\/www.inforesidencias.com\/blog\/index.php\/wp-json\/wp\/v2\/posts\/6290"}],"collection":[{"href":"https:\/\/www.inforesidencias.com\/blog\/index.php\/wp-json\/wp\/v2\/posts"}],"about":[{"href":"https:\/\/www.inforesidencias.com\/blog\/index.php\/wp-json\/wp\/v2\/types\/post"}],"author":[{"embeddable":true,"href":"https:\/\/www.inforesidencias.com\/blog\/index.php\/wp-json\/wp\/v2\/users\/2"}],"replies":[{"embeddable":true,"href":"https:\/\/www.inforesidencias.com\/blog\/index.php\/wp-json\/wp\/v2\/comments?post=6290"}],"version-history":[{"count":2,"href":"https:\/\/www.inforesidencias.com\/blog\/index.php\/wp-json\/wp\/v2\/posts\/6290\/revisions"}],"predecessor-version":[{"id":6294,"href":"https:\/\/www.inforesidencias.com\/blog\/index.php\/wp-json\/wp\/v2\/posts\/6290\/revisions\/6294"}],"wp:featuredmedia":[{"embeddable":true,"href":"https:\/\/www.inforesidencias.com\/blog\/index.php\/wp-json\/wp\/v2\/media\/6292"}],"wp:attachment":[{"href":"https:\/\/www.inforesidencias.com\/blog\/index.php\/wp-json\/wp\/v2\/media?parent=6290"}],"wp:term":[{"taxonomy":"category","embeddable":true,"href":"https:\/\/www.inforesidencias.com\/blog\/index.php\/wp-json\/wp\/v2\/categories?post=6290"},{"taxonomy":"post_tag","embeddable":true,"href":"https:\/\/www.inforesidencias.com\/blog\/index.php\/wp-json\/wp\/v2\/tags?post=6290"}],"curies":[{"name":"wp","href":"https:\/\/api.w.org\/{rel}","templated":true}]}}