{"id":6298,"date":"2023-01-27T11:12:08","date_gmt":"2023-01-27T10:12:08","guid":{"rendered":"https:\/\/www.inforesidencias.com\/blog\/?p=6298"},"modified":"2023-01-27T11:14:21","modified_gmt":"2023-01-27T10:14:21","slug":"buenas-practicas-alimentarias-en-residencias-de-mayores","status":"publish","type":"post","link":"https:\/\/www.inforesidencias.com\/blog\/index.php\/2023\/01\/27\/buenas-practicas-alimentarias-en-residencias-de-mayores\/","title":{"rendered":"Buenas pr\u00e1cticas alimentarias en residencias de mayores"},"content":{"rendered":"\n<p><\/p>\n\n\n\n<p><\/p>\n\n\n\n<p>Antes de participar en el programa de Antena 3 \u00ab<a href=\"https:\/\/dependencia.info\/noticia\/5866\/actualidad\/el-escandalo-de-las-residencias-se-convierte-en-el-escandalo-de-las-administraciones-publicas.html\" target=\"_blank\" rel=\"noreferrer noopener\">Hablando en plata: el esc\u00e1ndalo de las residencias\u00bb<\/a>  y sabiendo que hablar\u00edan de alimentaci\u00f3n, \u00a0decid\u00ed recuperar las candidaturas de los premios Nutrisenior de buenas pr\u00e1cticas alimentarias en residencias y llamar a algunas residencias que me hab\u00edan comentado algunas cosas interesantes que hac\u00edan. Recuper\u00e9 \u00e9stas. \u00a0NO es un an\u00e1lisis exhaustivo ni nada m\u00e1s que unas cuantas buenas pr\u00e1cticas recogidas en pocos d\u00edas. \u00a0Son m\u00e1s de 70 y hay muchas m\u00e1s. Asimismo, os dejamos el enlace al documento donde las hemos recopilado a fin de facilitar el trabajo a toda aquella persona interesada en conocerlas.<\/p>\n\n\n\n<p class=\"has-text-align-center\"><a href=\"https:\/\/www.inforesidencias.com\/resources\/public\/biblioteca\/documentos\/varios\/buenas-practicas-alimentarias-en-residencias.xlsx\"><strong>Enlace al documento<\/strong><\/a><\/p>\n\n\n\n<p><\/p>\n\n\n\n<figure class=\"wp-block-image size-large is-resized\"><img decoding=\"async\" loading=\"lazy\" src=\"https:\/\/www.inforesidencias.com\/blog\/wp-content\/uploads\/2023\/01\/Buenas-pra\u0301cticas-alimentarias-en-residencias-de-mayores-1024x676.png\" alt=\"\" class=\"wp-image-6301\" width=\"406\" height=\"267\" srcset=\"https:\/\/www.inforesidencias.com\/blog\/wp-content\/uploads\/2023\/01\/Buenas-pra\u0301cticas-alimentarias-en-residencias-de-mayores-1024x676.png 1024w, https:\/\/www.inforesidencias.com\/blog\/wp-content\/uploads\/2023\/01\/Buenas-pra\u0301cticas-alimentarias-en-residencias-de-mayores-300x198.png 300w, https:\/\/www.inforesidencias.com\/blog\/wp-content\/uploads\/2023\/01\/Buenas-pra\u0301cticas-alimentarias-en-residencias-de-mayores-768x507.png 768w, https:\/\/www.inforesidencias.com\/blog\/wp-content\/uploads\/2023\/01\/Buenas-pra\u0301cticas-alimentarias-en-residencias-de-mayores.png 1078w\" sizes=\"(max-width: 406px) 100vw, 406px\" \/><\/figure>\n\n\n\n<p><\/p>\n\n\n\n<p>De esta recopilaci\u00f3n hemos sacado cosas buenas. Para empezar, la difusi\u00f3n que tuvieron muchas de ellas gracias a que se dieron a conocer y se presentaron a las distintas ediciones de los premios Nutrisenior. Una vez juntadas, vemos que son muchas, y esto es fant\u00e1stico. En segundo lugar, el hecho de conocer muchas otras de las que no hab\u00edamos oido hablar todav\u00eda. Y finalmente como decimos,  el pensar que hay muchas que ni conocemos.<\/p>\n\n\n\n<p>Adem\u00e1s de la recopilaci\u00f3n de las buenas pr\u00e1cticas alimentarias en residencias de mayores, te puede interesar:<\/p>\n\n\n\n<ul><li><a href=\"https:\/\/www.inforesidencias.com\/blog\/index.php\/2022\/11\/26\/la-narrativa-de-los-medios-sobre-residencias-de-mayores\/\">La narrativa de los medios sobre residencias de mayores<\/a><\/li><li><a href=\"https:\/\/www.inforesidencias.com\/particulares\/buscamos-por-ti\">Buscas una residencia para ti o un ser querido? Te podemos ayudar<\/a><\/li><\/ul>\n\n\n\n<p><\/p>\n\n\n\n<p>Josep de Marti<\/p>\n","protected":false},"excerpt":{"rendered":"<p>Antes de participar en el programa de Antena 3 \u00abHablando en plata: el esc\u00e1ndalo de las residencias\u00bb y sabiendo que hablar\u00edan de alimentaci\u00f3n, \u00a0decid\u00ed recuperar las candidaturas de los premios Nutrisenior de buenas pr\u00e1cticas alimentarias en residencias y llamar a algunas residencias que me hab\u00edan comentado algunas cosas interesantes que hac\u00edan. Recuper\u00e9 \u00e9stas. \u00a0NO es un an\u00e1lisis exhaustivo ni nada m\u00e1s que unas cuantas buenas pr\u00e1cticas recogidas en pocos d\u00edas. \u00a0Son m\u00e1s de 70 y hay muchas m\u00e1s. Asimismo, os dejamos el enlace al documento donde las hemos recopilado a fin de facilitar el trabajo a toda aquella persona interesada en conocerlas. Enlace al documento De esta recopilaci\u00f3n hemos sacado cosas buenas. Para empezar, la difusi\u00f3n que tuvieron muchas de ellas gracias a que se dieron a conocer y se presentaron a las distintas ediciones de los premios Nutrisenior. Una vez juntadas, vemos que son muchas, y esto es fant\u00e1stico. [&hellip;]<\/p>\n","protected":false},"author":2,"featured_media":6301,"comment_status":"open","ping_status":"open","sticky":false,"template":"","format":"standard","meta":{"footnotes":""},"categories":[1],"tags":[],"yoast_head":"<!-- This site is optimized with the Yoast SEO plugin v21.7 - https:\/\/yoast.com\/wordpress\/plugins\/seo\/ -->\n<title>Buenas pr\u00e1cticas alimentarias en residencias de mayores - Blog Inforesidencias.com<\/title>\n<meta name=\"description\" content=\"Hemos hecho una recopilaci\u00f3n de algunas buenas pr\u00e1cticas alimentarias en residencias de mayores de nuestro pa\u00eds aunque hay muchas m\u00e1s.\" \/>\n<meta name=\"robots\" content=\"index, follow, max-snippet:-1, max-image-preview:large, max-video-preview:-1\" \/>\n<link rel=\"canonical\" href=\"https:\/\/www.inforesidencias.com\/blog\/index.php\/2023\/01\/27\/buenas-practicas-alimentarias-en-residencias-de-mayores\/\" \/>\n<meta property=\"og:locale\" content=\"es_ES\" \/>\n<meta property=\"og:type\" content=\"article\" \/>\n<meta property=\"og:title\" content=\"Buenas pr\u00e1cticas alimentarias en residencias de mayores - Blog Inforesidencias.com\" \/>\n<meta property=\"og:description\" content=\"Hemos hecho una recopilaci\u00f3n de algunas buenas pr\u00e1cticas alimentarias en residencias de mayores de nuestro pa\u00eds aunque hay muchas m\u00e1s.\" \/>\n<meta property=\"og:url\" content=\"https:\/\/www.inforesidencias.com\/blog\/index.php\/2023\/01\/27\/buenas-practicas-alimentarias-en-residencias-de-mayores\/\" \/>\n<meta property=\"og:site_name\" content=\"Blog Inforesidencias.com\" \/>\n<meta property=\"article:publisher\" content=\"https:\/\/www.facebook.com\/Inforesidencias\/\" \/>\n<meta property=\"article:author\" content=\"https:\/\/www.facebook.com\/josep.demarti\" \/>\n<meta property=\"article:published_time\" content=\"2023-01-27T10:12:08+00:00\" \/>\n<meta property=\"article:modified_time\" content=\"2023-01-27T10:14:21+00:00\" \/>\n<meta property=\"og:image\" content=\"https:\/\/www.inforesidencias.com\/blog\/wp-content\/uploads\/2023\/01\/Buenas-pra\u0301cticas-alimentarias-en-residencias-de-mayores.png\" \/>\n\t<meta property=\"og:image:width\" content=\"1078\" \/>\n\t<meta property=\"og:image:height\" content=\"712\" \/>\n\t<meta property=\"og:image:type\" content=\"image\/png\" \/>\n<meta name=\"author\" content=\"Josep de Mart\u00ed\" \/>\n<meta name=\"twitter:card\" content=\"summary_large_image\" \/>\n<meta name=\"twitter:creator\" content=\"@blog-ir\" \/>\n<meta name=\"twitter:site\" content=\"@inforesidencias\" \/>\n<meta name=\"twitter:label1\" content=\"Escrito por\" \/>\n\t<meta name=\"twitter:data1\" content=\"Josep de Mart\u00ed\" \/>\n\t<meta name=\"twitter:label2\" content=\"Tiempo de lectura\" \/>\n\t<meta name=\"twitter:data2\" content=\"1 minuto\" \/>\n<script type=\"application\/ld+json\" class=\"yoast-schema-graph\">{\"@context\":\"https:\/\/schema.org\",\"@graph\":[{\"@type\":\"WebPage\",\"@id\":\"https:\/\/www.inforesidencias.com\/blog\/index.php\/2023\/01\/27\/buenas-practicas-alimentarias-en-residencias-de-mayores\/\",\"url\":\"https:\/\/www.inforesidencias.com\/blog\/index.php\/2023\/01\/27\/buenas-practicas-alimentarias-en-residencias-de-mayores\/\",\"name\":\"Buenas pr\u00e1cticas alimentarias en residencias de mayores - Blog Inforesidencias.com\",\"isPartOf\":{\"@id\":\"https:\/\/www.inforesidencias.com\/blog\/#website\"},\"datePublished\":\"2023-01-27T10:12:08+00:00\",\"dateModified\":\"2023-01-27T10:14:21+00:00\",\"author\":{\"@id\":\"https:\/\/www.inforesidencias.com\/blog\/#\/schema\/person\/9e146774d1eb3bc1c0316242a3898628\"},\"description\":\"Hemos hecho una recopilaci\u00f3n de algunas buenas pr\u00e1cticas alimentarias en residencias de mayores de nuestro pa\u00eds aunque hay muchas m\u00e1s.\",\"breadcrumb\":{\"@id\":\"https:\/\/www.inforesidencias.com\/blog\/index.php\/2023\/01\/27\/buenas-practicas-alimentarias-en-residencias-de-mayores\/#breadcrumb\"},\"inLanguage\":\"es\",\"potentialAction\":[{\"@type\":\"ReadAction\",\"target\":[\"https:\/\/www.inforesidencias.com\/blog\/index.php\/2023\/01\/27\/buenas-practicas-alimentarias-en-residencias-de-mayores\/\"]}]},{\"@type\":\"BreadcrumbList\",\"@id\":\"https:\/\/www.inforesidencias.com\/blog\/index.php\/2023\/01\/27\/buenas-practicas-alimentarias-en-residencias-de-mayores\/#breadcrumb\",\"itemListElement\":[{\"@type\":\"ListItem\",\"position\":1,\"name\":\"Home\",\"item\":\"https:\/\/www.inforesidencias.com\/blog\/\"},{\"@type\":\"ListItem\",\"position\":2,\"name\":\"Buenas pr\u00e1cticas alimentarias en residencias de mayores\"}]},{\"@type\":\"WebSite\",\"@id\":\"https:\/\/www.inforesidencias.com\/blog\/#website\",\"url\":\"https:\/\/www.inforesidencias.com\/blog\/\",\"name\":\"Blog Inforesidencias.com\",\"description\":\"El buscador de residencias de la 3\u00aa edad\",\"potentialAction\":[{\"@type\":\"SearchAction\",\"target\":{\"@type\":\"EntryPoint\",\"urlTemplate\":\"https:\/\/www.inforesidencias.com\/blog\/?s={search_term_string}\"},\"query-input\":\"required name=search_term_string\"}],\"inLanguage\":\"es\"},{\"@type\":\"Person\",\"@id\":\"https:\/\/www.inforesidencias.com\/blog\/#\/schema\/person\/9e146774d1eb3bc1c0316242a3898628\",\"name\":\"Josep de Mart\u00ed\",\"image\":{\"@type\":\"ImageObject\",\"inLanguage\":\"es\",\"@id\":\"https:\/\/www.inforesidencias.com\/blog\/#\/schema\/person\/image\/\",\"url\":\"https:\/\/secure.gravatar.com\/avatar\/de0302c4806c00c4cebff396a798c1ff?s=96&d=mm&r=g\",\"contentUrl\":\"https:\/\/secure.gravatar.com\/avatar\/de0302c4806c00c4cebff396a798c1ff?s=96&d=mm&r=g\",\"caption\":\"Josep de Mart\u00ed\"},\"sameAs\":[\"https:\/\/www.inforesidencias.com\",\"https:\/\/www.facebook.com\/josep.demarti\",\"https:\/\/twitter.com\/blog-ir\"],\"url\":\"https:\/\/www.inforesidencias.com\/blog\/index.php\/author\/josepdemarti\/\"}]}<\/script>\n<!-- \/ Yoast SEO plugin. -->","yoast_head_json":{"title":"Buenas pr\u00e1cticas alimentarias en residencias de mayores - Blog Inforesidencias.com","description":"Hemos hecho una recopilaci\u00f3n de algunas buenas pr\u00e1cticas alimentarias en residencias de mayores de nuestro pa\u00eds aunque hay muchas m\u00e1s.","robots":{"index":"index","follow":"follow","max-snippet":"max-snippet:-1","max-image-preview":"max-image-preview:large","max-video-preview":"max-video-preview:-1"},"canonical":"https:\/\/www.inforesidencias.com\/blog\/index.php\/2023\/01\/27\/buenas-practicas-alimentarias-en-residencias-de-mayores\/","og_locale":"es_ES","og_type":"article","og_title":"Buenas pr\u00e1cticas alimentarias en residencias de mayores - Blog Inforesidencias.com","og_description":"Hemos hecho una recopilaci\u00f3n de algunas buenas pr\u00e1cticas alimentarias en residencias de mayores de nuestro pa\u00eds aunque hay muchas m\u00e1s.","og_url":"https:\/\/www.inforesidencias.com\/blog\/index.php\/2023\/01\/27\/buenas-practicas-alimentarias-en-residencias-de-mayores\/","og_site_name":"Blog Inforesidencias.com","article_publisher":"https:\/\/www.facebook.com\/Inforesidencias\/","article_author":"https:\/\/www.facebook.com\/josep.demarti","article_published_time":"2023-01-27T10:12:08+00:00","article_modified_time":"2023-01-27T10:14:21+00:00","og_image":[{"width":1078,"height":712,"url":"https:\/\/www.inforesidencias.com\/blog\/wp-content\/uploads\/2023\/01\/Buenas-pra\u0301cticas-alimentarias-en-residencias-de-mayores.png","type":"image\/png"}],"author":"Josep de Mart\u00ed","twitter_card":"summary_large_image","twitter_creator":"@blog-ir","twitter_site":"@inforesidencias","twitter_misc":{"Escrito por":"Josep de Mart\u00ed","Tiempo de lectura":"1 minuto"},"schema":{"@context":"https:\/\/schema.org","@graph":[{"@type":"WebPage","@id":"https:\/\/www.inforesidencias.com\/blog\/index.php\/2023\/01\/27\/buenas-practicas-alimentarias-en-residencias-de-mayores\/","url":"https:\/\/www.inforesidencias.com\/blog\/index.php\/2023\/01\/27\/buenas-practicas-alimentarias-en-residencias-de-mayores\/","name":"Buenas pr\u00e1cticas alimentarias en residencias de mayores - Blog Inforesidencias.com","isPartOf":{"@id":"https:\/\/www.inforesidencias.com\/blog\/#website"},"datePublished":"2023-01-27T10:12:08+00:00","dateModified":"2023-01-27T10:14:21+00:00","author":{"@id":"https:\/\/www.inforesidencias.com\/blog\/#\/schema\/person\/9e146774d1eb3bc1c0316242a3898628"},"description":"Hemos hecho una recopilaci\u00f3n de algunas buenas pr\u00e1cticas alimentarias en residencias de mayores de nuestro pa\u00eds aunque hay muchas m\u00e1s.","breadcrumb":{"@id":"https:\/\/www.inforesidencias.com\/blog\/index.php\/2023\/01\/27\/buenas-practicas-alimentarias-en-residencias-de-mayores\/#breadcrumb"},"inLanguage":"es","potentialAction":[{"@type":"ReadAction","target":["https:\/\/www.inforesidencias.com\/blog\/index.php\/2023\/01\/27\/buenas-practicas-alimentarias-en-residencias-de-mayores\/"]}]},{"@type":"BreadcrumbList","@id":"https:\/\/www.inforesidencias.com\/blog\/index.php\/2023\/01\/27\/buenas-practicas-alimentarias-en-residencias-de-mayores\/#breadcrumb","itemListElement":[{"@type":"ListItem","position":1,"name":"Home","item":"https:\/\/www.inforesidencias.com\/blog\/"},{"@type":"ListItem","position":2,"name":"Buenas pr\u00e1cticas alimentarias en residencias de mayores"}]},{"@type":"WebSite","@id":"https:\/\/www.inforesidencias.com\/blog\/#website","url":"https:\/\/www.inforesidencias.com\/blog\/","name":"Blog Inforesidencias.com","description":"El buscador de residencias de la 3\u00aa edad","potentialAction":[{"@type":"SearchAction","target":{"@type":"EntryPoint","urlTemplate":"https:\/\/www.inforesidencias.com\/blog\/?s={search_term_string}"},"query-input":"required name=search_term_string"}],"inLanguage":"es"},{"@type":"Person","@id":"https:\/\/www.inforesidencias.com\/blog\/#\/schema\/person\/9e146774d1eb3bc1c0316242a3898628","name":"Josep de Mart\u00ed","image":{"@type":"ImageObject","inLanguage":"es","@id":"https:\/\/www.inforesidencias.com\/blog\/#\/schema\/person\/image\/","url":"https:\/\/secure.gravatar.com\/avatar\/de0302c4806c00c4cebff396a798c1ff?s=96&d=mm&r=g","contentUrl":"https:\/\/secure.gravatar.com\/avatar\/de0302c4806c00c4cebff396a798c1ff?s=96&d=mm&r=g","caption":"Josep de Mart\u00ed"},"sameAs":["https:\/\/www.inforesidencias.com","https:\/\/www.facebook.com\/josep.demarti","https:\/\/twitter.com\/blog-ir"],"url":"https:\/\/www.inforesidencias.com\/blog\/index.php\/author\/josepdemarti\/"}]}},"_links":{"self":[{"href":"https:\/\/www.inforesidencias.com\/blog\/index.php\/wp-json\/wp\/v2\/posts\/6298"}],"collection":[{"href":"https:\/\/www.inforesidencias.com\/blog\/index.php\/wp-json\/wp\/v2\/posts"}],"about":[{"href":"https:\/\/www.inforesidencias.com\/blog\/index.php\/wp-json\/wp\/v2\/types\/post"}],"author":[{"embeddable":true,"href":"https:\/\/www.inforesidencias.com\/blog\/index.php\/wp-json\/wp\/v2\/users\/2"}],"replies":[{"embeddable":true,"href":"https:\/\/www.inforesidencias.com\/blog\/index.php\/wp-json\/wp\/v2\/comments?post=6298"}],"version-history":[{"count":8,"href":"https:\/\/www.inforesidencias.com\/blog\/index.php\/wp-json\/wp\/v2\/posts\/6298\/revisions"}],"predecessor-version":[{"id":6307,"href":"https:\/\/www.inforesidencias.com\/blog\/index.php\/wp-json\/wp\/v2\/posts\/6298\/revisions\/6307"}],"wp:featuredmedia":[{"embeddable":true,"href":"https:\/\/www.inforesidencias.com\/blog\/index.php\/wp-json\/wp\/v2\/media\/6301"}],"wp:attachment":[{"href":"https:\/\/www.inforesidencias.com\/blog\/index.php\/wp-json\/wp\/v2\/media?parent=6298"}],"wp:term":[{"taxonomy":"category","embeddable":true,"href":"https:\/\/www.inforesidencias.com\/blog\/index.php\/wp-json\/wp\/v2\/categories?post=6298"},{"taxonomy":"post_tag","embeddable":true,"href":"https:\/\/www.inforesidencias.com\/blog\/index.php\/wp-json\/wp\/v2\/tags?post=6298"}],"curies":[{"name":"wp","href":"https:\/\/api.w.org\/{rel}","templated":true}]}}