{"id":6321,"date":"2023-02-14T16:12:07","date_gmt":"2023-02-14T15:12:07","guid":{"rendered":"https:\/\/www.inforesidencias.com\/blog\/?p=6321"},"modified":"2023-02-14T16:12:09","modified_gmt":"2023-02-14T15:12:09","slug":"manias-de-las-personas-con-alzheimer","status":"publish","type":"post","link":"https:\/\/www.inforesidencias.com\/blog\/index.php\/2023\/02\/14\/manias-de-las-personas-con-alzheimer\/","title":{"rendered":"Man\u00edas de las personas con alzheimer"},"content":{"rendered":"\n<p><\/p>\n\n\n\n<p><\/p>\n\n\n\n<p>Algunas de las conductas de las personas que sufren demencia y en particular alzheimer suelen sorprender y hasta a veces molestar, familiares o personas que conviven con ellas. De hecho, algunas de estas conductas o comportamientos, son, catalogadas como man\u00edas. En su conjunto, son diversas las man\u00edas de las personas con alzheimer que pueden ser observadas a simple vista, como por ejemplo:<\/p>\n\n\n\n<ol type=\"1\"><li>Coleccionar objetos o esconder cosas.<\/li><li>Repetir palabras, frases o preguntas constantemente.<\/li><li>Caminar de manera compulsiva y sin rumbo fijo.<\/li><li>Tocar y mover objetos de forma repetitiva.<\/li><li>Desvestirse en p\u00fablico o en situaciones inapropiadas.<\/li><li>Comer de manera excesiva o compulsiva.<\/li><li>Insistir en realizar actividades espec\u00edficas en momentos inoportunos.<\/li><li>Hablar o gritar de forma incoherente o fuera de contexto.<\/li><li>Tener comportamientos sexuales inapropiados.<\/li><li>Crear e imaginar cosas que no existen.<\/li><\/ol>\n\n\n\n<div class=\"wp-block-image\"><figure class=\"aligncenter size-large is-resized\"><img decoding=\"async\" loading=\"lazy\" src=\"https:\/\/www.inforesidencias.com\/blog\/wp-content\/uploads\/2023\/02\/Mani\u0301as-de-las-personas-con-alzheimer-1024x680.png\" alt=\"\" class=\"wp-image-6323\" width=\"353\" height=\"234\" srcset=\"https:\/\/www.inforesidencias.com\/blog\/wp-content\/uploads\/2023\/02\/Mani\u0301as-de-las-personas-con-alzheimer-1024x680.png 1024w, https:\/\/www.inforesidencias.com\/blog\/wp-content\/uploads\/2023\/02\/Mani\u0301as-de-las-personas-con-alzheimer-300x199.png 300w, https:\/\/www.inforesidencias.com\/blog\/wp-content\/uploads\/2023\/02\/Mani\u0301as-de-las-personas-con-alzheimer-768x510.png 768w, https:\/\/www.inforesidencias.com\/blog\/wp-content\/uploads\/2023\/02\/Mani\u0301as-de-las-personas-con-alzheimer.png 1416w\" sizes=\"(max-width: 353px) 100vw, 353px\" \/><\/figure><\/div>\n\n\n\n<p>Cuando se dan estas situaciones, se recomienda no olvidar que estamos delante de una persona que sufre un deterioro cognitivo y que sobretodo hay que tratarla con cari\u00f1o y respeto. Hay a su vez, una serie de consejos a cerca de como debemos actuar que nos pueden venir muy bien:<\/p>\n\n\n\n<ul><li>Mantener la calma y no reaccionar de forma negativa o agresiva.<\/li><li>No contradecir a la persona y, en cambio, distraerla con una actividad que le guste.<\/li><li>Proporcionar un ambiente seguro y tranquilo para la persona.<\/li><li>Establecer una rutina diaria y seguir una estructura clara.<\/li><li>Asegurarse de que la persona tenga suficiente atenci\u00f3n y cuidado de los cuidadores o familiares.<\/li><li>Hablar con el m\u00e9dico sobre las man\u00edas y buscar posibles tratamientos farmacol\u00f3gicos o no farmacol\u00f3gicos que puedan ayudar.<\/li><li>Buscar apoyo en grupos de cuidadores de personas con Alzheimer para obtener consejos y estrategias pr\u00e1cticas.<\/li><\/ul>\n\n\n\n<p>Relacionado con este art\u00edculo de man\u00edas de las personas con alzheimer pensamos que a su vez, te puede interesar tambi\u00e9n:<\/p>\n\n\n\n<ul><li>Los <a href=\"https:\/\/www.inforesidencias.com\/aula-virtual\/courses\/los-cambios-a-la-ley-de-testamento-vital\/\">cambios legales en la incapacitaci\u00f3n de las personas<\/a><\/li><li>El <a href=\"https:\/\/www.inforesidencias.com\/blog\/index.php\/2022\/03\/28\/el-duelo-en-un-proceso-de-demencia\/\">duelo en un proceso de demencia<\/a><\/li><li><a href=\"https:\/\/www.inforesidencias.com\/centros\/buscador\/busquedas-predefinidas\/residencias-de-ancianos-con-alzheimer-y-demencia\">Residencias geri\u00e1trica para personas que padecen demencia<\/a><\/li><\/ul>\n\n\n\n<p><\/p>\n","protected":false},"excerpt":{"rendered":"<p>Algunas de las conductas de las personas que sufren demencia y en particular alzheimer suelen sorprender y hasta a veces molestar, familiares o personas que conviven con ellas. De hecho, algunas de estas conductas o comportamientos, son, catalogadas como man\u00edas. En su conjunto, son diversas las man\u00edas de las personas con alzheimer que pueden ser observadas a simple vista, como por ejemplo: Coleccionar objetos o esconder cosas. Repetir palabras, frases o preguntas constantemente. Caminar de manera compulsiva y sin rumbo fijo. Tocar y mover objetos de forma repetitiva. Desvestirse en p\u00fablico o en situaciones inapropiadas. Comer de manera excesiva o compulsiva. Insistir en realizar actividades espec\u00edficas en momentos inoportunos. Hablar o gritar de forma incoherente o fuera de contexto. Tener comportamientos sexuales inapropiados. Crear e imaginar cosas que no existen. Cuando se dan estas situaciones, se recomienda no olvidar que estamos delante de una persona que sufre un deterioro cognitivo [&hellip;]<\/p>\n","protected":false},"author":2,"featured_media":6323,"comment_status":"open","ping_status":"open","sticky":false,"template":"","format":"standard","meta":{"footnotes":""},"categories":[1],"tags":[],"yoast_head":"<!-- This site is optimized with the Yoast SEO plugin v21.7 - https:\/\/yoast.com\/wordpress\/plugins\/seo\/ -->\n<title>Man\u00edas de las personas con alzheimer - Blog Inforesidencias.com<\/title>\n<meta name=\"description\" content=\"Son diversas las man\u00edas de las personas con alzheimer que suelen sorprender a los familiares de estas personas. \u00bfC\u00f3mo actuar?\" \/>\n<meta name=\"robots\" content=\"index, follow, max-snippet:-1, max-image-preview:large, max-video-preview:-1\" \/>\n<link rel=\"canonical\" href=\"https:\/\/www.inforesidencias.com\/blog\/index.php\/2023\/02\/14\/manias-de-las-personas-con-alzheimer\/\" \/>\n<meta property=\"og:locale\" content=\"es_ES\" \/>\n<meta property=\"og:type\" content=\"article\" \/>\n<meta property=\"og:title\" content=\"Man\u00edas de las personas con alzheimer - Blog Inforesidencias.com\" \/>\n<meta property=\"og:description\" content=\"Son diversas las man\u00edas de las personas con alzheimer que suelen sorprender a los familiares de estas personas. \u00bfC\u00f3mo actuar?\" \/>\n<meta property=\"og:url\" content=\"https:\/\/www.inforesidencias.com\/blog\/index.php\/2023\/02\/14\/manias-de-las-personas-con-alzheimer\/\" \/>\n<meta property=\"og:site_name\" content=\"Blog Inforesidencias.com\" \/>\n<meta property=\"article:publisher\" content=\"https:\/\/www.facebook.com\/Inforesidencias\/\" \/>\n<meta property=\"article:author\" content=\"https:\/\/www.facebook.com\/josep.demarti\" \/>\n<meta property=\"article:published_time\" content=\"2023-02-14T15:12:07+00:00\" \/>\n<meta property=\"article:modified_time\" content=\"2023-02-14T15:12:09+00:00\" \/>\n<meta property=\"og:image\" content=\"https:\/\/www.inforesidencias.com\/blog\/wp-content\/uploads\/2023\/02\/Mani\u0301as-de-las-personas-con-alzheimer-1024x680.png\" \/>\n\t<meta property=\"og:image:width\" content=\"1024\" \/>\n\t<meta property=\"og:image:height\" content=\"680\" \/>\n\t<meta property=\"og:image:type\" content=\"image\/png\" \/>\n<meta name=\"author\" content=\"Josep de Mart\u00ed\" \/>\n<meta name=\"twitter:card\" content=\"summary_large_image\" \/>\n<meta name=\"twitter:creator\" content=\"@blog-ir\" \/>\n<meta name=\"twitter:site\" content=\"@inforesidencias\" \/>\n<meta name=\"twitter:label1\" content=\"Escrito por\" \/>\n\t<meta name=\"twitter:data1\" content=\"Josep de Mart\u00ed\" \/>\n\t<meta name=\"twitter:label2\" content=\"Tiempo de lectura\" \/>\n\t<meta name=\"twitter:data2\" content=\"2 minutos\" \/>\n<script type=\"application\/ld+json\" class=\"yoast-schema-graph\">{\"@context\":\"https:\/\/schema.org\",\"@graph\":[{\"@type\":\"WebPage\",\"@id\":\"https:\/\/www.inforesidencias.com\/blog\/index.php\/2023\/02\/14\/manias-de-las-personas-con-alzheimer\/\",\"url\":\"https:\/\/www.inforesidencias.com\/blog\/index.php\/2023\/02\/14\/manias-de-las-personas-con-alzheimer\/\",\"name\":\"Man\u00edas de las personas con alzheimer - Blog Inforesidencias.com\",\"isPartOf\":{\"@id\":\"https:\/\/www.inforesidencias.com\/blog\/#website\"},\"datePublished\":\"2023-02-14T15:12:07+00:00\",\"dateModified\":\"2023-02-14T15:12:09+00:00\",\"author\":{\"@id\":\"https:\/\/www.inforesidencias.com\/blog\/#\/schema\/person\/9e146774d1eb3bc1c0316242a3898628\"},\"description\":\"Son diversas las man\u00edas de las personas con alzheimer que suelen sorprender a los familiares de estas personas. \u00bfC\u00f3mo actuar?\",\"breadcrumb\":{\"@id\":\"https:\/\/www.inforesidencias.com\/blog\/index.php\/2023\/02\/14\/manias-de-las-personas-con-alzheimer\/#breadcrumb\"},\"inLanguage\":\"es\",\"potentialAction\":[{\"@type\":\"ReadAction\",\"target\":[\"https:\/\/www.inforesidencias.com\/blog\/index.php\/2023\/02\/14\/manias-de-las-personas-con-alzheimer\/\"]}]},{\"@type\":\"BreadcrumbList\",\"@id\":\"https:\/\/www.inforesidencias.com\/blog\/index.php\/2023\/02\/14\/manias-de-las-personas-con-alzheimer\/#breadcrumb\",\"itemListElement\":[{\"@type\":\"ListItem\",\"position\":1,\"name\":\"Home\",\"item\":\"https:\/\/www.inforesidencias.com\/blog\/\"},{\"@type\":\"ListItem\",\"position\":2,\"name\":\"Man\u00edas de las personas con alzheimer\"}]},{\"@type\":\"WebSite\",\"@id\":\"https:\/\/www.inforesidencias.com\/blog\/#website\",\"url\":\"https:\/\/www.inforesidencias.com\/blog\/\",\"name\":\"Blog Inforesidencias.com\",\"description\":\"El buscador de residencias de la 3\u00aa edad\",\"potentialAction\":[{\"@type\":\"SearchAction\",\"target\":{\"@type\":\"EntryPoint\",\"urlTemplate\":\"https:\/\/www.inforesidencias.com\/blog\/?s={search_term_string}\"},\"query-input\":\"required name=search_term_string\"}],\"inLanguage\":\"es\"},{\"@type\":\"Person\",\"@id\":\"https:\/\/www.inforesidencias.com\/blog\/#\/schema\/person\/9e146774d1eb3bc1c0316242a3898628\",\"name\":\"Josep de Mart\u00ed\",\"image\":{\"@type\":\"ImageObject\",\"inLanguage\":\"es\",\"@id\":\"https:\/\/www.inforesidencias.com\/blog\/#\/schema\/person\/image\/\",\"url\":\"https:\/\/secure.gravatar.com\/avatar\/de0302c4806c00c4cebff396a798c1ff?s=96&d=mm&r=g\",\"contentUrl\":\"https:\/\/secure.gravatar.com\/avatar\/de0302c4806c00c4cebff396a798c1ff?s=96&d=mm&r=g\",\"caption\":\"Josep de Mart\u00ed\"},\"sameAs\":[\"https:\/\/www.inforesidencias.com\",\"https:\/\/www.facebook.com\/josep.demarti\",\"https:\/\/twitter.com\/blog-ir\"],\"url\":\"https:\/\/www.inforesidencias.com\/blog\/index.php\/author\/josepdemarti\/\"}]}<\/script>\n<!-- \/ Yoast SEO plugin. -->","yoast_head_json":{"title":"Man\u00edas de las personas con alzheimer - Blog Inforesidencias.com","description":"Son diversas las man\u00edas de las personas con alzheimer que suelen sorprender a los familiares de estas personas. \u00bfC\u00f3mo actuar?","robots":{"index":"index","follow":"follow","max-snippet":"max-snippet:-1","max-image-preview":"max-image-preview:large","max-video-preview":"max-video-preview:-1"},"canonical":"https:\/\/www.inforesidencias.com\/blog\/index.php\/2023\/02\/14\/manias-de-las-personas-con-alzheimer\/","og_locale":"es_ES","og_type":"article","og_title":"Man\u00edas de las personas con alzheimer - Blog Inforesidencias.com","og_description":"Son diversas las man\u00edas de las personas con alzheimer que suelen sorprender a los familiares de estas personas. \u00bfC\u00f3mo actuar?","og_url":"https:\/\/www.inforesidencias.com\/blog\/index.php\/2023\/02\/14\/manias-de-las-personas-con-alzheimer\/","og_site_name":"Blog Inforesidencias.com","article_publisher":"https:\/\/www.facebook.com\/Inforesidencias\/","article_author":"https:\/\/www.facebook.com\/josep.demarti","article_published_time":"2023-02-14T15:12:07+00:00","article_modified_time":"2023-02-14T15:12:09+00:00","og_image":[{"width":1024,"height":680,"url":"https:\/\/www.inforesidencias.com\/blog\/wp-content\/uploads\/2023\/02\/Mani\u0301as-de-las-personas-con-alzheimer-1024x680.png","type":"image\/png"}],"author":"Josep de Mart\u00ed","twitter_card":"summary_large_image","twitter_creator":"@blog-ir","twitter_site":"@inforesidencias","twitter_misc":{"Escrito por":"Josep de Mart\u00ed","Tiempo de lectura":"2 minutos"},"schema":{"@context":"https:\/\/schema.org","@graph":[{"@type":"WebPage","@id":"https:\/\/www.inforesidencias.com\/blog\/index.php\/2023\/02\/14\/manias-de-las-personas-con-alzheimer\/","url":"https:\/\/www.inforesidencias.com\/blog\/index.php\/2023\/02\/14\/manias-de-las-personas-con-alzheimer\/","name":"Man\u00edas de las personas con alzheimer - Blog Inforesidencias.com","isPartOf":{"@id":"https:\/\/www.inforesidencias.com\/blog\/#website"},"datePublished":"2023-02-14T15:12:07+00:00","dateModified":"2023-02-14T15:12:09+00:00","author":{"@id":"https:\/\/www.inforesidencias.com\/blog\/#\/schema\/person\/9e146774d1eb3bc1c0316242a3898628"},"description":"Son diversas las man\u00edas de las personas con alzheimer que suelen sorprender a los familiares de estas personas. \u00bfC\u00f3mo actuar?","breadcrumb":{"@id":"https:\/\/www.inforesidencias.com\/blog\/index.php\/2023\/02\/14\/manias-de-las-personas-con-alzheimer\/#breadcrumb"},"inLanguage":"es","potentialAction":[{"@type":"ReadAction","target":["https:\/\/www.inforesidencias.com\/blog\/index.php\/2023\/02\/14\/manias-de-las-personas-con-alzheimer\/"]}]},{"@type":"BreadcrumbList","@id":"https:\/\/www.inforesidencias.com\/blog\/index.php\/2023\/02\/14\/manias-de-las-personas-con-alzheimer\/#breadcrumb","itemListElement":[{"@type":"ListItem","position":1,"name":"Home","item":"https:\/\/www.inforesidencias.com\/blog\/"},{"@type":"ListItem","position":2,"name":"Man\u00edas de las personas con alzheimer"}]},{"@type":"WebSite","@id":"https:\/\/www.inforesidencias.com\/blog\/#website","url":"https:\/\/www.inforesidencias.com\/blog\/","name":"Blog Inforesidencias.com","description":"El buscador de residencias de la 3\u00aa edad","potentialAction":[{"@type":"SearchAction","target":{"@type":"EntryPoint","urlTemplate":"https:\/\/www.inforesidencias.com\/blog\/?s={search_term_string}"},"query-input":"required name=search_term_string"}],"inLanguage":"es"},{"@type":"Person","@id":"https:\/\/www.inforesidencias.com\/blog\/#\/schema\/person\/9e146774d1eb3bc1c0316242a3898628","name":"Josep de Mart\u00ed","image":{"@type":"ImageObject","inLanguage":"es","@id":"https:\/\/www.inforesidencias.com\/blog\/#\/schema\/person\/image\/","url":"https:\/\/secure.gravatar.com\/avatar\/de0302c4806c00c4cebff396a798c1ff?s=96&d=mm&r=g","contentUrl":"https:\/\/secure.gravatar.com\/avatar\/de0302c4806c00c4cebff396a798c1ff?s=96&d=mm&r=g","caption":"Josep de Mart\u00ed"},"sameAs":["https:\/\/www.inforesidencias.com","https:\/\/www.facebook.com\/josep.demarti","https:\/\/twitter.com\/blog-ir"],"url":"https:\/\/www.inforesidencias.com\/blog\/index.php\/author\/josepdemarti\/"}]}},"_links":{"self":[{"href":"https:\/\/www.inforesidencias.com\/blog\/index.php\/wp-json\/wp\/v2\/posts\/6321"}],"collection":[{"href":"https:\/\/www.inforesidencias.com\/blog\/index.php\/wp-json\/wp\/v2\/posts"}],"about":[{"href":"https:\/\/www.inforesidencias.com\/blog\/index.php\/wp-json\/wp\/v2\/types\/post"}],"author":[{"embeddable":true,"href":"https:\/\/www.inforesidencias.com\/blog\/index.php\/wp-json\/wp\/v2\/users\/2"}],"replies":[{"embeddable":true,"href":"https:\/\/www.inforesidencias.com\/blog\/index.php\/wp-json\/wp\/v2\/comments?post=6321"}],"version-history":[{"count":3,"href":"https:\/\/www.inforesidencias.com\/blog\/index.php\/wp-json\/wp\/v2\/posts\/6321\/revisions"}],"predecessor-version":[{"id":6325,"href":"https:\/\/www.inforesidencias.com\/blog\/index.php\/wp-json\/wp\/v2\/posts\/6321\/revisions\/6325"}],"wp:featuredmedia":[{"embeddable":true,"href":"https:\/\/www.inforesidencias.com\/blog\/index.php\/wp-json\/wp\/v2\/media\/6323"}],"wp:attachment":[{"href":"https:\/\/www.inforesidencias.com\/blog\/index.php\/wp-json\/wp\/v2\/media?parent=6321"}],"wp:term":[{"taxonomy":"category","embeddable":true,"href":"https:\/\/www.inforesidencias.com\/blog\/index.php\/wp-json\/wp\/v2\/categories?post=6321"},{"taxonomy":"post_tag","embeddable":true,"href":"https:\/\/www.inforesidencias.com\/blog\/index.php\/wp-json\/wp\/v2\/tags?post=6321"}],"curies":[{"name":"wp","href":"https:\/\/api.w.org\/{rel}","templated":true}]}}