{"id":6326,"date":"2023-02-20T15:44:24","date_gmt":"2023-02-20T14:44:24","guid":{"rendered":"https:\/\/www.inforesidencias.com\/blog\/?p=6326"},"modified":"2023-02-20T15:44:26","modified_gmt":"2023-02-20T14:44:26","slug":"la-desnutricion-geriatrica","status":"publish","type":"post","link":"https:\/\/www.inforesidencias.com\/blog\/index.php\/2023\/02\/20\/la-desnutricion-geriatrica\/","title":{"rendered":"La desnutrici\u00f3n geri\u00e1trica"},"content":{"rendered":"\n<p>La desnutrici\u00f3n geri\u00e1trica es un problema grave que afecta a muchas personas mayores en todo el mundo. La desnutrici\u00f3n geri\u00e1trica se define como la falta de nutrientes esenciales en la dieta de una persona mayor y puede conducir a una serie de problemas de salud graves, incluyendo la p\u00e9rdida de masa muscular, la disminuci\u00f3n de la funci\u00f3n inmunol\u00f3gica, la depresi\u00f3n y la disminuci\u00f3n de la capacidad cognitiva. En este art\u00edculo, discutiremos las causas y los s\u00edntomas y de la desnutrici\u00f3n en las personas mayores.<\/p>\n\n\n\n<h2 class=\"wp-block-heading\"> Principales causas <\/h2>\n\n\n\n<p>La desnutrici\u00f3n geri\u00e1trica puede ser causada por una variedad de factores, incluyendo:<\/p>\n\n\n\n<ol type=\"1\"><li>P\u00e9rdida de apetito: La p\u00e9rdida de apetito es com\u00fan en las personas mayores y puede deberse a problemas dentales, disminuci\u00f3n del sentido del olfato y el gusto, medicamentos y depresi\u00f3n.<\/li><li>Problemas de digesti\u00f3n: Los problemas de digesti\u00f3n como la disminuci\u00f3n de la producci\u00f3n de \u00e1cido estomacal, el estre\u00f1imiento y la dificultad para tragar pueden hacer que sea dif\u00edcil para las personas mayores absorber los nutrientes de los alimentos.<\/li><li>Cambios en el metabolismo: A medida que envejecemos, nuestro cuerpo experimenta cambios en el metabolismo que pueden hacer que sea m\u00e1s dif\u00edcil absorber los nutrientes de los alimentos.<\/li><li>Problemas financieros: Las personas mayores con bajos ingresos pueden tener dificultades para acceder a alimentos saludables y nutritivos.<\/li><\/ol>\n\n\n\n<div class=\"wp-block-image\"><figure class=\"aligncenter size-large is-resized\"><img decoding=\"async\" loading=\"lazy\" src=\"https:\/\/www.inforesidencias.com\/blog\/wp-content\/uploads\/2023\/02\/desnutricio\u0301n-geria\u0301trica-1024x708.png\" alt=\"\" class=\"wp-image-6329\" width=\"420\" height=\"290\" srcset=\"https:\/\/www.inforesidencias.com\/blog\/wp-content\/uploads\/2023\/02\/desnutricio\u0301n-geria\u0301trica-1024x708.png 1024w, https:\/\/www.inforesidencias.com\/blog\/wp-content\/uploads\/2023\/02\/desnutricio\u0301n-geria\u0301trica-300x208.png 300w, https:\/\/www.inforesidencias.com\/blog\/wp-content\/uploads\/2023\/02\/desnutricio\u0301n-geria\u0301trica-768x531.png 768w, https:\/\/www.inforesidencias.com\/blog\/wp-content\/uploads\/2023\/02\/desnutricio\u0301n-geria\u0301trica.png 1382w\" sizes=\"(max-width: 420px) 100vw, 420px\" \/><\/figure><\/div>\n\n\n\n<p>Ante las causas mencionadas es habitual que la gente se pregunte cuales son los s\u00edntomas m\u00e1s habituales. <\/p>\n\n\n\n<p>Los s\u00edntomas de la desnutrici\u00f3n geri\u00e1trica pueden incluir:<\/p>\n\n\n\n<ol type=\"1\"><li>P\u00e9rdida de peso no intencional.<\/li><li>Fatiga y debilidad.<\/li><li>Cambios en el estado de \u00e1nimo, como la depresi\u00f3n.<\/li><li>P\u00e9rdida de masa muscular.<\/li><li>Dificultad para concentrarse y p\u00e9rdida de memoria.<\/li><\/ol>\n\n\n\n<p>Es importante tener en cuenta que en muchas ocasiones esta desnutrici\u00f3n no puede remediarse por completo debido a las patolog\u00edas de la persona mayor pero s\u00ed que con una buena atenci\u00f3n puede mitigarse sus efectos.<\/p>\n\n\n\n<p>Otros art\u00edculos recomendados y relacionados con la alimentaci\u00f3n son:<\/p>\n\n\n\n<ul><li><a href=\"https:\/\/www.youtube.com\/watch?v=AjmRP0kyf1U\">Comida, personas mayores y residencias de la tercera edad<\/a><\/li><li><a href=\"https:\/\/www.inforesidencias.com\/blog\/index.php\/2020\/02\/04\/comida-texturizada-en-las-residencias-geriatricas\/\">Comida texturizada en residencias de ancianos<\/a><\/li><\/ul>\n","protected":false},"excerpt":{"rendered":"<p>La desnutrici\u00f3n geri\u00e1trica es un problema grave que afecta a muchas personas mayores en todo el mundo. La desnutrici\u00f3n geri\u00e1trica se define como la falta de nutrientes esenciales en la dieta de una persona mayor y puede conducir a una serie de problemas de salud graves, incluyendo la p\u00e9rdida de masa muscular, la disminuci\u00f3n de la funci\u00f3n inmunol\u00f3gica, la depresi\u00f3n y la disminuci\u00f3n de la capacidad cognitiva. En este art\u00edculo, discutiremos las causas y los s\u00edntomas y de la desnutrici\u00f3n en las personas mayores. Principales causas La desnutrici\u00f3n geri\u00e1trica puede ser causada por una variedad de factores, incluyendo: P\u00e9rdida de apetito: La p\u00e9rdida de apetito es com\u00fan en las personas mayores y puede deberse a problemas dentales, disminuci\u00f3n del sentido del olfato y el gusto, medicamentos y depresi\u00f3n. Problemas de digesti\u00f3n: Los problemas de digesti\u00f3n como la disminuci\u00f3n de la producci\u00f3n de \u00e1cido estomacal, el estre\u00f1imiento y la dificultad para [&hellip;]<\/p>\n","protected":false},"author":2,"featured_media":6329,"comment_status":"open","ping_status":"open","sticky":false,"template":"","format":"standard","meta":{"footnotes":""},"categories":[1],"tags":[],"yoast_head":"<!-- This site is optimized with the Yoast SEO plugin v21.7 - https:\/\/yoast.com\/wordpress\/plugins\/seo\/ -->\n<title>La desnutrici\u00f3n geri\u00e1trica - Blog Inforesidencias.com<\/title>\n<meta name=\"description\" content=\"La desnutrici\u00f3n geri\u00e1trica a veces puede remediarse y a veces solo mitigar sus efectos debido a las patolog\u00edas de la persona\" \/>\n<meta name=\"robots\" content=\"index, follow, max-snippet:-1, max-image-preview:large, max-video-preview:-1\" \/>\n<link rel=\"canonical\" href=\"https:\/\/www.inforesidencias.com\/blog\/index.php\/2023\/02\/20\/la-desnutricion-geriatrica\/\" \/>\n<meta property=\"og:locale\" content=\"es_ES\" \/>\n<meta property=\"og:type\" content=\"article\" \/>\n<meta property=\"og:title\" content=\"La desnutrici\u00f3n geri\u00e1trica - Blog Inforesidencias.com\" \/>\n<meta property=\"og:description\" content=\"La desnutrici\u00f3n geri\u00e1trica a veces puede remediarse y a veces solo mitigar sus efectos debido a las patolog\u00edas de la persona\" \/>\n<meta property=\"og:url\" content=\"https:\/\/www.inforesidencias.com\/blog\/index.php\/2023\/02\/20\/la-desnutricion-geriatrica\/\" \/>\n<meta property=\"og:site_name\" content=\"Blog Inforesidencias.com\" \/>\n<meta property=\"article:publisher\" content=\"https:\/\/www.facebook.com\/Inforesidencias\/\" \/>\n<meta property=\"article:author\" content=\"https:\/\/www.facebook.com\/josep.demarti\" \/>\n<meta property=\"article:published_time\" content=\"2023-02-20T14:44:24+00:00\" \/>\n<meta property=\"article:modified_time\" content=\"2023-02-20T14:44:26+00:00\" \/>\n<meta property=\"og:image\" content=\"https:\/\/www.inforesidencias.com\/blog\/wp-content\/uploads\/2023\/02\/desnutricio\u0301n-geria\u0301trica.png\" \/>\n\t<meta property=\"og:image:width\" content=\"1382\" \/>\n\t<meta property=\"og:image:height\" content=\"956\" \/>\n\t<meta property=\"og:image:type\" content=\"image\/png\" \/>\n<meta name=\"author\" content=\"Josep de Mart\u00ed\" \/>\n<meta name=\"twitter:card\" content=\"summary_large_image\" \/>\n<meta name=\"twitter:creator\" content=\"@blog-ir\" \/>\n<meta name=\"twitter:site\" content=\"@inforesidencias\" \/>\n<meta name=\"twitter:label1\" content=\"Escrito por\" \/>\n\t<meta name=\"twitter:data1\" content=\"Josep de Mart\u00ed\" \/>\n\t<meta name=\"twitter:label2\" content=\"Tiempo de lectura\" \/>\n\t<meta name=\"twitter:data2\" content=\"2 minutos\" \/>\n<script type=\"application\/ld+json\" class=\"yoast-schema-graph\">{\"@context\":\"https:\/\/schema.org\",\"@graph\":[{\"@type\":\"WebPage\",\"@id\":\"https:\/\/www.inforesidencias.com\/blog\/index.php\/2023\/02\/20\/la-desnutricion-geriatrica\/\",\"url\":\"https:\/\/www.inforesidencias.com\/blog\/index.php\/2023\/02\/20\/la-desnutricion-geriatrica\/\",\"name\":\"La desnutrici\u00f3n geri\u00e1trica - Blog Inforesidencias.com\",\"isPartOf\":{\"@id\":\"https:\/\/www.inforesidencias.com\/blog\/#website\"},\"datePublished\":\"2023-02-20T14:44:24+00:00\",\"dateModified\":\"2023-02-20T14:44:26+00:00\",\"author\":{\"@id\":\"https:\/\/www.inforesidencias.com\/blog\/#\/schema\/person\/9e146774d1eb3bc1c0316242a3898628\"},\"description\":\"La desnutrici\u00f3n geri\u00e1trica a veces puede remediarse y a veces solo mitigar sus efectos debido a las patolog\u00edas de la persona\",\"breadcrumb\":{\"@id\":\"https:\/\/www.inforesidencias.com\/blog\/index.php\/2023\/02\/20\/la-desnutricion-geriatrica\/#breadcrumb\"},\"inLanguage\":\"es\",\"potentialAction\":[{\"@type\":\"ReadAction\",\"target\":[\"https:\/\/www.inforesidencias.com\/blog\/index.php\/2023\/02\/20\/la-desnutricion-geriatrica\/\"]}]},{\"@type\":\"BreadcrumbList\",\"@id\":\"https:\/\/www.inforesidencias.com\/blog\/index.php\/2023\/02\/20\/la-desnutricion-geriatrica\/#breadcrumb\",\"itemListElement\":[{\"@type\":\"ListItem\",\"position\":1,\"name\":\"Home\",\"item\":\"https:\/\/www.inforesidencias.com\/blog\/\"},{\"@type\":\"ListItem\",\"position\":2,\"name\":\"La desnutrici\u00f3n geri\u00e1trica\"}]},{\"@type\":\"WebSite\",\"@id\":\"https:\/\/www.inforesidencias.com\/blog\/#website\",\"url\":\"https:\/\/www.inforesidencias.com\/blog\/\",\"name\":\"Blog Inforesidencias.com\",\"description\":\"El buscador de residencias de la 3\u00aa edad\",\"potentialAction\":[{\"@type\":\"SearchAction\",\"target\":{\"@type\":\"EntryPoint\",\"urlTemplate\":\"https:\/\/www.inforesidencias.com\/blog\/?s={search_term_string}\"},\"query-input\":\"required name=search_term_string\"}],\"inLanguage\":\"es\"},{\"@type\":\"Person\",\"@id\":\"https:\/\/www.inforesidencias.com\/blog\/#\/schema\/person\/9e146774d1eb3bc1c0316242a3898628\",\"name\":\"Josep de Mart\u00ed\",\"image\":{\"@type\":\"ImageObject\",\"inLanguage\":\"es\",\"@id\":\"https:\/\/www.inforesidencias.com\/blog\/#\/schema\/person\/image\/\",\"url\":\"https:\/\/secure.gravatar.com\/avatar\/de0302c4806c00c4cebff396a798c1ff?s=96&d=mm&r=g\",\"contentUrl\":\"https:\/\/secure.gravatar.com\/avatar\/de0302c4806c00c4cebff396a798c1ff?s=96&d=mm&r=g\",\"caption\":\"Josep de Mart\u00ed\"},\"sameAs\":[\"https:\/\/www.inforesidencias.com\",\"https:\/\/www.facebook.com\/josep.demarti\",\"https:\/\/twitter.com\/blog-ir\"],\"url\":\"https:\/\/www.inforesidencias.com\/blog\/index.php\/author\/josepdemarti\/\"}]}<\/script>\n<!-- \/ Yoast SEO plugin. -->","yoast_head_json":{"title":"La desnutrici\u00f3n geri\u00e1trica - Blog Inforesidencias.com","description":"La desnutrici\u00f3n geri\u00e1trica a veces puede remediarse y a veces solo mitigar sus efectos debido a las patolog\u00edas de la persona","robots":{"index":"index","follow":"follow","max-snippet":"max-snippet:-1","max-image-preview":"max-image-preview:large","max-video-preview":"max-video-preview:-1"},"canonical":"https:\/\/www.inforesidencias.com\/blog\/index.php\/2023\/02\/20\/la-desnutricion-geriatrica\/","og_locale":"es_ES","og_type":"article","og_title":"La desnutrici\u00f3n geri\u00e1trica - Blog Inforesidencias.com","og_description":"La desnutrici\u00f3n geri\u00e1trica a veces puede remediarse y a veces solo mitigar sus efectos debido a las patolog\u00edas de la persona","og_url":"https:\/\/www.inforesidencias.com\/blog\/index.php\/2023\/02\/20\/la-desnutricion-geriatrica\/","og_site_name":"Blog Inforesidencias.com","article_publisher":"https:\/\/www.facebook.com\/Inforesidencias\/","article_author":"https:\/\/www.facebook.com\/josep.demarti","article_published_time":"2023-02-20T14:44:24+00:00","article_modified_time":"2023-02-20T14:44:26+00:00","og_image":[{"width":1382,"height":956,"url":"https:\/\/www.inforesidencias.com\/blog\/wp-content\/uploads\/2023\/02\/desnutricio\u0301n-geria\u0301trica.png","type":"image\/png"}],"author":"Josep de Mart\u00ed","twitter_card":"summary_large_image","twitter_creator":"@blog-ir","twitter_site":"@inforesidencias","twitter_misc":{"Escrito por":"Josep de Mart\u00ed","Tiempo de lectura":"2 minutos"},"schema":{"@context":"https:\/\/schema.org","@graph":[{"@type":"WebPage","@id":"https:\/\/www.inforesidencias.com\/blog\/index.php\/2023\/02\/20\/la-desnutricion-geriatrica\/","url":"https:\/\/www.inforesidencias.com\/blog\/index.php\/2023\/02\/20\/la-desnutricion-geriatrica\/","name":"La desnutrici\u00f3n geri\u00e1trica - Blog Inforesidencias.com","isPartOf":{"@id":"https:\/\/www.inforesidencias.com\/blog\/#website"},"datePublished":"2023-02-20T14:44:24+00:00","dateModified":"2023-02-20T14:44:26+00:00","author":{"@id":"https:\/\/www.inforesidencias.com\/blog\/#\/schema\/person\/9e146774d1eb3bc1c0316242a3898628"},"description":"La desnutrici\u00f3n geri\u00e1trica a veces puede remediarse y a veces solo mitigar sus efectos debido a las patolog\u00edas de la persona","breadcrumb":{"@id":"https:\/\/www.inforesidencias.com\/blog\/index.php\/2023\/02\/20\/la-desnutricion-geriatrica\/#breadcrumb"},"inLanguage":"es","potentialAction":[{"@type":"ReadAction","target":["https:\/\/www.inforesidencias.com\/blog\/index.php\/2023\/02\/20\/la-desnutricion-geriatrica\/"]}]},{"@type":"BreadcrumbList","@id":"https:\/\/www.inforesidencias.com\/blog\/index.php\/2023\/02\/20\/la-desnutricion-geriatrica\/#breadcrumb","itemListElement":[{"@type":"ListItem","position":1,"name":"Home","item":"https:\/\/www.inforesidencias.com\/blog\/"},{"@type":"ListItem","position":2,"name":"La desnutrici\u00f3n geri\u00e1trica"}]},{"@type":"WebSite","@id":"https:\/\/www.inforesidencias.com\/blog\/#website","url":"https:\/\/www.inforesidencias.com\/blog\/","name":"Blog Inforesidencias.com","description":"El buscador de residencias de la 3\u00aa edad","potentialAction":[{"@type":"SearchAction","target":{"@type":"EntryPoint","urlTemplate":"https:\/\/www.inforesidencias.com\/blog\/?s={search_term_string}"},"query-input":"required name=search_term_string"}],"inLanguage":"es"},{"@type":"Person","@id":"https:\/\/www.inforesidencias.com\/blog\/#\/schema\/person\/9e146774d1eb3bc1c0316242a3898628","name":"Josep de Mart\u00ed","image":{"@type":"ImageObject","inLanguage":"es","@id":"https:\/\/www.inforesidencias.com\/blog\/#\/schema\/person\/image\/","url":"https:\/\/secure.gravatar.com\/avatar\/de0302c4806c00c4cebff396a798c1ff?s=96&d=mm&r=g","contentUrl":"https:\/\/secure.gravatar.com\/avatar\/de0302c4806c00c4cebff396a798c1ff?s=96&d=mm&r=g","caption":"Josep de Mart\u00ed"},"sameAs":["https:\/\/www.inforesidencias.com","https:\/\/www.facebook.com\/josep.demarti","https:\/\/twitter.com\/blog-ir"],"url":"https:\/\/www.inforesidencias.com\/blog\/index.php\/author\/josepdemarti\/"}]}},"_links":{"self":[{"href":"https:\/\/www.inforesidencias.com\/blog\/index.php\/wp-json\/wp\/v2\/posts\/6326"}],"collection":[{"href":"https:\/\/www.inforesidencias.com\/blog\/index.php\/wp-json\/wp\/v2\/posts"}],"about":[{"href":"https:\/\/www.inforesidencias.com\/blog\/index.php\/wp-json\/wp\/v2\/types\/post"}],"author":[{"embeddable":true,"href":"https:\/\/www.inforesidencias.com\/blog\/index.php\/wp-json\/wp\/v2\/users\/2"}],"replies":[{"embeddable":true,"href":"https:\/\/www.inforesidencias.com\/blog\/index.php\/wp-json\/wp\/v2\/comments?post=6326"}],"version-history":[{"count":4,"href":"https:\/\/www.inforesidencias.com\/blog\/index.php\/wp-json\/wp\/v2\/posts\/6326\/revisions"}],"predecessor-version":[{"id":6331,"href":"https:\/\/www.inforesidencias.com\/blog\/index.php\/wp-json\/wp\/v2\/posts\/6326\/revisions\/6331"}],"wp:featuredmedia":[{"embeddable":true,"href":"https:\/\/www.inforesidencias.com\/blog\/index.php\/wp-json\/wp\/v2\/media\/6329"}],"wp:attachment":[{"href":"https:\/\/www.inforesidencias.com\/blog\/index.php\/wp-json\/wp\/v2\/media?parent=6326"}],"wp:term":[{"taxonomy":"category","embeddable":true,"href":"https:\/\/www.inforesidencias.com\/blog\/index.php\/wp-json\/wp\/v2\/categories?post=6326"},{"taxonomy":"post_tag","embeddable":true,"href":"https:\/\/www.inforesidencias.com\/blog\/index.php\/wp-json\/wp\/v2\/tags?post=6326"}],"curies":[{"name":"wp","href":"https:\/\/api.w.org\/{rel}","templated":true}]}}