{"id":6391,"date":"2023-04-04T07:44:00","date_gmt":"2023-04-04T06:44:00","guid":{"rendered":"https:\/\/www.inforesidencias.com\/blog\/?p=6391"},"modified":"2023-03-30T16:44:53","modified_gmt":"2023-03-30T15:44:53","slug":"las-personas-mayores-en-semana-santa","status":"publish","type":"post","link":"https:\/\/www.inforesidencias.com\/blog\/index.php\/2023\/04\/04\/las-personas-mayores-en-semana-santa\/","title":{"rendered":"Las personas mayores en Semana Santa"},"content":{"rendered":"\n<p>La Semana Santa es una \u00e9poca importante para muchas personas en todo el mundo, y las personas mayores no son una excepci\u00f3n. De hecho, para muchos ancianos, la Semana Santa puede tener un significado especial, ya que han vivido muchas celebraciones y procesiones a lo largo de sus vidas. En este art\u00edculo, exploraremos c\u00f3mo las personas mayores pueden disfrutar de la Semana Santa y c\u00f3mo pueden ser incluidas en las festividades.<\/p>\n\n\n\n<p>Para empezar, es importante tener en cuenta que las personas mayores pueden tener necesidades y limitaciones especiales. Algunos pueden tener problemas de movilidad, visi\u00f3n o audici\u00f3n, lo que puede dificultar su participaci\u00f3n en las procesiones y otros eventos de la Semana Santa. Por esta raz\u00f3n, es importante que las comunidades locales tomen medidas para asegurarse de que los ancianos puedan disfrutar de la Semana Santa de manera segura y accesible.<\/p>\n\n\n\n<div class=\"wp-block-image\"><figure class=\"aligncenter size-large is-resized\"><img decoding=\"async\" loading=\"lazy\" src=\"https:\/\/www.inforesidencias.com\/blog\/wp-content\/uploads\/2023\/03\/personas-mayores-en-Semana-Santa.png\" alt=\"\" class=\"wp-image-6392\" width=\"332\" height=\"252\" srcset=\"https:\/\/www.inforesidencias.com\/blog\/wp-content\/uploads\/2023\/03\/personas-mayores-en-Semana-Santa.png 932w, https:\/\/www.inforesidencias.com\/blog\/wp-content\/uploads\/2023\/03\/personas-mayores-en-Semana-Santa-300x229.png 300w, https:\/\/www.inforesidencias.com\/blog\/wp-content\/uploads\/2023\/03\/personas-mayores-en-Semana-Santa-768x585.png 768w\" sizes=\"(max-width: 332px) 100vw, 332px\" \/><\/figure><\/div>\n\n\n\n<p>Una de las formas en que se puede incluir a los ancianos en las celebraciones de Semana Santa es mediante la organizaci\u00f3n de eventos espec\u00edficos para ellos. Por ejemplo, algunas iglesias y organizaciones locales organizan misas y celebraciones especiales para las personas mayores, con horarios y ubicaciones accesibles para ellos. Tambi\u00e9n pueden organizar procesiones m\u00e1s cortas y lentas que les permitan participar y disfrutar sin tener que caminar grandes distancias.<\/p>\n\n\n\n<p class=\"has-text-align-center\">(<a href=\"https:\/\/www.inforesidencias.com\/contenidos\/noticias\/nacional\/las-estancias-temporales-en-residencias-mejoran-la-socializacion-de-las-personas-mayores\">Estancias temporales en residencias de la tercera edad<\/a>)<\/p>\n\n\n\n<p>Otra forma de incluir a los ancianos en la Semana Santa es a trav\u00e9s de la participaci\u00f3n de voluntarios y cuidadores. Muchos ancianos pueden necesitar asistencia para desplazarse a las procesiones y otros eventos. En esa tarea, los voluntarios y cuidadores pueden ayudarles a moverse con seguridad y comodidad. Adem\u00e1s, pueden proporcionar informaci\u00f3n sobre las celebraciones y las tradiciones locales, lo que puede ayudar a los ancianos a sentirse m\u00e1s conectados y comprometidos con la comunidad.<\/p>\n\n\n\n<p>Tambi\u00e9n es importante tener en cuenta la salud y el bienestar de los ancianos durante la Semana Santa. Las multitudes y el ruido pueden ser abrumadores para algunas personas mayores. Por ello, es importante asegurarse de que est\u00e9n c\u00f3modos y seguros en todo momento. Se les puede proporcionar sillas y sombrillas en las procesiones, o lugares tranquilos y frescos donde puedan descansar y relajarse si se sienten abrumados.<\/p>\n\n\n\n<p>Pensamos que pueden interesarte tambi\u00e9n estos otros art\u00edculos:<\/p>\n\n\n\n<ul><li><a href=\"https:\/\/www.inforesidencias.com\/blog\/index.php\/2016\/02\/25\/el-riesgo-de-perder-la-autoestima-cuando-se-es-mayor\/\">El riesgo de perder la autoestima al envejecer<\/a><\/li><li><a href=\"https:\/\/www.inforesidencias.com\/centros\/buscador\/residencias\/andalucia\" target=\"_blank\" rel=\"noreferrer noopener\">residencias geri\u00e1tricas en Andaluc\u00eda<\/a><\/li><\/ul>\n\n\n\n<p><\/p>\n","protected":false},"excerpt":{"rendered":"<p>La Semana Santa es una \u00e9poca importante para muchas personas en todo el mundo, y las personas mayores no son una excepci\u00f3n. De hecho, para muchos ancianos, la Semana Santa puede tener un significado especial, ya que han vivido muchas celebraciones y procesiones a lo largo de sus vidas. En este art\u00edculo, exploraremos c\u00f3mo las personas mayores pueden disfrutar de la Semana Santa y c\u00f3mo pueden ser incluidas en las festividades. Para empezar, es importante tener en cuenta que las personas mayores pueden tener necesidades y limitaciones especiales. Algunos pueden tener problemas de movilidad, visi\u00f3n o audici\u00f3n, lo que puede dificultar su participaci\u00f3n en las procesiones y otros eventos de la Semana Santa. Por esta raz\u00f3n, es importante que las comunidades locales tomen medidas para asegurarse de que los ancianos puedan disfrutar de la Semana Santa de manera segura y accesible. Una de las formas en que se puede incluir [&hellip;]<\/p>\n","protected":false},"author":2,"featured_media":6392,"comment_status":"open","ping_status":"open","sticky":false,"template":"","format":"standard","meta":{"footnotes":""},"categories":[1],"tags":[],"yoast_head":"<!-- This site is optimized with the Yoast SEO plugin v21.7 - https:\/\/yoast.com\/wordpress\/plugins\/seo\/ -->\n<title>Las personas mayores en Semana Santa - Blog Inforesidencias.com<\/title>\n<meta name=\"description\" content=\"Hay una serie e factores a tener en cuenta sobre las personas mayores en Semana Santa para que le disfruten al m\u00e1ximo posible\" \/>\n<meta name=\"robots\" content=\"index, follow, max-snippet:-1, max-image-preview:large, max-video-preview:-1\" \/>\n<link rel=\"canonical\" href=\"https:\/\/www.inforesidencias.com\/blog\/index.php\/2023\/04\/04\/las-personas-mayores-en-semana-santa\/\" \/>\n<meta property=\"og:locale\" content=\"es_ES\" \/>\n<meta property=\"og:type\" content=\"article\" \/>\n<meta property=\"og:title\" content=\"Las personas mayores en Semana Santa - Blog Inforesidencias.com\" \/>\n<meta property=\"og:description\" content=\"Hay una serie e factores a tener en cuenta sobre las personas mayores en Semana Santa para que le disfruten al m\u00e1ximo posible\" \/>\n<meta property=\"og:url\" content=\"https:\/\/www.inforesidencias.com\/blog\/index.php\/2023\/04\/04\/las-personas-mayores-en-semana-santa\/\" \/>\n<meta property=\"og:site_name\" content=\"Blog Inforesidencias.com\" \/>\n<meta property=\"article:publisher\" content=\"https:\/\/www.facebook.com\/Inforesidencias\/\" \/>\n<meta property=\"article:author\" content=\"https:\/\/www.facebook.com\/josep.demarti\" \/>\n<meta property=\"article:published_time\" content=\"2023-04-04T06:44:00+00:00\" \/>\n<meta property=\"article:modified_time\" content=\"2023-03-30T15:44:53+00:00\" \/>\n<meta property=\"og:image\" content=\"https:\/\/www.inforesidencias.com\/blog\/wp-content\/uploads\/2023\/03\/personas-mayores-en-Semana-Santa.png\" \/>\n\t<meta property=\"og:image:width\" content=\"932\" \/>\n\t<meta property=\"og:image:height\" content=\"710\" \/>\n\t<meta property=\"og:image:type\" content=\"image\/png\" \/>\n<meta name=\"author\" content=\"Josep de Mart\u00ed\" \/>\n<meta name=\"twitter:card\" content=\"summary_large_image\" \/>\n<meta name=\"twitter:creator\" content=\"@blog-ir\" \/>\n<meta name=\"twitter:site\" content=\"@inforesidencias\" \/>\n<meta name=\"twitter:label1\" content=\"Escrito por\" \/>\n\t<meta name=\"twitter:data1\" content=\"Josep de Mart\u00ed\" \/>\n\t<meta name=\"twitter:label2\" content=\"Tiempo de lectura\" \/>\n\t<meta name=\"twitter:data2\" content=\"2 minutos\" \/>\n<script type=\"application\/ld+json\" class=\"yoast-schema-graph\">{\"@context\":\"https:\/\/schema.org\",\"@graph\":[{\"@type\":\"WebPage\",\"@id\":\"https:\/\/www.inforesidencias.com\/blog\/index.php\/2023\/04\/04\/las-personas-mayores-en-semana-santa\/\",\"url\":\"https:\/\/www.inforesidencias.com\/blog\/index.php\/2023\/04\/04\/las-personas-mayores-en-semana-santa\/\",\"name\":\"Las personas mayores en Semana Santa - Blog Inforesidencias.com\",\"isPartOf\":{\"@id\":\"https:\/\/www.inforesidencias.com\/blog\/#website\"},\"datePublished\":\"2023-04-04T06:44:00+00:00\",\"dateModified\":\"2023-03-30T15:44:53+00:00\",\"author\":{\"@id\":\"https:\/\/www.inforesidencias.com\/blog\/#\/schema\/person\/9e146774d1eb3bc1c0316242a3898628\"},\"description\":\"Hay una serie e factores a tener en cuenta sobre las personas mayores en Semana Santa para que le disfruten al m\u00e1ximo posible\",\"breadcrumb\":{\"@id\":\"https:\/\/www.inforesidencias.com\/blog\/index.php\/2023\/04\/04\/las-personas-mayores-en-semana-santa\/#breadcrumb\"},\"inLanguage\":\"es\",\"potentialAction\":[{\"@type\":\"ReadAction\",\"target\":[\"https:\/\/www.inforesidencias.com\/blog\/index.php\/2023\/04\/04\/las-personas-mayores-en-semana-santa\/\"]}]},{\"@type\":\"BreadcrumbList\",\"@id\":\"https:\/\/www.inforesidencias.com\/blog\/index.php\/2023\/04\/04\/las-personas-mayores-en-semana-santa\/#breadcrumb\",\"itemListElement\":[{\"@type\":\"ListItem\",\"position\":1,\"name\":\"Home\",\"item\":\"https:\/\/www.inforesidencias.com\/blog\/\"},{\"@type\":\"ListItem\",\"position\":2,\"name\":\"Las personas mayores en Semana Santa\"}]},{\"@type\":\"WebSite\",\"@id\":\"https:\/\/www.inforesidencias.com\/blog\/#website\",\"url\":\"https:\/\/www.inforesidencias.com\/blog\/\",\"name\":\"Blog Inforesidencias.com\",\"description\":\"El buscador de residencias de la 3\u00aa edad\",\"potentialAction\":[{\"@type\":\"SearchAction\",\"target\":{\"@type\":\"EntryPoint\",\"urlTemplate\":\"https:\/\/www.inforesidencias.com\/blog\/?s={search_term_string}\"},\"query-input\":\"required name=search_term_string\"}],\"inLanguage\":\"es\"},{\"@type\":\"Person\",\"@id\":\"https:\/\/www.inforesidencias.com\/blog\/#\/schema\/person\/9e146774d1eb3bc1c0316242a3898628\",\"name\":\"Josep de Mart\u00ed\",\"image\":{\"@type\":\"ImageObject\",\"inLanguage\":\"es\",\"@id\":\"https:\/\/www.inforesidencias.com\/blog\/#\/schema\/person\/image\/\",\"url\":\"https:\/\/secure.gravatar.com\/avatar\/de0302c4806c00c4cebff396a798c1ff?s=96&d=mm&r=g\",\"contentUrl\":\"https:\/\/secure.gravatar.com\/avatar\/de0302c4806c00c4cebff396a798c1ff?s=96&d=mm&r=g\",\"caption\":\"Josep de Mart\u00ed\"},\"sameAs\":[\"https:\/\/www.inforesidencias.com\",\"https:\/\/www.facebook.com\/josep.demarti\",\"https:\/\/twitter.com\/blog-ir\"],\"url\":\"https:\/\/www.inforesidencias.com\/blog\/index.php\/author\/josepdemarti\/\"}]}<\/script>\n<!-- \/ Yoast SEO plugin. -->","yoast_head_json":{"title":"Las personas mayores en Semana Santa - Blog Inforesidencias.com","description":"Hay una serie e factores a tener en cuenta sobre las personas mayores en Semana Santa para que le disfruten al m\u00e1ximo posible","robots":{"index":"index","follow":"follow","max-snippet":"max-snippet:-1","max-image-preview":"max-image-preview:large","max-video-preview":"max-video-preview:-1"},"canonical":"https:\/\/www.inforesidencias.com\/blog\/index.php\/2023\/04\/04\/las-personas-mayores-en-semana-santa\/","og_locale":"es_ES","og_type":"article","og_title":"Las personas mayores en Semana Santa - Blog Inforesidencias.com","og_description":"Hay una serie e factores a tener en cuenta sobre las personas mayores en Semana Santa para que le disfruten al m\u00e1ximo posible","og_url":"https:\/\/www.inforesidencias.com\/blog\/index.php\/2023\/04\/04\/las-personas-mayores-en-semana-santa\/","og_site_name":"Blog Inforesidencias.com","article_publisher":"https:\/\/www.facebook.com\/Inforesidencias\/","article_author":"https:\/\/www.facebook.com\/josep.demarti","article_published_time":"2023-04-04T06:44:00+00:00","article_modified_time":"2023-03-30T15:44:53+00:00","og_image":[{"width":932,"height":710,"url":"https:\/\/www.inforesidencias.com\/blog\/wp-content\/uploads\/2023\/03\/personas-mayores-en-Semana-Santa.png","type":"image\/png"}],"author":"Josep de Mart\u00ed","twitter_card":"summary_large_image","twitter_creator":"@blog-ir","twitter_site":"@inforesidencias","twitter_misc":{"Escrito por":"Josep de Mart\u00ed","Tiempo de lectura":"2 minutos"},"schema":{"@context":"https:\/\/schema.org","@graph":[{"@type":"WebPage","@id":"https:\/\/www.inforesidencias.com\/blog\/index.php\/2023\/04\/04\/las-personas-mayores-en-semana-santa\/","url":"https:\/\/www.inforesidencias.com\/blog\/index.php\/2023\/04\/04\/las-personas-mayores-en-semana-santa\/","name":"Las personas mayores en Semana Santa - Blog Inforesidencias.com","isPartOf":{"@id":"https:\/\/www.inforesidencias.com\/blog\/#website"},"datePublished":"2023-04-04T06:44:00+00:00","dateModified":"2023-03-30T15:44:53+00:00","author":{"@id":"https:\/\/www.inforesidencias.com\/blog\/#\/schema\/person\/9e146774d1eb3bc1c0316242a3898628"},"description":"Hay una serie e factores a tener en cuenta sobre las personas mayores en Semana Santa para que le disfruten al m\u00e1ximo posible","breadcrumb":{"@id":"https:\/\/www.inforesidencias.com\/blog\/index.php\/2023\/04\/04\/las-personas-mayores-en-semana-santa\/#breadcrumb"},"inLanguage":"es","potentialAction":[{"@type":"ReadAction","target":["https:\/\/www.inforesidencias.com\/blog\/index.php\/2023\/04\/04\/las-personas-mayores-en-semana-santa\/"]}]},{"@type":"BreadcrumbList","@id":"https:\/\/www.inforesidencias.com\/blog\/index.php\/2023\/04\/04\/las-personas-mayores-en-semana-santa\/#breadcrumb","itemListElement":[{"@type":"ListItem","position":1,"name":"Home","item":"https:\/\/www.inforesidencias.com\/blog\/"},{"@type":"ListItem","position":2,"name":"Las personas mayores en Semana Santa"}]},{"@type":"WebSite","@id":"https:\/\/www.inforesidencias.com\/blog\/#website","url":"https:\/\/www.inforesidencias.com\/blog\/","name":"Blog Inforesidencias.com","description":"El buscador de residencias de la 3\u00aa edad","potentialAction":[{"@type":"SearchAction","target":{"@type":"EntryPoint","urlTemplate":"https:\/\/www.inforesidencias.com\/blog\/?s={search_term_string}"},"query-input":"required name=search_term_string"}],"inLanguage":"es"},{"@type":"Person","@id":"https:\/\/www.inforesidencias.com\/blog\/#\/schema\/person\/9e146774d1eb3bc1c0316242a3898628","name":"Josep de Mart\u00ed","image":{"@type":"ImageObject","inLanguage":"es","@id":"https:\/\/www.inforesidencias.com\/blog\/#\/schema\/person\/image\/","url":"https:\/\/secure.gravatar.com\/avatar\/de0302c4806c00c4cebff396a798c1ff?s=96&d=mm&r=g","contentUrl":"https:\/\/secure.gravatar.com\/avatar\/de0302c4806c00c4cebff396a798c1ff?s=96&d=mm&r=g","caption":"Josep de Mart\u00ed"},"sameAs":["https:\/\/www.inforesidencias.com","https:\/\/www.facebook.com\/josep.demarti","https:\/\/twitter.com\/blog-ir"],"url":"https:\/\/www.inforesidencias.com\/blog\/index.php\/author\/josepdemarti\/"}]}},"_links":{"self":[{"href":"https:\/\/www.inforesidencias.com\/blog\/index.php\/wp-json\/wp\/v2\/posts\/6391"}],"collection":[{"href":"https:\/\/www.inforesidencias.com\/blog\/index.php\/wp-json\/wp\/v2\/posts"}],"about":[{"href":"https:\/\/www.inforesidencias.com\/blog\/index.php\/wp-json\/wp\/v2\/types\/post"}],"author":[{"embeddable":true,"href":"https:\/\/www.inforesidencias.com\/blog\/index.php\/wp-json\/wp\/v2\/users\/2"}],"replies":[{"embeddable":true,"href":"https:\/\/www.inforesidencias.com\/blog\/index.php\/wp-json\/wp\/v2\/comments?post=6391"}],"version-history":[{"count":2,"href":"https:\/\/www.inforesidencias.com\/blog\/index.php\/wp-json\/wp\/v2\/posts\/6391\/revisions"}],"predecessor-version":[{"id":6394,"href":"https:\/\/www.inforesidencias.com\/blog\/index.php\/wp-json\/wp\/v2\/posts\/6391\/revisions\/6394"}],"wp:featuredmedia":[{"embeddable":true,"href":"https:\/\/www.inforesidencias.com\/blog\/index.php\/wp-json\/wp\/v2\/media\/6392"}],"wp:attachment":[{"href":"https:\/\/www.inforesidencias.com\/blog\/index.php\/wp-json\/wp\/v2\/media?parent=6391"}],"wp:term":[{"taxonomy":"category","embeddable":true,"href":"https:\/\/www.inforesidencias.com\/blog\/index.php\/wp-json\/wp\/v2\/categories?post=6391"},{"taxonomy":"post_tag","embeddable":true,"href":"https:\/\/www.inforesidencias.com\/blog\/index.php\/wp-json\/wp\/v2\/tags?post=6391"}],"curies":[{"name":"wp","href":"https:\/\/api.w.org\/{rel}","templated":true}]}}