{"id":6416,"date":"2023-04-08T07:39:00","date_gmt":"2023-04-08T06:39:00","guid":{"rendered":"https:\/\/www.inforesidencias.com\/blog\/?p=6416"},"modified":"2023-04-05T16:40:01","modified_gmt":"2023-04-05T15:40:01","slug":"la-semana-santa-en-las-residencias-de-la-tercera-edad","status":"publish","type":"post","link":"https:\/\/www.inforesidencias.com\/blog\/index.php\/2023\/04\/08\/la-semana-santa-en-las-residencias-de-la-tercera-edad\/","title":{"rendered":"La Semana Santa en las residencias de la tercera edad"},"content":{"rendered":"\n<p><\/p>\n\n\n\n<p><\/p>\n\n\n\n<p>La Semana Santa es una festividad religiosa muy importante en muchos pa\u00edses, y en las residencias de mayores se pueden realizar diversas actividades para celebrar esta festividad y fomentar la socializaci\u00f3n y el bienestar emocional de los residentes.<\/p>\n\n\n\n<p>Algunas de las actividades que se pueden realizar en las residencias de mayores durante la Semana Santa incluyen:<\/p>\n\n\n\n<ul><li>Celebraci\u00f3n de misas y ceremonias religiosas: muchas residencias de mayores cuentan con capillas o salas de oraci\u00f3n, donde se pueden celebrar misas y ceremonias religiosas durante la Semana Santa.<\/li><\/ul>\n\n\n\n<ul><li>Decoraci\u00f3n de la residencia: se pueden decorar las instalaciones de la residencia con motivos relacionados con la Semana Santa, como im\u00e1genes religiosas, flores, velas y otros elementos decorativos.<\/li><\/ul>\n\n\n\n<div class=\"wp-block-image\"><figure class=\"aligncenter size-large is-resized\"><img decoding=\"async\" loading=\"lazy\" src=\"https:\/\/www.inforesidencias.com\/blog\/wp-content\/uploads\/2023\/04\/Semana-Santa-en-las-residencias-de-la-tercera-edad-1024x636.png\" alt=\"\" class=\"wp-image-6419\" width=\"343\" height=\"213\" srcset=\"https:\/\/www.inforesidencias.com\/blog\/wp-content\/uploads\/2023\/04\/Semana-Santa-en-las-residencias-de-la-tercera-edad-1024x636.png 1024w, https:\/\/www.inforesidencias.com\/blog\/wp-content\/uploads\/2023\/04\/Semana-Santa-en-las-residencias-de-la-tercera-edad-300x186.png 300w, https:\/\/www.inforesidencias.com\/blog\/wp-content\/uploads\/2023\/04\/Semana-Santa-en-las-residencias-de-la-tercera-edad-768x477.png 768w, https:\/\/www.inforesidencias.com\/blog\/wp-content\/uploads\/2023\/04\/Semana-Santa-en-las-residencias-de-la-tercera-edad.png 1308w\" sizes=\"(max-width: 343px) 100vw, 343px\" \/><\/figure><\/div>\n\n\n\n<ul><li>Elaboraci\u00f3n de dulces t\u00edpicos: se pueden organizar talleres de cocina donde los residentes puedan elaborar dulces t\u00edpicos de Semana Santa, como torrijas, pesti\u00f1os o bu\u00f1uelos.<\/li><\/ul>\n\n\n\n<ul><li>Proyecci\u00f3n de pel\u00edculas y documentales: se pueden proyectar pel\u00edculas y documentales relacionados con la Semana Santa y la religi\u00f3n, como \u00abLa Pasi\u00f3n de Cristo\u00bb o \u00abEl Evangelio seg\u00fan San Mateo\u00bb.<\/li><\/ul>\n\n\n\n<ul><li>Realizaci\u00f3n de procesiones: se pueden organizar procesiones dentro de la residencia, donde los residentes puedan portar im\u00e1genes religiosas y cantar canciones relacionadas con la Semana Santa.<\/li><\/ul>\n\n\n\n<ul><li>Visitando a sus familiares: algunos residentes pueden aprovechar la Semana Santa para recibir visitas de sus familiares, que pueden acudir a la residencia para pasar tiempo con ellos y celebrar juntos la festividad.<\/li><\/ul>\n\n\n\n<p class=\"has-text-align-center\"><a href=\"https:\/\/www.inforesidencias.com\/centros\/buscador\/residencias\/extremadura\" target=\"_blank\" rel=\"noreferrer noopener\">\u00bfConoces que residencias de ancianos hay en Extremadura?<\/a><\/p>\n\n\n\n<p>Es importante destacar que las actividades y celebraciones de Semana Santa en las residencias de la tercera edad pueden variar dependiendo de la ubicaci\u00f3n geogr\u00e1fica y las tradiciones culturales de cada pa\u00eds y regi\u00f3n.<\/p>\n\n\n\n<p>Relacionado con este art\u00edculo sobre la Semana Santa en las residencias de la tercera edad, te puede interesar:<\/p>\n\n\n\n<ul><li><a href=\"https:\/\/www.inforesidencias.com\/blog\/index.php\/2023\/04\/04\/las-personas-mayores-en-semana-santa\/\" target=\"_blank\" rel=\"noreferrer noopener\">Ayudar a las personas mayores a disfrutar de la Semana Santa con seguridad y sin agobios<\/a><\/li><li><a href=\"https:\/\/dependencia.info\/noticia\/6044\/actualidad\/las-residencias-con-plazas-publicas-de-madrid-contaran-con-45-profesionales-por-cada-100-usuarios-y-no-tendran-mas-de-150-plazas-a-partir-de-2024.html\" target=\"_blank\" rel=\"noreferrer noopener\">Bases del nuevo modelo de atenci\u00f3n a la dependencia de la comunidad de Madrid<\/a><\/li><\/ul>\n\n\n\n<p><\/p>\n","protected":false},"excerpt":{"rendered":"<p>La Semana Santa es una festividad religiosa muy importante en muchos pa\u00edses, y en las residencias de mayores se pueden realizar diversas actividades para celebrar esta festividad y fomentar la socializaci\u00f3n y el bienestar emocional de los residentes. Algunas de las actividades que se pueden realizar en las residencias de mayores durante la Semana Santa incluyen: Celebraci\u00f3n de misas y ceremonias religiosas: muchas residencias de mayores cuentan con capillas o salas de oraci\u00f3n, donde se pueden celebrar misas y ceremonias religiosas durante la Semana Santa. Decoraci\u00f3n de la residencia: se pueden decorar las instalaciones de la residencia con motivos relacionados con la Semana Santa, como im\u00e1genes religiosas, flores, velas y otros elementos decorativos. Elaboraci\u00f3n de dulces t\u00edpicos: se pueden organizar talleres de cocina donde los residentes puedan elaborar dulces t\u00edpicos de Semana Santa, como torrijas, pesti\u00f1os o bu\u00f1uelos. Proyecci\u00f3n de pel\u00edculas y documentales: se pueden proyectar pel\u00edculas y documentales relacionados [&hellip;]<\/p>\n","protected":false},"author":2,"featured_media":6419,"comment_status":"open","ping_status":"open","sticky":false,"template":"","format":"standard","meta":{"footnotes":""},"categories":[1],"tags":[],"yoast_head":"<!-- This site is optimized with the Yoast SEO plugin v21.7 - https:\/\/yoast.com\/wordpress\/plugins\/seo\/ -->\n<title>La Semana Santa en las residencias de la tercera edad - Blog Inforesidencias.com<\/title>\n<meta name=\"description\" content=\"Hay diferentes de celebrar Semana Santa en las residencias de la tercera edad para que los residentes disfruten de estas celebraciones\" \/>\n<meta name=\"robots\" content=\"index, follow, max-snippet:-1, max-image-preview:large, max-video-preview:-1\" \/>\n<link rel=\"canonical\" href=\"https:\/\/www.inforesidencias.com\/blog\/index.php\/2023\/04\/08\/la-semana-santa-en-las-residencias-de-la-tercera-edad\/\" \/>\n<meta property=\"og:locale\" content=\"es_ES\" \/>\n<meta property=\"og:type\" content=\"article\" \/>\n<meta property=\"og:title\" content=\"La Semana Santa en las residencias de la tercera edad - Blog Inforesidencias.com\" \/>\n<meta property=\"og:description\" content=\"Hay diferentes de celebrar Semana Santa en las residencias de la tercera edad para que los residentes disfruten de estas celebraciones\" \/>\n<meta property=\"og:url\" content=\"https:\/\/www.inforesidencias.com\/blog\/index.php\/2023\/04\/08\/la-semana-santa-en-las-residencias-de-la-tercera-edad\/\" \/>\n<meta property=\"og:site_name\" content=\"Blog Inforesidencias.com\" \/>\n<meta property=\"article:publisher\" content=\"https:\/\/www.facebook.com\/Inforesidencias\/\" \/>\n<meta property=\"article:author\" content=\"https:\/\/www.facebook.com\/josep.demarti\" \/>\n<meta property=\"article:published_time\" content=\"2023-04-08T06:39:00+00:00\" \/>\n<meta property=\"article:modified_time\" content=\"2023-04-05T15:40:01+00:00\" \/>\n<meta property=\"og:image\" content=\"https:\/\/www.inforesidencias.com\/blog\/wp-content\/uploads\/2023\/04\/Semana-Santa-en-las-residencias-de-la-tercera-edad-1024x636.png\" \/>\n\t<meta property=\"og:image:width\" content=\"1024\" \/>\n\t<meta property=\"og:image:height\" content=\"636\" \/>\n\t<meta property=\"og:image:type\" content=\"image\/png\" \/>\n<meta name=\"author\" content=\"Josep de Mart\u00ed\" \/>\n<meta name=\"twitter:card\" content=\"summary_large_image\" \/>\n<meta name=\"twitter:creator\" content=\"@blog-ir\" \/>\n<meta name=\"twitter:site\" content=\"@inforesidencias\" \/>\n<meta name=\"twitter:label1\" content=\"Escrito por\" \/>\n\t<meta name=\"twitter:data1\" content=\"Josep de Mart\u00ed\" \/>\n\t<meta name=\"twitter:label2\" content=\"Tiempo de lectura\" \/>\n\t<meta name=\"twitter:data2\" content=\"2 minutos\" \/>\n<script type=\"application\/ld+json\" class=\"yoast-schema-graph\">{\"@context\":\"https:\/\/schema.org\",\"@graph\":[{\"@type\":\"WebPage\",\"@id\":\"https:\/\/www.inforesidencias.com\/blog\/index.php\/2023\/04\/08\/la-semana-santa-en-las-residencias-de-la-tercera-edad\/\",\"url\":\"https:\/\/www.inforesidencias.com\/blog\/index.php\/2023\/04\/08\/la-semana-santa-en-las-residencias-de-la-tercera-edad\/\",\"name\":\"La Semana Santa en las residencias de la tercera edad - Blog Inforesidencias.com\",\"isPartOf\":{\"@id\":\"https:\/\/www.inforesidencias.com\/blog\/#website\"},\"datePublished\":\"2023-04-08T06:39:00+00:00\",\"dateModified\":\"2023-04-05T15:40:01+00:00\",\"author\":{\"@id\":\"https:\/\/www.inforesidencias.com\/blog\/#\/schema\/person\/9e146774d1eb3bc1c0316242a3898628\"},\"description\":\"Hay diferentes de celebrar Semana Santa en las residencias de la tercera edad para que los residentes disfruten de estas celebraciones\",\"breadcrumb\":{\"@id\":\"https:\/\/www.inforesidencias.com\/blog\/index.php\/2023\/04\/08\/la-semana-santa-en-las-residencias-de-la-tercera-edad\/#breadcrumb\"},\"inLanguage\":\"es\",\"potentialAction\":[{\"@type\":\"ReadAction\",\"target\":[\"https:\/\/www.inforesidencias.com\/blog\/index.php\/2023\/04\/08\/la-semana-santa-en-las-residencias-de-la-tercera-edad\/\"]}]},{\"@type\":\"BreadcrumbList\",\"@id\":\"https:\/\/www.inforesidencias.com\/blog\/index.php\/2023\/04\/08\/la-semana-santa-en-las-residencias-de-la-tercera-edad\/#breadcrumb\",\"itemListElement\":[{\"@type\":\"ListItem\",\"position\":1,\"name\":\"Home\",\"item\":\"https:\/\/www.inforesidencias.com\/blog\/\"},{\"@type\":\"ListItem\",\"position\":2,\"name\":\"La Semana Santa en las residencias de la tercera edad\"}]},{\"@type\":\"WebSite\",\"@id\":\"https:\/\/www.inforesidencias.com\/blog\/#website\",\"url\":\"https:\/\/www.inforesidencias.com\/blog\/\",\"name\":\"Blog Inforesidencias.com\",\"description\":\"El buscador de residencias de la 3\u00aa edad\",\"potentialAction\":[{\"@type\":\"SearchAction\",\"target\":{\"@type\":\"EntryPoint\",\"urlTemplate\":\"https:\/\/www.inforesidencias.com\/blog\/?s={search_term_string}\"},\"query-input\":\"required name=search_term_string\"}],\"inLanguage\":\"es\"},{\"@type\":\"Person\",\"@id\":\"https:\/\/www.inforesidencias.com\/blog\/#\/schema\/person\/9e146774d1eb3bc1c0316242a3898628\",\"name\":\"Josep de Mart\u00ed\",\"image\":{\"@type\":\"ImageObject\",\"inLanguage\":\"es\",\"@id\":\"https:\/\/www.inforesidencias.com\/blog\/#\/schema\/person\/image\/\",\"url\":\"https:\/\/secure.gravatar.com\/avatar\/de0302c4806c00c4cebff396a798c1ff?s=96&d=mm&r=g\",\"contentUrl\":\"https:\/\/secure.gravatar.com\/avatar\/de0302c4806c00c4cebff396a798c1ff?s=96&d=mm&r=g\",\"caption\":\"Josep de Mart\u00ed\"},\"sameAs\":[\"https:\/\/www.inforesidencias.com\",\"https:\/\/www.facebook.com\/josep.demarti\",\"https:\/\/twitter.com\/blog-ir\"],\"url\":\"https:\/\/www.inforesidencias.com\/blog\/index.php\/author\/josepdemarti\/\"}]}<\/script>\n<!-- \/ Yoast SEO plugin. -->","yoast_head_json":{"title":"La Semana Santa en las residencias de la tercera edad - Blog Inforesidencias.com","description":"Hay diferentes de celebrar Semana Santa en las residencias de la tercera edad para que los residentes disfruten de estas celebraciones","robots":{"index":"index","follow":"follow","max-snippet":"max-snippet:-1","max-image-preview":"max-image-preview:large","max-video-preview":"max-video-preview:-1"},"canonical":"https:\/\/www.inforesidencias.com\/blog\/index.php\/2023\/04\/08\/la-semana-santa-en-las-residencias-de-la-tercera-edad\/","og_locale":"es_ES","og_type":"article","og_title":"La Semana Santa en las residencias de la tercera edad - Blog Inforesidencias.com","og_description":"Hay diferentes de celebrar Semana Santa en las residencias de la tercera edad para que los residentes disfruten de estas celebraciones","og_url":"https:\/\/www.inforesidencias.com\/blog\/index.php\/2023\/04\/08\/la-semana-santa-en-las-residencias-de-la-tercera-edad\/","og_site_name":"Blog Inforesidencias.com","article_publisher":"https:\/\/www.facebook.com\/Inforesidencias\/","article_author":"https:\/\/www.facebook.com\/josep.demarti","article_published_time":"2023-04-08T06:39:00+00:00","article_modified_time":"2023-04-05T15:40:01+00:00","og_image":[{"width":1024,"height":636,"url":"https:\/\/www.inforesidencias.com\/blog\/wp-content\/uploads\/2023\/04\/Semana-Santa-en-las-residencias-de-la-tercera-edad-1024x636.png","type":"image\/png"}],"author":"Josep de Mart\u00ed","twitter_card":"summary_large_image","twitter_creator":"@blog-ir","twitter_site":"@inforesidencias","twitter_misc":{"Escrito por":"Josep de Mart\u00ed","Tiempo de lectura":"2 minutos"},"schema":{"@context":"https:\/\/schema.org","@graph":[{"@type":"WebPage","@id":"https:\/\/www.inforesidencias.com\/blog\/index.php\/2023\/04\/08\/la-semana-santa-en-las-residencias-de-la-tercera-edad\/","url":"https:\/\/www.inforesidencias.com\/blog\/index.php\/2023\/04\/08\/la-semana-santa-en-las-residencias-de-la-tercera-edad\/","name":"La Semana Santa en las residencias de la tercera edad - Blog Inforesidencias.com","isPartOf":{"@id":"https:\/\/www.inforesidencias.com\/blog\/#website"},"datePublished":"2023-04-08T06:39:00+00:00","dateModified":"2023-04-05T15:40:01+00:00","author":{"@id":"https:\/\/www.inforesidencias.com\/blog\/#\/schema\/person\/9e146774d1eb3bc1c0316242a3898628"},"description":"Hay diferentes de celebrar Semana Santa en las residencias de la tercera edad para que los residentes disfruten de estas celebraciones","breadcrumb":{"@id":"https:\/\/www.inforesidencias.com\/blog\/index.php\/2023\/04\/08\/la-semana-santa-en-las-residencias-de-la-tercera-edad\/#breadcrumb"},"inLanguage":"es","potentialAction":[{"@type":"ReadAction","target":["https:\/\/www.inforesidencias.com\/blog\/index.php\/2023\/04\/08\/la-semana-santa-en-las-residencias-de-la-tercera-edad\/"]}]},{"@type":"BreadcrumbList","@id":"https:\/\/www.inforesidencias.com\/blog\/index.php\/2023\/04\/08\/la-semana-santa-en-las-residencias-de-la-tercera-edad\/#breadcrumb","itemListElement":[{"@type":"ListItem","position":1,"name":"Home","item":"https:\/\/www.inforesidencias.com\/blog\/"},{"@type":"ListItem","position":2,"name":"La Semana Santa en las residencias de la tercera edad"}]},{"@type":"WebSite","@id":"https:\/\/www.inforesidencias.com\/blog\/#website","url":"https:\/\/www.inforesidencias.com\/blog\/","name":"Blog Inforesidencias.com","description":"El buscador de residencias de la 3\u00aa edad","potentialAction":[{"@type":"SearchAction","target":{"@type":"EntryPoint","urlTemplate":"https:\/\/www.inforesidencias.com\/blog\/?s={search_term_string}"},"query-input":"required name=search_term_string"}],"inLanguage":"es"},{"@type":"Person","@id":"https:\/\/www.inforesidencias.com\/blog\/#\/schema\/person\/9e146774d1eb3bc1c0316242a3898628","name":"Josep de Mart\u00ed","image":{"@type":"ImageObject","inLanguage":"es","@id":"https:\/\/www.inforesidencias.com\/blog\/#\/schema\/person\/image\/","url":"https:\/\/secure.gravatar.com\/avatar\/de0302c4806c00c4cebff396a798c1ff?s=96&d=mm&r=g","contentUrl":"https:\/\/secure.gravatar.com\/avatar\/de0302c4806c00c4cebff396a798c1ff?s=96&d=mm&r=g","caption":"Josep de Mart\u00ed"},"sameAs":["https:\/\/www.inforesidencias.com","https:\/\/www.facebook.com\/josep.demarti","https:\/\/twitter.com\/blog-ir"],"url":"https:\/\/www.inforesidencias.com\/blog\/index.php\/author\/josepdemarti\/"}]}},"_links":{"self":[{"href":"https:\/\/www.inforesidencias.com\/blog\/index.php\/wp-json\/wp\/v2\/posts\/6416"}],"collection":[{"href":"https:\/\/www.inforesidencias.com\/blog\/index.php\/wp-json\/wp\/v2\/posts"}],"about":[{"href":"https:\/\/www.inforesidencias.com\/blog\/index.php\/wp-json\/wp\/v2\/types\/post"}],"author":[{"embeddable":true,"href":"https:\/\/www.inforesidencias.com\/blog\/index.php\/wp-json\/wp\/v2\/users\/2"}],"replies":[{"embeddable":true,"href":"https:\/\/www.inforesidencias.com\/blog\/index.php\/wp-json\/wp\/v2\/comments?post=6416"}],"version-history":[{"count":7,"href":"https:\/\/www.inforesidencias.com\/blog\/index.php\/wp-json\/wp\/v2\/posts\/6416\/revisions"}],"predecessor-version":[{"id":6424,"href":"https:\/\/www.inforesidencias.com\/blog\/index.php\/wp-json\/wp\/v2\/posts\/6416\/revisions\/6424"}],"wp:featuredmedia":[{"embeddable":true,"href":"https:\/\/www.inforesidencias.com\/blog\/index.php\/wp-json\/wp\/v2\/media\/6419"}],"wp:attachment":[{"href":"https:\/\/www.inforesidencias.com\/blog\/index.php\/wp-json\/wp\/v2\/media?parent=6416"}],"wp:term":[{"taxonomy":"category","embeddable":true,"href":"https:\/\/www.inforesidencias.com\/blog\/index.php\/wp-json\/wp\/v2\/categories?post=6416"},{"taxonomy":"post_tag","embeddable":true,"href":"https:\/\/www.inforesidencias.com\/blog\/index.php\/wp-json\/wp\/v2\/tags?post=6416"}],"curies":[{"name":"wp","href":"https:\/\/api.w.org\/{rel}","templated":true}]}}