{"id":6460,"date":"2023-04-24T11:45:06","date_gmt":"2023-04-24T10:45:06","guid":{"rendered":"https:\/\/www.inforesidencias.com\/blog\/?p=6460"},"modified":"2023-04-24T11:45:15","modified_gmt":"2023-04-24T10:45:15","slug":"sant-jordi-en-una-residencia-para-personas-mayores-ideas-para-celebrar-la-diada-de","status":"publish","type":"post","link":"https:\/\/www.inforesidencias.com\/blog\/index.php\/2023\/04\/24\/sant-jordi-en-una-residencia-para-personas-mayores-ideas-para-celebrar-la-diada-de\/","title":{"rendered":"Sant Jordi en una residencia para personas mayores. Ideas para celebrar la diada"},"content":{"rendered":"\n<p><\/p>\n\n\n\n<p><\/p>\n\n\n\n<p>Ayer d\u00eda 23 de abril fue Sant Jordi, el d\u00eda de la rosa y el libro y la fecha que muchos catalanes consideran como su verdadero d\u00eda de los enamorados. Las calles de muchas ciudades catalanas se llenaron de paradas de libros y rosas y la gente sali\u00f3 a disfrutar de este d\u00eda como hac\u00eda a\u00f1os que no se pod\u00eda hacer. Por eso, hemos pensado en dar a conocer algunas de las actividades que se llevan a cabo desde las residencias geri\u00e1tricas en esta festividad tan relevante para que las personas que viven en las residencias tambi\u00e9n puedan disfrutar de este d\u00eda. \u00a0Se trata de iniciativas diferentes, pero con un \u00fanico objetivo: Disfrutar al m\u00e1ximo del d\u00eda de Sant Jordi.<\/p>\n\n\n\n<h2 class=\"wp-block-heading\">Propuestas para todos los p\u00fablicos:<\/h2>\n\n\n\n<ul>\n<li>&#8211; Una primera actividad es la posibilidad de que los residentes que lo deseen puedan participar en la decoraci\u00f3n de la residencia para ese d\u00eda realizando manualidades como rosas de papel, dragones, hacer puntos de libros etc. De hecho, el realizar manualidades es algo muy habitual en muchas residencias para conmemorar diferentes celebraciones y sirve tambi\u00e9n para que quienes viven en la residencia tomen un poco m\u00e1s de consciencia del d\u00eda en que estamos y lo que se celebra.<\/li>\n\n\n\n<li>&#8211; Una segunda idea puede ser organizar talleres con los residentes para explicar la leyenda. Se trata de algo \u00fatil para toda aquella persona que no la sepa o no la recuerde, \u00a0adem\u00e1s se motiva a que los residentes expliquen sus vivencias de a\u00f1os anteriores en este d\u00eda etc.<\/li>\n\n\n\n<li>&#8211; Otro taller pero diferente, puede ser llevar a cabo alg\u00fan taller con alg\u00fan colegio pr\u00f3ximo a la residencia para que por ejemplo, los ni\u00f1os vayan a la residencia a leer poemas sobre Sant Jordi y merendar luego. Esto se suele hacer uno o dos d\u00edas antes del 23 para ir calentando motores.<\/li>\n\n\n\n<li>&#8211; Como cuarta idea, pero no menos importante, est\u00e1 la reposter\u00eda. Comer dulces es algo que gusta a la gran mayor\u00eda de personas mayores. Por eso una idea que siempre suele gustar es hacer un taller de cocina con los residentes para hacer reposter\u00eda t\u00edpica de Sant Jordi, como el pan de Sant Jordi, alg\u00fan dulce en forma de libro o rosa etc.<\/li>\n\n\n\n<li>&#8211; Tambi\u00e9n algo que una vez vimos fue una peque\u00f1a representaci\u00f3n teatral que montaron en una residencia con algunos residentes para explicar la leyenda de Sant Jordi. Representaci\u00f3n a la que se invit\u00f3 a asistir a amigos y familiares.<\/li>\n\n\n\n<li>&#8211; Finalmente, es tambi\u00e9n algo bonito que ese d\u00eda, por parte de la direcci\u00f3n del centro se le regale una rosa \u00a0a quienes viven y\/o trabajan en la residencia m\u00e1s all\u00e1 de las que les puedan regalar sus familiares.<\/li>\n<\/ul>\n\n\n<div class=\"wp-block-image\">\n<figure class=\"aligncenter size-large is-resized\"><a href=\"https:\/\/www.inforesidencias.com\/blog\/wp-content\/uploads\/2023\/04\/Sant-Jordi-en-una-residencia-para-personas-mayores.png\"><img decoding=\"async\" loading=\"lazy\" src=\"https:\/\/www.inforesidencias.com\/blog\/wp-content\/uploads\/2023\/04\/Sant-Jordi-en-una-residencia-para-personas-mayores-1024x671.png\" alt=\"Sant Jordi en una residencia para personas mayores\" class=\"wp-image-6465\" width=\"437\" height=\"286\" srcset=\"https:\/\/www.inforesidencias.com\/blog\/wp-content\/uploads\/2023\/04\/Sant-Jordi-en-una-residencia-para-personas-mayores-1024x671.png 1024w, https:\/\/www.inforesidencias.com\/blog\/wp-content\/uploads\/2023\/04\/Sant-Jordi-en-una-residencia-para-personas-mayores-300x197.png 300w, https:\/\/www.inforesidencias.com\/blog\/wp-content\/uploads\/2023\/04\/Sant-Jordi-en-una-residencia-para-personas-mayores-768x504.png 768w, https:\/\/www.inforesidencias.com\/blog\/wp-content\/uploads\/2023\/04\/Sant-Jordi-en-una-residencia-para-personas-mayores.png 1330w\" sizes=\"(max-width: 437px) 100vw, 437px\" \/><\/a><\/figure><\/div>\n\n\n<p><\/p>\n\n\n\n<p>Todo esto sin contar que lo ideal es que quien viva en una residencia y pueda\/quiera vaya a dar una vuelta por su barrio, pueblo o ciudad para vivir \u201cin situ\u201d todo el ambiente de esta festividad. Si por otro lado tenemos a un familiar en una residencia y sabemos que no puede salir por su cuenta, seria genial ir a hacerle una visita y salir a dar una vuelta con esa persona.<\/p>\n\n\n\n<p>Estas son algunas ideas y sabemos que muchas de ellas ya se realizan en muchas residencias de Catalunya. No obstante, pensamos que est\u00e1 genial que aquella gente que no tenga a un familiar que vive en una residencia sepa todo lo que se hace desde los centros para que las personas atendidas disfruten al m\u00e1ximo posible de las tradiciones de nuestro pa\u00eds. Algo que esperemos que siga as\u00ed muchos a\u00f1os<\/p>\n\n\n\n<p>Una vez le\u00eddo este art\u00edculo sobre   la celebraci\u00f3n del d\u00eda Sant Jordi en una residencia para personas mayores, pensamos que te puede interesar:<\/p>\n\n\n\n<ul>\n<li>&#8211; Residencias de mayores en Catalunya, concretamente en la <a href=\"https:\/\/www.inforesidencias.com\/centros\/buscador\/busquedas-predefinidas\/residencies-persones-grans-al-bergueda\" target=\"_blank\" rel=\"noreferrer noopener\">comarca del Bergued\u00e0<\/a><\/li>\n\n\n\n<li>&#8211; <a href=\"https:\/\/www.inforesidencias.com\/blog\/index.php\/2023\/04\/08\/la-semana-santa-en-las-residencias-de-la-tercera-edad\/\">La semana Santa en las residencias geri\u00e1tricas<\/a><\/li>\n\n\n\n<li>&#8211; <a href=\"https:\/\/dependencia.info\/noticia\/5783\/salud\/navidad-y-alzheimer:-como-disfrutar-de-las-fiestas-en-familia.html\" target=\"_blank\" rel=\"noreferrer noopener\">Navidad y personas con alzheimer<\/a><\/li>\n<\/ul>\n\n\n\n<p><\/p>\n\n\n\n<p><\/p>\n","protected":false},"excerpt":{"rendered":"<p>Ayer d\u00eda 23 de abril fue Sant Jordi, el d\u00eda de la rosa y el libro y la fecha que muchos catalanes consideran como su verdadero d\u00eda de los enamorados. Las calles de muchas ciudades catalanas se llenaron de paradas de libros y rosas y la gente sali\u00f3 a disfrutar de este d\u00eda como hac\u00eda a\u00f1os que no se pod\u00eda hacer. Por eso, hemos pensado en dar a conocer algunas de las actividades que se llevan a cabo desde las residencias geri\u00e1tricas en esta festividad tan relevante para que las personas que viven en las residencias tambi\u00e9n puedan disfrutar de este d\u00eda. \u00a0Se trata de iniciativas diferentes, pero con un \u00fanico objetivo: Disfrutar al m\u00e1ximo del d\u00eda de Sant Jordi. Propuestas para todos los p\u00fablicos: Todo esto sin contar que lo ideal es que quien viva en una residencia y pueda\/quiera vaya a dar una vuelta por su barrio, pueblo [&hellip;]<\/p>\n","protected":false},"author":2,"featured_media":6465,"comment_status":"open","ping_status":"open","sticky":false,"template":"","format":"standard","meta":{"footnotes":""},"categories":[1],"tags":[104],"yoast_head":"<!-- This site is optimized with the Yoast SEO plugin v21.7 - https:\/\/yoast.com\/wordpress\/plugins\/seo\/ -->\n<title>Sant Jordi en una residencia para personas mayores. Ideas para celebrar la diada - Blog Inforesidencias.com<\/title>\n<meta name=\"description\" content=\"Explicamos algunas de las diferentes iniciativas que se realizan por Sant Jordi en una residencia para personas mayores de Catalu\u00f1a\" \/>\n<meta name=\"robots\" content=\"index, follow, max-snippet:-1, max-image-preview:large, max-video-preview:-1\" \/>\n<link rel=\"canonical\" href=\"https:\/\/www.inforesidencias.com\/blog\/index.php\/2023\/04\/24\/sant-jordi-en-una-residencia-para-personas-mayores-ideas-para-celebrar-la-diada-de\/\" \/>\n<meta property=\"og:locale\" content=\"es_ES\" \/>\n<meta property=\"og:type\" content=\"article\" \/>\n<meta property=\"og:title\" content=\"Sant Jordi en una residencia para personas mayores. Ideas para celebrar la diada - Blog Inforesidencias.com\" \/>\n<meta property=\"og:description\" content=\"Explicamos algunas de las diferentes iniciativas que se realizan por Sant Jordi en una residencia para personas mayores de Catalu\u00f1a\" \/>\n<meta property=\"og:url\" content=\"https:\/\/www.inforesidencias.com\/blog\/index.php\/2023\/04\/24\/sant-jordi-en-una-residencia-para-personas-mayores-ideas-para-celebrar-la-diada-de\/\" \/>\n<meta property=\"og:site_name\" content=\"Blog Inforesidencias.com\" \/>\n<meta property=\"article:publisher\" content=\"https:\/\/www.facebook.com\/Inforesidencias\/\" \/>\n<meta property=\"article:author\" content=\"https:\/\/www.facebook.com\/josep.demarti\" \/>\n<meta property=\"article:published_time\" content=\"2023-04-24T10:45:06+00:00\" \/>\n<meta property=\"article:modified_time\" content=\"2023-04-24T10:45:15+00:00\" \/>\n<meta property=\"og:image\" content=\"https:\/\/www.inforesidencias.com\/blog\/wp-content\/uploads\/2023\/04\/Sant-Jordi-en-una-residencia-para-personas-mayores-1024x671.png\" \/>\n\t<meta property=\"og:image:width\" content=\"1024\" \/>\n\t<meta property=\"og:image:height\" content=\"671\" \/>\n\t<meta property=\"og:image:type\" content=\"image\/png\" \/>\n<meta name=\"author\" content=\"Josep de Mart\u00ed\" \/>\n<meta name=\"twitter:card\" content=\"summary_large_image\" \/>\n<meta name=\"twitter:creator\" content=\"@blog-ir\" \/>\n<meta name=\"twitter:site\" content=\"@inforesidencias\" \/>\n<meta name=\"twitter:label1\" content=\"Escrito por\" \/>\n\t<meta name=\"twitter:data1\" content=\"Josep de Mart\u00ed\" \/>\n\t<meta name=\"twitter:label2\" content=\"Tiempo de lectura\" \/>\n\t<meta name=\"twitter:data2\" content=\"4 minutos\" \/>\n<script type=\"application\/ld+json\" class=\"yoast-schema-graph\">{\"@context\":\"https:\/\/schema.org\",\"@graph\":[{\"@type\":\"WebPage\",\"@id\":\"https:\/\/www.inforesidencias.com\/blog\/index.php\/2023\/04\/24\/sant-jordi-en-una-residencia-para-personas-mayores-ideas-para-celebrar-la-diada-de\/\",\"url\":\"https:\/\/www.inforesidencias.com\/blog\/index.php\/2023\/04\/24\/sant-jordi-en-una-residencia-para-personas-mayores-ideas-para-celebrar-la-diada-de\/\",\"name\":\"Sant Jordi en una residencia para personas mayores. Ideas para celebrar la diada - Blog Inforesidencias.com\",\"isPartOf\":{\"@id\":\"https:\/\/www.inforesidencias.com\/blog\/#website\"},\"datePublished\":\"2023-04-24T10:45:06+00:00\",\"dateModified\":\"2023-04-24T10:45:15+00:00\",\"author\":{\"@id\":\"https:\/\/www.inforesidencias.com\/blog\/#\/schema\/person\/9e146774d1eb3bc1c0316242a3898628\"},\"description\":\"Explicamos algunas de las diferentes iniciativas que se realizan por Sant Jordi en una residencia para personas mayores de Catalu\u00f1a\",\"breadcrumb\":{\"@id\":\"https:\/\/www.inforesidencias.com\/blog\/index.php\/2023\/04\/24\/sant-jordi-en-una-residencia-para-personas-mayores-ideas-para-celebrar-la-diada-de\/#breadcrumb\"},\"inLanguage\":\"es\",\"potentialAction\":[{\"@type\":\"ReadAction\",\"target\":[\"https:\/\/www.inforesidencias.com\/blog\/index.php\/2023\/04\/24\/sant-jordi-en-una-residencia-para-personas-mayores-ideas-para-celebrar-la-diada-de\/\"]}]},{\"@type\":\"BreadcrumbList\",\"@id\":\"https:\/\/www.inforesidencias.com\/blog\/index.php\/2023\/04\/24\/sant-jordi-en-una-residencia-para-personas-mayores-ideas-para-celebrar-la-diada-de\/#breadcrumb\",\"itemListElement\":[{\"@type\":\"ListItem\",\"position\":1,\"name\":\"Home\",\"item\":\"https:\/\/www.inforesidencias.com\/blog\/\"},{\"@type\":\"ListItem\",\"position\":2,\"name\":\"Sant Jordi en una residencia para personas mayores. Ideas para celebrar la diada\"}]},{\"@type\":\"WebSite\",\"@id\":\"https:\/\/www.inforesidencias.com\/blog\/#website\",\"url\":\"https:\/\/www.inforesidencias.com\/blog\/\",\"name\":\"Blog Inforesidencias.com\",\"description\":\"El buscador de residencias de la 3\u00aa edad\",\"potentialAction\":[{\"@type\":\"SearchAction\",\"target\":{\"@type\":\"EntryPoint\",\"urlTemplate\":\"https:\/\/www.inforesidencias.com\/blog\/?s={search_term_string}\"},\"query-input\":\"required name=search_term_string\"}],\"inLanguage\":\"es\"},{\"@type\":\"Person\",\"@id\":\"https:\/\/www.inforesidencias.com\/blog\/#\/schema\/person\/9e146774d1eb3bc1c0316242a3898628\",\"name\":\"Josep de Mart\u00ed\",\"image\":{\"@type\":\"ImageObject\",\"inLanguage\":\"es\",\"@id\":\"https:\/\/www.inforesidencias.com\/blog\/#\/schema\/person\/image\/\",\"url\":\"https:\/\/secure.gravatar.com\/avatar\/de0302c4806c00c4cebff396a798c1ff?s=96&d=mm&r=g\",\"contentUrl\":\"https:\/\/secure.gravatar.com\/avatar\/de0302c4806c00c4cebff396a798c1ff?s=96&d=mm&r=g\",\"caption\":\"Josep de Mart\u00ed\"},\"sameAs\":[\"https:\/\/www.inforesidencias.com\",\"https:\/\/www.facebook.com\/josep.demarti\",\"https:\/\/twitter.com\/blog-ir\"],\"url\":\"https:\/\/www.inforesidencias.com\/blog\/index.php\/author\/josepdemarti\/\"}]}<\/script>\n<!-- \/ Yoast SEO plugin. -->","yoast_head_json":{"title":"Sant Jordi en una residencia para personas mayores. Ideas para celebrar la diada - Blog Inforesidencias.com","description":"Explicamos algunas de las diferentes iniciativas que se realizan por Sant Jordi en una residencia para personas mayores de Catalu\u00f1a","robots":{"index":"index","follow":"follow","max-snippet":"max-snippet:-1","max-image-preview":"max-image-preview:large","max-video-preview":"max-video-preview:-1"},"canonical":"https:\/\/www.inforesidencias.com\/blog\/index.php\/2023\/04\/24\/sant-jordi-en-una-residencia-para-personas-mayores-ideas-para-celebrar-la-diada-de\/","og_locale":"es_ES","og_type":"article","og_title":"Sant Jordi en una residencia para personas mayores. Ideas para celebrar la diada - Blog Inforesidencias.com","og_description":"Explicamos algunas de las diferentes iniciativas que se realizan por Sant Jordi en una residencia para personas mayores de Catalu\u00f1a","og_url":"https:\/\/www.inforesidencias.com\/blog\/index.php\/2023\/04\/24\/sant-jordi-en-una-residencia-para-personas-mayores-ideas-para-celebrar-la-diada-de\/","og_site_name":"Blog Inforesidencias.com","article_publisher":"https:\/\/www.facebook.com\/Inforesidencias\/","article_author":"https:\/\/www.facebook.com\/josep.demarti","article_published_time":"2023-04-24T10:45:06+00:00","article_modified_time":"2023-04-24T10:45:15+00:00","og_image":[{"width":1024,"height":671,"url":"https:\/\/www.inforesidencias.com\/blog\/wp-content\/uploads\/2023\/04\/Sant-Jordi-en-una-residencia-para-personas-mayores-1024x671.png","type":"image\/png"}],"author":"Josep de Mart\u00ed","twitter_card":"summary_large_image","twitter_creator":"@blog-ir","twitter_site":"@inforesidencias","twitter_misc":{"Escrito por":"Josep de Mart\u00ed","Tiempo de lectura":"4 minutos"},"schema":{"@context":"https:\/\/schema.org","@graph":[{"@type":"WebPage","@id":"https:\/\/www.inforesidencias.com\/blog\/index.php\/2023\/04\/24\/sant-jordi-en-una-residencia-para-personas-mayores-ideas-para-celebrar-la-diada-de\/","url":"https:\/\/www.inforesidencias.com\/blog\/index.php\/2023\/04\/24\/sant-jordi-en-una-residencia-para-personas-mayores-ideas-para-celebrar-la-diada-de\/","name":"Sant Jordi en una residencia para personas mayores. Ideas para celebrar la diada - Blog Inforesidencias.com","isPartOf":{"@id":"https:\/\/www.inforesidencias.com\/blog\/#website"},"datePublished":"2023-04-24T10:45:06+00:00","dateModified":"2023-04-24T10:45:15+00:00","author":{"@id":"https:\/\/www.inforesidencias.com\/blog\/#\/schema\/person\/9e146774d1eb3bc1c0316242a3898628"},"description":"Explicamos algunas de las diferentes iniciativas que se realizan por Sant Jordi en una residencia para personas mayores de Catalu\u00f1a","breadcrumb":{"@id":"https:\/\/www.inforesidencias.com\/blog\/index.php\/2023\/04\/24\/sant-jordi-en-una-residencia-para-personas-mayores-ideas-para-celebrar-la-diada-de\/#breadcrumb"},"inLanguage":"es","potentialAction":[{"@type":"ReadAction","target":["https:\/\/www.inforesidencias.com\/blog\/index.php\/2023\/04\/24\/sant-jordi-en-una-residencia-para-personas-mayores-ideas-para-celebrar-la-diada-de\/"]}]},{"@type":"BreadcrumbList","@id":"https:\/\/www.inforesidencias.com\/blog\/index.php\/2023\/04\/24\/sant-jordi-en-una-residencia-para-personas-mayores-ideas-para-celebrar-la-diada-de\/#breadcrumb","itemListElement":[{"@type":"ListItem","position":1,"name":"Home","item":"https:\/\/www.inforesidencias.com\/blog\/"},{"@type":"ListItem","position":2,"name":"Sant Jordi en una residencia para personas mayores. Ideas para celebrar la diada"}]},{"@type":"WebSite","@id":"https:\/\/www.inforesidencias.com\/blog\/#website","url":"https:\/\/www.inforesidencias.com\/blog\/","name":"Blog Inforesidencias.com","description":"El buscador de residencias de la 3\u00aa edad","potentialAction":[{"@type":"SearchAction","target":{"@type":"EntryPoint","urlTemplate":"https:\/\/www.inforesidencias.com\/blog\/?s={search_term_string}"},"query-input":"required name=search_term_string"}],"inLanguage":"es"},{"@type":"Person","@id":"https:\/\/www.inforesidencias.com\/blog\/#\/schema\/person\/9e146774d1eb3bc1c0316242a3898628","name":"Josep de Mart\u00ed","image":{"@type":"ImageObject","inLanguage":"es","@id":"https:\/\/www.inforesidencias.com\/blog\/#\/schema\/person\/image\/","url":"https:\/\/secure.gravatar.com\/avatar\/de0302c4806c00c4cebff396a798c1ff?s=96&d=mm&r=g","contentUrl":"https:\/\/secure.gravatar.com\/avatar\/de0302c4806c00c4cebff396a798c1ff?s=96&d=mm&r=g","caption":"Josep de Mart\u00ed"},"sameAs":["https:\/\/www.inforesidencias.com","https:\/\/www.facebook.com\/josep.demarti","https:\/\/twitter.com\/blog-ir"],"url":"https:\/\/www.inforesidencias.com\/blog\/index.php\/author\/josepdemarti\/"}]}},"_links":{"self":[{"href":"https:\/\/www.inforesidencias.com\/blog\/index.php\/wp-json\/wp\/v2\/posts\/6460"}],"collection":[{"href":"https:\/\/www.inforesidencias.com\/blog\/index.php\/wp-json\/wp\/v2\/posts"}],"about":[{"href":"https:\/\/www.inforesidencias.com\/blog\/index.php\/wp-json\/wp\/v2\/types\/post"}],"author":[{"embeddable":true,"href":"https:\/\/www.inforesidencias.com\/blog\/index.php\/wp-json\/wp\/v2\/users\/2"}],"replies":[{"embeddable":true,"href":"https:\/\/www.inforesidencias.com\/blog\/index.php\/wp-json\/wp\/v2\/comments?post=6460"}],"version-history":[{"count":13,"href":"https:\/\/www.inforesidencias.com\/blog\/index.php\/wp-json\/wp\/v2\/posts\/6460\/revisions"}],"predecessor-version":[{"id":6474,"href":"https:\/\/www.inforesidencias.com\/blog\/index.php\/wp-json\/wp\/v2\/posts\/6460\/revisions\/6474"}],"wp:featuredmedia":[{"embeddable":true,"href":"https:\/\/www.inforesidencias.com\/blog\/index.php\/wp-json\/wp\/v2\/media\/6465"}],"wp:attachment":[{"href":"https:\/\/www.inforesidencias.com\/blog\/index.php\/wp-json\/wp\/v2\/media?parent=6460"}],"wp:term":[{"taxonomy":"category","embeddable":true,"href":"https:\/\/www.inforesidencias.com\/blog\/index.php\/wp-json\/wp\/v2\/categories?post=6460"},{"taxonomy":"post_tag","embeddable":true,"href":"https:\/\/www.inforesidencias.com\/blog\/index.php\/wp-json\/wp\/v2\/tags?post=6460"}],"curies":[{"name":"wp","href":"https:\/\/api.w.org\/{rel}","templated":true}]}}