{"id":6527,"date":"2023-05-26T07:43:00","date_gmt":"2023-05-26T06:43:00","guid":{"rendered":"https:\/\/www.inforesidencias.com\/blog\/?p=6527"},"modified":"2023-05-24T14:44:29","modified_gmt":"2023-05-24T13:44:29","slug":"la-brecha-digital-y-su-impacto-en-las-personas-mayores","status":"publish","type":"post","link":"https:\/\/www.inforesidencias.com\/blog\/index.php\/2023\/05\/26\/la-brecha-digital-y-su-impacto-en-las-personas-mayores\/","title":{"rendered":"La brecha digital y su impacto en las personas mayores"},"content":{"rendered":"\n<p><\/p>\n\n\n\n<p><\/p>\n\n\n\n<p>Vivimos en lo que se llama la era digital  en donde la tecnolog\u00eda es omnipresente. En esta era  las personas mayores a menudo enfrentan desaf\u00edos para mantenerse al d\u00eda con los avances tecnol\u00f3gicos. A medida que la sociedad se vuelve cada vez m\u00e1s digitalizada, surge una brecha generacional conocida como la \u00abbrecha digital\u00bb. Esta brecha se refiere a la diferencia o distancia en el acceso, conocimiento y uso de la tecnolog\u00eda entre diferentes grupos de edad, y las personas mayores son uno de los grupos m\u00e1s afectados. <\/p>\n\n\n\n<h2 class=\"wp-block-heading\">Desaf\u00edos de adaptaci\u00f3n<\/h2>\n\n\n\n<p>Las personas mayores a menudo se encuentran con una serie de barreras al intentar utilizar la tecnolog\u00eda. Estas barreras incluyen la falta de acceso a dispositivos y conectividad confiable a Internet, la dificultad para aprender nuevas habilidades tecnol\u00f3gicas y la falta de confianza en el uso de dispositivos electr\u00f3nicos. Adem\u00e1s, la r\u00e1pida evoluci\u00f3n de la tecnolog\u00eda puede hacer que sea dif\u00edcil para las personas mayores  adaptarse a los cambios constantes. Esto tiene un impacto evidente en su d\u00eda a d\u00eda. <\/p>\n\n\n\n<p>En primer lugar, limita su acceso a informaci\u00f3n y servicios esenciales.  ya que cada vez m\u00e1s tr\u00e1mites gubernamentales, servicios de salud, compras y comunicaciones se realizan en l\u00ednea, lo que deja a las personas mayores en desventaja si no tienen los conocimientos y habilidades necesarios para acceder a ellos. Esto puede generar un sentimiento de aislamiento y exclusi\u00f3n social, lo que afecta negativamente la calidad de vida de las personas mayores.<\/p>\n\n\n\n<p class=\"has-text-align-center\"><a href=\"https:\/\/www.inforesidencias.com\/particulares\/buscamos-por-ti\" target=\"_blank\" rel=\"noreferrer noopener\">Busca una residencia de la tercera edad por internet desde la comodidad de tu casa<\/a><\/p>\n\n\n\n<p>Adem\u00e1s, la brecha digital puede dificultar el acceso a oportunidades de aprendizaje y desarrollo personal. El acceso a la educaci\u00f3n en l\u00ednea, cursos de actualizaci\u00f3n profesional y recursos culturales se ve limitado para aquellos que no est\u00e1n familiarizados con la tecnolog\u00eda. Esto puede obstaculizar su participaci\u00f3n en la sociedad y su capacidad para mantenerse activos f\u00edsica y mentalmente.<\/p>\n\n\n\n<p><\/p>\n\n\n\n<h2 class=\"wp-block-heading\">Diferentes v\u00edas para abordar el problema<\/h2>\n\n\n\n<p>Abordar la brecha digital en las personas mayores: es fundamental a la hora de garantizar la inclusi\u00f3n y bienestar de las personas mayores en la sociedad digital. Algunas de las maneras de abordar el problema pueden ser:<\/p>\n\n\n\n<ul>\n<li>Implementaci\u00f3n de programas de alfabetizaci\u00f3n digital:  Desarrollo programas espec\u00edficos para capacitar a las personas mayores en el uso de la tecnolog\u00eda. Estos programas deber\u00edan abordar no solo las habilidades t\u00e9cnicas, sino tambi\u00e9n la confianza y la comprensi\u00f3n de los beneficios de la tecnolog\u00eda.<\/li>\n\n\n\n<li>Acceso asequible a la tecnolog\u00eda: Es necesario facilitar el acceso a dispositivos y servicios de Internet a precios asequibles para las personas mayores. Las pol\u00edticas p\u00fablicas y las organizaciones sin fines de lucro pueden desempe\u00f1ar un papel crucial en esta \u00e1rea.<\/li>\n<\/ul>\n\n\n<div class=\"wp-block-image\">\n<figure class=\"alignright size-large is-resized\"><a href=\"https:\/\/www.inforesidencias.com\/blog\/wp-content\/uploads\/2023\/05\/Brecha-digital.png\"><img decoding=\"async\" loading=\"lazy\" src=\"https:\/\/www.inforesidencias.com\/blog\/wp-content\/uploads\/2023\/05\/Brecha-digital-1024x701.png\" alt=\"\" class=\"wp-image-6533\" width=\"347\" height=\"238\" srcset=\"https:\/\/www.inforesidencias.com\/blog\/wp-content\/uploads\/2023\/05\/Brecha-digital-1024x701.png 1024w, https:\/\/www.inforesidencias.com\/blog\/wp-content\/uploads\/2023\/05\/Brecha-digital-300x205.png 300w, https:\/\/www.inforesidencias.com\/blog\/wp-content\/uploads\/2023\/05\/Brecha-digital-768x526.png 768w, https:\/\/www.inforesidencias.com\/blog\/wp-content\/uploads\/2023\/05\/Brecha-digital.png 1332w\" sizes=\"(max-width: 347px) 100vw, 347px\" \/><\/a><\/figure><\/div>\n\n\n<ul>\n<li>Apoyo comunitario: Las comunidades pueden establecer centros de apoyo tecnol\u00f3gico donde las personas mayores puedan recibir asistencia personalizada en el uso de la tecnolog\u00eda. Estos centros pueden ser administrados por voluntarios o profesionales capacitados. Un ejemplo ser\u00eda la creaci\u00f3n de la persona de referencia en los bancos para ayudar a los mayores en todo lo digital que precisen. Un segundo ejemplo ser\u00eda en las residencias geri\u00e1tricas en donde en lagunas de se llevan a cabo clases de inform\u00e1tica o redes sociales<\/li>\n\n\n\n<li>Dise\u00f1o inclusivo: Los desarrolladores de tecnolog\u00eda deben tener en cuenta las necesidades y capacidades de las personas mayores al dise\u00f1ar dispositivos y aplicaciones. Un dise\u00f1o intuitivo y accesible puede ayudar a superar muchas barreras y facilitar el uso de la tecnolog\u00eda. Los m\u00f3viles adaptados para ancianos son una peque\u00f1a prueba de esto<\/li>\n<\/ul>\n\n\n\n<p>Lo que esta claro es que hay que seguir trabajando para mejorar el conocimiento de los mayores de las nuevas tecnolog\u00edas ya que sino estamos dejando gran parte de nuestra sociedad atr\u00e1s. No se puede olvidar que el porcentaje de personas mayores aumenta a\u00f1o tras a\u00f1o y es algo que seguir\u00e1 siendo as\u00ed en las pr\u00f3ximas d\u00e9cadas. Al hacerlo, construiremos una sociedad m\u00e1s inclusiva y equitativa para todas las generaciones.<\/p>\n\n\n\n<p>Otros art\u00edculos relacionados<\/p>\n\n\n\n<ul>\n<li><a href=\"https:\/\/www.inforesidencias.com\/blog\/index.php\/2020\/10\/28\/las-personas-mayores-y-las-redes-sociales\/\">Tercera edad y redes sociales<\/a><\/li>\n\n\n\n<li><a href=\"https:\/\/dependencia.info\/noticia\/6161\/opinion\/cine-para-personas-mayores-por-dos-euros...-edadismo-electoralismo.html\">Cine a 2 euros para los jubilados<\/a><\/li>\n<\/ul>\n\n\n\n<p><\/p>\n","protected":false},"excerpt":{"rendered":"<p>Vivimos en lo que se llama la era digital en donde la tecnolog\u00eda es omnipresente. En esta era las personas mayores a menudo enfrentan desaf\u00edos para mantenerse al d\u00eda con los avances tecnol\u00f3gicos. A medida que la sociedad se vuelve cada vez m\u00e1s digitalizada, surge una brecha generacional conocida como la \u00abbrecha digital\u00bb. Esta brecha se refiere a la diferencia o distancia en el acceso, conocimiento y uso de la tecnolog\u00eda entre diferentes grupos de edad, y las personas mayores son uno de los grupos m\u00e1s afectados. Desaf\u00edos de adaptaci\u00f3n Las personas mayores a menudo se encuentran con una serie de barreras al intentar utilizar la tecnolog\u00eda. Estas barreras incluyen la falta de acceso a dispositivos y conectividad confiable a Internet, la dificultad para aprender nuevas habilidades tecnol\u00f3gicas y la falta de confianza en el uso de dispositivos electr\u00f3nicos. Adem\u00e1s, la r\u00e1pida evoluci\u00f3n de la tecnolog\u00eda puede hacer que sea [&hellip;]<\/p>\n","protected":false},"author":2,"featured_media":6533,"comment_status":"open","ping_status":"open","sticky":false,"template":"","format":"standard","meta":{"footnotes":""},"categories":[1],"tags":[],"yoast_head":"<!-- This site is optimized with the Yoast SEO plugin v21.7 - https:\/\/yoast.com\/wordpress\/plugins\/seo\/ -->\n<title>La brecha digital y su impacto en las personas mayores - Blog Inforesidencias.com<\/title>\n<meta name=\"description\" content=\"Reducir la brecha digital en las personas mayores es uno de los desaf\u00edos m\u00e1s importantes en nuestra era y que hay que abordar de inmediato\" \/>\n<meta name=\"robots\" content=\"index, follow, max-snippet:-1, max-image-preview:large, max-video-preview:-1\" \/>\n<link rel=\"canonical\" href=\"https:\/\/www.inforesidencias.com\/blog\/index.php\/2023\/05\/26\/la-brecha-digital-y-su-impacto-en-las-personas-mayores\/\" \/>\n<meta property=\"og:locale\" content=\"es_ES\" \/>\n<meta property=\"og:type\" content=\"article\" \/>\n<meta property=\"og:title\" content=\"La brecha digital y su impacto en las personas mayores - Blog Inforesidencias.com\" \/>\n<meta property=\"og:description\" content=\"Reducir la brecha digital en las personas mayores es uno de los desaf\u00edos m\u00e1s importantes en nuestra era y que hay que abordar de inmediato\" \/>\n<meta property=\"og:url\" content=\"https:\/\/www.inforesidencias.com\/blog\/index.php\/2023\/05\/26\/la-brecha-digital-y-su-impacto-en-las-personas-mayores\/\" \/>\n<meta property=\"og:site_name\" content=\"Blog Inforesidencias.com\" \/>\n<meta property=\"article:publisher\" content=\"https:\/\/www.facebook.com\/Inforesidencias\/\" \/>\n<meta property=\"article:author\" content=\"https:\/\/www.facebook.com\/josep.demarti\" \/>\n<meta property=\"article:published_time\" content=\"2023-05-26T06:43:00+00:00\" \/>\n<meta property=\"article:modified_time\" content=\"2023-05-24T13:44:29+00:00\" \/>\n<meta property=\"og:image\" content=\"https:\/\/www.inforesidencias.com\/blog\/wp-content\/uploads\/2023\/05\/Brecha-digital.png\" \/>\n\t<meta property=\"og:image:width\" content=\"1332\" \/>\n\t<meta property=\"og:image:height\" content=\"912\" \/>\n\t<meta property=\"og:image:type\" content=\"image\/png\" \/>\n<meta name=\"author\" content=\"Josep de Mart\u00ed\" \/>\n<meta name=\"twitter:card\" content=\"summary_large_image\" \/>\n<meta name=\"twitter:creator\" content=\"@blog-ir\" \/>\n<meta name=\"twitter:site\" content=\"@inforesidencias\" \/>\n<meta name=\"twitter:label1\" content=\"Escrito por\" \/>\n\t<meta name=\"twitter:data1\" content=\"Josep de Mart\u00ed\" \/>\n\t<meta name=\"twitter:label2\" content=\"Tiempo de lectura\" \/>\n\t<meta name=\"twitter:data2\" content=\"4 minutos\" \/>\n<script type=\"application\/ld+json\" class=\"yoast-schema-graph\">{\"@context\":\"https:\/\/schema.org\",\"@graph\":[{\"@type\":\"WebPage\",\"@id\":\"https:\/\/www.inforesidencias.com\/blog\/index.php\/2023\/05\/26\/la-brecha-digital-y-su-impacto-en-las-personas-mayores\/\",\"url\":\"https:\/\/www.inforesidencias.com\/blog\/index.php\/2023\/05\/26\/la-brecha-digital-y-su-impacto-en-las-personas-mayores\/\",\"name\":\"La brecha digital y su impacto en las personas mayores - Blog Inforesidencias.com\",\"isPartOf\":{\"@id\":\"https:\/\/www.inforesidencias.com\/blog\/#website\"},\"datePublished\":\"2023-05-26T06:43:00+00:00\",\"dateModified\":\"2023-05-24T13:44:29+00:00\",\"author\":{\"@id\":\"https:\/\/www.inforesidencias.com\/blog\/#\/schema\/person\/9e146774d1eb3bc1c0316242a3898628\"},\"description\":\"Reducir la brecha digital en las personas mayores es uno de los desaf\u00edos m\u00e1s importantes en nuestra era y que hay que abordar de inmediato\",\"breadcrumb\":{\"@id\":\"https:\/\/www.inforesidencias.com\/blog\/index.php\/2023\/05\/26\/la-brecha-digital-y-su-impacto-en-las-personas-mayores\/#breadcrumb\"},\"inLanguage\":\"es\",\"potentialAction\":[{\"@type\":\"ReadAction\",\"target\":[\"https:\/\/www.inforesidencias.com\/blog\/index.php\/2023\/05\/26\/la-brecha-digital-y-su-impacto-en-las-personas-mayores\/\"]}]},{\"@type\":\"BreadcrumbList\",\"@id\":\"https:\/\/www.inforesidencias.com\/blog\/index.php\/2023\/05\/26\/la-brecha-digital-y-su-impacto-en-las-personas-mayores\/#breadcrumb\",\"itemListElement\":[{\"@type\":\"ListItem\",\"position\":1,\"name\":\"Home\",\"item\":\"https:\/\/www.inforesidencias.com\/blog\/\"},{\"@type\":\"ListItem\",\"position\":2,\"name\":\"La brecha digital y su impacto en las personas mayores\"}]},{\"@type\":\"WebSite\",\"@id\":\"https:\/\/www.inforesidencias.com\/blog\/#website\",\"url\":\"https:\/\/www.inforesidencias.com\/blog\/\",\"name\":\"Blog Inforesidencias.com\",\"description\":\"El buscador de residencias de la 3\u00aa edad\",\"potentialAction\":[{\"@type\":\"SearchAction\",\"target\":{\"@type\":\"EntryPoint\",\"urlTemplate\":\"https:\/\/www.inforesidencias.com\/blog\/?s={search_term_string}\"},\"query-input\":\"required name=search_term_string\"}],\"inLanguage\":\"es\"},{\"@type\":\"Person\",\"@id\":\"https:\/\/www.inforesidencias.com\/blog\/#\/schema\/person\/9e146774d1eb3bc1c0316242a3898628\",\"name\":\"Josep de Mart\u00ed\",\"image\":{\"@type\":\"ImageObject\",\"inLanguage\":\"es\",\"@id\":\"https:\/\/www.inforesidencias.com\/blog\/#\/schema\/person\/image\/\",\"url\":\"https:\/\/secure.gravatar.com\/avatar\/de0302c4806c00c4cebff396a798c1ff?s=96&d=mm&r=g\",\"contentUrl\":\"https:\/\/secure.gravatar.com\/avatar\/de0302c4806c00c4cebff396a798c1ff?s=96&d=mm&r=g\",\"caption\":\"Josep de Mart\u00ed\"},\"sameAs\":[\"https:\/\/www.inforesidencias.com\",\"https:\/\/www.facebook.com\/josep.demarti\",\"https:\/\/twitter.com\/blog-ir\"],\"url\":\"https:\/\/www.inforesidencias.com\/blog\/index.php\/author\/josepdemarti\/\"}]}<\/script>\n<!-- \/ Yoast SEO plugin. -->","yoast_head_json":{"title":"La brecha digital y su impacto en las personas mayores - Blog Inforesidencias.com","description":"Reducir la brecha digital en las personas mayores es uno de los desaf\u00edos m\u00e1s importantes en nuestra era y que hay que abordar de inmediato","robots":{"index":"index","follow":"follow","max-snippet":"max-snippet:-1","max-image-preview":"max-image-preview:large","max-video-preview":"max-video-preview:-1"},"canonical":"https:\/\/www.inforesidencias.com\/blog\/index.php\/2023\/05\/26\/la-brecha-digital-y-su-impacto-en-las-personas-mayores\/","og_locale":"es_ES","og_type":"article","og_title":"La brecha digital y su impacto en las personas mayores - Blog Inforesidencias.com","og_description":"Reducir la brecha digital en las personas mayores es uno de los desaf\u00edos m\u00e1s importantes en nuestra era y que hay que abordar de inmediato","og_url":"https:\/\/www.inforesidencias.com\/blog\/index.php\/2023\/05\/26\/la-brecha-digital-y-su-impacto-en-las-personas-mayores\/","og_site_name":"Blog Inforesidencias.com","article_publisher":"https:\/\/www.facebook.com\/Inforesidencias\/","article_author":"https:\/\/www.facebook.com\/josep.demarti","article_published_time":"2023-05-26T06:43:00+00:00","article_modified_time":"2023-05-24T13:44:29+00:00","og_image":[{"width":1332,"height":912,"url":"https:\/\/www.inforesidencias.com\/blog\/wp-content\/uploads\/2023\/05\/Brecha-digital.png","type":"image\/png"}],"author":"Josep de Mart\u00ed","twitter_card":"summary_large_image","twitter_creator":"@blog-ir","twitter_site":"@inforesidencias","twitter_misc":{"Escrito por":"Josep de Mart\u00ed","Tiempo de lectura":"4 minutos"},"schema":{"@context":"https:\/\/schema.org","@graph":[{"@type":"WebPage","@id":"https:\/\/www.inforesidencias.com\/blog\/index.php\/2023\/05\/26\/la-brecha-digital-y-su-impacto-en-las-personas-mayores\/","url":"https:\/\/www.inforesidencias.com\/blog\/index.php\/2023\/05\/26\/la-brecha-digital-y-su-impacto-en-las-personas-mayores\/","name":"La brecha digital y su impacto en las personas mayores - Blog Inforesidencias.com","isPartOf":{"@id":"https:\/\/www.inforesidencias.com\/blog\/#website"},"datePublished":"2023-05-26T06:43:00+00:00","dateModified":"2023-05-24T13:44:29+00:00","author":{"@id":"https:\/\/www.inforesidencias.com\/blog\/#\/schema\/person\/9e146774d1eb3bc1c0316242a3898628"},"description":"Reducir la brecha digital en las personas mayores es uno de los desaf\u00edos m\u00e1s importantes en nuestra era y que hay que abordar de inmediato","breadcrumb":{"@id":"https:\/\/www.inforesidencias.com\/blog\/index.php\/2023\/05\/26\/la-brecha-digital-y-su-impacto-en-las-personas-mayores\/#breadcrumb"},"inLanguage":"es","potentialAction":[{"@type":"ReadAction","target":["https:\/\/www.inforesidencias.com\/blog\/index.php\/2023\/05\/26\/la-brecha-digital-y-su-impacto-en-las-personas-mayores\/"]}]},{"@type":"BreadcrumbList","@id":"https:\/\/www.inforesidencias.com\/blog\/index.php\/2023\/05\/26\/la-brecha-digital-y-su-impacto-en-las-personas-mayores\/#breadcrumb","itemListElement":[{"@type":"ListItem","position":1,"name":"Home","item":"https:\/\/www.inforesidencias.com\/blog\/"},{"@type":"ListItem","position":2,"name":"La brecha digital y su impacto en las personas mayores"}]},{"@type":"WebSite","@id":"https:\/\/www.inforesidencias.com\/blog\/#website","url":"https:\/\/www.inforesidencias.com\/blog\/","name":"Blog Inforesidencias.com","description":"El buscador de residencias de la 3\u00aa edad","potentialAction":[{"@type":"SearchAction","target":{"@type":"EntryPoint","urlTemplate":"https:\/\/www.inforesidencias.com\/blog\/?s={search_term_string}"},"query-input":"required name=search_term_string"}],"inLanguage":"es"},{"@type":"Person","@id":"https:\/\/www.inforesidencias.com\/blog\/#\/schema\/person\/9e146774d1eb3bc1c0316242a3898628","name":"Josep de Mart\u00ed","image":{"@type":"ImageObject","inLanguage":"es","@id":"https:\/\/www.inforesidencias.com\/blog\/#\/schema\/person\/image\/","url":"https:\/\/secure.gravatar.com\/avatar\/de0302c4806c00c4cebff396a798c1ff?s=96&d=mm&r=g","contentUrl":"https:\/\/secure.gravatar.com\/avatar\/de0302c4806c00c4cebff396a798c1ff?s=96&d=mm&r=g","caption":"Josep de Mart\u00ed"},"sameAs":["https:\/\/www.inforesidencias.com","https:\/\/www.facebook.com\/josep.demarti","https:\/\/twitter.com\/blog-ir"],"url":"https:\/\/www.inforesidencias.com\/blog\/index.php\/author\/josepdemarti\/"}]}},"_links":{"self":[{"href":"https:\/\/www.inforesidencias.com\/blog\/index.php\/wp-json\/wp\/v2\/posts\/6527"}],"collection":[{"href":"https:\/\/www.inforesidencias.com\/blog\/index.php\/wp-json\/wp\/v2\/posts"}],"about":[{"href":"https:\/\/www.inforesidencias.com\/blog\/index.php\/wp-json\/wp\/v2\/types\/post"}],"author":[{"embeddable":true,"href":"https:\/\/www.inforesidencias.com\/blog\/index.php\/wp-json\/wp\/v2\/users\/2"}],"replies":[{"embeddable":true,"href":"https:\/\/www.inforesidencias.com\/blog\/index.php\/wp-json\/wp\/v2\/comments?post=6527"}],"version-history":[{"count":6,"href":"https:\/\/www.inforesidencias.com\/blog\/index.php\/wp-json\/wp\/v2\/posts\/6527\/revisions"}],"predecessor-version":[{"id":6534,"href":"https:\/\/www.inforesidencias.com\/blog\/index.php\/wp-json\/wp\/v2\/posts\/6527\/revisions\/6534"}],"wp:featuredmedia":[{"embeddable":true,"href":"https:\/\/www.inforesidencias.com\/blog\/index.php\/wp-json\/wp\/v2\/media\/6533"}],"wp:attachment":[{"href":"https:\/\/www.inforesidencias.com\/blog\/index.php\/wp-json\/wp\/v2\/media?parent=6527"}],"wp:term":[{"taxonomy":"category","embeddable":true,"href":"https:\/\/www.inforesidencias.com\/blog\/index.php\/wp-json\/wp\/v2\/categories?post=6527"},{"taxonomy":"post_tag","embeddable":true,"href":"https:\/\/www.inforesidencias.com\/blog\/index.php\/wp-json\/wp\/v2\/tags?post=6527"}],"curies":[{"name":"wp","href":"https:\/\/api.w.org\/{rel}","templated":true}]}}