{"id":6572,"date":"2023-06-08T07:23:00","date_gmt":"2023-06-08T06:23:00","guid":{"rendered":"https:\/\/www.inforesidencias.com\/blog\/?p=6572"},"modified":"2023-06-06T16:23:35","modified_gmt":"2023-06-06T15:23:35","slug":"perdida-de-audicion-en-la-tercera-edad","status":"publish","type":"post","link":"https:\/\/www.inforesidencias.com\/blog\/index.php\/2023\/06\/08\/perdida-de-audicion-en-la-tercera-edad\/","title":{"rendered":"P\u00e9rdida de audici\u00f3n en la tercera edad"},"content":{"rendered":"\n<p>La p\u00e9rdida de audici\u00f3n es un problema com\u00fan que puede afectar a personas de todas las edades, pero se vuelve m\u00e1s prevalente en la tercera edad.  Es por ello que con el envejecimiento de la poblaci\u00f3n, es importante conocer los desaf\u00edos que enfrentan las personas mayores en relaci\u00f3n con su audici\u00f3n. La p\u00e9rdida de audici\u00f3n puede tener un impacto significativo en la calidad quienes la padecen, afectando su comunicaci\u00f3n, interacci\u00f3n social y bienestar emocional. <\/p>\n\n\n\n<h2 class=\"wp-block-heading\">Principales causas<\/h2>\n\n\n\n<p>La p\u00e9rdida de audici\u00f3n relacionada con la edad, tambi\u00e9n conocida como presbiacusia, es el tipo m\u00e1s com\u00fan de p\u00e9rdida de audici\u00f3n en las personas mayores. Se produce gradualmente debido al desgaste natural de las c\u00e9lulas sensoriales del o\u00eddo interno a lo largo del tiempo. Hay adem\u00e1s otros factores que pueden contribuir a ese deterioro o p\u00e9rdida. Un ejemplo claro que todos conocemos es la exposici\u00f3n prolongada a ruidos fuertes a lo largo de la vida. No obstante, hay otros menos conocidos pero igual de relevantes como la toma de medicamentos otot\u00f3xicos o algunos factores gen\u00e9ticos que nos predisponen a sufrir p\u00e9rdida de audici\u00f3n.<\/p>\n\n\n<div class=\"wp-block-image\">\n<figure class=\"alignright size-large is-resized\"><a href=\"https:\/\/www.inforesidencias.com\/blog\/wp-content\/uploads\/2023\/06\/Pe\u0301rdida-de-audicio\u0301n-en-la-tercera-edad.png\"><img decoding=\"async\" loading=\"lazy\" src=\"https:\/\/www.inforesidencias.com\/blog\/wp-content\/uploads\/2023\/06\/Pe\u0301rdida-de-audicio\u0301n-en-la-tercera-edad-1024x676.png\" alt=\"\" class=\"wp-image-6582\" width=\"428\" height=\"283\" srcset=\"https:\/\/www.inforesidencias.com\/blog\/wp-content\/uploads\/2023\/06\/Pe\u0301rdida-de-audicio\u0301n-en-la-tercera-edad-1024x676.png 1024w, https:\/\/www.inforesidencias.com\/blog\/wp-content\/uploads\/2023\/06\/Pe\u0301rdida-de-audicio\u0301n-en-la-tercera-edad-300x198.png 300w, https:\/\/www.inforesidencias.com\/blog\/wp-content\/uploads\/2023\/06\/Pe\u0301rdida-de-audicio\u0301n-en-la-tercera-edad-768x507.png 768w, https:\/\/www.inforesidencias.com\/blog\/wp-content\/uploads\/2023\/06\/Pe\u0301rdida-de-audicio\u0301n-en-la-tercera-edad.png 1324w\" sizes=\"(max-width: 428px) 100vw, 428px\" \/><\/a><\/figure><\/div>\n\n\n<p><\/p>\n\n\n\n<p>En lo que se refiere a las consecuencias, como coment\u00e1bamos brevemente la  principio, la p\u00e9rdida de audici\u00f3n en la tercera edad puede tener efectos negativos en la vida diaria de esas personas y dar lugar a una dificultad a la hora de comunicarse que suele llevar al aislamiento social y la depresi\u00f3n si no se trata a tiempo. Es tambi\u00e9n importante se\u00f1alar que no pocas veces  se ha asociado \u00e9sta p\u00e9rdida con un mayor riesgo de demencia y deterioro cognitivo. Esto nos da una idea de la importancia que tiene en nuestro d\u00eda a d\u00eda no escuchar bien. <\/p>\n\n\n\n<p class=\"has-text-align-center\"><a href=\"https:\/\/www.inforesidencias.com\/centros\/buscador\/busquedas-predefinidas\/residencias-de-ancianos-con-alzheimer-y-demencia\">lLista de residencias en Espa\u00f1a adaptadas para cuidar a personas con demencia<\/a><\/p>\n\n\n\n<p>Por suerte, existen a d\u00eda de hoy medidas y soluciones para abordar la p\u00e9rdida de audici\u00f3n en la tercera edad. La primera y m\u00e1s importante es reconocer y aceptar la p\u00e9rdida de audici\u00f3n como un problema real que necesita atenci\u00f3n. Se recomienda que las personas mayores se sometan a pruebas de audici\u00f3n regulares para detectar cualquier p\u00e9rdida auditiva y buscar tratamiento adecuado. Los aud\u00edfonos o tambi\u00e9n llamados \u00absonotones\u00bb son una opci\u00f3n popular y efectiva para mejorar la audici\u00f3n en muchas personas mayores. <\/p>\n\n\n\n<p>Por todo lo explicado es por lo que resulta tan importante reconocer los s\u00edntomas y estar atento a los signos tempranos de p\u00e9rdida de audici\u00f3n. Para poner ejemplos concretos, nos referimos a Estos pueden la dificultad para entender conversaciones en entornos ruidosos, pedir a las personas que repitan lo que dijeron con frecuencia, aumentar el volumen de la televisi\u00f3n o la radio de manera constante y tener dificultades para escuchar sonidos como el timbre de tel\u00e9fono o el canto de los p\u00e1jaros. Ante la duda, y la presencia de los primeros s\u00edntomas, lo mejor es acudir a un especialista de la audici\u00f3n para que nos realice las pruebas que considere oportunas.<\/p>\n\n\n\n<p>Relacionado tambi\u00e9n con las personas mayores, quiz\u00e1 puede interesarte:<\/p>\n\n\n\n<ul>\n<li><a href=\"https:\/\/dependencia.info\/noticia\/6197\/actualidad\/la-fuerza-de-las-redes-sociales-y-los-precios-de-concertacion-de-residencias.html\" target=\"_blank\" rel=\"noreferrer noopener\">Precios por d\u00eda de concertaci\u00f3n p\u00fablica de las residencias para mayores<\/a><\/li>\n\n\n\n<li><a href=\"https:\/\/www.inforesidencias.com\/blog\/index.php\/2023\/06\/04\/gestor-de-traslados-para-personas-de-la-tercera-edad\/\" target=\"_blank\" rel=\"noreferrer noopener\">\u00bfNecesitas un gestor de traslados para personas mayores?<\/a><\/li>\n<\/ul>\n\n\n\n<p><\/p>\n\n\n\n<p><\/p>\n","protected":false},"excerpt":{"rendered":"<p>La p\u00e9rdida de audici\u00f3n es un problema com\u00fan que puede afectar a personas de todas las edades, pero se vuelve m\u00e1s prevalente en la tercera edad. Es por ello que con el envejecimiento de la poblaci\u00f3n, es importante conocer los desaf\u00edos que enfrentan las personas mayores en relaci\u00f3n con su audici\u00f3n. La p\u00e9rdida de audici\u00f3n puede tener un impacto significativo en la calidad quienes la padecen, afectando su comunicaci\u00f3n, interacci\u00f3n social y bienestar emocional. Principales causas La p\u00e9rdida de audici\u00f3n relacionada con la edad, tambi\u00e9n conocida como presbiacusia, es el tipo m\u00e1s com\u00fan de p\u00e9rdida de audici\u00f3n en las personas mayores. Se produce gradualmente debido al desgaste natural de las c\u00e9lulas sensoriales del o\u00eddo interno a lo largo del tiempo. Hay adem\u00e1s otros factores que pueden contribuir a ese deterioro o p\u00e9rdida. Un ejemplo claro que todos conocemos es la exposici\u00f3n prolongada a ruidos fuertes a lo largo de la [&hellip;]<\/p>\n","protected":false},"author":2,"featured_media":6582,"comment_status":"open","ping_status":"open","sticky":false,"template":"","format":"standard","meta":{"footnotes":""},"categories":[1],"tags":[],"yoast_head":"<!-- This site is optimized with the Yoast SEO plugin v21.7 - https:\/\/yoast.com\/wordpress\/plugins\/seo\/ -->\n<title>P\u00e9rdida de audici\u00f3n en la tercera edad - Blog Inforesidencias.com<\/title>\n<meta name=\"description\" content=\"La p\u00e9rdida de audici\u00f3n en la tercera edad es algo habitual al ir envejeciendo. Aun as\u00ed tiene su explicaci\u00f3n y hay que abordarla correctamente\" \/>\n<meta name=\"robots\" content=\"index, follow, max-snippet:-1, max-image-preview:large, max-video-preview:-1\" \/>\n<link rel=\"canonical\" href=\"https:\/\/www.inforesidencias.com\/blog\/index.php\/2023\/06\/08\/perdida-de-audicion-en-la-tercera-edad\/\" \/>\n<meta property=\"og:locale\" content=\"es_ES\" \/>\n<meta property=\"og:type\" content=\"article\" \/>\n<meta property=\"og:title\" content=\"P\u00e9rdida de audici\u00f3n en la tercera edad - Blog Inforesidencias.com\" \/>\n<meta property=\"og:description\" content=\"La p\u00e9rdida de audici\u00f3n en la tercera edad es algo habitual al ir envejeciendo. Aun as\u00ed tiene su explicaci\u00f3n y hay que abordarla correctamente\" \/>\n<meta property=\"og:url\" content=\"https:\/\/www.inforesidencias.com\/blog\/index.php\/2023\/06\/08\/perdida-de-audicion-en-la-tercera-edad\/\" \/>\n<meta property=\"og:site_name\" content=\"Blog Inforesidencias.com\" \/>\n<meta property=\"article:publisher\" content=\"https:\/\/www.facebook.com\/Inforesidencias\/\" \/>\n<meta property=\"article:author\" content=\"https:\/\/www.facebook.com\/josep.demarti\" \/>\n<meta property=\"article:published_time\" content=\"2023-06-08T06:23:00+00:00\" \/>\n<meta property=\"article:modified_time\" content=\"2023-06-06T15:23:35+00:00\" \/>\n<meta property=\"og:image\" content=\"https:\/\/www.inforesidencias.com\/blog\/wp-content\/uploads\/2023\/06\/Pe\u0301rdida-de-audicio\u0301n-en-la-tercera-edad-1024x676.png\" \/>\n\t<meta property=\"og:image:width\" content=\"1024\" \/>\n\t<meta property=\"og:image:height\" content=\"676\" \/>\n\t<meta property=\"og:image:type\" content=\"image\/png\" \/>\n<meta name=\"author\" content=\"Josep de Mart\u00ed\" \/>\n<meta name=\"twitter:card\" content=\"summary_large_image\" \/>\n<meta name=\"twitter:creator\" content=\"@blog-ir\" \/>\n<meta name=\"twitter:site\" content=\"@inforesidencias\" \/>\n<meta name=\"twitter:label1\" content=\"Escrito por\" \/>\n\t<meta name=\"twitter:data1\" content=\"Josep de Mart\u00ed\" \/>\n\t<meta name=\"twitter:label2\" content=\"Tiempo de lectura\" \/>\n\t<meta name=\"twitter:data2\" content=\"3 minutos\" \/>\n<script type=\"application\/ld+json\" class=\"yoast-schema-graph\">{\"@context\":\"https:\/\/schema.org\",\"@graph\":[{\"@type\":\"WebPage\",\"@id\":\"https:\/\/www.inforesidencias.com\/blog\/index.php\/2023\/06\/08\/perdida-de-audicion-en-la-tercera-edad\/\",\"url\":\"https:\/\/www.inforesidencias.com\/blog\/index.php\/2023\/06\/08\/perdida-de-audicion-en-la-tercera-edad\/\",\"name\":\"P\u00e9rdida de audici\u00f3n en la tercera edad - Blog Inforesidencias.com\",\"isPartOf\":{\"@id\":\"https:\/\/www.inforesidencias.com\/blog\/#website\"},\"datePublished\":\"2023-06-08T06:23:00+00:00\",\"dateModified\":\"2023-06-06T15:23:35+00:00\",\"author\":{\"@id\":\"https:\/\/www.inforesidencias.com\/blog\/#\/schema\/person\/9e146774d1eb3bc1c0316242a3898628\"},\"description\":\"La p\u00e9rdida de audici\u00f3n en la tercera edad es algo habitual al ir envejeciendo. Aun as\u00ed tiene su explicaci\u00f3n y hay que abordarla correctamente\",\"breadcrumb\":{\"@id\":\"https:\/\/www.inforesidencias.com\/blog\/index.php\/2023\/06\/08\/perdida-de-audicion-en-la-tercera-edad\/#breadcrumb\"},\"inLanguage\":\"es\",\"potentialAction\":[{\"@type\":\"ReadAction\",\"target\":[\"https:\/\/www.inforesidencias.com\/blog\/index.php\/2023\/06\/08\/perdida-de-audicion-en-la-tercera-edad\/\"]}]},{\"@type\":\"BreadcrumbList\",\"@id\":\"https:\/\/www.inforesidencias.com\/blog\/index.php\/2023\/06\/08\/perdida-de-audicion-en-la-tercera-edad\/#breadcrumb\",\"itemListElement\":[{\"@type\":\"ListItem\",\"position\":1,\"name\":\"Home\",\"item\":\"https:\/\/www.inforesidencias.com\/blog\/\"},{\"@type\":\"ListItem\",\"position\":2,\"name\":\"P\u00e9rdida de audici\u00f3n en la tercera edad\"}]},{\"@type\":\"WebSite\",\"@id\":\"https:\/\/www.inforesidencias.com\/blog\/#website\",\"url\":\"https:\/\/www.inforesidencias.com\/blog\/\",\"name\":\"Blog Inforesidencias.com\",\"description\":\"El buscador de residencias de la 3\u00aa edad\",\"potentialAction\":[{\"@type\":\"SearchAction\",\"target\":{\"@type\":\"EntryPoint\",\"urlTemplate\":\"https:\/\/www.inforesidencias.com\/blog\/?s={search_term_string}\"},\"query-input\":\"required name=search_term_string\"}],\"inLanguage\":\"es\"},{\"@type\":\"Person\",\"@id\":\"https:\/\/www.inforesidencias.com\/blog\/#\/schema\/person\/9e146774d1eb3bc1c0316242a3898628\",\"name\":\"Josep de Mart\u00ed\",\"image\":{\"@type\":\"ImageObject\",\"inLanguage\":\"es\",\"@id\":\"https:\/\/www.inforesidencias.com\/blog\/#\/schema\/person\/image\/\",\"url\":\"https:\/\/secure.gravatar.com\/avatar\/de0302c4806c00c4cebff396a798c1ff?s=96&d=mm&r=g\",\"contentUrl\":\"https:\/\/secure.gravatar.com\/avatar\/de0302c4806c00c4cebff396a798c1ff?s=96&d=mm&r=g\",\"caption\":\"Josep de Mart\u00ed\"},\"sameAs\":[\"https:\/\/www.inforesidencias.com\",\"https:\/\/www.facebook.com\/josep.demarti\",\"https:\/\/twitter.com\/blog-ir\"],\"url\":\"https:\/\/www.inforesidencias.com\/blog\/index.php\/author\/josepdemarti\/\"}]}<\/script>\n<!-- \/ Yoast SEO plugin. -->","yoast_head_json":{"title":"P\u00e9rdida de audici\u00f3n en la tercera edad - Blog Inforesidencias.com","description":"La p\u00e9rdida de audici\u00f3n en la tercera edad es algo habitual al ir envejeciendo. Aun as\u00ed tiene su explicaci\u00f3n y hay que abordarla correctamente","robots":{"index":"index","follow":"follow","max-snippet":"max-snippet:-1","max-image-preview":"max-image-preview:large","max-video-preview":"max-video-preview:-1"},"canonical":"https:\/\/www.inforesidencias.com\/blog\/index.php\/2023\/06\/08\/perdida-de-audicion-en-la-tercera-edad\/","og_locale":"es_ES","og_type":"article","og_title":"P\u00e9rdida de audici\u00f3n en la tercera edad - Blog Inforesidencias.com","og_description":"La p\u00e9rdida de audici\u00f3n en la tercera edad es algo habitual al ir envejeciendo. Aun as\u00ed tiene su explicaci\u00f3n y hay que abordarla correctamente","og_url":"https:\/\/www.inforesidencias.com\/blog\/index.php\/2023\/06\/08\/perdida-de-audicion-en-la-tercera-edad\/","og_site_name":"Blog Inforesidencias.com","article_publisher":"https:\/\/www.facebook.com\/Inforesidencias\/","article_author":"https:\/\/www.facebook.com\/josep.demarti","article_published_time":"2023-06-08T06:23:00+00:00","article_modified_time":"2023-06-06T15:23:35+00:00","og_image":[{"width":1024,"height":676,"url":"https:\/\/www.inforesidencias.com\/blog\/wp-content\/uploads\/2023\/06\/Pe\u0301rdida-de-audicio\u0301n-en-la-tercera-edad-1024x676.png","type":"image\/png"}],"author":"Josep de Mart\u00ed","twitter_card":"summary_large_image","twitter_creator":"@blog-ir","twitter_site":"@inforesidencias","twitter_misc":{"Escrito por":"Josep de Mart\u00ed","Tiempo de lectura":"3 minutos"},"schema":{"@context":"https:\/\/schema.org","@graph":[{"@type":"WebPage","@id":"https:\/\/www.inforesidencias.com\/blog\/index.php\/2023\/06\/08\/perdida-de-audicion-en-la-tercera-edad\/","url":"https:\/\/www.inforesidencias.com\/blog\/index.php\/2023\/06\/08\/perdida-de-audicion-en-la-tercera-edad\/","name":"P\u00e9rdida de audici\u00f3n en la tercera edad - Blog Inforesidencias.com","isPartOf":{"@id":"https:\/\/www.inforesidencias.com\/blog\/#website"},"datePublished":"2023-06-08T06:23:00+00:00","dateModified":"2023-06-06T15:23:35+00:00","author":{"@id":"https:\/\/www.inforesidencias.com\/blog\/#\/schema\/person\/9e146774d1eb3bc1c0316242a3898628"},"description":"La p\u00e9rdida de audici\u00f3n en la tercera edad es algo habitual al ir envejeciendo. Aun as\u00ed tiene su explicaci\u00f3n y hay que abordarla correctamente","breadcrumb":{"@id":"https:\/\/www.inforesidencias.com\/blog\/index.php\/2023\/06\/08\/perdida-de-audicion-en-la-tercera-edad\/#breadcrumb"},"inLanguage":"es","potentialAction":[{"@type":"ReadAction","target":["https:\/\/www.inforesidencias.com\/blog\/index.php\/2023\/06\/08\/perdida-de-audicion-en-la-tercera-edad\/"]}]},{"@type":"BreadcrumbList","@id":"https:\/\/www.inforesidencias.com\/blog\/index.php\/2023\/06\/08\/perdida-de-audicion-en-la-tercera-edad\/#breadcrumb","itemListElement":[{"@type":"ListItem","position":1,"name":"Home","item":"https:\/\/www.inforesidencias.com\/blog\/"},{"@type":"ListItem","position":2,"name":"P\u00e9rdida de audici\u00f3n en la tercera edad"}]},{"@type":"WebSite","@id":"https:\/\/www.inforesidencias.com\/blog\/#website","url":"https:\/\/www.inforesidencias.com\/blog\/","name":"Blog Inforesidencias.com","description":"El buscador de residencias de la 3\u00aa edad","potentialAction":[{"@type":"SearchAction","target":{"@type":"EntryPoint","urlTemplate":"https:\/\/www.inforesidencias.com\/blog\/?s={search_term_string}"},"query-input":"required name=search_term_string"}],"inLanguage":"es"},{"@type":"Person","@id":"https:\/\/www.inforesidencias.com\/blog\/#\/schema\/person\/9e146774d1eb3bc1c0316242a3898628","name":"Josep de Mart\u00ed","image":{"@type":"ImageObject","inLanguage":"es","@id":"https:\/\/www.inforesidencias.com\/blog\/#\/schema\/person\/image\/","url":"https:\/\/secure.gravatar.com\/avatar\/de0302c4806c00c4cebff396a798c1ff?s=96&d=mm&r=g","contentUrl":"https:\/\/secure.gravatar.com\/avatar\/de0302c4806c00c4cebff396a798c1ff?s=96&d=mm&r=g","caption":"Josep de Mart\u00ed"},"sameAs":["https:\/\/www.inforesidencias.com","https:\/\/www.facebook.com\/josep.demarti","https:\/\/twitter.com\/blog-ir"],"url":"https:\/\/www.inforesidencias.com\/blog\/index.php\/author\/josepdemarti\/"}]}},"_links":{"self":[{"href":"https:\/\/www.inforesidencias.com\/blog\/index.php\/wp-json\/wp\/v2\/posts\/6572"}],"collection":[{"href":"https:\/\/www.inforesidencias.com\/blog\/index.php\/wp-json\/wp\/v2\/posts"}],"about":[{"href":"https:\/\/www.inforesidencias.com\/blog\/index.php\/wp-json\/wp\/v2\/types\/post"}],"author":[{"embeddable":true,"href":"https:\/\/www.inforesidencias.com\/blog\/index.php\/wp-json\/wp\/v2\/users\/2"}],"replies":[{"embeddable":true,"href":"https:\/\/www.inforesidencias.com\/blog\/index.php\/wp-json\/wp\/v2\/comments?post=6572"}],"version-history":[{"count":17,"href":"https:\/\/www.inforesidencias.com\/blog\/index.php\/wp-json\/wp\/v2\/posts\/6572\/revisions"}],"predecessor-version":[{"id":6590,"href":"https:\/\/www.inforesidencias.com\/blog\/index.php\/wp-json\/wp\/v2\/posts\/6572\/revisions\/6590"}],"wp:featuredmedia":[{"embeddable":true,"href":"https:\/\/www.inforesidencias.com\/blog\/index.php\/wp-json\/wp\/v2\/media\/6582"}],"wp:attachment":[{"href":"https:\/\/www.inforesidencias.com\/blog\/index.php\/wp-json\/wp\/v2\/media?parent=6572"}],"wp:term":[{"taxonomy":"category","embeddable":true,"href":"https:\/\/www.inforesidencias.com\/blog\/index.php\/wp-json\/wp\/v2\/categories?post=6572"},{"taxonomy":"post_tag","embeddable":true,"href":"https:\/\/www.inforesidencias.com\/blog\/index.php\/wp-json\/wp\/v2\/tags?post=6572"}],"curies":[{"name":"wp","href":"https:\/\/api.w.org\/{rel}","templated":true}]}}