{"id":659,"date":"2016-03-21T16:06:17","date_gmt":"2016-03-21T16:06:17","guid":{"rendered":"https:\/\/www.inforesidencias.com\/blog\/?p=659"},"modified":"2016-03-21T16:15:56","modified_gmt":"2016-03-21T16:15:56","slug":"trabajar-tras-la-jubilacion","status":"publish","type":"post","link":"https:\/\/www.inforesidencias.com\/blog\/index.php\/2016\/03\/21\/trabajar-tras-la-jubilacion\/","title":{"rendered":"\u00bfEs posible trabajar m\u00e1s all\u00e1 de la jubilaci\u00f3n?  \u00a1Claro que s\u00ed!"},"content":{"rendered":"<p>\u00bfES POSIBLE TRABAJAR TRAS\u00a0LA JUBILACI\u00d3N? \u2013 \u00a1CLARO QUE S\u00cd!<\/p>\n<p>Para reflexionar sobre el trabajo tras la jubilaci\u00f3n hemos invitado como bloguista invitado al portal Jooble con quien colaboramos en el apartado bolsa de trabajo de Inforesidencias.com. \u00a0Esta es su reflexi\u00f3n:<\/p>\n<div id=\"attachment_662\" style=\"width: 460px\" class=\"wp-caption aligncenter\"><a href=\"https:\/\/www.inforesidencias.com\/blog\/wp-content\/uploads\/2016\/03\/trabajador.jpg\"><img aria-describedby=\"caption-attachment-662\" decoding=\"async\" loading=\"lazy\" class=\"size-full wp-image-662\" src=\"https:\/\/www.inforesidencias.com\/blog\/wp-content\/uploads\/2016\/03\/trabajador.jpg\" alt=\"Trabajo despu\u00e9s de la jubilaci\u00f3n\" width=\"450\" height=\"406\" \/><\/a><p id=\"caption-attachment-662\" class=\"wp-caption-text\">Cada vez m\u00e1s personas optan por trabajar m\u00e1s all\u00e1 de la jubilaci\u00f3n, existen muchas opciones. \u00a0Y en algunos pa\u00edses m\u00e1s que una opci\u00f3n&#8230; es lo que hay.<\/p><\/div>\n<p>Seg\u00fan la estad\u00edstica del buscador de ofertas <a href=\"http:\/\/es.jooble.com\">Jooble<\/a>, un 10% de todos los visitantes de la web son <strong>personas mayores de 55 a\u00f1os<\/strong>. Lo que demuestra que el tema laboral es actual en cualquier edad. Para muchas personas mayores es m\u00e1s cuesti\u00f3n de mantenerse activos y sentirse necesarios en la sociedad que cuesti\u00f3n financiera.<\/p>\n<p>\u00bfY porque no utilizar los conocimientos obtenidos durante la vida aunque sea en la jubilaci\u00f3n?<\/p>\n<p>Como afirmas especialistas en la b\u00fasqueda de empleo, un alto porcentaje de ejecutivos encargados de recursos humanos, planean contratar personal a tiempo parcial, o de horarios flexibles durante el presente a\u00f1o, y este es justamente el tipo de trabajo que los jubilados prefieren cuando optan por trabajar tras la jubilaci\u00f3n.<\/p>\n<h2>Ocupaciones populares para las personas de tercera edad, as\u00ed se puede trabajar tras la jubilaci\u00f3n<\/h2>\n<ul>\n<li>Asistentes de recursos humanos<\/li>\n<li>Traductores<\/li>\n<li>Escritores independientes<\/li>\n<li>Auxiliares de biblioteca<\/li>\n<li>Gu\u00edas de museos<\/li>\n<li>Guias por ciudades para los turistas (o turismo rural)<\/li>\n<li>Facilitadores de talleres<\/li>\n<li>Voluntario<\/li>\n<li>Maestros o profesores de clases particulares<\/li>\n<\/ul>\n<p>Adem\u00e1s hemos preparado un par de ideas de c\u00f3mo realizar la capacidad productiva de las personas jubiladas. Las siguientes profesiones requieren conocimientos generales, experiencia y bastante tiempo para dedicarse a ello.<\/p>\n<h2>Iniciar un blog basado en alguna tem\u00e1tica concreta<\/h2>\n<p>Seguramente has tenido la idea de compartir con el mundo tus ideas, conocimientos o hasta propias experiencias durante los viajes, por ejemplo. Pues hoy en d\u00eda es algo posible. Hay varias formas de llevar un blog. Puedes hacer publicaciones en las redes sociales, un canal de video en youtube o crear una web con art\u00edculos y fotos. Todo lo que necesitas es buen humor, tiempo y muchas ganas para arrancarlo y que se una cada d\u00eda m\u00e1s personas interesadas. Los blogs exitosos traen dinero, nuevas posibilidades y nuevos contactos interesantes (otros bloggers, socios interesados en colaborar, fans fieles y etc.). Para empezar ser\u00eda recomendable leer una par de art\u00edculos de los bloggers famosos o ver los videos donde cuentas sus historias de \u00e9xito.<\/p>\n<h2>Consultor\u00eda tras la jubilaci\u00f3n<\/h2>\n<p>Ahora cuando no tiene importancia la posici\u00f3n de trabajo que tuvo antes de la jubilaci\u00f3n, lo que realmente importa es la carga \u00fatil de conocimientos, contactos y experiencia recibida. Es buen terreno para empezar el negocio de consultor\u00eda en torno a cualquier campo de la carrera o profesi\u00f3n. Por ejemplo, si antes eras un contador, puedes convertirte en un auditor privado. Asi puedes seguir haciendo dinero incluso despu\u00e9s de la jubilaci\u00f3n, con un asesoramiento valioso en tu \u00e1rea de especializaci\u00f3n. De hecho, las ideas de consultor\u00eda son ilimitadas. Puedes ofrecer tus servicios en casos individuales o hasta para organizaciones. Lo bueno de la consultor\u00eda es que se puedes continuar con el mismo trabajo pero con un horario mucho m\u00e1s flexible, y en propio ritmo que sea comodo para t\u00ed.<\/p>\n","protected":false},"excerpt":{"rendered":"<p>\u00bfES POSIBLE TRABAJAR TRAS\u00a0LA JUBILACI\u00d3N? \u2013 \u00a1CLARO QUE S\u00cd! Para reflexionar sobre el trabajo tras la jubilaci\u00f3n hemos invitado como bloguista invitado al portal Jooble con quien colaboramos en el apartado bolsa de trabajo de Inforesidencias.com. \u00a0Esta es su reflexi\u00f3n: Seg\u00fan la estad\u00edstica del buscador de ofertas Jooble, un 10% de todos los visitantes de la web son personas mayores de 55 a\u00f1os. Lo que demuestra que el tema laboral es actual en cualquier edad. Para muchas personas mayores es m\u00e1s cuesti\u00f3n de mantenerse activos y sentirse necesarios en la sociedad que cuesti\u00f3n financiera. \u00bfY porque no utilizar los conocimientos obtenidos durante la vida aunque sea en la jubilaci\u00f3n? Como afirmas especialistas en la b\u00fasqueda de empleo, un alto porcentaje de ejecutivos encargados de recursos humanos, planean contratar personal a tiempo parcial, o de horarios flexibles durante el presente a\u00f1o, y este es justamente el tipo de trabajo que los [&hellip;]<\/p>\n","protected":false},"author":2,"featured_media":662,"comment_status":"open","ping_status":"open","sticky":false,"template":"","format":"standard","meta":{"footnotes":""},"categories":[14],"tags":[],"yoast_head":"<!-- This site is optimized with the Yoast SEO plugin v21.7 - https:\/\/yoast.com\/wordpress\/plugins\/seo\/ -->\n<title>\u00bfSe puede trabajar tras la jubilaci\u00f3n?<\/title>\n<meta name=\"description\" content=\"Trabajar tras la jubilaci\u00f3n es una opci\u00f3n que toman muchas personas y que cada vez es m\u00e1s com\u00fan\" \/>\n<meta name=\"robots\" content=\"index, follow, max-snippet:-1, max-image-preview:large, max-video-preview:-1\" \/>\n<link rel=\"canonical\" href=\"https:\/\/www.inforesidencias.com\/blog\/index.php\/2016\/03\/21\/trabajar-tras-la-jubilacion\/\" \/>\n<meta property=\"og:locale\" content=\"es_ES\" \/>\n<meta property=\"og:type\" content=\"article\" \/>\n<meta property=\"og:title\" content=\"\u00bfSe puede trabajar tras la jubilaci\u00f3n?\" \/>\n<meta property=\"og:description\" content=\"Trabajar tras la jubilaci\u00f3n es una opci\u00f3n que toman muchas personas y que cada vez es m\u00e1s com\u00fan\" \/>\n<meta property=\"og:url\" content=\"https:\/\/www.inforesidencias.com\/blog\/index.php\/2016\/03\/21\/trabajar-tras-la-jubilacion\/\" \/>\n<meta property=\"og:site_name\" content=\"Blog Inforesidencias.com\" \/>\n<meta property=\"article:publisher\" content=\"https:\/\/www.facebook.com\/Inforesidencias\/\" \/>\n<meta property=\"article:author\" content=\"https:\/\/www.facebook.com\/josep.demarti\" \/>\n<meta property=\"article:published_time\" content=\"2016-03-21T16:06:17+00:00\" \/>\n<meta property=\"article:modified_time\" content=\"2016-03-21T16:15:56+00:00\" \/>\n<meta property=\"og:image\" content=\"https:\/\/www.inforesidencias.com\/blog\/wp-content\/uploads\/2016\/03\/trabajador.jpg\" \/>\n\t<meta property=\"og:image:width\" content=\"450\" \/>\n\t<meta property=\"og:image:height\" content=\"406\" \/>\n\t<meta property=\"og:image:type\" content=\"image\/jpeg\" \/>\n<meta name=\"author\" content=\"Josep de Mart\u00ed\" \/>\n<meta name=\"twitter:card\" content=\"summary_large_image\" \/>\n<meta name=\"twitter:creator\" content=\"@blog-ir\" \/>\n<meta name=\"twitter:site\" content=\"@inforesidencias\" \/>\n<meta name=\"twitter:label1\" content=\"Escrito por\" \/>\n\t<meta name=\"twitter:data1\" content=\"Josep de Mart\u00ed\" \/>\n\t<meta name=\"twitter:label2\" content=\"Tiempo de lectura\" \/>\n\t<meta name=\"twitter:data2\" content=\"3 minutos\" \/>\n<script type=\"application\/ld+json\" class=\"yoast-schema-graph\">{\"@context\":\"https:\/\/schema.org\",\"@graph\":[{\"@type\":\"WebPage\",\"@id\":\"https:\/\/www.inforesidencias.com\/blog\/index.php\/2016\/03\/21\/trabajar-tras-la-jubilacion\/\",\"url\":\"https:\/\/www.inforesidencias.com\/blog\/index.php\/2016\/03\/21\/trabajar-tras-la-jubilacion\/\",\"name\":\"\u00bfSe puede trabajar tras la jubilaci\u00f3n?\",\"isPartOf\":{\"@id\":\"https:\/\/www.inforesidencias.com\/blog\/#website\"},\"datePublished\":\"2016-03-21T16:06:17+00:00\",\"dateModified\":\"2016-03-21T16:15:56+00:00\",\"author\":{\"@id\":\"https:\/\/www.inforesidencias.com\/blog\/#\/schema\/person\/9e146774d1eb3bc1c0316242a3898628\"},\"description\":\"Trabajar tras la jubilaci\u00f3n es una opci\u00f3n que toman muchas personas y que cada vez es m\u00e1s com\u00fan\",\"breadcrumb\":{\"@id\":\"https:\/\/www.inforesidencias.com\/blog\/index.php\/2016\/03\/21\/trabajar-tras-la-jubilacion\/#breadcrumb\"},\"inLanguage\":\"es\",\"potentialAction\":[{\"@type\":\"ReadAction\",\"target\":[\"https:\/\/www.inforesidencias.com\/blog\/index.php\/2016\/03\/21\/trabajar-tras-la-jubilacion\/\"]}]},{\"@type\":\"BreadcrumbList\",\"@id\":\"https:\/\/www.inforesidencias.com\/blog\/index.php\/2016\/03\/21\/trabajar-tras-la-jubilacion\/#breadcrumb\",\"itemListElement\":[{\"@type\":\"ListItem\",\"position\":1,\"name\":\"Home\",\"item\":\"https:\/\/www.inforesidencias.com\/blog\/\"},{\"@type\":\"ListItem\",\"position\":2,\"name\":\"\u00bfEs posible trabajar m\u00e1s all\u00e1 de la jubilaci\u00f3n? \u00a1Claro que s\u00ed!\"}]},{\"@type\":\"WebSite\",\"@id\":\"https:\/\/www.inforesidencias.com\/blog\/#website\",\"url\":\"https:\/\/www.inforesidencias.com\/blog\/\",\"name\":\"Blog Inforesidencias.com\",\"description\":\"El buscador de residencias de la 3\u00aa edad\",\"potentialAction\":[{\"@type\":\"SearchAction\",\"target\":{\"@type\":\"EntryPoint\",\"urlTemplate\":\"https:\/\/www.inforesidencias.com\/blog\/?s={search_term_string}\"},\"query-input\":\"required name=search_term_string\"}],\"inLanguage\":\"es\"},{\"@type\":\"Person\",\"@id\":\"https:\/\/www.inforesidencias.com\/blog\/#\/schema\/person\/9e146774d1eb3bc1c0316242a3898628\",\"name\":\"Josep de Mart\u00ed\",\"image\":{\"@type\":\"ImageObject\",\"inLanguage\":\"es\",\"@id\":\"https:\/\/www.inforesidencias.com\/blog\/#\/schema\/person\/image\/\",\"url\":\"https:\/\/secure.gravatar.com\/avatar\/de0302c4806c00c4cebff396a798c1ff?s=96&d=mm&r=g\",\"contentUrl\":\"https:\/\/secure.gravatar.com\/avatar\/de0302c4806c00c4cebff396a798c1ff?s=96&d=mm&r=g\",\"caption\":\"Josep de Mart\u00ed\"},\"sameAs\":[\"https:\/\/www.inforesidencias.com\",\"https:\/\/www.facebook.com\/josep.demarti\",\"https:\/\/twitter.com\/blog-ir\"],\"url\":\"https:\/\/www.inforesidencias.com\/blog\/index.php\/author\/josepdemarti\/\"}]}<\/script>\n<!-- \/ Yoast SEO plugin. -->","yoast_head_json":{"title":"\u00bfSe puede trabajar tras la jubilaci\u00f3n?","description":"Trabajar tras la jubilaci\u00f3n es una opci\u00f3n que toman muchas personas y que cada vez es m\u00e1s com\u00fan","robots":{"index":"index","follow":"follow","max-snippet":"max-snippet:-1","max-image-preview":"max-image-preview:large","max-video-preview":"max-video-preview:-1"},"canonical":"https:\/\/www.inforesidencias.com\/blog\/index.php\/2016\/03\/21\/trabajar-tras-la-jubilacion\/","og_locale":"es_ES","og_type":"article","og_title":"\u00bfSe puede trabajar tras la jubilaci\u00f3n?","og_description":"Trabajar tras la jubilaci\u00f3n es una opci\u00f3n que toman muchas personas y que cada vez es m\u00e1s com\u00fan","og_url":"https:\/\/www.inforesidencias.com\/blog\/index.php\/2016\/03\/21\/trabajar-tras-la-jubilacion\/","og_site_name":"Blog Inforesidencias.com","article_publisher":"https:\/\/www.facebook.com\/Inforesidencias\/","article_author":"https:\/\/www.facebook.com\/josep.demarti","article_published_time":"2016-03-21T16:06:17+00:00","article_modified_time":"2016-03-21T16:15:56+00:00","og_image":[{"width":450,"height":406,"url":"https:\/\/www.inforesidencias.com\/blog\/wp-content\/uploads\/2016\/03\/trabajador.jpg","type":"image\/jpeg"}],"author":"Josep de Mart\u00ed","twitter_card":"summary_large_image","twitter_creator":"@blog-ir","twitter_site":"@inforesidencias","twitter_misc":{"Escrito por":"Josep de Mart\u00ed","Tiempo de lectura":"3 minutos"},"schema":{"@context":"https:\/\/schema.org","@graph":[{"@type":"WebPage","@id":"https:\/\/www.inforesidencias.com\/blog\/index.php\/2016\/03\/21\/trabajar-tras-la-jubilacion\/","url":"https:\/\/www.inforesidencias.com\/blog\/index.php\/2016\/03\/21\/trabajar-tras-la-jubilacion\/","name":"\u00bfSe puede trabajar tras la jubilaci\u00f3n?","isPartOf":{"@id":"https:\/\/www.inforesidencias.com\/blog\/#website"},"datePublished":"2016-03-21T16:06:17+00:00","dateModified":"2016-03-21T16:15:56+00:00","author":{"@id":"https:\/\/www.inforesidencias.com\/blog\/#\/schema\/person\/9e146774d1eb3bc1c0316242a3898628"},"description":"Trabajar tras la jubilaci\u00f3n es una opci\u00f3n que toman muchas personas y que cada vez es m\u00e1s com\u00fan","breadcrumb":{"@id":"https:\/\/www.inforesidencias.com\/blog\/index.php\/2016\/03\/21\/trabajar-tras-la-jubilacion\/#breadcrumb"},"inLanguage":"es","potentialAction":[{"@type":"ReadAction","target":["https:\/\/www.inforesidencias.com\/blog\/index.php\/2016\/03\/21\/trabajar-tras-la-jubilacion\/"]}]},{"@type":"BreadcrumbList","@id":"https:\/\/www.inforesidencias.com\/blog\/index.php\/2016\/03\/21\/trabajar-tras-la-jubilacion\/#breadcrumb","itemListElement":[{"@type":"ListItem","position":1,"name":"Home","item":"https:\/\/www.inforesidencias.com\/blog\/"},{"@type":"ListItem","position":2,"name":"\u00bfEs posible trabajar m\u00e1s all\u00e1 de la jubilaci\u00f3n? \u00a1Claro que s\u00ed!"}]},{"@type":"WebSite","@id":"https:\/\/www.inforesidencias.com\/blog\/#website","url":"https:\/\/www.inforesidencias.com\/blog\/","name":"Blog Inforesidencias.com","description":"El buscador de residencias de la 3\u00aa edad","potentialAction":[{"@type":"SearchAction","target":{"@type":"EntryPoint","urlTemplate":"https:\/\/www.inforesidencias.com\/blog\/?s={search_term_string}"},"query-input":"required name=search_term_string"}],"inLanguage":"es"},{"@type":"Person","@id":"https:\/\/www.inforesidencias.com\/blog\/#\/schema\/person\/9e146774d1eb3bc1c0316242a3898628","name":"Josep de Mart\u00ed","image":{"@type":"ImageObject","inLanguage":"es","@id":"https:\/\/www.inforesidencias.com\/blog\/#\/schema\/person\/image\/","url":"https:\/\/secure.gravatar.com\/avatar\/de0302c4806c00c4cebff396a798c1ff?s=96&d=mm&r=g","contentUrl":"https:\/\/secure.gravatar.com\/avatar\/de0302c4806c00c4cebff396a798c1ff?s=96&d=mm&r=g","caption":"Josep de Mart\u00ed"},"sameAs":["https:\/\/www.inforesidencias.com","https:\/\/www.facebook.com\/josep.demarti","https:\/\/twitter.com\/blog-ir"],"url":"https:\/\/www.inforesidencias.com\/blog\/index.php\/author\/josepdemarti\/"}]}},"_links":{"self":[{"href":"https:\/\/www.inforesidencias.com\/blog\/index.php\/wp-json\/wp\/v2\/posts\/659"}],"collection":[{"href":"https:\/\/www.inforesidencias.com\/blog\/index.php\/wp-json\/wp\/v2\/posts"}],"about":[{"href":"https:\/\/www.inforesidencias.com\/blog\/index.php\/wp-json\/wp\/v2\/types\/post"}],"author":[{"embeddable":true,"href":"https:\/\/www.inforesidencias.com\/blog\/index.php\/wp-json\/wp\/v2\/users\/2"}],"replies":[{"embeddable":true,"href":"https:\/\/www.inforesidencias.com\/blog\/index.php\/wp-json\/wp\/v2\/comments?post=659"}],"version-history":[{"count":6,"href":"https:\/\/www.inforesidencias.com\/blog\/index.php\/wp-json\/wp\/v2\/posts\/659\/revisions"}],"predecessor-version":[{"id":666,"href":"https:\/\/www.inforesidencias.com\/blog\/index.php\/wp-json\/wp\/v2\/posts\/659\/revisions\/666"}],"wp:featuredmedia":[{"embeddable":true,"href":"https:\/\/www.inforesidencias.com\/blog\/index.php\/wp-json\/wp\/v2\/media\/662"}],"wp:attachment":[{"href":"https:\/\/www.inforesidencias.com\/blog\/index.php\/wp-json\/wp\/v2\/media?parent=659"}],"wp:term":[{"taxonomy":"category","embeddable":true,"href":"https:\/\/www.inforesidencias.com\/blog\/index.php\/wp-json\/wp\/v2\/categories?post=659"},{"taxonomy":"post_tag","embeddable":true,"href":"https:\/\/www.inforesidencias.com\/blog\/index.php\/wp-json\/wp\/v2\/tags?post=659"}],"curies":[{"name":"wp","href":"https:\/\/api.w.org\/{rel}","templated":true}]}}