{"id":6591,"date":"2023-06-13T08:25:00","date_gmt":"2023-06-13T07:25:00","guid":{"rendered":"https:\/\/www.inforesidencias.com\/blog\/?p=6591"},"modified":"2023-06-07T15:27:11","modified_gmt":"2023-06-07T14:27:11","slug":"compra-venta-de-residencias-de-personas-mayores-es-buen-momento-para-comprar-o-vender","status":"publish","type":"post","link":"https:\/\/www.inforesidencias.com\/blog\/index.php\/2023\/06\/13\/compra-venta-de-residencias-de-personas-mayores-es-buen-momento-para-comprar-o-vender\/","title":{"rendered":"Compra-venta de residencias de personas mayores. \u00bfEs buen momento para comprar o vender?"},"content":{"rendered":"\n<p><\/p>\n\n\n\n<p>La compra-venta de residencias de personas mayores est\u00e1 experimentando un crecimiento en los \u00faltimos tiempos debido a varios factores. Por un lado, se observa una falta de relevo generacional, ya que hay menos hijos y estos muestran menos inter\u00e9s en trabajar en un sector que requiere una dedicaci\u00f3n considerable. Por otro lado, muchos propietarios consideran que es un buen momento para vender.<\/p>\n\n\n\n<p>En Espa\u00f1a, aproximadamente el 18% de la poblaci\u00f3n tiene m\u00e1s de 65 a\u00f1os, y alrededor del 6% de las personas mayores requieren cuidados en residencias geri\u00e1tricas o centros de d\u00eda para la tercera edad. La actual tendencia en el mercado de venta de residencias muestra un aumento en la disposici\u00f3n de los propietarios para traspasar sus negocios. Esto se evidencia en las llamadas y correos electr\u00f3nicos que recibimos en Geri\u00e1tricos.info, donde la mayor\u00eda de los gerentes de residencias desean conocer el estado actual del mercado, ya sea para determinar si es un momento propicio para la venta o para obtener informaci\u00f3n sobre el valor de su negocio. Las llamadas telef\u00f3nicas que tenemos con los propietarios tambi\u00e9n permiten conocer los motivos de la venta. Actualmente, muchos propietarios indican que sus residencias tienen una ocupaci\u00f3n del 90% o m\u00e1s.<\/p>\n\n\n\n<p>En esta linea hay que destacar el hecho que muchos propietarios llevan dedicados al sector durante 15, 20 o m\u00e1s a\u00f1os, con una gran dedicaci\u00f3n y disponibilidad, incluso haciendo frente el agotamiento f\u00edsico y mental que ha supuesto la pandemia. Ahora consideran que es el momento de dar paso a una nueva generaci\u00f3n. Sin embargo, actualmente no muchos hijos u otros familiares desean asumir la responsabilidad y dedicaci\u00f3n que implica trabajar en una residencia de mayores. Aunque han estado involucrados en actividades en la residencia desde temprana edad, optan por seguir otros caminos profesionales.<\/p>\n\n\n<div class=\"wp-block-image\">\n<figure class=\"aligncenter size-large is-resized\"><a href=\"https:\/\/www.inforesidencias.com\/blog\/wp-content\/uploads\/2023\/06\/Compra-venta-de-residencias-de-personas-mayores.png\"><img decoding=\"async\" loading=\"lazy\" src=\"https:\/\/www.inforesidencias.com\/blog\/wp-content\/uploads\/2023\/06\/Compra-venta-de-residencias-de-personas-mayores-1024x594.png\" alt=\"\" class=\"wp-image-6596\" width=\"405\" height=\"236\" srcset=\"https:\/\/www.inforesidencias.com\/blog\/wp-content\/uploads\/2023\/06\/Compra-venta-de-residencias-de-personas-mayores-1024x594.png 1024w, https:\/\/www.inforesidencias.com\/blog\/wp-content\/uploads\/2023\/06\/Compra-venta-de-residencias-de-personas-mayores-300x174.png 300w, https:\/\/www.inforesidencias.com\/blog\/wp-content\/uploads\/2023\/06\/Compra-venta-de-residencias-de-personas-mayores-768x445.png 768w, https:\/\/www.inforesidencias.com\/blog\/wp-content\/uploads\/2023\/06\/Compra-venta-de-residencias-de-personas-mayores-1536x890.png 1536w, https:\/\/www.inforesidencias.com\/blog\/wp-content\/uploads\/2023\/06\/Compra-venta-de-residencias-de-personas-mayores.png 1556w\" sizes=\"(max-width: 405px) 100vw, 405px\" \/><\/a><\/figure><\/div>\n\n\n<p><\/p>\n\n\n\n<p>La falta de relevo generacional se debe, en parte, a la disminuci\u00f3n en el n\u00famero de hijos por familia y al cambio en las prioridades de los j\u00f3venes, quienes valoran m\u00e1s su vida familiar y social. Dirigir una residencia implica una responsabilidad de 24 horas al d\u00eda, lo cual es especialmente evidente en residencias peque\u00f1as, que suelen considerarse un autoempleo, donde el due\u00f1o o due\u00f1a tambi\u00e9n suele ser el director o directora.<\/p>\n\n\n\n<p>Pero esto es algo que no solo pasa con los servicios gerontol\u00f3gicos sino tambi\u00e9n en otros negocios familiares, como los bares, donde ha disminuido el inter\u00e9s de las nuevas generaciones debido a la intensidad y sacrificio que implica el trabajo.  As\u00ed pues, en el caso de las residencias peque\u00f1as, se observa una tendencia similar.<\/p>\n\n\n\n<p>La falta de atractivo del sector para las nuevas generaciones se atribuye a la naturaleza vocacional del trabajo en una residencia para personas mayores, donde se deben atender m\u00faltiples tareas para brindar un buen servicio y trato. No es una novedad que muchos j\u00f3venes prefieren trabajos con horarios acotados y no dedicar m\u00e1s de 8 o 9 horas diarias al trabajo. Como resultado, cada vez m\u00e1s gerentes recurren a empresas de intermediaci\u00f3n, como Geri\u00e1tricos.info.<\/p>\n\n\n\n<h2 class=\"wp-block-heading\">Entonces \u00bfes un buen momento para vender?<\/h2>\n\n\n\n<p>El a\u00f1o 2023 es un buen momento para traspasar una residencia debido al aumento proyectado en la poblaci\u00f3n mayor de 65 a\u00f1os en los pr\u00f3ximos a\u00f1os, lo que genera mayor inter\u00e9s y demanda de compra de residencias. Desde <a href=\"http:\/\/www.geriatricos.info\/\">Geri\u00e1tricos.info<\/a> ofrecemos un servicio de b\u00fasqueda de compradores para las residencias que est\u00e1n en venta o traspaso, actuando como facilitadores en el proceso. Nuestra m\u00e1xima prioridad es  la confidencialidad y se solicita a compradores y vendedores que firmen acuerdos de confidencialidad antes de recibir informaci\u00f3n. Los interesados reciben un perfil ciego con detalles generales para evaluar la operaci\u00f3n antes de proporcionar informaci\u00f3n espec\u00edfica y programar una visita a la residencia. En todo este proceso que dura varios meses hay que darle mucha importancia al hecho decomprender las expectativas y perspectivas de ambas partes en las transacciones de compra-venta de residencias.<\/p>\n\n\n\n<p><\/p>\n\n\n\n<p>Relacionado con la compra-venta de residencias de personas mayores, te puede resultar interesante:<\/p>\n\n\n\n<ul>\n<li><a href=\"https:\/\/www.inforesidencias.com\/contenidos\/zonas-y-precios-de-residencias\">Precio de las plazas de residencia geri\u00e1trica en distintas zonas de Espa\u00f1a<\/a><\/li>\n\n\n\n<li><a href=\"https:\/\/eaitalento.com\/\" target=\"_blank\" rel=\"noreferrer noopener\">EAI Talento. Te ayudamos a encontrar director\/a para tu residencia<\/a><\/li>\n<\/ul>\n","protected":false},"excerpt":{"rendered":"<p>La compra-venta de residencias de personas mayores est\u00e1 experimentando un crecimiento en los \u00faltimos tiempos debido a varios factores. Por un lado, se observa una falta de relevo generacional, ya que hay menos hijos y estos muestran menos inter\u00e9s en trabajar en un sector que requiere una dedicaci\u00f3n considerable. Por otro lado, muchos propietarios consideran que es un buen momento para vender. En Espa\u00f1a, aproximadamente el 18% de la poblaci\u00f3n tiene m\u00e1s de 65 a\u00f1os, y alrededor del 6% de las personas mayores requieren cuidados en residencias geri\u00e1tricas o centros de d\u00eda para la tercera edad. La actual tendencia en el mercado de venta de residencias muestra un aumento en la disposici\u00f3n de los propietarios para traspasar sus negocios. Esto se evidencia en las llamadas y correos electr\u00f3nicos que recibimos en Geri\u00e1tricos.info, donde la mayor\u00eda de los gerentes de residencias desean conocer el estado actual del mercado, ya sea para [&hellip;]<\/p>\n","protected":false},"author":2,"featured_media":6596,"comment_status":"open","ping_status":"open","sticky":false,"template":"","format":"standard","meta":{"footnotes":""},"categories":[1],"tags":[],"yoast_head":"<!-- This site is optimized with the Yoast SEO plugin v21.7 - https:\/\/yoast.com\/wordpress\/plugins\/seo\/ -->\n<title>Compra-venta de residencias de personas mayores. \u00bfEs buen momento para comprar o vender? - Blog Inforesidencias.com<\/title>\n<meta name=\"description\" content=\"Analizamos la situaci\u00f3n del mercado de compra-venta de residencias de personas mayores de peque\u00f1o y mediano tama\u00f1o en 2023\" \/>\n<meta name=\"robots\" content=\"index, follow, max-snippet:-1, max-image-preview:large, max-video-preview:-1\" \/>\n<link rel=\"canonical\" href=\"https:\/\/www.inforesidencias.com\/blog\/index.php\/2023\/06\/13\/compra-venta-de-residencias-de-personas-mayores-es-buen-momento-para-comprar-o-vender\/\" \/>\n<meta property=\"og:locale\" content=\"es_ES\" \/>\n<meta property=\"og:type\" content=\"article\" \/>\n<meta property=\"og:title\" content=\"Compra-venta de residencias de personas mayores. \u00bfEs buen momento para comprar o vender? - Blog Inforesidencias.com\" \/>\n<meta property=\"og:description\" content=\"Analizamos la situaci\u00f3n del mercado de compra-venta de residencias de personas mayores de peque\u00f1o y mediano tama\u00f1o en 2023\" \/>\n<meta property=\"og:url\" content=\"https:\/\/www.inforesidencias.com\/blog\/index.php\/2023\/06\/13\/compra-venta-de-residencias-de-personas-mayores-es-buen-momento-para-comprar-o-vender\/\" \/>\n<meta property=\"og:site_name\" content=\"Blog Inforesidencias.com\" \/>\n<meta property=\"article:publisher\" content=\"https:\/\/www.facebook.com\/Inforesidencias\/\" \/>\n<meta property=\"article:author\" content=\"https:\/\/www.facebook.com\/josep.demarti\" \/>\n<meta property=\"article:published_time\" content=\"2023-06-13T07:25:00+00:00\" \/>\n<meta property=\"article:modified_time\" content=\"2023-06-07T14:27:11+00:00\" \/>\n<meta property=\"og:image\" content=\"https:\/\/www.inforesidencias.com\/blog\/wp-content\/uploads\/2023\/06\/Compra-venta-de-residencias-de-personas-mayores.png\" \/>\n\t<meta property=\"og:image:width\" content=\"1556\" \/>\n\t<meta property=\"og:image:height\" content=\"902\" \/>\n\t<meta property=\"og:image:type\" content=\"image\/png\" \/>\n<meta name=\"author\" content=\"Josep de Mart\u00ed\" \/>\n<meta name=\"twitter:card\" content=\"summary_large_image\" \/>\n<meta name=\"twitter:creator\" content=\"@blog-ir\" \/>\n<meta name=\"twitter:site\" content=\"@inforesidencias\" \/>\n<meta name=\"twitter:label1\" content=\"Escrito por\" \/>\n\t<meta name=\"twitter:data1\" content=\"Josep de Mart\u00ed\" \/>\n\t<meta name=\"twitter:label2\" content=\"Tiempo de lectura\" \/>\n\t<meta name=\"twitter:data2\" content=\"4 minutos\" \/>\n<script type=\"application\/ld+json\" class=\"yoast-schema-graph\">{\"@context\":\"https:\/\/schema.org\",\"@graph\":[{\"@type\":\"WebPage\",\"@id\":\"https:\/\/www.inforesidencias.com\/blog\/index.php\/2023\/06\/13\/compra-venta-de-residencias-de-personas-mayores-es-buen-momento-para-comprar-o-vender\/\",\"url\":\"https:\/\/www.inforesidencias.com\/blog\/index.php\/2023\/06\/13\/compra-venta-de-residencias-de-personas-mayores-es-buen-momento-para-comprar-o-vender\/\",\"name\":\"Compra-venta de residencias de personas mayores. \u00bfEs buen momento para comprar o vender? - Blog Inforesidencias.com\",\"isPartOf\":{\"@id\":\"https:\/\/www.inforesidencias.com\/blog\/#website\"},\"datePublished\":\"2023-06-13T07:25:00+00:00\",\"dateModified\":\"2023-06-07T14:27:11+00:00\",\"author\":{\"@id\":\"https:\/\/www.inforesidencias.com\/blog\/#\/schema\/person\/9e146774d1eb3bc1c0316242a3898628\"},\"description\":\"Analizamos la situaci\u00f3n del mercado de compra-venta de residencias de personas mayores de peque\u00f1o y mediano tama\u00f1o en 2023\",\"breadcrumb\":{\"@id\":\"https:\/\/www.inforesidencias.com\/blog\/index.php\/2023\/06\/13\/compra-venta-de-residencias-de-personas-mayores-es-buen-momento-para-comprar-o-vender\/#breadcrumb\"},\"inLanguage\":\"es\",\"potentialAction\":[{\"@type\":\"ReadAction\",\"target\":[\"https:\/\/www.inforesidencias.com\/blog\/index.php\/2023\/06\/13\/compra-venta-de-residencias-de-personas-mayores-es-buen-momento-para-comprar-o-vender\/\"]}]},{\"@type\":\"BreadcrumbList\",\"@id\":\"https:\/\/www.inforesidencias.com\/blog\/index.php\/2023\/06\/13\/compra-venta-de-residencias-de-personas-mayores-es-buen-momento-para-comprar-o-vender\/#breadcrumb\",\"itemListElement\":[{\"@type\":\"ListItem\",\"position\":1,\"name\":\"Home\",\"item\":\"https:\/\/www.inforesidencias.com\/blog\/\"},{\"@type\":\"ListItem\",\"position\":2,\"name\":\"Compra-venta de residencias de personas mayores. \u00bfEs buen momento para comprar o vender?\"}]},{\"@type\":\"WebSite\",\"@id\":\"https:\/\/www.inforesidencias.com\/blog\/#website\",\"url\":\"https:\/\/www.inforesidencias.com\/blog\/\",\"name\":\"Blog Inforesidencias.com\",\"description\":\"El buscador de residencias de la 3\u00aa edad\",\"potentialAction\":[{\"@type\":\"SearchAction\",\"target\":{\"@type\":\"EntryPoint\",\"urlTemplate\":\"https:\/\/www.inforesidencias.com\/blog\/?s={search_term_string}\"},\"query-input\":\"required name=search_term_string\"}],\"inLanguage\":\"es\"},{\"@type\":\"Person\",\"@id\":\"https:\/\/www.inforesidencias.com\/blog\/#\/schema\/person\/9e146774d1eb3bc1c0316242a3898628\",\"name\":\"Josep de Mart\u00ed\",\"image\":{\"@type\":\"ImageObject\",\"inLanguage\":\"es\",\"@id\":\"https:\/\/www.inforesidencias.com\/blog\/#\/schema\/person\/image\/\",\"url\":\"https:\/\/secure.gravatar.com\/avatar\/de0302c4806c00c4cebff396a798c1ff?s=96&d=mm&r=g\",\"contentUrl\":\"https:\/\/secure.gravatar.com\/avatar\/de0302c4806c00c4cebff396a798c1ff?s=96&d=mm&r=g\",\"caption\":\"Josep de Mart\u00ed\"},\"sameAs\":[\"https:\/\/www.inforesidencias.com\",\"https:\/\/www.facebook.com\/josep.demarti\",\"https:\/\/twitter.com\/blog-ir\"],\"url\":\"https:\/\/www.inforesidencias.com\/blog\/index.php\/author\/josepdemarti\/\"}]}<\/script>\n<!-- \/ Yoast SEO plugin. -->","yoast_head_json":{"title":"Compra-venta de residencias de personas mayores. \u00bfEs buen momento para comprar o vender? - Blog Inforesidencias.com","description":"Analizamos la situaci\u00f3n del mercado de compra-venta de residencias de personas mayores de peque\u00f1o y mediano tama\u00f1o en 2023","robots":{"index":"index","follow":"follow","max-snippet":"max-snippet:-1","max-image-preview":"max-image-preview:large","max-video-preview":"max-video-preview:-1"},"canonical":"https:\/\/www.inforesidencias.com\/blog\/index.php\/2023\/06\/13\/compra-venta-de-residencias-de-personas-mayores-es-buen-momento-para-comprar-o-vender\/","og_locale":"es_ES","og_type":"article","og_title":"Compra-venta de residencias de personas mayores. \u00bfEs buen momento para comprar o vender? - Blog Inforesidencias.com","og_description":"Analizamos la situaci\u00f3n del mercado de compra-venta de residencias de personas mayores de peque\u00f1o y mediano tama\u00f1o en 2023","og_url":"https:\/\/www.inforesidencias.com\/blog\/index.php\/2023\/06\/13\/compra-venta-de-residencias-de-personas-mayores-es-buen-momento-para-comprar-o-vender\/","og_site_name":"Blog Inforesidencias.com","article_publisher":"https:\/\/www.facebook.com\/Inforesidencias\/","article_author":"https:\/\/www.facebook.com\/josep.demarti","article_published_time":"2023-06-13T07:25:00+00:00","article_modified_time":"2023-06-07T14:27:11+00:00","og_image":[{"width":1556,"height":902,"url":"https:\/\/www.inforesidencias.com\/blog\/wp-content\/uploads\/2023\/06\/Compra-venta-de-residencias-de-personas-mayores.png","type":"image\/png"}],"author":"Josep de Mart\u00ed","twitter_card":"summary_large_image","twitter_creator":"@blog-ir","twitter_site":"@inforesidencias","twitter_misc":{"Escrito por":"Josep de Mart\u00ed","Tiempo de lectura":"4 minutos"},"schema":{"@context":"https:\/\/schema.org","@graph":[{"@type":"WebPage","@id":"https:\/\/www.inforesidencias.com\/blog\/index.php\/2023\/06\/13\/compra-venta-de-residencias-de-personas-mayores-es-buen-momento-para-comprar-o-vender\/","url":"https:\/\/www.inforesidencias.com\/blog\/index.php\/2023\/06\/13\/compra-venta-de-residencias-de-personas-mayores-es-buen-momento-para-comprar-o-vender\/","name":"Compra-venta de residencias de personas mayores. \u00bfEs buen momento para comprar o vender? - Blog Inforesidencias.com","isPartOf":{"@id":"https:\/\/www.inforesidencias.com\/blog\/#website"},"datePublished":"2023-06-13T07:25:00+00:00","dateModified":"2023-06-07T14:27:11+00:00","author":{"@id":"https:\/\/www.inforesidencias.com\/blog\/#\/schema\/person\/9e146774d1eb3bc1c0316242a3898628"},"description":"Analizamos la situaci\u00f3n del mercado de compra-venta de residencias de personas mayores de peque\u00f1o y mediano tama\u00f1o en 2023","breadcrumb":{"@id":"https:\/\/www.inforesidencias.com\/blog\/index.php\/2023\/06\/13\/compra-venta-de-residencias-de-personas-mayores-es-buen-momento-para-comprar-o-vender\/#breadcrumb"},"inLanguage":"es","potentialAction":[{"@type":"ReadAction","target":["https:\/\/www.inforesidencias.com\/blog\/index.php\/2023\/06\/13\/compra-venta-de-residencias-de-personas-mayores-es-buen-momento-para-comprar-o-vender\/"]}]},{"@type":"BreadcrumbList","@id":"https:\/\/www.inforesidencias.com\/blog\/index.php\/2023\/06\/13\/compra-venta-de-residencias-de-personas-mayores-es-buen-momento-para-comprar-o-vender\/#breadcrumb","itemListElement":[{"@type":"ListItem","position":1,"name":"Home","item":"https:\/\/www.inforesidencias.com\/blog\/"},{"@type":"ListItem","position":2,"name":"Compra-venta de residencias de personas mayores. \u00bfEs buen momento para comprar o vender?"}]},{"@type":"WebSite","@id":"https:\/\/www.inforesidencias.com\/blog\/#website","url":"https:\/\/www.inforesidencias.com\/blog\/","name":"Blog Inforesidencias.com","description":"El buscador de residencias de la 3\u00aa edad","potentialAction":[{"@type":"SearchAction","target":{"@type":"EntryPoint","urlTemplate":"https:\/\/www.inforesidencias.com\/blog\/?s={search_term_string}"},"query-input":"required name=search_term_string"}],"inLanguage":"es"},{"@type":"Person","@id":"https:\/\/www.inforesidencias.com\/blog\/#\/schema\/person\/9e146774d1eb3bc1c0316242a3898628","name":"Josep de Mart\u00ed","image":{"@type":"ImageObject","inLanguage":"es","@id":"https:\/\/www.inforesidencias.com\/blog\/#\/schema\/person\/image\/","url":"https:\/\/secure.gravatar.com\/avatar\/de0302c4806c00c4cebff396a798c1ff?s=96&d=mm&r=g","contentUrl":"https:\/\/secure.gravatar.com\/avatar\/de0302c4806c00c4cebff396a798c1ff?s=96&d=mm&r=g","caption":"Josep de Mart\u00ed"},"sameAs":["https:\/\/www.inforesidencias.com","https:\/\/www.facebook.com\/josep.demarti","https:\/\/twitter.com\/blog-ir"],"url":"https:\/\/www.inforesidencias.com\/blog\/index.php\/author\/josepdemarti\/"}]}},"_links":{"self":[{"href":"https:\/\/www.inforesidencias.com\/blog\/index.php\/wp-json\/wp\/v2\/posts\/6591"}],"collection":[{"href":"https:\/\/www.inforesidencias.com\/blog\/index.php\/wp-json\/wp\/v2\/posts"}],"about":[{"href":"https:\/\/www.inforesidencias.com\/blog\/index.php\/wp-json\/wp\/v2\/types\/post"}],"author":[{"embeddable":true,"href":"https:\/\/www.inforesidencias.com\/blog\/index.php\/wp-json\/wp\/v2\/users\/2"}],"replies":[{"embeddable":true,"href":"https:\/\/www.inforesidencias.com\/blog\/index.php\/wp-json\/wp\/v2\/comments?post=6591"}],"version-history":[{"count":5,"href":"https:\/\/www.inforesidencias.com\/blog\/index.php\/wp-json\/wp\/v2\/posts\/6591\/revisions"}],"predecessor-version":[{"id":6597,"href":"https:\/\/www.inforesidencias.com\/blog\/index.php\/wp-json\/wp\/v2\/posts\/6591\/revisions\/6597"}],"wp:featuredmedia":[{"embeddable":true,"href":"https:\/\/www.inforesidencias.com\/blog\/index.php\/wp-json\/wp\/v2\/media\/6596"}],"wp:attachment":[{"href":"https:\/\/www.inforesidencias.com\/blog\/index.php\/wp-json\/wp\/v2\/media?parent=6591"}],"wp:term":[{"taxonomy":"category","embeddable":true,"href":"https:\/\/www.inforesidencias.com\/blog\/index.php\/wp-json\/wp\/v2\/categories?post=6591"},{"taxonomy":"post_tag","embeddable":true,"href":"https:\/\/www.inforesidencias.com\/blog\/index.php\/wp-json\/wp\/v2\/tags?post=6591"}],"curies":[{"name":"wp","href":"https:\/\/api.w.org\/{rel}","templated":true}]}}