{"id":6645,"date":"2023-06-26T07:04:00","date_gmt":"2023-06-26T06:04:00","guid":{"rendered":"https:\/\/www.inforesidencias.com\/blog\/?p=6645"},"modified":"2023-06-20T13:55:59","modified_gmt":"2023-06-20T12:55:59","slug":"titulaciones-y-certificaciones-validas-para-trabajar-en-residencias-de-mayores","status":"publish","type":"post","link":"https:\/\/www.inforesidencias.com\/blog\/index.php\/2023\/06\/26\/titulaciones-y-certificaciones-validas-para-trabajar-en-residencias-de-mayores\/","title":{"rendered":"Titulaciones y certificaciones v\u00e1lidas para trabajar en residencias de mayores."},"content":{"rendered":"\n<p><\/p>\n\n\n\n<p> Conocer las titulaciones y certificaciones v\u00e1lidas para trabajar en residencias de mayores, centros de d\u00eda  ySAD&#8217;S,. Este es el objetivo de este art\u00edculo. Si por ejemplo eres el responsable de la contrataci\u00f3n de personal en la residencia para mayores en la que trabajas (o que diriges) o bien si eres una persona que busca empleo en residencias, centros de d\u00eda o SAD, sigue leyendo ya que como dec\u00edamos, repasamos los requisitos de formaci\u00f3n para la contrataci\u00f3n de personal auxiliar de atenci\u00f3n a personas en situaci\u00f3n de dependencia en estos servicios. <\/p>\n\n\n\n<h2 class=\"wp-block-heading\"><strong>Titulaci\u00f3n v\u00e1lida para trabajar en el sector de atenci\u00f3n a la dependencia (residencias y centros de d\u00eda):<\/strong><\/h2>\n\n\n\n<ul>\n<li>T\u00edtulo de T\u00e9cnico\/a en atenci\u00f3n a personas en situaci\u00f3n de dependencia o el t\u00edtulo equivalente de T\u00e9cnico\/a en atenci\u00f3n sociosanitaria.<\/li>\n\n\n\n<li>T\u00edtulo de T\u00e9cnico\/a en curas auxiliares de enfermer\u00eda, o los t\u00edtulos equivalentes de T\u00e9cnico auxiliar de cl\u00ednica, T\u00e9cnico auxiliar de psiquiatr\u00eda y T\u00e9cnico auxiliar de enfermer\u00eda.<\/li>\n\n\n\n<li>Certificado de profesionalidad de atenci\u00f3n sociosanitaria a personas dependientes en instituciones sociales.<\/li>\n\n\n\n<li>Certificado de profesionalidad de atenci\u00f3n sociosanitaria a personas en el domicilio (Este certificado de profesionalidad solo es v\u00e1lido para trabajar en centros residenciales y diurnos de Catalu\u00f1a).<\/li>\n<\/ul>\n\n\n\n<figure class=\"wp-block-image aligncenter size-large is-resized is-style-default\"><a href=\"https:\/\/www.inforesidencias.com\/blog\/wp-content\/uploads\/2023\/06\/Titulaciones-y-certificaciones-va\u0301lidas-para-trabajar-en-residencias.png\"><img decoding=\"async\" loading=\"lazy\" src=\"https:\/\/www.inforesidencias.com\/blog\/wp-content\/uploads\/2023\/06\/Titulaciones-y-certificaciones-va\u0301lidas-para-trabajar-en-residencias-1024x795.png\" alt=\"Titulaciones y certificaciones v\u00e1lidas para trabajar en residencias, una forma segura de encontrar empleo\n\n\" class=\"wp-image-6662\" width=\"512\" height=\"398\" srcset=\"https:\/\/www.inforesidencias.com\/blog\/wp-content\/uploads\/2023\/06\/Titulaciones-y-certificaciones-va\u0301lidas-para-trabajar-en-residencias-1024x795.png 1024w, https:\/\/www.inforesidencias.com\/blog\/wp-content\/uploads\/2023\/06\/Titulaciones-y-certificaciones-va\u0301lidas-para-trabajar-en-residencias-300x233.png 300w, https:\/\/www.inforesidencias.com\/blog\/wp-content\/uploads\/2023\/06\/Titulaciones-y-certificaciones-va\u0301lidas-para-trabajar-en-residencias-768x596.png 768w, https:\/\/www.inforesidencias.com\/blog\/wp-content\/uploads\/2023\/06\/Titulaciones-y-certificaciones-va\u0301lidas-para-trabajar-en-residencias.png 1046w\" sizes=\"(max-width: 512px) 100vw, 512px\" \/><\/a><\/figure>\n\n\n\n<p><\/p>\n\n\n\n<p><\/p>\n\n\n\n<p><\/p>\n\n\n\n<h2 class=\"wp-block-heading\"><strong>Titulaci\u00f3n v\u00e1lida para trabajar en el sector de atenci\u00f3n a la dependencia (servicios de atenci\u00f3n domiciliaria): <\/strong><\/h2>\n\n\n\n<ul>\n<li>T\u00edtulo de T\u00e9cnico\/a en atenci\u00f3n a personas en situaci\u00f3n de dependencia, o el t\u00edtulo equivalente de T\u00e9cnico\/a en atenci\u00f3n sociosanitaria.<\/li>\n\n\n\n<li>T\u00edtulo de T\u00e9cnico\/a en curas auxiliares de enfermer\u00eda, o los t\u00edtulos equivalentes de T\u00e9cnico auxiliar de cl\u00ednica, T\u00e9cnico auxiliar de psiquiatr\u00eda y T\u00e9cnico auxiliar<br>de enfermer\u00eda.<\/li>\n\n\n\n<li>Certificado de profesionalidad de atenci\u00f3n sociosanitaria a personas dependientes en instituciones sociales.<\/li>\n\n\n\n<li>Certificado de profesionalidad de atenci\u00f3n sociosanitaria a personas en el domicilio.<\/li>\n<\/ul>\n\n\n\n<p>Puede darse tambi\u00e9n la circunstancia de que, en algunos casos, alguna persona que trabaja en la residencia no tenga una titulaci\u00f3n espec\u00edfica, pero puede contar con experiencia laboral relevante y formaci\u00f3n no reconocida oficialmente. Estas personas pueden  tienen 3 alternativas para poder trabajar:<\/p>\n\n\n\n<ol>\n<li>Acreditaci\u00f3n de competencias <\/li>\n<\/ol>\n\n\n\n<p>Para poder optar a la acreditaci\u00f3n de competencias se necesita cumplir con los siguientes requisitos:<\/p>\n\n\n\n<ul>\n<li>Experiencia laboral: Deben justificar al menos 3 a\u00f1os de experiencia, con un m\u00ednimo de 2.000 horas trabajadas en total, en los \u00faltimos 15 a\u00f1os antes de la solicitud de inscripci\u00f3n.<\/li>\n<\/ul>\n\n\n\n<ul>\n<li>Formaci\u00f3n no reconocida oficialmente: Deben justificar al menos 300 horas de formaci\u00f3n en los \u00faltimos 10 a\u00f1os antes de la solicitud de inscripci\u00f3n.<\/li>\n<\/ul>\n\n\n\n<p><\/p>\n\n\n\n<p class=\"has-text-align-center\"><strong>Si ya dispones de las titulaciones y certificaciones v\u00e1lidas para trabajar en residencias pero buscas empleo, puedes acceder a la <a href=\"https:\/\/www.inforesidencias.com\/bolsa\/ofertas-de-trabajo\">bolsa trabajo de inforesidencias<\/a><\/strong><\/p>\n\n\n\n<p><\/p>\n\n\n\n<p><\/p>\n\n\n\n<p><\/p>\n\n\n\n<p>2. Habilitaci\u00f3n excepcional<\/p>\n\n\n\n<p>\u00bfQu\u00e9 es?<\/p>\n\n\n\n<p>La habilitaci\u00f3n excepcional permite trabajar en la ocupaci\u00f3n solicitada hasta que finaliza la vida laboral del profesional, pero no es homologable en un t\u00edtulo oficial. Va dirigida a profesionales que puedan acreditar una experiencia laboral como auxiliar de atenci\u00f3n a personas en situaci\u00f3n de dependencia de al menos 3 a\u00f1os con un m\u00ednimo de 2.000 horas o que, en caso de que no logren este m\u00ednimo de experiencia, hayan trabajado y dispongan de un m\u00ednimo de 300 horas de formaci\u00f3n relacionada con las competencias que se quieran acreditar.<\/p>\n\n\n\n<p>Si por alg\u00fan motivo no cumples los requisitos para solicitar la habilitaci\u00f3n profesional, mira el punto 3.<\/p>\n\n\n\n<p><\/p>\n\n\n\n<p>3.  Habilitaci\u00f3n provisional<\/p>\n\n\n\n<p>A fin de solicitar la habilitaci\u00f3n provisional las personas interesadas tienen que poder acreditar experiencia laboral como auxiliar de atenci\u00f3n a personas en situaci\u00f3n de dependencia, pero que no han logrado los requisitos necesarios para solicitar la habilitaci\u00f3n excepcional. Esta experiencia ase diferencia entre centros de d\u00eda, residencias, por un lado y y  servicios de atenci\u00f3n domiciliaria (SAD) por otro lado. En cualquier caso es importante destacar que las personas que obtengan la habilitaci\u00f3n provisional se comprometen, mediante declaraci\u00f3n responsable, a participar en los procesos de evaluaci\u00f3n y acreditaci\u00f3n de la experiencia laboral que se realicen o a realizar la formaci\u00f3n vinculada a los correspondientes certificados de profesionalidad o t\u00edtulos de formaci\u00f3n profesional que se hayan iniciado con anterioridad a 31 de diciembre de 2023.<\/p>\n\n\n\n<p>Asimismo, es vital recordar que quien quiera seguir trabajando en residencias, SAD&#8217;s o centros de d\u00eda a partir del 1 de enero de 2024 deber\u00e1 contar ya con esta habilitaci\u00f3n provisional<\/p>\n\n\n\n<p>El personal que no disponga de titulaci\u00f3n, que tenga experiencia experiencia y que no disponga de acreditaci\u00f3n de competencias o alguna de las habilitaciones comentadas, podr\u00e1n trabajar si antes del 31\/12\/23 han solicitado la habilitaci\u00f3n profesional<\/p>\n\n\n\n<p>Relacionado con el trabajo en residencias  y este articulo sobre Titulaciones y certificaciones v\u00e1lidas para trabajar en residencias de ancianos y otros servicios gerontol\u00f3gicos, puede interesarte:<\/p>\n\n\n\n<ul>\n<li><a href=\"https:\/\/www.inforesidencias.com\/contenidos\/noticias\/nacional\/la-noche-en-la-residencia-para-mayores-es-un-reto-para-los-profesionales\">Trabajar de noche en un<\/a><a href=\"https:\/\/www.inforesidencias.com\/contenidos\/noticias\/nacional\/la-noche-en-la-residencia-para-mayores-es-un-reto-para-los-profesionales\" target=\"_blank\" rel=\"noreferrer noopener\">a residencia<\/a><\/li>\n\n\n\n<li><a href=\"https:\/\/www.inforesidencias.com\/blog\/index.php\/2023\/04\/20\/publicacion-de-las-tablas-salariales-del-i-convenio-de-residencias-gercat-del-2022-que-significa-esto\/\">Tablas salariales Convenio Gercat Catalu\u00f1a<\/a><\/li>\n\n\n\n<li>Si buscas <a href=\"http:\/\/www.geriatricos.info\/\">vender o traspasar tu residencia o centro de d\u00eda<\/a>, podemos ayudarte<\/li>\n<\/ul>\n\n\n\n<p>.<\/p>\n","protected":false},"excerpt":{"rendered":"<p>Conocer las titulaciones y certificaciones v\u00e1lidas para trabajar en residencias de mayores, centros de d\u00eda ySAD&#8217;S,. Este es el objetivo de este art\u00edculo. Si por ejemplo eres el responsable de la contrataci\u00f3n de personal en la residencia para mayores en la que trabajas (o que diriges) o bien si eres una persona que busca empleo en residencias, centros de d\u00eda o SAD, sigue leyendo ya que como dec\u00edamos, repasamos los requisitos de formaci\u00f3n para la contrataci\u00f3n de personal auxiliar de atenci\u00f3n a personas en situaci\u00f3n de dependencia en estos servicios. Titulaci\u00f3n v\u00e1lida para trabajar en el sector de atenci\u00f3n a la dependencia (residencias y centros de d\u00eda): Titulaci\u00f3n v\u00e1lida para trabajar en el sector de atenci\u00f3n a la dependencia (servicios de atenci\u00f3n domiciliaria): Puede darse tambi\u00e9n la circunstancia de que, en algunos casos, alguna persona que trabaja en la residencia no tenga una titulaci\u00f3n espec\u00edfica, pero puede contar con experiencia [&hellip;]<\/p>\n","protected":false},"author":2,"featured_media":6662,"comment_status":"open","ping_status":"open","sticky":false,"template":"","format":"standard","meta":{"footnotes":""},"categories":[1],"tags":[],"yoast_head":"<!-- This site is optimized with the Yoast SEO plugin v21.7 - https:\/\/yoast.com\/wordpress\/plugins\/seo\/ -->\n<title>Titulaciones y certificaciones v\u00e1lidas para trabajar en residencias de mayores. - Blog Inforesidencias.com<\/title>\n<meta name=\"description\" content=\"Repasamos cuales son las titulaciones y certificaciones v\u00e1lidas para trabajar en residencias de la tercera edad y que hacer si no las tenemos\" \/>\n<meta name=\"robots\" content=\"index, follow, max-snippet:-1, max-image-preview:large, max-video-preview:-1\" \/>\n<link rel=\"canonical\" href=\"https:\/\/www.inforesidencias.com\/blog\/index.php\/2023\/06\/26\/titulaciones-y-certificaciones-validas-para-trabajar-en-residencias-de-mayores\/\" \/>\n<meta property=\"og:locale\" content=\"es_ES\" \/>\n<meta property=\"og:type\" content=\"article\" \/>\n<meta property=\"og:title\" content=\"Titulaciones y certificaciones v\u00e1lidas para trabajar en residencias de mayores. - Blog Inforesidencias.com\" \/>\n<meta property=\"og:description\" content=\"Repasamos cuales son las titulaciones y certificaciones v\u00e1lidas para trabajar en residencias de la tercera edad y que hacer si no las tenemos\" \/>\n<meta property=\"og:url\" content=\"https:\/\/www.inforesidencias.com\/blog\/index.php\/2023\/06\/26\/titulaciones-y-certificaciones-validas-para-trabajar-en-residencias-de-mayores\/\" \/>\n<meta property=\"og:site_name\" content=\"Blog Inforesidencias.com\" \/>\n<meta property=\"article:publisher\" content=\"https:\/\/www.facebook.com\/Inforesidencias\/\" \/>\n<meta property=\"article:author\" content=\"https:\/\/www.facebook.com\/josep.demarti\" \/>\n<meta property=\"article:published_time\" content=\"2023-06-26T06:04:00+00:00\" \/>\n<meta property=\"article:modified_time\" content=\"2023-06-20T12:55:59+00:00\" \/>\n<meta property=\"og:image\" content=\"https:\/\/www.inforesidencias.com\/blog\/wp-content\/uploads\/2023\/06\/Titulaciones-y-certificaciones-va\u0301lidas-para-trabajar-en-residencias.png\" \/>\n\t<meta property=\"og:image:width\" content=\"1046\" \/>\n\t<meta property=\"og:image:height\" content=\"812\" \/>\n\t<meta property=\"og:image:type\" content=\"image\/png\" \/>\n<meta name=\"author\" content=\"Josep de Mart\u00ed\" \/>\n<meta name=\"twitter:card\" content=\"summary_large_image\" \/>\n<meta name=\"twitter:creator\" content=\"@blog-ir\" \/>\n<meta name=\"twitter:site\" content=\"@inforesidencias\" \/>\n<meta name=\"twitter:label1\" content=\"Escrito por\" \/>\n\t<meta name=\"twitter:data1\" content=\"Josep de Mart\u00ed\" \/>\n\t<meta name=\"twitter:label2\" content=\"Tiempo de lectura\" \/>\n\t<meta name=\"twitter:data2\" content=\"4 minutos\" \/>\n<script type=\"application\/ld+json\" class=\"yoast-schema-graph\">{\"@context\":\"https:\/\/schema.org\",\"@graph\":[{\"@type\":\"WebPage\",\"@id\":\"https:\/\/www.inforesidencias.com\/blog\/index.php\/2023\/06\/26\/titulaciones-y-certificaciones-validas-para-trabajar-en-residencias-de-mayores\/\",\"url\":\"https:\/\/www.inforesidencias.com\/blog\/index.php\/2023\/06\/26\/titulaciones-y-certificaciones-validas-para-trabajar-en-residencias-de-mayores\/\",\"name\":\"Titulaciones y certificaciones v\u00e1lidas para trabajar en residencias de mayores. - Blog Inforesidencias.com\",\"isPartOf\":{\"@id\":\"https:\/\/www.inforesidencias.com\/blog\/#website\"},\"datePublished\":\"2023-06-26T06:04:00+00:00\",\"dateModified\":\"2023-06-20T12:55:59+00:00\",\"author\":{\"@id\":\"https:\/\/www.inforesidencias.com\/blog\/#\/schema\/person\/9e146774d1eb3bc1c0316242a3898628\"},\"description\":\"Repasamos cuales son las titulaciones y certificaciones v\u00e1lidas para trabajar en residencias de la tercera edad y que hacer si no las tenemos\",\"breadcrumb\":{\"@id\":\"https:\/\/www.inforesidencias.com\/blog\/index.php\/2023\/06\/26\/titulaciones-y-certificaciones-validas-para-trabajar-en-residencias-de-mayores\/#breadcrumb\"},\"inLanguage\":\"es\",\"potentialAction\":[{\"@type\":\"ReadAction\",\"target\":[\"https:\/\/www.inforesidencias.com\/blog\/index.php\/2023\/06\/26\/titulaciones-y-certificaciones-validas-para-trabajar-en-residencias-de-mayores\/\"]}]},{\"@type\":\"BreadcrumbList\",\"@id\":\"https:\/\/www.inforesidencias.com\/blog\/index.php\/2023\/06\/26\/titulaciones-y-certificaciones-validas-para-trabajar-en-residencias-de-mayores\/#breadcrumb\",\"itemListElement\":[{\"@type\":\"ListItem\",\"position\":1,\"name\":\"Home\",\"item\":\"https:\/\/www.inforesidencias.com\/blog\/\"},{\"@type\":\"ListItem\",\"position\":2,\"name\":\"Titulaciones y certificaciones v\u00e1lidas para trabajar en residencias de mayores.\"}]},{\"@type\":\"WebSite\",\"@id\":\"https:\/\/www.inforesidencias.com\/blog\/#website\",\"url\":\"https:\/\/www.inforesidencias.com\/blog\/\",\"name\":\"Blog Inforesidencias.com\",\"description\":\"El buscador de residencias de la 3\u00aa edad\",\"potentialAction\":[{\"@type\":\"SearchAction\",\"target\":{\"@type\":\"EntryPoint\",\"urlTemplate\":\"https:\/\/www.inforesidencias.com\/blog\/?s={search_term_string}\"},\"query-input\":\"required name=search_term_string\"}],\"inLanguage\":\"es\"},{\"@type\":\"Person\",\"@id\":\"https:\/\/www.inforesidencias.com\/blog\/#\/schema\/person\/9e146774d1eb3bc1c0316242a3898628\",\"name\":\"Josep de Mart\u00ed\",\"image\":{\"@type\":\"ImageObject\",\"inLanguage\":\"es\",\"@id\":\"https:\/\/www.inforesidencias.com\/blog\/#\/schema\/person\/image\/\",\"url\":\"https:\/\/secure.gravatar.com\/avatar\/de0302c4806c00c4cebff396a798c1ff?s=96&d=mm&r=g\",\"contentUrl\":\"https:\/\/secure.gravatar.com\/avatar\/de0302c4806c00c4cebff396a798c1ff?s=96&d=mm&r=g\",\"caption\":\"Josep de Mart\u00ed\"},\"sameAs\":[\"https:\/\/www.inforesidencias.com\",\"https:\/\/www.facebook.com\/josep.demarti\",\"https:\/\/twitter.com\/blog-ir\"],\"url\":\"https:\/\/www.inforesidencias.com\/blog\/index.php\/author\/josepdemarti\/\"}]}<\/script>\n<!-- \/ Yoast SEO plugin. -->","yoast_head_json":{"title":"Titulaciones y certificaciones v\u00e1lidas para trabajar en residencias de mayores. - Blog Inforesidencias.com","description":"Repasamos cuales son las titulaciones y certificaciones v\u00e1lidas para trabajar en residencias de la tercera edad y que hacer si no las tenemos","robots":{"index":"index","follow":"follow","max-snippet":"max-snippet:-1","max-image-preview":"max-image-preview:large","max-video-preview":"max-video-preview:-1"},"canonical":"https:\/\/www.inforesidencias.com\/blog\/index.php\/2023\/06\/26\/titulaciones-y-certificaciones-validas-para-trabajar-en-residencias-de-mayores\/","og_locale":"es_ES","og_type":"article","og_title":"Titulaciones y certificaciones v\u00e1lidas para trabajar en residencias de mayores. - Blog Inforesidencias.com","og_description":"Repasamos cuales son las titulaciones y certificaciones v\u00e1lidas para trabajar en residencias de la tercera edad y que hacer si no las tenemos","og_url":"https:\/\/www.inforesidencias.com\/blog\/index.php\/2023\/06\/26\/titulaciones-y-certificaciones-validas-para-trabajar-en-residencias-de-mayores\/","og_site_name":"Blog Inforesidencias.com","article_publisher":"https:\/\/www.facebook.com\/Inforesidencias\/","article_author":"https:\/\/www.facebook.com\/josep.demarti","article_published_time":"2023-06-26T06:04:00+00:00","article_modified_time":"2023-06-20T12:55:59+00:00","og_image":[{"width":1046,"height":812,"url":"https:\/\/www.inforesidencias.com\/blog\/wp-content\/uploads\/2023\/06\/Titulaciones-y-certificaciones-va\u0301lidas-para-trabajar-en-residencias.png","type":"image\/png"}],"author":"Josep de Mart\u00ed","twitter_card":"summary_large_image","twitter_creator":"@blog-ir","twitter_site":"@inforesidencias","twitter_misc":{"Escrito por":"Josep de Mart\u00ed","Tiempo de lectura":"4 minutos"},"schema":{"@context":"https:\/\/schema.org","@graph":[{"@type":"WebPage","@id":"https:\/\/www.inforesidencias.com\/blog\/index.php\/2023\/06\/26\/titulaciones-y-certificaciones-validas-para-trabajar-en-residencias-de-mayores\/","url":"https:\/\/www.inforesidencias.com\/blog\/index.php\/2023\/06\/26\/titulaciones-y-certificaciones-validas-para-trabajar-en-residencias-de-mayores\/","name":"Titulaciones y certificaciones v\u00e1lidas para trabajar en residencias de mayores. - Blog Inforesidencias.com","isPartOf":{"@id":"https:\/\/www.inforesidencias.com\/blog\/#website"},"datePublished":"2023-06-26T06:04:00+00:00","dateModified":"2023-06-20T12:55:59+00:00","author":{"@id":"https:\/\/www.inforesidencias.com\/blog\/#\/schema\/person\/9e146774d1eb3bc1c0316242a3898628"},"description":"Repasamos cuales son las titulaciones y certificaciones v\u00e1lidas para trabajar en residencias de la tercera edad y que hacer si no las tenemos","breadcrumb":{"@id":"https:\/\/www.inforesidencias.com\/blog\/index.php\/2023\/06\/26\/titulaciones-y-certificaciones-validas-para-trabajar-en-residencias-de-mayores\/#breadcrumb"},"inLanguage":"es","potentialAction":[{"@type":"ReadAction","target":["https:\/\/www.inforesidencias.com\/blog\/index.php\/2023\/06\/26\/titulaciones-y-certificaciones-validas-para-trabajar-en-residencias-de-mayores\/"]}]},{"@type":"BreadcrumbList","@id":"https:\/\/www.inforesidencias.com\/blog\/index.php\/2023\/06\/26\/titulaciones-y-certificaciones-validas-para-trabajar-en-residencias-de-mayores\/#breadcrumb","itemListElement":[{"@type":"ListItem","position":1,"name":"Home","item":"https:\/\/www.inforesidencias.com\/blog\/"},{"@type":"ListItem","position":2,"name":"Titulaciones y certificaciones v\u00e1lidas para trabajar en residencias de mayores."}]},{"@type":"WebSite","@id":"https:\/\/www.inforesidencias.com\/blog\/#website","url":"https:\/\/www.inforesidencias.com\/blog\/","name":"Blog Inforesidencias.com","description":"El buscador de residencias de la 3\u00aa edad","potentialAction":[{"@type":"SearchAction","target":{"@type":"EntryPoint","urlTemplate":"https:\/\/www.inforesidencias.com\/blog\/?s={search_term_string}"},"query-input":"required name=search_term_string"}],"inLanguage":"es"},{"@type":"Person","@id":"https:\/\/www.inforesidencias.com\/blog\/#\/schema\/person\/9e146774d1eb3bc1c0316242a3898628","name":"Josep de Mart\u00ed","image":{"@type":"ImageObject","inLanguage":"es","@id":"https:\/\/www.inforesidencias.com\/blog\/#\/schema\/person\/image\/","url":"https:\/\/secure.gravatar.com\/avatar\/de0302c4806c00c4cebff396a798c1ff?s=96&d=mm&r=g","contentUrl":"https:\/\/secure.gravatar.com\/avatar\/de0302c4806c00c4cebff396a798c1ff?s=96&d=mm&r=g","caption":"Josep de Mart\u00ed"},"sameAs":["https:\/\/www.inforesidencias.com","https:\/\/www.facebook.com\/josep.demarti","https:\/\/twitter.com\/blog-ir"],"url":"https:\/\/www.inforesidencias.com\/blog\/index.php\/author\/josepdemarti\/"}]}},"_links":{"self":[{"href":"https:\/\/www.inforesidencias.com\/blog\/index.php\/wp-json\/wp\/v2\/posts\/6645"}],"collection":[{"href":"https:\/\/www.inforesidencias.com\/blog\/index.php\/wp-json\/wp\/v2\/posts"}],"about":[{"href":"https:\/\/www.inforesidencias.com\/blog\/index.php\/wp-json\/wp\/v2\/types\/post"}],"author":[{"embeddable":true,"href":"https:\/\/www.inforesidencias.com\/blog\/index.php\/wp-json\/wp\/v2\/users\/2"}],"replies":[{"embeddable":true,"href":"https:\/\/www.inforesidencias.com\/blog\/index.php\/wp-json\/wp\/v2\/comments?post=6645"}],"version-history":[{"count":27,"href":"https:\/\/www.inforesidencias.com\/blog\/index.php\/wp-json\/wp\/v2\/posts\/6645\/revisions"}],"predecessor-version":[{"id":6673,"href":"https:\/\/www.inforesidencias.com\/blog\/index.php\/wp-json\/wp\/v2\/posts\/6645\/revisions\/6673"}],"wp:featuredmedia":[{"embeddable":true,"href":"https:\/\/www.inforesidencias.com\/blog\/index.php\/wp-json\/wp\/v2\/media\/6662"}],"wp:attachment":[{"href":"https:\/\/www.inforesidencias.com\/blog\/index.php\/wp-json\/wp\/v2\/media?parent=6645"}],"wp:term":[{"taxonomy":"category","embeddable":true,"href":"https:\/\/www.inforesidencias.com\/blog\/index.php\/wp-json\/wp\/v2\/categories?post=6645"},{"taxonomy":"post_tag","embeddable":true,"href":"https:\/\/www.inforesidencias.com\/blog\/index.php\/wp-json\/wp\/v2\/tags?post=6645"}],"curies":[{"name":"wp","href":"https:\/\/api.w.org\/{rel}","templated":true}]}}