{"id":6675,"date":"2023-06-22T07:52:00","date_gmt":"2023-06-22T06:52:00","guid":{"rendered":"https:\/\/www.inforesidencias.com\/blog\/?p=6675"},"modified":"2023-06-20T13:55:15","modified_gmt":"2023-06-20T12:55:15","slug":"el-cuidado-de-las-personas-mayores-en-verano","status":"publish","type":"post","link":"https:\/\/www.inforesidencias.com\/blog\/index.php\/2023\/06\/22\/el-cuidado-de-las-personas-mayores-en-verano\/","title":{"rendered":"El cuidado de las personas mayores en verano"},"content":{"rendered":"\n<p><\/p>\n\n\n\n<p>Se aproxima el verano. Falta nada y menos para el d\u00eda San Juan, y con \u00e9l, el d\u00eda m\u00e1s largo y la noche m\u00e1s corta del a\u00f1o. Esto es casi como el disparo de salida de las vacaciones de verano para muchos de nosotros. Es habitual que como m\u00ednimo tengamos programado en nuestro calendario laboral que estaremos desconectados unos quince d\u00edas sino m\u00e1s.<\/p>\n\n\n\n<p>Es probable adem\u00e1s, que muchos de nosotros tengamos un padre, o madre, por ejemplo, que tenga ya una edad avanzada y a quien le estemos dando apoyo durante el a\u00f1o en sus actividades b\u00e1sicas de la vida diaria como vestirse asearse etc. Algunos lo haremos nosotros mismos y otros habremos contratado a una trabajadora familiar para realizar estas tareas.<\/p>\n\n\n\n<p>Volviendo al verano que es lo que nos ata\u00f1e en este articulo, puede ser que queramos llevarnos a nuestro padre o madre de vacaciones pero que por el motivo que sea, an\u00edmico, f\u00edsico o cognitivo, no quiera venir con nosotros, no le apetezca o est\u00e9 cansado\/a. Es por eso que se nos ocurren tres alternativas para que todos estemos tranquilo durante estas semanas en las que estaremos veraneando fuera del domicilio familiar:<\/p>\n\n\n\n<h2 class=\"wp-block-heading\">Opciones a tener en cuenta<\/h2>\n\n\n\n<p>1- Si la persona mayor ya tiene un cuidadora, manteng\u00e1mosla. Aqu\u00ed no hay m\u00e1s problema de consensuar con esta trabajadora si tambi\u00e9n ir\u00e1 de vacaciones en verano para buscarle una sustituta que sea del agrado de nuestro familiar. Para ello es importante que con esta persona que le cuidar\u00e1 de manera temporal se conozcan antes.<\/p>\n\n\n<div class=\"wp-block-image\">\n<figure class=\"aligncenter size-large is-resized\"><a href=\"https:\/\/www.inforesidencias.com\/blog\/wp-content\/uploads\/2023\/06\/personas-mayores-en-verano.png\"><img decoding=\"async\" loading=\"lazy\" src=\"https:\/\/www.inforesidencias.com\/blog\/wp-content\/uploads\/2023\/06\/personas-mayores-en-verano-1024x691.png\" alt=\"\" class=\"wp-image-6680\" width=\"425\" height=\"288\" srcset=\"https:\/\/www.inforesidencias.com\/blog\/wp-content\/uploads\/2023\/06\/personas-mayores-en-verano-1024x691.png 1024w, https:\/\/www.inforesidencias.com\/blog\/wp-content\/uploads\/2023\/06\/personas-mayores-en-verano-300x202.png 300w, https:\/\/www.inforesidencias.com\/blog\/wp-content\/uploads\/2023\/06\/personas-mayores-en-verano-768x518.png 768w, https:\/\/www.inforesidencias.com\/blog\/wp-content\/uploads\/2023\/06\/personas-mayores-en-verano.png 1390w\" sizes=\"(max-width: 425px) 100vw, 425px\" \/><\/a><\/figure><\/div>\n\n\n<p><\/p>\n\n\n\n<p><\/p>\n\n\n\n<p>2- Si no hay ninguna cuidadora contratada o bien si estas atenciones las estamos proporcionando nosotros, no es mala idea empezar a buscar con tiempo a una empresa que proporcione personal para este tipo de servicios, lo cual adquiere una especial dificultad (debido al aumento de la demanda) en los periodos vacacionales.<\/p>\n\n\n\n<p>3- Buscar una residencia para realizar una estancia temporal. Hemos dejado ya muy atr\u00e1s la pandemia y la gran mayor\u00eda de residencias vuelven a atener las plazas llenas con personas que viven all\u00ed todo el a\u00f1o. No obstante, aun hay algunas residencias que tienen plazas temporales de verano. Lo mejor es <a href=\"https:\/\/www.inforesidencias.com\/centros\/buscador\">buscar desde aqu\u00ed y preguntar<\/a>. Una subidea dentro de ese punto ser\u00eda buscar una residencia en la misma localidad en donde veraneemos nosotros, as\u00ed podemos aprovechar para pasar alg\u00fan d\u00eda juntos o hacer alguna actividad en familia. Existe tambi\u00e9n, si vamos a una poblaci\u00f3n costera, la opci\u00f3n de que averig\u00fcemos si hay resorts adaptados para personas mayores ya que es lago que cada d\u00eda gusta m\u00e1s y que vez tiene m\u00e1s demanda en nuestro pa\u00eds.<\/p>\n\n\n\n<p>Estas son solo algunas ideas que os proponemos para este verano 2023. Lo que est\u00e1 claro es que, si no lo hab\u00e9is hecho ya, hay que empezar a pensar cual de estas opciones encaja m\u00e1s con nosotros y con nuestro familiar. No olvidemos tampoco que cualquiera de estas u otras posibilidades debe ser consensuada con la persona mayor para que tambi\u00e9n muestre su punto de vista siempre que sea posible.<\/p>\n\n\n\n<p>Si has le\u00eddo este art\u00edculo sobre el cuidado de las personas mayores en verano y te ha parecido interesante, te dejamos otros:<\/p>\n\n\n\n<ul>\n<li><a href=\"https:\/\/www.inforesidencias.com\/blog\/index.php\/2022\/08\/04\/vacaciones-con-personas-mayores-que-hacemos-mal\/\">Veranear con mayores. Errores m\u00e1s comunes<\/a><\/li>\n\n\n\n<li><a href=\"https:\/\/dependencia.info\/noticia\/3347\/arquitectura-y-residencias\/arquitectura-y-residencias:-la-luz-en-el-diseno-de-residencias.html\">La luz en el dise\u00f1o de residencias<\/a><\/li>\n<\/ul>\n","protected":false},"excerpt":{"rendered":"<p>Se aproxima el verano. Falta nada y menos para el d\u00eda San Juan, y con \u00e9l, el d\u00eda m\u00e1s largo y la noche m\u00e1s corta del a\u00f1o. Esto es casi como el disparo de salida de las vacaciones de verano para muchos de nosotros. Es habitual que como m\u00ednimo tengamos programado en nuestro calendario laboral que estaremos desconectados unos quince d\u00edas sino m\u00e1s. Es probable adem\u00e1s, que muchos de nosotros tengamos un padre, o madre, por ejemplo, que tenga ya una edad avanzada y a quien le estemos dando apoyo durante el a\u00f1o en sus actividades b\u00e1sicas de la vida diaria como vestirse asearse etc. Algunos lo haremos nosotros mismos y otros habremos contratado a una trabajadora familiar para realizar estas tareas. Volviendo al verano que es lo que nos ata\u00f1e en este articulo, puede ser que queramos llevarnos a nuestro padre o madre de vacaciones pero que por el [&hellip;]<\/p>\n","protected":false},"author":2,"featured_media":6680,"comment_status":"open","ping_status":"open","sticky":false,"template":"","format":"standard","meta":{"footnotes":""},"categories":[1],"tags":[],"yoast_head":"<!-- This site is optimized with the Yoast SEO plugin v21.7 - https:\/\/yoast.com\/wordpress\/plugins\/seo\/ -->\n<title>El cuidado de las personas mayores en verano - Blog Inforesidencias.com<\/title>\n<meta name=\"description\" content=\"Al llegar las vacaciones estivales, es habitual preguntarse como cuidar a personas mayores en verano si nosotros estaremos fuera\" \/>\n<meta name=\"robots\" content=\"index, follow, max-snippet:-1, max-image-preview:large, max-video-preview:-1\" \/>\n<link rel=\"canonical\" href=\"https:\/\/www.inforesidencias.com\/blog\/index.php\/2023\/06\/22\/el-cuidado-de-las-personas-mayores-en-verano\/\" \/>\n<meta property=\"og:locale\" content=\"es_ES\" \/>\n<meta property=\"og:type\" content=\"article\" \/>\n<meta property=\"og:title\" content=\"El cuidado de las personas mayores en verano - Blog Inforesidencias.com\" \/>\n<meta property=\"og:description\" content=\"Al llegar las vacaciones estivales, es habitual preguntarse como cuidar a personas mayores en verano si nosotros estaremos fuera\" \/>\n<meta property=\"og:url\" content=\"https:\/\/www.inforesidencias.com\/blog\/index.php\/2023\/06\/22\/el-cuidado-de-las-personas-mayores-en-verano\/\" \/>\n<meta property=\"og:site_name\" content=\"Blog Inforesidencias.com\" \/>\n<meta property=\"article:publisher\" content=\"https:\/\/www.facebook.com\/Inforesidencias\/\" \/>\n<meta property=\"article:author\" content=\"https:\/\/www.facebook.com\/josep.demarti\" \/>\n<meta property=\"article:published_time\" content=\"2023-06-22T06:52:00+00:00\" \/>\n<meta property=\"article:modified_time\" content=\"2023-06-20T12:55:15+00:00\" \/>\n<meta property=\"og:image\" content=\"https:\/\/www.inforesidencias.com\/blog\/wp-content\/uploads\/2023\/06\/personas-mayores-en-verano-1024x691.png\" \/>\n\t<meta property=\"og:image:width\" content=\"1024\" \/>\n\t<meta property=\"og:image:height\" content=\"691\" \/>\n\t<meta property=\"og:image:type\" content=\"image\/png\" \/>\n<meta name=\"author\" content=\"Josep de Mart\u00ed\" \/>\n<meta name=\"twitter:card\" content=\"summary_large_image\" \/>\n<meta name=\"twitter:creator\" content=\"@blog-ir\" \/>\n<meta name=\"twitter:site\" content=\"@inforesidencias\" \/>\n<meta name=\"twitter:label1\" content=\"Escrito por\" \/>\n\t<meta name=\"twitter:data1\" content=\"Josep de Mart\u00ed\" \/>\n\t<meta name=\"twitter:label2\" content=\"Tiempo de lectura\" \/>\n\t<meta name=\"twitter:data2\" content=\"3 minutos\" \/>\n<script type=\"application\/ld+json\" class=\"yoast-schema-graph\">{\"@context\":\"https:\/\/schema.org\",\"@graph\":[{\"@type\":\"WebPage\",\"@id\":\"https:\/\/www.inforesidencias.com\/blog\/index.php\/2023\/06\/22\/el-cuidado-de-las-personas-mayores-en-verano\/\",\"url\":\"https:\/\/www.inforesidencias.com\/blog\/index.php\/2023\/06\/22\/el-cuidado-de-las-personas-mayores-en-verano\/\",\"name\":\"El cuidado de las personas mayores en verano - Blog Inforesidencias.com\",\"isPartOf\":{\"@id\":\"https:\/\/www.inforesidencias.com\/blog\/#website\"},\"datePublished\":\"2023-06-22T06:52:00+00:00\",\"dateModified\":\"2023-06-20T12:55:15+00:00\",\"author\":{\"@id\":\"https:\/\/www.inforesidencias.com\/blog\/#\/schema\/person\/9e146774d1eb3bc1c0316242a3898628\"},\"description\":\"Al llegar las vacaciones estivales, es habitual preguntarse como cuidar a personas mayores en verano si nosotros estaremos fuera\",\"breadcrumb\":{\"@id\":\"https:\/\/www.inforesidencias.com\/blog\/index.php\/2023\/06\/22\/el-cuidado-de-las-personas-mayores-en-verano\/#breadcrumb\"},\"inLanguage\":\"es\",\"potentialAction\":[{\"@type\":\"ReadAction\",\"target\":[\"https:\/\/www.inforesidencias.com\/blog\/index.php\/2023\/06\/22\/el-cuidado-de-las-personas-mayores-en-verano\/\"]}]},{\"@type\":\"BreadcrumbList\",\"@id\":\"https:\/\/www.inforesidencias.com\/blog\/index.php\/2023\/06\/22\/el-cuidado-de-las-personas-mayores-en-verano\/#breadcrumb\",\"itemListElement\":[{\"@type\":\"ListItem\",\"position\":1,\"name\":\"Home\",\"item\":\"https:\/\/www.inforesidencias.com\/blog\/\"},{\"@type\":\"ListItem\",\"position\":2,\"name\":\"El cuidado de las personas mayores en verano\"}]},{\"@type\":\"WebSite\",\"@id\":\"https:\/\/www.inforesidencias.com\/blog\/#website\",\"url\":\"https:\/\/www.inforesidencias.com\/blog\/\",\"name\":\"Blog Inforesidencias.com\",\"description\":\"El buscador de residencias de la 3\u00aa edad\",\"potentialAction\":[{\"@type\":\"SearchAction\",\"target\":{\"@type\":\"EntryPoint\",\"urlTemplate\":\"https:\/\/www.inforesidencias.com\/blog\/?s={search_term_string}\"},\"query-input\":\"required name=search_term_string\"}],\"inLanguage\":\"es\"},{\"@type\":\"Person\",\"@id\":\"https:\/\/www.inforesidencias.com\/blog\/#\/schema\/person\/9e146774d1eb3bc1c0316242a3898628\",\"name\":\"Josep de Mart\u00ed\",\"image\":{\"@type\":\"ImageObject\",\"inLanguage\":\"es\",\"@id\":\"https:\/\/www.inforesidencias.com\/blog\/#\/schema\/person\/image\/\",\"url\":\"https:\/\/secure.gravatar.com\/avatar\/de0302c4806c00c4cebff396a798c1ff?s=96&d=mm&r=g\",\"contentUrl\":\"https:\/\/secure.gravatar.com\/avatar\/de0302c4806c00c4cebff396a798c1ff?s=96&d=mm&r=g\",\"caption\":\"Josep de Mart\u00ed\"},\"sameAs\":[\"https:\/\/www.inforesidencias.com\",\"https:\/\/www.facebook.com\/josep.demarti\",\"https:\/\/twitter.com\/blog-ir\"],\"url\":\"https:\/\/www.inforesidencias.com\/blog\/index.php\/author\/josepdemarti\/\"}]}<\/script>\n<!-- \/ Yoast SEO plugin. -->","yoast_head_json":{"title":"El cuidado de las personas mayores en verano - Blog Inforesidencias.com","description":"Al llegar las vacaciones estivales, es habitual preguntarse como cuidar a personas mayores en verano si nosotros estaremos fuera","robots":{"index":"index","follow":"follow","max-snippet":"max-snippet:-1","max-image-preview":"max-image-preview:large","max-video-preview":"max-video-preview:-1"},"canonical":"https:\/\/www.inforesidencias.com\/blog\/index.php\/2023\/06\/22\/el-cuidado-de-las-personas-mayores-en-verano\/","og_locale":"es_ES","og_type":"article","og_title":"El cuidado de las personas mayores en verano - Blog Inforesidencias.com","og_description":"Al llegar las vacaciones estivales, es habitual preguntarse como cuidar a personas mayores en verano si nosotros estaremos fuera","og_url":"https:\/\/www.inforesidencias.com\/blog\/index.php\/2023\/06\/22\/el-cuidado-de-las-personas-mayores-en-verano\/","og_site_name":"Blog Inforesidencias.com","article_publisher":"https:\/\/www.facebook.com\/Inforesidencias\/","article_author":"https:\/\/www.facebook.com\/josep.demarti","article_published_time":"2023-06-22T06:52:00+00:00","article_modified_time":"2023-06-20T12:55:15+00:00","og_image":[{"width":1024,"height":691,"url":"https:\/\/www.inforesidencias.com\/blog\/wp-content\/uploads\/2023\/06\/personas-mayores-en-verano-1024x691.png","type":"image\/png"}],"author":"Josep de Mart\u00ed","twitter_card":"summary_large_image","twitter_creator":"@blog-ir","twitter_site":"@inforesidencias","twitter_misc":{"Escrito por":"Josep de Mart\u00ed","Tiempo de lectura":"3 minutos"},"schema":{"@context":"https:\/\/schema.org","@graph":[{"@type":"WebPage","@id":"https:\/\/www.inforesidencias.com\/blog\/index.php\/2023\/06\/22\/el-cuidado-de-las-personas-mayores-en-verano\/","url":"https:\/\/www.inforesidencias.com\/blog\/index.php\/2023\/06\/22\/el-cuidado-de-las-personas-mayores-en-verano\/","name":"El cuidado de las personas mayores en verano - Blog Inforesidencias.com","isPartOf":{"@id":"https:\/\/www.inforesidencias.com\/blog\/#website"},"datePublished":"2023-06-22T06:52:00+00:00","dateModified":"2023-06-20T12:55:15+00:00","author":{"@id":"https:\/\/www.inforesidencias.com\/blog\/#\/schema\/person\/9e146774d1eb3bc1c0316242a3898628"},"description":"Al llegar las vacaciones estivales, es habitual preguntarse como cuidar a personas mayores en verano si nosotros estaremos fuera","breadcrumb":{"@id":"https:\/\/www.inforesidencias.com\/blog\/index.php\/2023\/06\/22\/el-cuidado-de-las-personas-mayores-en-verano\/#breadcrumb"},"inLanguage":"es","potentialAction":[{"@type":"ReadAction","target":["https:\/\/www.inforesidencias.com\/blog\/index.php\/2023\/06\/22\/el-cuidado-de-las-personas-mayores-en-verano\/"]}]},{"@type":"BreadcrumbList","@id":"https:\/\/www.inforesidencias.com\/blog\/index.php\/2023\/06\/22\/el-cuidado-de-las-personas-mayores-en-verano\/#breadcrumb","itemListElement":[{"@type":"ListItem","position":1,"name":"Home","item":"https:\/\/www.inforesidencias.com\/blog\/"},{"@type":"ListItem","position":2,"name":"El cuidado de las personas mayores en verano"}]},{"@type":"WebSite","@id":"https:\/\/www.inforesidencias.com\/blog\/#website","url":"https:\/\/www.inforesidencias.com\/blog\/","name":"Blog Inforesidencias.com","description":"El buscador de residencias de la 3\u00aa edad","potentialAction":[{"@type":"SearchAction","target":{"@type":"EntryPoint","urlTemplate":"https:\/\/www.inforesidencias.com\/blog\/?s={search_term_string}"},"query-input":"required name=search_term_string"}],"inLanguage":"es"},{"@type":"Person","@id":"https:\/\/www.inforesidencias.com\/blog\/#\/schema\/person\/9e146774d1eb3bc1c0316242a3898628","name":"Josep de Mart\u00ed","image":{"@type":"ImageObject","inLanguage":"es","@id":"https:\/\/www.inforesidencias.com\/blog\/#\/schema\/person\/image\/","url":"https:\/\/secure.gravatar.com\/avatar\/de0302c4806c00c4cebff396a798c1ff?s=96&d=mm&r=g","contentUrl":"https:\/\/secure.gravatar.com\/avatar\/de0302c4806c00c4cebff396a798c1ff?s=96&d=mm&r=g","caption":"Josep de Mart\u00ed"},"sameAs":["https:\/\/www.inforesidencias.com","https:\/\/www.facebook.com\/josep.demarti","https:\/\/twitter.com\/blog-ir"],"url":"https:\/\/www.inforesidencias.com\/blog\/index.php\/author\/josepdemarti\/"}]}},"_links":{"self":[{"href":"https:\/\/www.inforesidencias.com\/blog\/index.php\/wp-json\/wp\/v2\/posts\/6675"}],"collection":[{"href":"https:\/\/www.inforesidencias.com\/blog\/index.php\/wp-json\/wp\/v2\/posts"}],"about":[{"href":"https:\/\/www.inforesidencias.com\/blog\/index.php\/wp-json\/wp\/v2\/types\/post"}],"author":[{"embeddable":true,"href":"https:\/\/www.inforesidencias.com\/blog\/index.php\/wp-json\/wp\/v2\/users\/2"}],"replies":[{"embeddable":true,"href":"https:\/\/www.inforesidencias.com\/blog\/index.php\/wp-json\/wp\/v2\/comments?post=6675"}],"version-history":[{"count":6,"href":"https:\/\/www.inforesidencias.com\/blog\/index.php\/wp-json\/wp\/v2\/posts\/6675\/revisions"}],"predecessor-version":[{"id":6682,"href":"https:\/\/www.inforesidencias.com\/blog\/index.php\/wp-json\/wp\/v2\/posts\/6675\/revisions\/6682"}],"wp:featuredmedia":[{"embeddable":true,"href":"https:\/\/www.inforesidencias.com\/blog\/index.php\/wp-json\/wp\/v2\/media\/6680"}],"wp:attachment":[{"href":"https:\/\/www.inforesidencias.com\/blog\/index.php\/wp-json\/wp\/v2\/media?parent=6675"}],"wp:term":[{"taxonomy":"category","embeddable":true,"href":"https:\/\/www.inforesidencias.com\/blog\/index.php\/wp-json\/wp\/v2\/categories?post=6675"},{"taxonomy":"post_tag","embeddable":true,"href":"https:\/\/www.inforesidencias.com\/blog\/index.php\/wp-json\/wp\/v2\/tags?post=6675"}],"curies":[{"name":"wp","href":"https:\/\/api.w.org\/{rel}","templated":true}]}}