{"id":6683,"date":"2023-07-05T07:36:00","date_gmt":"2023-07-05T06:36:00","guid":{"rendered":"https:\/\/www.inforesidencias.com\/blog\/?p=6683"},"modified":"2023-06-26T10:38:33","modified_gmt":"2023-06-26T09:38:33","slug":"el-sindrome-del-cuidador-quemado","status":"publish","type":"post","link":"https:\/\/www.inforesidencias.com\/blog\/index.php\/2023\/07\/05\/el-sindrome-del-cuidador-quemado\/","title":{"rendered":"El s\u00edndrome del cuidador quemado"},"content":{"rendered":"\n<p><\/p>\n\n\n\n<p>Todos coincidiremos en gran medida que cuidar de un ser querido puede ser una experiencia gratificante y llena de amor, pero tambi\u00e9n puede ser una tarea agotadora y emocionalmente desgastante.  No es nada nuevo el hecho de que muchas veces, aquellos que se encuentran en el papel de cuidadores asumen una gran cantidad de responsabilidad, implicando si es necesario, su propio bienestar en el proceso. Esto puede llevar al desarrollo del s\u00edndrome del cuidador quemado, una condici\u00f3n que afecta tanto a nivel f\u00edsico como emocional.<\/p>\n\n\n\n<h2 class=\"wp-block-heading\">Definamos un poco el concepto<\/h2>\n\n\n\n<p>El s\u00edndrome del cuidador quemado, tambi\u00e9n conocido como fatiga del cuidador, es una condici\u00f3n que afecta a personas que proporcionan atenci\u00f3n constante y prolongada a un ser querido con una enfermedad cr\u00f3nica, discapacidad o edad avanzada. Estos cuidadores, a menudo familiares cercanos, enfrentan una serie de desaf\u00edos f\u00edsicos, emocionales (y a veces financieros) mientras intentan cumplir con las demandas y necesidades que implica el hecho de cuidar. Existen algunos s\u00edntomas que como cuidadores o familiares y amigos de cuidadores deben ponernos en alerta.<\/p>\n\n\n\n<ol>\n<li>Agotamiento f\u00edsico y mental: Los cuidadores pueden experimentar una gran fatiga debido a la falta de descanso adecuado y un volumen de tareas elevado.<\/li>\n\n\n\n<li>Cambios emocionales: La depresi\u00f3n, la ansiedad, la irritabilidad y la sensaci\u00f3n de impotencia son emociones frecuentes entre los cuidadores quemados.<\/li>\n\n\n\n<li>Aislamiento social: La dedicaci\u00f3n constante al cuidado de un ser querido a menudo lleva a una disminuci\u00f3n de la vida social y la desconexi\u00f3n de amigos y actividades previas.<\/li>\n\n\n\n<li>Problemas de salud f\u00edsica: Los cuidadores quemados son propensos a experimentar problemas de salud como dolores de cabeza, dolores musculares, trastornos del sue\u00f1o y disminuci\u00f3n de la resistencia inmunol\u00f3gica.<\/li>\n\n\n\n<li>Falta de satisfacci\u00f3n personal: Tambi\u00e9n se podr\u00eda decir como falta de \u00abapetito por vivir\u00bb. La sensaci\u00f3n de que la propia vida se ha visto reducida a las responsabilidades de cuidar a otro puede llevar a una falta de satisfacci\u00f3n y prop\u00f3sito personal.<\/li>\n<\/ol>\n\n\n<div class=\"wp-block-image\">\n<figure class=\"aligncenter size-large is-resized\"><a href=\"https:\/\/www.inforesidencias.com\/blog\/wp-content\/uploads\/2023\/06\/si\u0301ndrome-del-cuidador-quemado.png\"><img decoding=\"async\" loading=\"lazy\" src=\"https:\/\/www.inforesidencias.com\/blog\/wp-content\/uploads\/2023\/06\/si\u0301ndrome-del-cuidador-quemado-1024x724.png\" alt=\"\" class=\"wp-image-6685\" width=\"376\" height=\"266\" srcset=\"https:\/\/www.inforesidencias.com\/blog\/wp-content\/uploads\/2023\/06\/si\u0301ndrome-del-cuidador-quemado-1024x724.png 1024w, https:\/\/www.inforesidencias.com\/blog\/wp-content\/uploads\/2023\/06\/si\u0301ndrome-del-cuidador-quemado-300x212.png 300w, https:\/\/www.inforesidencias.com\/blog\/wp-content\/uploads\/2023\/06\/si\u0301ndrome-del-cuidador-quemado-768x543.png 768w, https:\/\/www.inforesidencias.com\/blog\/wp-content\/uploads\/2023\/06\/si\u0301ndrome-del-cuidador-quemado.png 1332w\" sizes=\"(max-width: 376px) 100vw, 376px\" \/><\/a><\/figure><\/div>\n\n\n<p><\/p>\n\n\n\n<h2 class=\"wp-block-heading\">\u00bfC\u00f3mo actuar?<\/h2>\n\n\n\n<p><\/p>\n\n\n\n<p>No obstante, lo que est\u00e1 claro es que evitar y tratar estos s\u00edntomas repercuten en el bienestar tanto de la persona cuidada como del cuidador. Algunas acciones a llevar a cabo para lograrlo van ligadas en primer lugar al hecho de buscar apoyo. Dicho de otra manera, si somos cuidadores busquemos, soporte de familiares, amigos y grupos de apoyo de cuidadores. Compartir nuestras experiencias con otros puede ser reconfortante y proporcionar consejos \u00fatiles. En segundo lugar, es tambi\u00e9n relevante la posibilidad de delegar tareas a otros familiares y no asumir toda la carga nosotros mismos. <\/p>\n\n\n\n<p>Finalmente, y siguiendo los consejos que se refieren a medidas posibles a tomar por parte del propio cuidador, est\u00e1 el hecho de optar por soporte profesional como contratar a una cuidadora unas horas a la semana, los servicios de respiro etc. Tampoco es mala opci\u00f3n acudir a un terapeuta.  A todo esto, si tenemos a un familiar que ejerce el rol de cuidador, nuestro papel de vigilancia y de proporci\u00f3n de soporte es igual de importante para evitar este s\u00edndrome y sus s\u00edntomas.<\/p>\n\n\n\n<p>Pensamos que adem\u00e1s de este art\u00edculo sobre s\u00edndrome del cuidador quemado, tambi\u00e9n puede interesarte:<\/p>\n\n\n\n<ul>\n<li><a href=\"https:\/\/www.inforesidencias.com\/blog\/index.php\/2023\/06\/26\/titulaciones-y-certificaciones-validas-para-trabajar-en-residencias-de-mayores\/\">Certificados y t\u00edtulos v\u00e1lidos para trabajar en residencias de mayores<\/a><\/li>\n\n\n\n<li><a href=\"https:\/\/www.inforesidencias.com\/contenidos\/profesionales\/nacional\/como-subir-tu-curriculum-y-crear-tu-perfil-en-la-bolsa-de-trabajo-de-inforesidencias\">Crear tu perfil y subir tu curriculum en la bolsa de trabajo de inforesidencias<\/a><\/li>\n<\/ul>\n\n\n\n<p><\/p>\n","protected":false},"excerpt":{"rendered":"<p>Todos coincidiremos en gran medida que cuidar de un ser querido puede ser una experiencia gratificante y llena de amor, pero tambi\u00e9n puede ser una tarea agotadora y emocionalmente desgastante. No es nada nuevo el hecho de que muchas veces, aquellos que se encuentran en el papel de cuidadores asumen una gran cantidad de responsabilidad, implicando si es necesario, su propio bienestar en el proceso. Esto puede llevar al desarrollo del s\u00edndrome del cuidador quemado, una condici\u00f3n que afecta tanto a nivel f\u00edsico como emocional. Definamos un poco el concepto El s\u00edndrome del cuidador quemado, tambi\u00e9n conocido como fatiga del cuidador, es una condici\u00f3n que afecta a personas que proporcionan atenci\u00f3n constante y prolongada a un ser querido con una enfermedad cr\u00f3nica, discapacidad o edad avanzada. Estos cuidadores, a menudo familiares cercanos, enfrentan una serie de desaf\u00edos f\u00edsicos, emocionales (y a veces financieros) mientras intentan cumplir con las demandas y [&hellip;]<\/p>\n","protected":false},"author":2,"featured_media":6685,"comment_status":"open","ping_status":"open","sticky":false,"template":"","format":"standard","meta":{"footnotes":""},"categories":[1],"tags":[],"yoast_head":"<!-- This site is optimized with the Yoast SEO plugin v21.7 - https:\/\/yoast.com\/wordpress\/plugins\/seo\/ -->\n<title>El s\u00edndrome del cuidador quemado - Blog Inforesidencias.com<\/title>\n<meta name=\"description\" content=\"El s\u00edndrome del cuidador quemado tiene unas consecuencias muy claras pero al mismo tiempo puede corregirse una vez identificado\" \/>\n<meta name=\"robots\" content=\"index, follow, max-snippet:-1, max-image-preview:large, max-video-preview:-1\" \/>\n<link rel=\"canonical\" href=\"https:\/\/www.inforesidencias.com\/blog\/index.php\/2023\/07\/05\/el-sindrome-del-cuidador-quemado\/\" \/>\n<meta property=\"og:locale\" content=\"es_ES\" \/>\n<meta property=\"og:type\" content=\"article\" \/>\n<meta property=\"og:title\" content=\"El s\u00edndrome del cuidador quemado - Blog Inforesidencias.com\" \/>\n<meta property=\"og:description\" content=\"El s\u00edndrome del cuidador quemado tiene unas consecuencias muy claras pero al mismo tiempo puede corregirse una vez identificado\" \/>\n<meta property=\"og:url\" content=\"https:\/\/www.inforesidencias.com\/blog\/index.php\/2023\/07\/05\/el-sindrome-del-cuidador-quemado\/\" \/>\n<meta property=\"og:site_name\" content=\"Blog Inforesidencias.com\" \/>\n<meta property=\"article:publisher\" content=\"https:\/\/www.facebook.com\/Inforesidencias\/\" \/>\n<meta property=\"article:author\" content=\"https:\/\/www.facebook.com\/josep.demarti\" \/>\n<meta property=\"article:published_time\" content=\"2023-07-05T06:36:00+00:00\" \/>\n<meta property=\"article:modified_time\" content=\"2023-06-26T09:38:33+00:00\" \/>\n<meta property=\"og:image\" content=\"https:\/\/www.inforesidencias.com\/blog\/wp-content\/uploads\/2023\/06\/si\u0301ndrome-del-cuidador-quemado-1024x724.png\" \/>\n\t<meta property=\"og:image:width\" content=\"1024\" \/>\n\t<meta property=\"og:image:height\" content=\"724\" \/>\n\t<meta property=\"og:image:type\" content=\"image\/png\" \/>\n<meta name=\"author\" content=\"Josep de Mart\u00ed\" \/>\n<meta name=\"twitter:card\" content=\"summary_large_image\" \/>\n<meta name=\"twitter:creator\" content=\"@blog-ir\" \/>\n<meta name=\"twitter:site\" content=\"@inforesidencias\" \/>\n<meta name=\"twitter:label1\" content=\"Escrito por\" \/>\n\t<meta name=\"twitter:data1\" content=\"Josep de Mart\u00ed\" \/>\n\t<meta name=\"twitter:label2\" content=\"Tiempo de lectura\" \/>\n\t<meta name=\"twitter:data2\" content=\"3 minutos\" \/>\n<script type=\"application\/ld+json\" class=\"yoast-schema-graph\">{\"@context\":\"https:\/\/schema.org\",\"@graph\":[{\"@type\":\"WebPage\",\"@id\":\"https:\/\/www.inforesidencias.com\/blog\/index.php\/2023\/07\/05\/el-sindrome-del-cuidador-quemado\/\",\"url\":\"https:\/\/www.inforesidencias.com\/blog\/index.php\/2023\/07\/05\/el-sindrome-del-cuidador-quemado\/\",\"name\":\"El s\u00edndrome del cuidador quemado - Blog Inforesidencias.com\",\"isPartOf\":{\"@id\":\"https:\/\/www.inforesidencias.com\/blog\/#website\"},\"datePublished\":\"2023-07-05T06:36:00+00:00\",\"dateModified\":\"2023-06-26T09:38:33+00:00\",\"author\":{\"@id\":\"https:\/\/www.inforesidencias.com\/blog\/#\/schema\/person\/9e146774d1eb3bc1c0316242a3898628\"},\"description\":\"El s\u00edndrome del cuidador quemado tiene unas consecuencias muy claras pero al mismo tiempo puede corregirse una vez identificado\",\"breadcrumb\":{\"@id\":\"https:\/\/www.inforesidencias.com\/blog\/index.php\/2023\/07\/05\/el-sindrome-del-cuidador-quemado\/#breadcrumb\"},\"inLanguage\":\"es\",\"potentialAction\":[{\"@type\":\"ReadAction\",\"target\":[\"https:\/\/www.inforesidencias.com\/blog\/index.php\/2023\/07\/05\/el-sindrome-del-cuidador-quemado\/\"]}]},{\"@type\":\"BreadcrumbList\",\"@id\":\"https:\/\/www.inforesidencias.com\/blog\/index.php\/2023\/07\/05\/el-sindrome-del-cuidador-quemado\/#breadcrumb\",\"itemListElement\":[{\"@type\":\"ListItem\",\"position\":1,\"name\":\"Home\",\"item\":\"https:\/\/www.inforesidencias.com\/blog\/\"},{\"@type\":\"ListItem\",\"position\":2,\"name\":\"El s\u00edndrome del cuidador quemado\"}]},{\"@type\":\"WebSite\",\"@id\":\"https:\/\/www.inforesidencias.com\/blog\/#website\",\"url\":\"https:\/\/www.inforesidencias.com\/blog\/\",\"name\":\"Blog Inforesidencias.com\",\"description\":\"El buscador de residencias de la 3\u00aa edad\",\"potentialAction\":[{\"@type\":\"SearchAction\",\"target\":{\"@type\":\"EntryPoint\",\"urlTemplate\":\"https:\/\/www.inforesidencias.com\/blog\/?s={search_term_string}\"},\"query-input\":\"required name=search_term_string\"}],\"inLanguage\":\"es\"},{\"@type\":\"Person\",\"@id\":\"https:\/\/www.inforesidencias.com\/blog\/#\/schema\/person\/9e146774d1eb3bc1c0316242a3898628\",\"name\":\"Josep de Mart\u00ed\",\"image\":{\"@type\":\"ImageObject\",\"inLanguage\":\"es\",\"@id\":\"https:\/\/www.inforesidencias.com\/blog\/#\/schema\/person\/image\/\",\"url\":\"https:\/\/secure.gravatar.com\/avatar\/de0302c4806c00c4cebff396a798c1ff?s=96&d=mm&r=g\",\"contentUrl\":\"https:\/\/secure.gravatar.com\/avatar\/de0302c4806c00c4cebff396a798c1ff?s=96&d=mm&r=g\",\"caption\":\"Josep de Mart\u00ed\"},\"sameAs\":[\"https:\/\/www.inforesidencias.com\",\"https:\/\/www.facebook.com\/josep.demarti\",\"https:\/\/twitter.com\/blog-ir\"],\"url\":\"https:\/\/www.inforesidencias.com\/blog\/index.php\/author\/josepdemarti\/\"}]}<\/script>\n<!-- \/ Yoast SEO plugin. -->","yoast_head_json":{"title":"El s\u00edndrome del cuidador quemado - Blog Inforesidencias.com","description":"El s\u00edndrome del cuidador quemado tiene unas consecuencias muy claras pero al mismo tiempo puede corregirse una vez identificado","robots":{"index":"index","follow":"follow","max-snippet":"max-snippet:-1","max-image-preview":"max-image-preview:large","max-video-preview":"max-video-preview:-1"},"canonical":"https:\/\/www.inforesidencias.com\/blog\/index.php\/2023\/07\/05\/el-sindrome-del-cuidador-quemado\/","og_locale":"es_ES","og_type":"article","og_title":"El s\u00edndrome del cuidador quemado - Blog Inforesidencias.com","og_description":"El s\u00edndrome del cuidador quemado tiene unas consecuencias muy claras pero al mismo tiempo puede corregirse una vez identificado","og_url":"https:\/\/www.inforesidencias.com\/blog\/index.php\/2023\/07\/05\/el-sindrome-del-cuidador-quemado\/","og_site_name":"Blog Inforesidencias.com","article_publisher":"https:\/\/www.facebook.com\/Inforesidencias\/","article_author":"https:\/\/www.facebook.com\/josep.demarti","article_published_time":"2023-07-05T06:36:00+00:00","article_modified_time":"2023-06-26T09:38:33+00:00","og_image":[{"width":1024,"height":724,"url":"https:\/\/www.inforesidencias.com\/blog\/wp-content\/uploads\/2023\/06\/si\u0301ndrome-del-cuidador-quemado-1024x724.png","type":"image\/png"}],"author":"Josep de Mart\u00ed","twitter_card":"summary_large_image","twitter_creator":"@blog-ir","twitter_site":"@inforesidencias","twitter_misc":{"Escrito por":"Josep de Mart\u00ed","Tiempo de lectura":"3 minutos"},"schema":{"@context":"https:\/\/schema.org","@graph":[{"@type":"WebPage","@id":"https:\/\/www.inforesidencias.com\/blog\/index.php\/2023\/07\/05\/el-sindrome-del-cuidador-quemado\/","url":"https:\/\/www.inforesidencias.com\/blog\/index.php\/2023\/07\/05\/el-sindrome-del-cuidador-quemado\/","name":"El s\u00edndrome del cuidador quemado - Blog Inforesidencias.com","isPartOf":{"@id":"https:\/\/www.inforesidencias.com\/blog\/#website"},"datePublished":"2023-07-05T06:36:00+00:00","dateModified":"2023-06-26T09:38:33+00:00","author":{"@id":"https:\/\/www.inforesidencias.com\/blog\/#\/schema\/person\/9e146774d1eb3bc1c0316242a3898628"},"description":"El s\u00edndrome del cuidador quemado tiene unas consecuencias muy claras pero al mismo tiempo puede corregirse una vez identificado","breadcrumb":{"@id":"https:\/\/www.inforesidencias.com\/blog\/index.php\/2023\/07\/05\/el-sindrome-del-cuidador-quemado\/#breadcrumb"},"inLanguage":"es","potentialAction":[{"@type":"ReadAction","target":["https:\/\/www.inforesidencias.com\/blog\/index.php\/2023\/07\/05\/el-sindrome-del-cuidador-quemado\/"]}]},{"@type":"BreadcrumbList","@id":"https:\/\/www.inforesidencias.com\/blog\/index.php\/2023\/07\/05\/el-sindrome-del-cuidador-quemado\/#breadcrumb","itemListElement":[{"@type":"ListItem","position":1,"name":"Home","item":"https:\/\/www.inforesidencias.com\/blog\/"},{"@type":"ListItem","position":2,"name":"El s\u00edndrome del cuidador quemado"}]},{"@type":"WebSite","@id":"https:\/\/www.inforesidencias.com\/blog\/#website","url":"https:\/\/www.inforesidencias.com\/blog\/","name":"Blog Inforesidencias.com","description":"El buscador de residencias de la 3\u00aa edad","potentialAction":[{"@type":"SearchAction","target":{"@type":"EntryPoint","urlTemplate":"https:\/\/www.inforesidencias.com\/blog\/?s={search_term_string}"},"query-input":"required name=search_term_string"}],"inLanguage":"es"},{"@type":"Person","@id":"https:\/\/www.inforesidencias.com\/blog\/#\/schema\/person\/9e146774d1eb3bc1c0316242a3898628","name":"Josep de Mart\u00ed","image":{"@type":"ImageObject","inLanguage":"es","@id":"https:\/\/www.inforesidencias.com\/blog\/#\/schema\/person\/image\/","url":"https:\/\/secure.gravatar.com\/avatar\/de0302c4806c00c4cebff396a798c1ff?s=96&d=mm&r=g","contentUrl":"https:\/\/secure.gravatar.com\/avatar\/de0302c4806c00c4cebff396a798c1ff?s=96&d=mm&r=g","caption":"Josep de Mart\u00ed"},"sameAs":["https:\/\/www.inforesidencias.com","https:\/\/www.facebook.com\/josep.demarti","https:\/\/twitter.com\/blog-ir"],"url":"https:\/\/www.inforesidencias.com\/blog\/index.php\/author\/josepdemarti\/"}]}},"_links":{"self":[{"href":"https:\/\/www.inforesidencias.com\/blog\/index.php\/wp-json\/wp\/v2\/posts\/6683"}],"collection":[{"href":"https:\/\/www.inforesidencias.com\/blog\/index.php\/wp-json\/wp\/v2\/posts"}],"about":[{"href":"https:\/\/www.inforesidencias.com\/blog\/index.php\/wp-json\/wp\/v2\/types\/post"}],"author":[{"embeddable":true,"href":"https:\/\/www.inforesidencias.com\/blog\/index.php\/wp-json\/wp\/v2\/users\/2"}],"replies":[{"embeddable":true,"href":"https:\/\/www.inforesidencias.com\/blog\/index.php\/wp-json\/wp\/v2\/comments?post=6683"}],"version-history":[{"count":12,"href":"https:\/\/www.inforesidencias.com\/blog\/index.php\/wp-json\/wp\/v2\/posts\/6683\/revisions"}],"predecessor-version":[{"id":6696,"href":"https:\/\/www.inforesidencias.com\/blog\/index.php\/wp-json\/wp\/v2\/posts\/6683\/revisions\/6696"}],"wp:featuredmedia":[{"embeddable":true,"href":"https:\/\/www.inforesidencias.com\/blog\/index.php\/wp-json\/wp\/v2\/media\/6685"}],"wp:attachment":[{"href":"https:\/\/www.inforesidencias.com\/blog\/index.php\/wp-json\/wp\/v2\/media?parent=6683"}],"wp:term":[{"taxonomy":"category","embeddable":true,"href":"https:\/\/www.inforesidencias.com\/blog\/index.php\/wp-json\/wp\/v2\/categories?post=6683"},{"taxonomy":"post_tag","embeddable":true,"href":"https:\/\/www.inforesidencias.com\/blog\/index.php\/wp-json\/wp\/v2\/tags?post=6683"}],"curies":[{"name":"wp","href":"https:\/\/api.w.org\/{rel}","templated":true}]}}