{"id":6740,"date":"2023-07-28T06:45:00","date_gmt":"2023-07-28T05:45:00","guid":{"rendered":"https:\/\/www.inforesidencias.com\/blog\/?p=6740"},"modified":"2023-07-25T12:46:30","modified_gmt":"2023-07-25T11:46:30","slug":"oasis-de-convivencia-para-personas-con-demencia-en-alemania","status":"publish","type":"post","link":"https:\/\/www.inforesidencias.com\/blog\/index.php\/2023\/07\/28\/oasis-de-convivencia-para-personas-con-demencia-en-alemania\/","title":{"rendered":"Oasis de convivencia para personas con demencia en Alemania"},"content":{"rendered":"\n<p><\/p>\n\n\n\n<p><\/p>\n\n\n\n<p>En el video que os mostramos a continuaci\u00f3n, Josep de Marti como es el Oasis de convivencia para personas con demencia de un centro en Lindehhof, Alemania. Este denominado Oasis, se encuentra dentro de un centro especializado en demencias. Esta zona se compone de una gran sala con una zona com\u00fan donde se desarrollan actividades de la vida diaria, mientras que las camas de los residentes, nueve en total, se encuentran separadas por cortinas a los lados de la sala. Esta disposici\u00f3n permite que aquellos con un deterioro cognitivo severo puedan tener interacci\u00f3n humana y notar la presencia de otros residentes cercanos.<\/p>\n\n\n\n<p><\/p>\n\n\n\n<figure class=\"wp-block-embed aligncenter is-type-video is-provider-youtube wp-block-embed-youtube wp-embed-aspect-16-9 wp-has-aspect-ratio\"><div class=\"wp-block-embed__wrapper\">\n<iframe loading=\"lazy\" title=\"Oasis de cuidado en una residencia de mayores alemana. Lindehhof\" width=\"500\" height=\"281\" src=\"https:\/\/www.youtube.com\/embed\/u0dZ4GztFZo?feature=oembed\" frameborder=\"0\" allow=\"accelerometer; autoplay; clipboard-write; encrypted-media; gyroscope; picture-in-picture; web-share\" allowfullscreen><\/iframe>\n<\/div><\/figure>\n\n\n\n<p><\/p>\n\n\n\n<p><\/p>\n\n\n\n<p>El concepto del \u00aboasis\u00bb es una forma de proporcionar atenci\u00f3n y relaci\u00f3n humana a aquellos que est\u00e1n postrados en cama la mayor parte del tiempo debido a su estado de dependencia elevado y demencia severa. Diferentes estudios avalan los beneficios de esta distribuci\u00f3n interna para personas con el estado f\u00edsico y cognitivo que coment\u00e1bamos. En palabras de Anna Cebri\u00e1n, directora de inforesidencias, esta iniciativa plantea un desaf\u00edo a la normativa actual en Espa\u00f1a, ya que las regulaciones vigentes no permitir\u00edan este tipo de disposiciones en los centros de cuidado para personas mayores. <\/p>\n\n\n\n<p>A su vez, sobre las diferencias entre los sistemas alem\u00e1n y espa\u00f1ol,  Cebri\u00e1n tambi\u00e9n recalca  que le ha llamado la atenci\u00f3n durante la visita a Alemania es el enfoque diferente en el equilibrio entre seguridad y autonom\u00eda en el cuidado de personas mayores con demencia. En Espa\u00f1a, parece que prevalece una mayor preocupaci\u00f3n por la seguridad y el control. Si un residente se escapa de una residencia y se pierde, a menudo se desata un esc\u00e1ndalo p\u00fablico y se cuestiona la capacidad del centro para brindar una atenci\u00f3n segura. En cambio, en Alemania, se da prioridad a la autonom\u00eda de la persona, entendiendo que las personas mayores pueden experimentar momentos de despiste y desorientaci\u00f3n. Aunque tambi\u00e9n valoran la seguridad, no se estigmatiza la posibilidad de que un residente pueda salir de las instalaciones y se centran en proporcionar la ayuda necesaria para su bienestar.<\/p>\n\n\n\n<h2 class=\"wp-block-heading\"><strong>\u00bfSer\u00e1 posible ver \u00abOasis de Atenci\u00f3n de Demencia\u00bb en Espa\u00f1a alg\u00fan d\u00eda?<\/strong><\/h2>\n\n\n\n<p>La implementaci\u00f3n de \u00abOasis de Atenci\u00f3n de Demencia\u00bb u otras iniciativas innovadoras similares en Espa\u00f1a depender\u00e1 en gran medida de la voluntad de los responsables pol\u00edticos, las instituciones y la sociedad en general. La regulaci\u00f3n adecuada que promueva la innovaci\u00f3n y la atenci\u00f3n centrada en la persona podr\u00eda abrir el camino para la aparici\u00f3n de estos enfoques en el pa\u00eds.<\/p>\n\n\n\n<p><\/p>\n\n\n\n<p>Muy relacionado con el Oasis de convivencia para personas con demencia y los viajes geroasistenciales:<\/p>\n\n\n\n<ul>\n<li><a href=\"https:\/\/www.inforesidencias.com\/blog\/index.php\/2019\/11\/13\/hablando-de-personal-en-un-viaje-geroasistencial-a-suecia\/\">Personal de residencia en Suecia<\/a><\/li>\n\n\n\n<li>Publicadas en el BOE las <a href=\"https:\/\/dependencia.info\/noticia\/6343\/actualidad\/el-boe-publica-las-nuevas-cuantias-de-las-prestaciones-economicas-de-la-dependencia.html\">nuevas cuant\u00edas m\u00e1ximas y m\u00ednimas de las prestaciones econ\u00f3micas de la Ley de Dependencia 2023<\/a>.<\/li>\n<\/ul>\n\n\n\n<p><\/p>\n","protected":false},"excerpt":{"rendered":"<p>En el video que os mostramos a continuaci\u00f3n, Josep de Marti como es el Oasis de convivencia para personas con demencia de un centro en Lindehhof, Alemania. Este denominado Oasis, se encuentra dentro de un centro especializado en demencias. Esta zona se compone de una gran sala con una zona com\u00fan donde se desarrollan actividades de la vida diaria, mientras que las camas de los residentes, nueve en total, se encuentran separadas por cortinas a los lados de la sala. Esta disposici\u00f3n permite que aquellos con un deterioro cognitivo severo puedan tener interacci\u00f3n humana y notar la presencia de otros residentes cercanos. El concepto del \u00aboasis\u00bb es una forma de proporcionar atenci\u00f3n y relaci\u00f3n humana a aquellos que est\u00e1n postrados en cama la mayor parte del tiempo debido a su estado de dependencia elevado y demencia severa. Diferentes estudios avalan los beneficios de esta distribuci\u00f3n interna para personas con el [&hellip;]<\/p>\n","protected":false},"author":2,"featured_media":6745,"comment_status":"open","ping_status":"open","sticky":false,"template":"","format":"standard","meta":{"footnotes":""},"categories":[1],"tags":[],"yoast_head":"<!-- This site is optimized with the Yoast SEO plugin v21.7 - https:\/\/yoast.com\/wordpress\/plugins\/seo\/ -->\n<title>Oasis de convivencia para personas con demencia en Alemania - Blog Inforesidencias.com<\/title>\n<meta name=\"description\" content=\"En este video de Josep de Marti, de inforesidencias os mostramos un Oasis de convivencia para personas con demencia en Lindehhof, Alemania\" \/>\n<meta name=\"robots\" content=\"index, follow, max-snippet:-1, max-image-preview:large, max-video-preview:-1\" \/>\n<link rel=\"canonical\" href=\"https:\/\/www.inforesidencias.com\/blog\/index.php\/2023\/07\/28\/oasis-de-convivencia-para-personas-con-demencia-en-alemania\/\" \/>\n<meta property=\"og:locale\" content=\"es_ES\" \/>\n<meta property=\"og:type\" content=\"article\" \/>\n<meta property=\"og:title\" content=\"Oasis de convivencia para personas con demencia en Alemania - Blog Inforesidencias.com\" \/>\n<meta property=\"og:description\" content=\"En este video de Josep de Marti, de inforesidencias os mostramos un Oasis de convivencia para personas con demencia en Lindehhof, Alemania\" \/>\n<meta property=\"og:url\" content=\"https:\/\/www.inforesidencias.com\/blog\/index.php\/2023\/07\/28\/oasis-de-convivencia-para-personas-con-demencia-en-alemania\/\" \/>\n<meta property=\"og:site_name\" content=\"Blog Inforesidencias.com\" \/>\n<meta property=\"article:publisher\" content=\"https:\/\/www.facebook.com\/Inforesidencias\/\" \/>\n<meta property=\"article:author\" content=\"https:\/\/www.facebook.com\/josep.demarti\" \/>\n<meta property=\"article:published_time\" content=\"2023-07-28T05:45:00+00:00\" \/>\n<meta property=\"article:modified_time\" content=\"2023-07-25T11:46:30+00:00\" \/>\n<meta property=\"og:image\" content=\"https:\/\/www.inforesidencias.com\/blog\/wp-content\/uploads\/2023\/07\/Oasis-de-convivencia-para-personas-con-demencia.png\" \/>\n\t<meta property=\"og:image:width\" content=\"856\" \/>\n\t<meta property=\"og:image:height\" content=\"468\" \/>\n\t<meta property=\"og:image:type\" content=\"image\/png\" \/>\n<meta name=\"author\" content=\"Josep de Mart\u00ed\" \/>\n<meta name=\"twitter:card\" content=\"summary_large_image\" \/>\n<meta name=\"twitter:creator\" content=\"@blog-ir\" \/>\n<meta name=\"twitter:site\" content=\"@inforesidencias\" \/>\n<meta name=\"twitter:label1\" content=\"Escrito por\" \/>\n\t<meta name=\"twitter:data1\" content=\"Josep de Mart\u00ed\" \/>\n\t<meta name=\"twitter:label2\" content=\"Tiempo de lectura\" \/>\n\t<meta name=\"twitter:data2\" content=\"3 minutos\" \/>\n<script type=\"application\/ld+json\" class=\"yoast-schema-graph\">{\"@context\":\"https:\/\/schema.org\",\"@graph\":[{\"@type\":\"WebPage\",\"@id\":\"https:\/\/www.inforesidencias.com\/blog\/index.php\/2023\/07\/28\/oasis-de-convivencia-para-personas-con-demencia-en-alemania\/\",\"url\":\"https:\/\/www.inforesidencias.com\/blog\/index.php\/2023\/07\/28\/oasis-de-convivencia-para-personas-con-demencia-en-alemania\/\",\"name\":\"Oasis de convivencia para personas con demencia en Alemania - Blog Inforesidencias.com\",\"isPartOf\":{\"@id\":\"https:\/\/www.inforesidencias.com\/blog\/#website\"},\"datePublished\":\"2023-07-28T05:45:00+00:00\",\"dateModified\":\"2023-07-25T11:46:30+00:00\",\"author\":{\"@id\":\"https:\/\/www.inforesidencias.com\/blog\/#\/schema\/person\/9e146774d1eb3bc1c0316242a3898628\"},\"description\":\"En este video de Josep de Marti, de inforesidencias os mostramos un Oasis de convivencia para personas con demencia en Lindehhof, Alemania\",\"breadcrumb\":{\"@id\":\"https:\/\/www.inforesidencias.com\/blog\/index.php\/2023\/07\/28\/oasis-de-convivencia-para-personas-con-demencia-en-alemania\/#breadcrumb\"},\"inLanguage\":\"es\",\"potentialAction\":[{\"@type\":\"ReadAction\",\"target\":[\"https:\/\/www.inforesidencias.com\/blog\/index.php\/2023\/07\/28\/oasis-de-convivencia-para-personas-con-demencia-en-alemania\/\"]}]},{\"@type\":\"BreadcrumbList\",\"@id\":\"https:\/\/www.inforesidencias.com\/blog\/index.php\/2023\/07\/28\/oasis-de-convivencia-para-personas-con-demencia-en-alemania\/#breadcrumb\",\"itemListElement\":[{\"@type\":\"ListItem\",\"position\":1,\"name\":\"Home\",\"item\":\"https:\/\/www.inforesidencias.com\/blog\/\"},{\"@type\":\"ListItem\",\"position\":2,\"name\":\"Oasis de convivencia para personas con demencia en Alemania\"}]},{\"@type\":\"WebSite\",\"@id\":\"https:\/\/www.inforesidencias.com\/blog\/#website\",\"url\":\"https:\/\/www.inforesidencias.com\/blog\/\",\"name\":\"Blog Inforesidencias.com\",\"description\":\"El buscador de residencias de la 3\u00aa edad\",\"potentialAction\":[{\"@type\":\"SearchAction\",\"target\":{\"@type\":\"EntryPoint\",\"urlTemplate\":\"https:\/\/www.inforesidencias.com\/blog\/?s={search_term_string}\"},\"query-input\":\"required name=search_term_string\"}],\"inLanguage\":\"es\"},{\"@type\":\"Person\",\"@id\":\"https:\/\/www.inforesidencias.com\/blog\/#\/schema\/person\/9e146774d1eb3bc1c0316242a3898628\",\"name\":\"Josep de Mart\u00ed\",\"image\":{\"@type\":\"ImageObject\",\"inLanguage\":\"es\",\"@id\":\"https:\/\/www.inforesidencias.com\/blog\/#\/schema\/person\/image\/\",\"url\":\"https:\/\/secure.gravatar.com\/avatar\/de0302c4806c00c4cebff396a798c1ff?s=96&d=mm&r=g\",\"contentUrl\":\"https:\/\/secure.gravatar.com\/avatar\/de0302c4806c00c4cebff396a798c1ff?s=96&d=mm&r=g\",\"caption\":\"Josep de Mart\u00ed\"},\"sameAs\":[\"https:\/\/www.inforesidencias.com\",\"https:\/\/www.facebook.com\/josep.demarti\",\"https:\/\/twitter.com\/blog-ir\"],\"url\":\"https:\/\/www.inforesidencias.com\/blog\/index.php\/author\/josepdemarti\/\"}]}<\/script>\n<!-- \/ Yoast SEO plugin. -->","yoast_head_json":{"title":"Oasis de convivencia para personas con demencia en Alemania - Blog Inforesidencias.com","description":"En este video de Josep de Marti, de inforesidencias os mostramos un Oasis de convivencia para personas con demencia en Lindehhof, Alemania","robots":{"index":"index","follow":"follow","max-snippet":"max-snippet:-1","max-image-preview":"max-image-preview:large","max-video-preview":"max-video-preview:-1"},"canonical":"https:\/\/www.inforesidencias.com\/blog\/index.php\/2023\/07\/28\/oasis-de-convivencia-para-personas-con-demencia-en-alemania\/","og_locale":"es_ES","og_type":"article","og_title":"Oasis de convivencia para personas con demencia en Alemania - Blog Inforesidencias.com","og_description":"En este video de Josep de Marti, de inforesidencias os mostramos un Oasis de convivencia para personas con demencia en Lindehhof, Alemania","og_url":"https:\/\/www.inforesidencias.com\/blog\/index.php\/2023\/07\/28\/oasis-de-convivencia-para-personas-con-demencia-en-alemania\/","og_site_name":"Blog Inforesidencias.com","article_publisher":"https:\/\/www.facebook.com\/Inforesidencias\/","article_author":"https:\/\/www.facebook.com\/josep.demarti","article_published_time":"2023-07-28T05:45:00+00:00","article_modified_time":"2023-07-25T11:46:30+00:00","og_image":[{"width":856,"height":468,"url":"https:\/\/www.inforesidencias.com\/blog\/wp-content\/uploads\/2023\/07\/Oasis-de-convivencia-para-personas-con-demencia.png","type":"image\/png"}],"author":"Josep de Mart\u00ed","twitter_card":"summary_large_image","twitter_creator":"@blog-ir","twitter_site":"@inforesidencias","twitter_misc":{"Escrito por":"Josep de Mart\u00ed","Tiempo de lectura":"3 minutos"},"schema":{"@context":"https:\/\/schema.org","@graph":[{"@type":"WebPage","@id":"https:\/\/www.inforesidencias.com\/blog\/index.php\/2023\/07\/28\/oasis-de-convivencia-para-personas-con-demencia-en-alemania\/","url":"https:\/\/www.inforesidencias.com\/blog\/index.php\/2023\/07\/28\/oasis-de-convivencia-para-personas-con-demencia-en-alemania\/","name":"Oasis de convivencia para personas con demencia en Alemania - Blog Inforesidencias.com","isPartOf":{"@id":"https:\/\/www.inforesidencias.com\/blog\/#website"},"datePublished":"2023-07-28T05:45:00+00:00","dateModified":"2023-07-25T11:46:30+00:00","author":{"@id":"https:\/\/www.inforesidencias.com\/blog\/#\/schema\/person\/9e146774d1eb3bc1c0316242a3898628"},"description":"En este video de Josep de Marti, de inforesidencias os mostramos un Oasis de convivencia para personas con demencia en Lindehhof, Alemania","breadcrumb":{"@id":"https:\/\/www.inforesidencias.com\/blog\/index.php\/2023\/07\/28\/oasis-de-convivencia-para-personas-con-demencia-en-alemania\/#breadcrumb"},"inLanguage":"es","potentialAction":[{"@type":"ReadAction","target":["https:\/\/www.inforesidencias.com\/blog\/index.php\/2023\/07\/28\/oasis-de-convivencia-para-personas-con-demencia-en-alemania\/"]}]},{"@type":"BreadcrumbList","@id":"https:\/\/www.inforesidencias.com\/blog\/index.php\/2023\/07\/28\/oasis-de-convivencia-para-personas-con-demencia-en-alemania\/#breadcrumb","itemListElement":[{"@type":"ListItem","position":1,"name":"Home","item":"https:\/\/www.inforesidencias.com\/blog\/"},{"@type":"ListItem","position":2,"name":"Oasis de convivencia para personas con demencia en Alemania"}]},{"@type":"WebSite","@id":"https:\/\/www.inforesidencias.com\/blog\/#website","url":"https:\/\/www.inforesidencias.com\/blog\/","name":"Blog Inforesidencias.com","description":"El buscador de residencias de la 3\u00aa edad","potentialAction":[{"@type":"SearchAction","target":{"@type":"EntryPoint","urlTemplate":"https:\/\/www.inforesidencias.com\/blog\/?s={search_term_string}"},"query-input":"required name=search_term_string"}],"inLanguage":"es"},{"@type":"Person","@id":"https:\/\/www.inforesidencias.com\/blog\/#\/schema\/person\/9e146774d1eb3bc1c0316242a3898628","name":"Josep de Mart\u00ed","image":{"@type":"ImageObject","inLanguage":"es","@id":"https:\/\/www.inforesidencias.com\/blog\/#\/schema\/person\/image\/","url":"https:\/\/secure.gravatar.com\/avatar\/de0302c4806c00c4cebff396a798c1ff?s=96&d=mm&r=g","contentUrl":"https:\/\/secure.gravatar.com\/avatar\/de0302c4806c00c4cebff396a798c1ff?s=96&d=mm&r=g","caption":"Josep de Mart\u00ed"},"sameAs":["https:\/\/www.inforesidencias.com","https:\/\/www.facebook.com\/josep.demarti","https:\/\/twitter.com\/blog-ir"],"url":"https:\/\/www.inforesidencias.com\/blog\/index.php\/author\/josepdemarti\/"}]}},"_links":{"self":[{"href":"https:\/\/www.inforesidencias.com\/blog\/index.php\/wp-json\/wp\/v2\/posts\/6740"}],"collection":[{"href":"https:\/\/www.inforesidencias.com\/blog\/index.php\/wp-json\/wp\/v2\/posts"}],"about":[{"href":"https:\/\/www.inforesidencias.com\/blog\/index.php\/wp-json\/wp\/v2\/types\/post"}],"author":[{"embeddable":true,"href":"https:\/\/www.inforesidencias.com\/blog\/index.php\/wp-json\/wp\/v2\/users\/2"}],"replies":[{"embeddable":true,"href":"https:\/\/www.inforesidencias.com\/blog\/index.php\/wp-json\/wp\/v2\/comments?post=6740"}],"version-history":[{"count":6,"href":"https:\/\/www.inforesidencias.com\/blog\/index.php\/wp-json\/wp\/v2\/posts\/6740\/revisions"}],"predecessor-version":[{"id":6747,"href":"https:\/\/www.inforesidencias.com\/blog\/index.php\/wp-json\/wp\/v2\/posts\/6740\/revisions\/6747"}],"wp:featuredmedia":[{"embeddable":true,"href":"https:\/\/www.inforesidencias.com\/blog\/index.php\/wp-json\/wp\/v2\/media\/6745"}],"wp:attachment":[{"href":"https:\/\/www.inforesidencias.com\/blog\/index.php\/wp-json\/wp\/v2\/media?parent=6740"}],"wp:term":[{"taxonomy":"category","embeddable":true,"href":"https:\/\/www.inforesidencias.com\/blog\/index.php\/wp-json\/wp\/v2\/categories?post=6740"},{"taxonomy":"post_tag","embeddable":true,"href":"https:\/\/www.inforesidencias.com\/blog\/index.php\/wp-json\/wp\/v2\/tags?post=6740"}],"curies":[{"name":"wp","href":"https:\/\/api.w.org\/{rel}","templated":true}]}}