{"id":684,"date":"2016-04-10T10:54:42","date_gmt":"2016-04-10T10:54:42","guid":{"rendered":"https:\/\/www.inforesidencias.com\/blog\/?p=684"},"modified":"2016-04-06T11:08:19","modified_gmt":"2016-04-06T11:08:19","slug":"reserva-cerebral","status":"publish","type":"post","link":"https:\/\/www.inforesidencias.com\/blog\/index.php\/2016\/04\/10\/reserva-cerebral\/","title":{"rendered":"LA RESERVA CEREBRAL"},"content":{"rendered":"<p>La <strong>Reserva Cerebral<\/strong> es un tema del que se habla incluso en la prensa diaria. Esta cuesti\u00f3n surgi\u00f3 al observar que algunas personas ten\u00edan lesiones en el cerebro y, sin embargo, no padec\u00edan problemas de memoria, ni de otras funciones cerebrales como el lenguaje o la atenci\u00f3n. Se dec\u00eda incluso que ten\u00edan menor riesgo de padecer la enfermedad de Alzheimer.<\/p>\n<h2>Pero \u00bfqu\u00e9 es la Reserva Cerebral?<\/h2>\n<div id=\"attachment_687\" style=\"width: 498px\" class=\"wp-caption aligncenter\"><a href=\"https:\/\/www.inforesidencias.com\/blog\/wp-content\/uploads\/2016\/04\/cerebro.jpg\"><img aria-describedby=\"caption-attachment-687\" decoding=\"async\" loading=\"lazy\" class=\"size-full wp-image-687\" src=\"https:\/\/www.inforesidencias.com\/blog\/wp-content\/uploads\/2016\/04\/cerebro.jpg\" alt=\"Ejercitar el cerebro, protegerse de la demencia\" width=\"488\" height=\"391\" \/><\/a><p id=\"caption-attachment-687\" class=\"wp-caption-text\">Quien ejercita su cerebro durante toda la vida afronta mejor la demencia futura<\/p><\/div>\n<p>La reserva es algo que tenemos guardado para cuando haga falta. Una persona que ha estado entrenando su cerebro mediante ejercicios de memoria o de lenguaje o que ha estado ejercitando su atenci\u00f3n, cuando haya alteraciones en su cerebro va a \u201caguantar\u201d mejor estas alteraciones y va a seguir funcionando bien durante mucho m\u00e1s tiempo que aquella otra persona que apenas se ha ejercitado. Las c\u00e9lulas de su cerebro, las neuronas, son m\u00e1s eficaces, se organizan y se asocian mejor. Cuando vengan las alteraciones del cerebro, por ejemplo las relacionadas con la edad o la muerte de neuronas tal como sucede en la enfermedad de Alzheimer, este cerebro \u201caguantar\u00e1\u201d mejor estas alteraciones. Las personas que tienen poca \u201creserva\u201d, inmediatamente presentar\u00e1n s\u00edntomas: olvidos, dificultades para desenvolverse en el d\u00eda a d\u00eda (va a la compra y no entiende bien el valor de lo que compra ni puede calcular lo que le cuesta un producto), tiene dificultades importantes para poder expresarse (\u201cno le salen las palabras\u201d), etc. Por el contrario, la persona que tiene gran Reserva Cerebral, aun cuando su cerebro se est\u00e9 afectando, no va a presentar alteraciones en el d\u00eda a d\u00eda o tardar\u00e1 mucho m\u00e1s tiempo en tener estos problemas diarios.<\/p>\n<h2><strong>\u00bfQu\u00e9 factores intervienen en la Reserva Cerebral y c\u00f3mo aumentarla?<\/strong><\/h2>\n<p>En la Reserva Cerebral intervienen varios factores. Hay factores gen\u00e9ticos sobre los que poco podemos hacer. Pero hay otros que dependen de nosotros, es decir que podemos aumentar nuestra Reserva Cerebral. Entre estos factores se encuentran la educaci\u00f3n y la cultura. Tienen Reserva Cerebral alta aquellas personas que tienen una elevada educaci\u00f3n y cultura. Pero siempre podemos aumentar nuestra cultura: leer, salir a actos culturales como conferencias, asistir a espect\u00e1culos, el cine, ir a museos, viajar, estar informado de cuanto sucede a nuestro alrededor. Al aumentar nuestra cultura, aumentamos nuestra reserva cerebral.<\/p>\n<p>Hay tambi\u00e9n actividades intelectuales que son muy convenientes: Los talleres de memoria, que se realizan cada vez m\u00e1s en numerosos centros, son especialmente \u00fatiles: en ellos se hacen ejercicios de memoria, de lenguaje, se estimula la atenci\u00f3n, se aprende a solucionar los olvidos de la vida cotidiana; conviene que estas actividades sean dirigidas por personal bien formado. Tambi\u00e9n son \u00fatiles los juegos de mesa o los pasatiempos (sudokus, sopa de letras, autodefinidos, etc.). Hay cuadernos de ejercicios (de c\u00e1lculo, de memoria, de escritura o de dibujo) que son entretenidos y \u00fatiles.<\/p>\n<p>Otro factor importante que influye en la Reserva Cerebral son las relaciones sociales. El aislamiento, no tratar con otras personas, es muy negativo. Es conveniente tener relaciones sociales, salir con amigos, conversar. En las relaciones sociales recibimos estimulaci\u00f3n de numerosas \u00e1reas de nuestro cerebro: practicamos el lenguaje, guardamos hechos que estimulan nuestra memoria, estamos atentos lo que otras personas nos dicen, tratamos de entender, desarrollamos afectos y vivimos situaciones nuevas en cada momento a las que tenemos que adaptarnos y responder.<\/p>\n<p>Para una buena Reserva Cerebral es muy importante el cuidado de nuestro cerebro: tener \u201cun cerebro sano\u201d. Para eso se debe controlar muy bien la hipertensi\u00f3n, el colesterol, el az\u00facar en la sangre (diabetes). Se debe hacer ejercicio f\u00edsico, y evitar el sedentarismo (se dice que todos los d\u00edas hay que caminar al menos una hora).<\/p>\n<p><strong>\u00bfQu\u00e9 recomendaciones podr\u00edamos hacer. En este cuadro se resumen algunas:<\/strong><\/p>\n<p><strong>Recomendaciones<\/strong><\/p>\n<ul>\n<li><strong>Controle<\/strong> la tensi\u00f3n arterial, la glucemia (o \u201caz\u00facar en la sangre\u201d), el colesterol. En caso de alteraciones producidas por la hipertensi\u00f3n, la diabetes o el colesterol alto, nuestro cerebro pierde \u201creserva\u201d y ser\u00e1 m\u00e1s f\u00e1cilmente afectado por la enfermedad.<\/li>\n<li>Realice<strong> ejercicio f\u00edsico<\/strong>: un cuerpo sano lleva a un cerebro sano. Es ejercicio f\u00edsico: Caminar todos los d\u00edas durante m\u00e1s de media hora a cierto ritmo, hacer gimnasia, practicar deportes suaves (nataci\u00f3n u otros), etc.<\/li>\n<li>Realice <strong>actividades de ocio<\/strong>: Lectura, tocar instrumentos musicales, viajar, asistir a espect\u00e1culos, escribir por placer, bailar, etc.<\/li>\n<li>Participe en <strong>actividades sociales<\/strong>, voluntariado, asociaciones, discusiones de grupo, excursiones, etc.<\/li>\n<li>Practique <strong>ejercicios intelectuales<\/strong>. Entre otros, son \u00fatiles el hacer puzles y otros pasatiempos tales como sudokus o sopas de letras o jerogl\u00edficos y practicar juegos de mesa.<\/li>\n<li>Trate de <strong>incrementar su nivel cultural<\/strong>: Estudios, conferencias, reuniones, exposiciones o actos art\u00edsticos o culturales en general; est\u00e9 al tanto de lo que sucede en el mundo y a su alrededor.<\/li>\n<li>Realice <strong>estimulaci\u00f3n cognitiva o entrenamiento de memoria<\/strong> individual o en grupo con profesionales preparados en centros que realicen talleres, programas o actividades de este tipo.<\/li>\n<\/ul>\n<p>Dr. Pedro Montejo<\/p>\n<p>Psiquiatra. Jefe del Centro de Prevenci\u00f3n del Deterioro Cognitivo<\/p>\n<p>Madrid Salud. Ayuntamiento de Madrid.<\/p>\n","protected":false},"excerpt":{"rendered":"<p>La Reserva Cerebral es un tema del que se habla incluso en la prensa diaria. Esta cuesti\u00f3n surgi\u00f3 al observar que algunas personas ten\u00edan lesiones en el cerebro y, sin embargo, no padec\u00edan problemas de memoria, ni de otras funciones cerebrales como el lenguaje o la atenci\u00f3n. Se dec\u00eda incluso que ten\u00edan menor riesgo de padecer la enfermedad de Alzheimer. Pero \u00bfqu\u00e9 es la Reserva Cerebral? La reserva es algo que tenemos guardado para cuando haga falta. Una persona que ha estado entrenando su cerebro mediante ejercicios de memoria o de lenguaje o que ha estado ejercitando su atenci\u00f3n, cuando haya alteraciones en su cerebro va a \u201caguantar\u201d mejor estas alteraciones y va a seguir funcionando bien durante mucho m\u00e1s tiempo que aquella otra persona que apenas se ha ejercitado. Las c\u00e9lulas de su cerebro, las neuronas, son m\u00e1s eficaces, se organizan y se asocian mejor. Cuando vengan las alteraciones [&hellip;]<\/p>\n","protected":false},"author":2,"featured_media":687,"comment_status":"open","ping_status":"open","sticky":false,"template":"","format":"standard","meta":{"footnotes":""},"categories":[14],"tags":[],"yoast_head":"<!-- This site is optimized with the Yoast SEO plugin v21.7 - https:\/\/yoast.com\/wordpress\/plugins\/seo\/ -->\n<title>LA RESERVA CEREBRAL - Blog Inforesidencias.com<\/title>\n<meta name=\"description\" content=\"La reserva cerebral es el equivalente al &quot;fondo&quot; de los corredores. Quien ejercita el cerebro durante la vida afronta mejor la demencia.\" \/>\n<meta name=\"robots\" content=\"index, follow, max-snippet:-1, max-image-preview:large, max-video-preview:-1\" \/>\n<link rel=\"canonical\" href=\"https:\/\/www.inforesidencias.com\/blog\/index.php\/2016\/04\/10\/reserva-cerebral\/\" \/>\n<meta property=\"og:locale\" content=\"es_ES\" \/>\n<meta property=\"og:type\" content=\"article\" \/>\n<meta property=\"og:title\" content=\"LA RESERVA CEREBRAL - Blog Inforesidencias.com\" \/>\n<meta property=\"og:description\" content=\"La reserva cerebral es el equivalente al &quot;fondo&quot; de los corredores. Quien ejercita el cerebro durante la vida afronta mejor la demencia.\" \/>\n<meta property=\"og:url\" content=\"https:\/\/www.inforesidencias.com\/blog\/index.php\/2016\/04\/10\/reserva-cerebral\/\" \/>\n<meta property=\"og:site_name\" content=\"Blog Inforesidencias.com\" \/>\n<meta property=\"article:publisher\" content=\"https:\/\/www.facebook.com\/Inforesidencias\/\" \/>\n<meta property=\"article:author\" content=\"https:\/\/www.facebook.com\/josep.demarti\" \/>\n<meta property=\"article:published_time\" content=\"2016-04-10T10:54:42+00:00\" \/>\n<meta property=\"article:modified_time\" content=\"2016-04-06T11:08:19+00:00\" \/>\n<meta property=\"og:image\" content=\"https:\/\/www.inforesidencias.com\/blog\/wp-content\/uploads\/2016\/04\/cerebro.jpg\" \/>\n\t<meta property=\"og:image:width\" content=\"488\" \/>\n\t<meta property=\"og:image:height\" content=\"391\" \/>\n\t<meta property=\"og:image:type\" content=\"image\/jpeg\" \/>\n<meta name=\"author\" content=\"Josep de Mart\u00ed\" \/>\n<meta name=\"twitter:card\" content=\"summary_large_image\" \/>\n<meta name=\"twitter:creator\" content=\"@blog-ir\" \/>\n<meta name=\"twitter:site\" content=\"@inforesidencias\" \/>\n<meta name=\"twitter:label1\" content=\"Escrito por\" \/>\n\t<meta name=\"twitter:data1\" content=\"Josep de Mart\u00ed\" \/>\n\t<meta name=\"twitter:label2\" content=\"Tiempo de lectura\" \/>\n\t<meta name=\"twitter:data2\" content=\"4 minutos\" \/>\n<script type=\"application\/ld+json\" class=\"yoast-schema-graph\">{\"@context\":\"https:\/\/schema.org\",\"@graph\":[{\"@type\":\"WebPage\",\"@id\":\"https:\/\/www.inforesidencias.com\/blog\/index.php\/2016\/04\/10\/reserva-cerebral\/\",\"url\":\"https:\/\/www.inforesidencias.com\/blog\/index.php\/2016\/04\/10\/reserva-cerebral\/\",\"name\":\"LA RESERVA CEREBRAL - Blog Inforesidencias.com\",\"isPartOf\":{\"@id\":\"https:\/\/www.inforesidencias.com\/blog\/#website\"},\"datePublished\":\"2016-04-10T10:54:42+00:00\",\"dateModified\":\"2016-04-06T11:08:19+00:00\",\"author\":{\"@id\":\"https:\/\/www.inforesidencias.com\/blog\/#\/schema\/person\/9e146774d1eb3bc1c0316242a3898628\"},\"description\":\"La reserva cerebral es el equivalente al \\\"fondo\\\" de los corredores. Quien ejercita el cerebro durante la vida afronta mejor la demencia.\",\"breadcrumb\":{\"@id\":\"https:\/\/www.inforesidencias.com\/blog\/index.php\/2016\/04\/10\/reserva-cerebral\/#breadcrumb\"},\"inLanguage\":\"es\",\"potentialAction\":[{\"@type\":\"ReadAction\",\"target\":[\"https:\/\/www.inforesidencias.com\/blog\/index.php\/2016\/04\/10\/reserva-cerebral\/\"]}]},{\"@type\":\"BreadcrumbList\",\"@id\":\"https:\/\/www.inforesidencias.com\/blog\/index.php\/2016\/04\/10\/reserva-cerebral\/#breadcrumb\",\"itemListElement\":[{\"@type\":\"ListItem\",\"position\":1,\"name\":\"Home\",\"item\":\"https:\/\/www.inforesidencias.com\/blog\/\"},{\"@type\":\"ListItem\",\"position\":2,\"name\":\"LA RESERVA CEREBRAL\"}]},{\"@type\":\"WebSite\",\"@id\":\"https:\/\/www.inforesidencias.com\/blog\/#website\",\"url\":\"https:\/\/www.inforesidencias.com\/blog\/\",\"name\":\"Blog Inforesidencias.com\",\"description\":\"El buscador de residencias de la 3\u00aa edad\",\"potentialAction\":[{\"@type\":\"SearchAction\",\"target\":{\"@type\":\"EntryPoint\",\"urlTemplate\":\"https:\/\/www.inforesidencias.com\/blog\/?s={search_term_string}\"},\"query-input\":\"required name=search_term_string\"}],\"inLanguage\":\"es\"},{\"@type\":\"Person\",\"@id\":\"https:\/\/www.inforesidencias.com\/blog\/#\/schema\/person\/9e146774d1eb3bc1c0316242a3898628\",\"name\":\"Josep de Mart\u00ed\",\"image\":{\"@type\":\"ImageObject\",\"inLanguage\":\"es\",\"@id\":\"https:\/\/www.inforesidencias.com\/blog\/#\/schema\/person\/image\/\",\"url\":\"https:\/\/secure.gravatar.com\/avatar\/de0302c4806c00c4cebff396a798c1ff?s=96&d=mm&r=g\",\"contentUrl\":\"https:\/\/secure.gravatar.com\/avatar\/de0302c4806c00c4cebff396a798c1ff?s=96&d=mm&r=g\",\"caption\":\"Josep de Mart\u00ed\"},\"sameAs\":[\"https:\/\/www.inforesidencias.com\",\"https:\/\/www.facebook.com\/josep.demarti\",\"https:\/\/twitter.com\/blog-ir\"],\"url\":\"https:\/\/www.inforesidencias.com\/blog\/index.php\/author\/josepdemarti\/\"}]}<\/script>\n<!-- \/ Yoast SEO plugin. -->","yoast_head_json":{"title":"LA RESERVA CEREBRAL - Blog Inforesidencias.com","description":"La reserva cerebral es el equivalente al \"fondo\" de los corredores. Quien ejercita el cerebro durante la vida afronta mejor la demencia.","robots":{"index":"index","follow":"follow","max-snippet":"max-snippet:-1","max-image-preview":"max-image-preview:large","max-video-preview":"max-video-preview:-1"},"canonical":"https:\/\/www.inforesidencias.com\/blog\/index.php\/2016\/04\/10\/reserva-cerebral\/","og_locale":"es_ES","og_type":"article","og_title":"LA RESERVA CEREBRAL - Blog Inforesidencias.com","og_description":"La reserva cerebral es el equivalente al \"fondo\" de los corredores. Quien ejercita el cerebro durante la vida afronta mejor la demencia.","og_url":"https:\/\/www.inforesidencias.com\/blog\/index.php\/2016\/04\/10\/reserva-cerebral\/","og_site_name":"Blog Inforesidencias.com","article_publisher":"https:\/\/www.facebook.com\/Inforesidencias\/","article_author":"https:\/\/www.facebook.com\/josep.demarti","article_published_time":"2016-04-10T10:54:42+00:00","article_modified_time":"2016-04-06T11:08:19+00:00","og_image":[{"width":488,"height":391,"url":"https:\/\/www.inforesidencias.com\/blog\/wp-content\/uploads\/2016\/04\/cerebro.jpg","type":"image\/jpeg"}],"author":"Josep de Mart\u00ed","twitter_card":"summary_large_image","twitter_creator":"@blog-ir","twitter_site":"@inforesidencias","twitter_misc":{"Escrito por":"Josep de Mart\u00ed","Tiempo de lectura":"4 minutos"},"schema":{"@context":"https:\/\/schema.org","@graph":[{"@type":"WebPage","@id":"https:\/\/www.inforesidencias.com\/blog\/index.php\/2016\/04\/10\/reserva-cerebral\/","url":"https:\/\/www.inforesidencias.com\/blog\/index.php\/2016\/04\/10\/reserva-cerebral\/","name":"LA RESERVA CEREBRAL - Blog Inforesidencias.com","isPartOf":{"@id":"https:\/\/www.inforesidencias.com\/blog\/#website"},"datePublished":"2016-04-10T10:54:42+00:00","dateModified":"2016-04-06T11:08:19+00:00","author":{"@id":"https:\/\/www.inforesidencias.com\/blog\/#\/schema\/person\/9e146774d1eb3bc1c0316242a3898628"},"description":"La reserva cerebral es el equivalente al \"fondo\" de los corredores. Quien ejercita el cerebro durante la vida afronta mejor la demencia.","breadcrumb":{"@id":"https:\/\/www.inforesidencias.com\/blog\/index.php\/2016\/04\/10\/reserva-cerebral\/#breadcrumb"},"inLanguage":"es","potentialAction":[{"@type":"ReadAction","target":["https:\/\/www.inforesidencias.com\/blog\/index.php\/2016\/04\/10\/reserva-cerebral\/"]}]},{"@type":"BreadcrumbList","@id":"https:\/\/www.inforesidencias.com\/blog\/index.php\/2016\/04\/10\/reserva-cerebral\/#breadcrumb","itemListElement":[{"@type":"ListItem","position":1,"name":"Home","item":"https:\/\/www.inforesidencias.com\/blog\/"},{"@type":"ListItem","position":2,"name":"LA RESERVA CEREBRAL"}]},{"@type":"WebSite","@id":"https:\/\/www.inforesidencias.com\/blog\/#website","url":"https:\/\/www.inforesidencias.com\/blog\/","name":"Blog Inforesidencias.com","description":"El buscador de residencias de la 3\u00aa edad","potentialAction":[{"@type":"SearchAction","target":{"@type":"EntryPoint","urlTemplate":"https:\/\/www.inforesidencias.com\/blog\/?s={search_term_string}"},"query-input":"required name=search_term_string"}],"inLanguage":"es"},{"@type":"Person","@id":"https:\/\/www.inforesidencias.com\/blog\/#\/schema\/person\/9e146774d1eb3bc1c0316242a3898628","name":"Josep de Mart\u00ed","image":{"@type":"ImageObject","inLanguage":"es","@id":"https:\/\/www.inforesidencias.com\/blog\/#\/schema\/person\/image\/","url":"https:\/\/secure.gravatar.com\/avatar\/de0302c4806c00c4cebff396a798c1ff?s=96&d=mm&r=g","contentUrl":"https:\/\/secure.gravatar.com\/avatar\/de0302c4806c00c4cebff396a798c1ff?s=96&d=mm&r=g","caption":"Josep de Mart\u00ed"},"sameAs":["https:\/\/www.inforesidencias.com","https:\/\/www.facebook.com\/josep.demarti","https:\/\/twitter.com\/blog-ir"],"url":"https:\/\/www.inforesidencias.com\/blog\/index.php\/author\/josepdemarti\/"}]}},"_links":{"self":[{"href":"https:\/\/www.inforesidencias.com\/blog\/index.php\/wp-json\/wp\/v2\/posts\/684"}],"collection":[{"href":"https:\/\/www.inforesidencias.com\/blog\/index.php\/wp-json\/wp\/v2\/posts"}],"about":[{"href":"https:\/\/www.inforesidencias.com\/blog\/index.php\/wp-json\/wp\/v2\/types\/post"}],"author":[{"embeddable":true,"href":"https:\/\/www.inforesidencias.com\/blog\/index.php\/wp-json\/wp\/v2\/users\/2"}],"replies":[{"embeddable":true,"href":"https:\/\/www.inforesidencias.com\/blog\/index.php\/wp-json\/wp\/v2\/comments?post=684"}],"version-history":[{"count":3,"href":"https:\/\/www.inforesidencias.com\/blog\/index.php\/wp-json\/wp\/v2\/posts\/684\/revisions"}],"predecessor-version":[{"id":688,"href":"https:\/\/www.inforesidencias.com\/blog\/index.php\/wp-json\/wp\/v2\/posts\/684\/revisions\/688"}],"wp:featuredmedia":[{"embeddable":true,"href":"https:\/\/www.inforesidencias.com\/blog\/index.php\/wp-json\/wp\/v2\/media\/687"}],"wp:attachment":[{"href":"https:\/\/www.inforesidencias.com\/blog\/index.php\/wp-json\/wp\/v2\/media?parent=684"}],"wp:term":[{"taxonomy":"category","embeddable":true,"href":"https:\/\/www.inforesidencias.com\/blog\/index.php\/wp-json\/wp\/v2\/categories?post=684"},{"taxonomy":"post_tag","embeddable":true,"href":"https:\/\/www.inforesidencias.com\/blog\/index.php\/wp-json\/wp\/v2\/tags?post=684"}],"curies":[{"name":"wp","href":"https:\/\/api.w.org\/{rel}","templated":true}]}}