{"id":6865,"date":"2023-09-18T13:58:44","date_gmt":"2023-09-18T12:58:44","guid":{"rendered":"https:\/\/www.inforesidencias.com\/blog\/?p=6865"},"modified":"2023-09-18T13:58:45","modified_gmt":"2023-09-18T12:58:45","slug":"hay-falta-de-personal-en-las-residencias-de-mayores-una-curiosa-idea-traida-desde-alemania","status":"publish","type":"post","link":"https:\/\/www.inforesidencias.com\/blog\/index.php\/2023\/09\/18\/hay-falta-de-personal-en-las-residencias-de-mayores-una-curiosa-idea-traida-desde-alemania\/","title":{"rendered":"\u00bfHay falta de personal en las residencias de mayores? Una curiosa idea tra\u00edda desde Alemania"},"content":{"rendered":"\n<p>Los problemas para cubrir las vacantes y la falta de personal en las residencias de mayores de nuestro pa\u00eds son factores cada vez m\u00e1s habituales en nuestro sector. Los responsables de la selecci\u00f3n de personal de los centros geri\u00e1tricos o servicios de atenci\u00f3n domiciliaria alertan de que dar respuesta a esas vacantes se est\u00e1 convirtiendo en algo casi tit\u00e1nico. <\/p>\n\n\n\n<p>Para el canal de youtube de inforesidencias y m\u00e1s concretamente desde la puerta de entrada de una residencia, Josep de Marti nos ha grabado un video en el que nos muestra una curiosa iniciativa que han adoptado desde una residencia de alto standing llamada SOPHIENGARTEN para dar a conocer sus vacantes, en este caso de enfermer\u00eda.<\/p>\n\n\n\n<figure class=\"wp-block-embed is-type-video is-provider-youtube wp-block-embed-youtube wp-embed-aspect-16-9 wp-has-aspect-ratio\"><div class=\"wp-block-embed__wrapper\">\n<iframe loading=\"lazy\" title=\"Una idea alemana para atraer a personas a trabajar en residencias de mayores\" width=\"500\" height=\"281\" src=\"https:\/\/www.youtube.com\/embed\/vtT44qzqQgQ?feature=oembed\" frameborder=\"0\" allow=\"accelerometer; autoplay; clipboard-write; encrypted-media; gyroscope; picture-in-picture; web-share\" allowfullscreen><\/iframe>\n<\/div><\/figure>\n\n\n\n<p><\/p>\n\n\n\n<p>La iniciativa consist\u00eda en poner en la puerta una pancarta o lona en el que se dan a conocer las condiciones laborales que se ofrecen. Es curioso porque, de forma sucinta pero clara. explican por un lado el sueldo, la existencia de una paga extra, las vacaciones anuales, la jornada semanal, los d\u00edas personales y hasta el extra que percibir\u00edas en caso de trabajar un d\u00eda que no te toca. Aunque seg\u00fan han comentado fuera de c\u00e1maras todav\u00eda no tienen excesivos problemas para encontrar personal, imaginamos que tampoco les resulta muy f\u00e1cil y por eso han optado por esta iniciativa. <\/p>\n\n\n\n<p>Imaginemos que una de las situaciones que se puede dar es que la gente que pasa por la zona har\u00e1 fotograf\u00edas a la pancarta y las har\u00e1 llegar a familiares y amigos que pudieran estar interesados. Al mismo tiempo animan a entrar a la residencia y tomarse un caf\u00e9 a toda aquella persona susceptible de optar a las vacantes para que les expliquen como trabajan.<\/p>\n\n\n\n<p>\u00bfCre\u00e9is que esta ser\u00eda una buena forma de actuar ante la alta personal en las residencias de mayores en nuestro pa\u00eds?<\/p>\n\n\n\n<p><strong>Art\u00edculos relacionados<\/strong> con trabajar en centros geri\u00e1tricos y con la falta de personal en las residencias de mayores<\/p>\n\n\n\n<ul>\n<li><a href=\"https:\/\/www.inforesidencias.com\/blog\/index.php\/2023\/06\/26\/titulaciones-y-certificaciones-validas-para-trabajar-en-residencias-de-mayores\/\">T\u00edtulos v\u00e1lidos para trabajar en residencias geri\u00e1tricas en Espa\u00f1a<\/a><\/li>\n<\/ul>\n\n\n\n<ul>\n<li><a href=\"https:\/\/www.inforesidencias.com\/centros\/buscador\/busquedas-predefinidas\/residencias-geriatricas-con-mas-personal\">Las residencias con m\u00e1s ratio de personal<\/a><\/li>\n<\/ul>\n","protected":false},"excerpt":{"rendered":"<p>Los problemas para cubrir las vacantes y la falta de personal en las residencias de mayores de nuestro pa\u00eds son factores cada vez m\u00e1s habituales en nuestro sector. Los responsables de la selecci\u00f3n de personal de los centros geri\u00e1tricos o servicios de atenci\u00f3n domiciliaria alertan de que dar respuesta a esas vacantes se est\u00e1 convirtiendo en algo casi tit\u00e1nico. Para el canal de youtube de inforesidencias y m\u00e1s concretamente desde la puerta de entrada de una residencia, Josep de Marti nos ha grabado un video en el que nos muestra una curiosa iniciativa que han adoptado desde una residencia de alto standing llamada SOPHIENGARTEN para dar a conocer sus vacantes, en este caso de enfermer\u00eda. La iniciativa consist\u00eda en poner en la puerta una pancarta o lona en el que se dan a conocer las condiciones laborales que se ofrecen. Es curioso porque, de forma sucinta pero clara. explican por [&hellip;]<\/p>\n","protected":false},"author":6,"featured_media":6868,"comment_status":"open","ping_status":"open","sticky":false,"template":"","format":"standard","meta":{"footnotes":""},"categories":[1],"tags":[],"yoast_head":"<!-- This site is optimized with the Yoast SEO plugin v21.7 - https:\/\/yoast.com\/wordpress\/plugins\/seo\/ -->\n<title>\u00bfHay falta de personal en las residencias de mayores? Una curiosa idea tra\u00edda desde Alemania - Blog Inforesidencias.com<\/title>\n<meta name=\"description\" content=\"Describimos una curiosa idea de una residencia de Alemania para hacer frente a falta de personal en las residencias de mayores\" \/>\n<meta name=\"robots\" content=\"index, follow, max-snippet:-1, max-image-preview:large, max-video-preview:-1\" \/>\n<link rel=\"canonical\" href=\"https:\/\/www.inforesidencias.com\/blog\/index.php\/2023\/09\/18\/hay-falta-de-personal-en-las-residencias-de-mayores-una-curiosa-idea-traida-desde-alemania\/\" \/>\n<meta property=\"og:locale\" content=\"es_ES\" \/>\n<meta property=\"og:type\" content=\"article\" \/>\n<meta property=\"og:title\" content=\"\u00bfHay falta de personal en las residencias de mayores? Una curiosa idea tra\u00edda desde Alemania - Blog Inforesidencias.com\" \/>\n<meta property=\"og:description\" content=\"Describimos una curiosa idea de una residencia de Alemania para hacer frente a falta de personal en las residencias de mayores\" \/>\n<meta property=\"og:url\" content=\"https:\/\/www.inforesidencias.com\/blog\/index.php\/2023\/09\/18\/hay-falta-de-personal-en-las-residencias-de-mayores-una-curiosa-idea-traida-desde-alemania\/\" \/>\n<meta property=\"og:site_name\" content=\"Blog Inforesidencias.com\" \/>\n<meta property=\"article:publisher\" content=\"https:\/\/www.facebook.com\/Inforesidencias\/\" \/>\n<meta property=\"article:published_time\" content=\"2023-09-18T12:58:44+00:00\" \/>\n<meta property=\"article:modified_time\" content=\"2023-09-18T12:58:45+00:00\" \/>\n<meta property=\"og:image\" content=\"https:\/\/www.inforesidencias.com\/blog\/wp-content\/uploads\/2023\/09\/falta-de-personal-en-las-residencias-de-mayores.png\" \/>\n\t<meta property=\"og:image:width\" content=\"1423\" \/>\n\t<meta property=\"og:image:height\" content=\"721\" \/>\n\t<meta property=\"og:image:type\" content=\"image\/png\" \/>\n<meta name=\"author\" content=\"Carles Reixach\" \/>\n<meta name=\"twitter:card\" content=\"summary_large_image\" \/>\n<meta name=\"twitter:creator\" content=\"@blog-ir\" \/>\n<meta name=\"twitter:site\" content=\"@inforesidencias\" \/>\n<meta name=\"twitter:label1\" content=\"Escrito por\" \/>\n\t<meta name=\"twitter:data1\" content=\"Carles Reixach\" \/>\n\t<meta name=\"twitter:label2\" content=\"Tiempo de lectura\" \/>\n\t<meta name=\"twitter:data2\" content=\"2 minutos\" \/>\n<script type=\"application\/ld+json\" class=\"yoast-schema-graph\">{\"@context\":\"https:\/\/schema.org\",\"@graph\":[{\"@type\":\"WebPage\",\"@id\":\"https:\/\/www.inforesidencias.com\/blog\/index.php\/2023\/09\/18\/hay-falta-de-personal-en-las-residencias-de-mayores-una-curiosa-idea-traida-desde-alemania\/\",\"url\":\"https:\/\/www.inforesidencias.com\/blog\/index.php\/2023\/09\/18\/hay-falta-de-personal-en-las-residencias-de-mayores-una-curiosa-idea-traida-desde-alemania\/\",\"name\":\"\u00bfHay falta de personal en las residencias de mayores? Una curiosa idea tra\u00edda desde Alemania - Blog Inforesidencias.com\",\"isPartOf\":{\"@id\":\"https:\/\/www.inforesidencias.com\/blog\/#website\"},\"datePublished\":\"2023-09-18T12:58:44+00:00\",\"dateModified\":\"2023-09-18T12:58:45+00:00\",\"author\":{\"@id\":\"https:\/\/www.inforesidencias.com\/blog\/#\/schema\/person\/90ec02c0eaf05c8c2260bd3cb30ff126\"},\"description\":\"Describimos una curiosa idea de una residencia de Alemania para hacer frente a falta de personal en las residencias de mayores\",\"breadcrumb\":{\"@id\":\"https:\/\/www.inforesidencias.com\/blog\/index.php\/2023\/09\/18\/hay-falta-de-personal-en-las-residencias-de-mayores-una-curiosa-idea-traida-desde-alemania\/#breadcrumb\"},\"inLanguage\":\"es\",\"potentialAction\":[{\"@type\":\"ReadAction\",\"target\":[\"https:\/\/www.inforesidencias.com\/blog\/index.php\/2023\/09\/18\/hay-falta-de-personal-en-las-residencias-de-mayores-una-curiosa-idea-traida-desde-alemania\/\"]}]},{\"@type\":\"BreadcrumbList\",\"@id\":\"https:\/\/www.inforesidencias.com\/blog\/index.php\/2023\/09\/18\/hay-falta-de-personal-en-las-residencias-de-mayores-una-curiosa-idea-traida-desde-alemania\/#breadcrumb\",\"itemListElement\":[{\"@type\":\"ListItem\",\"position\":1,\"name\":\"Home\",\"item\":\"https:\/\/www.inforesidencias.com\/blog\/\"},{\"@type\":\"ListItem\",\"position\":2,\"name\":\"\u00bfHay falta de personal en las residencias de mayores? Una curiosa idea tra\u00edda desde Alemania\"}]},{\"@type\":\"WebSite\",\"@id\":\"https:\/\/www.inforesidencias.com\/blog\/#website\",\"url\":\"https:\/\/www.inforesidencias.com\/blog\/\",\"name\":\"Blog Inforesidencias.com\",\"description\":\"El buscador de residencias de la 3\u00aa edad\",\"potentialAction\":[{\"@type\":\"SearchAction\",\"target\":{\"@type\":\"EntryPoint\",\"urlTemplate\":\"https:\/\/www.inforesidencias.com\/blog\/?s={search_term_string}\"},\"query-input\":\"required name=search_term_string\"}],\"inLanguage\":\"es\"},{\"@type\":\"Person\",\"@id\":\"https:\/\/www.inforesidencias.com\/blog\/#\/schema\/person\/90ec02c0eaf05c8c2260bd3cb30ff126\",\"name\":\"Carles Reixach\",\"image\":{\"@type\":\"ImageObject\",\"inLanguage\":\"es\",\"@id\":\"https:\/\/www.inforesidencias.com\/blog\/#\/schema\/person\/image\/\",\"url\":\"https:\/\/secure.gravatar.com\/avatar\/fb527b07d09398462de613ba8a48e61f?s=96&d=mm&r=g\",\"contentUrl\":\"https:\/\/secure.gravatar.com\/avatar\/fb527b07d09398462de613ba8a48e61f?s=96&d=mm&r=g\",\"caption\":\"Carles Reixach\"},\"sameAs\":[\"https:\/\/twitter.com\/blog-ir\"],\"url\":\"https:\/\/www.inforesidencias.com\/blog\/index.php\/author\/carles\/\"}]}<\/script>\n<!-- \/ Yoast SEO plugin. -->","yoast_head_json":{"title":"\u00bfHay falta de personal en las residencias de mayores? Una curiosa idea tra\u00edda desde Alemania - Blog Inforesidencias.com","description":"Describimos una curiosa idea de una residencia de Alemania para hacer frente a falta de personal en las residencias de mayores","robots":{"index":"index","follow":"follow","max-snippet":"max-snippet:-1","max-image-preview":"max-image-preview:large","max-video-preview":"max-video-preview:-1"},"canonical":"https:\/\/www.inforesidencias.com\/blog\/index.php\/2023\/09\/18\/hay-falta-de-personal-en-las-residencias-de-mayores-una-curiosa-idea-traida-desde-alemania\/","og_locale":"es_ES","og_type":"article","og_title":"\u00bfHay falta de personal en las residencias de mayores? Una curiosa idea tra\u00edda desde Alemania - Blog Inforesidencias.com","og_description":"Describimos una curiosa idea de una residencia de Alemania para hacer frente a falta de personal en las residencias de mayores","og_url":"https:\/\/www.inforesidencias.com\/blog\/index.php\/2023\/09\/18\/hay-falta-de-personal-en-las-residencias-de-mayores-una-curiosa-idea-traida-desde-alemania\/","og_site_name":"Blog Inforesidencias.com","article_publisher":"https:\/\/www.facebook.com\/Inforesidencias\/","article_published_time":"2023-09-18T12:58:44+00:00","article_modified_time":"2023-09-18T12:58:45+00:00","og_image":[{"width":1423,"height":721,"url":"https:\/\/www.inforesidencias.com\/blog\/wp-content\/uploads\/2023\/09\/falta-de-personal-en-las-residencias-de-mayores.png","type":"image\/png"}],"author":"Carles Reixach","twitter_card":"summary_large_image","twitter_creator":"@blog-ir","twitter_site":"@inforesidencias","twitter_misc":{"Escrito por":"Carles Reixach","Tiempo de lectura":"2 minutos"},"schema":{"@context":"https:\/\/schema.org","@graph":[{"@type":"WebPage","@id":"https:\/\/www.inforesidencias.com\/blog\/index.php\/2023\/09\/18\/hay-falta-de-personal-en-las-residencias-de-mayores-una-curiosa-idea-traida-desde-alemania\/","url":"https:\/\/www.inforesidencias.com\/blog\/index.php\/2023\/09\/18\/hay-falta-de-personal-en-las-residencias-de-mayores-una-curiosa-idea-traida-desde-alemania\/","name":"\u00bfHay falta de personal en las residencias de mayores? Una curiosa idea tra\u00edda desde Alemania - Blog Inforesidencias.com","isPartOf":{"@id":"https:\/\/www.inforesidencias.com\/blog\/#website"},"datePublished":"2023-09-18T12:58:44+00:00","dateModified":"2023-09-18T12:58:45+00:00","author":{"@id":"https:\/\/www.inforesidencias.com\/blog\/#\/schema\/person\/90ec02c0eaf05c8c2260bd3cb30ff126"},"description":"Describimos una curiosa idea de una residencia de Alemania para hacer frente a falta de personal en las residencias de mayores","breadcrumb":{"@id":"https:\/\/www.inforesidencias.com\/blog\/index.php\/2023\/09\/18\/hay-falta-de-personal-en-las-residencias-de-mayores-una-curiosa-idea-traida-desde-alemania\/#breadcrumb"},"inLanguage":"es","potentialAction":[{"@type":"ReadAction","target":["https:\/\/www.inforesidencias.com\/blog\/index.php\/2023\/09\/18\/hay-falta-de-personal-en-las-residencias-de-mayores-una-curiosa-idea-traida-desde-alemania\/"]}]},{"@type":"BreadcrumbList","@id":"https:\/\/www.inforesidencias.com\/blog\/index.php\/2023\/09\/18\/hay-falta-de-personal-en-las-residencias-de-mayores-una-curiosa-idea-traida-desde-alemania\/#breadcrumb","itemListElement":[{"@type":"ListItem","position":1,"name":"Home","item":"https:\/\/www.inforesidencias.com\/blog\/"},{"@type":"ListItem","position":2,"name":"\u00bfHay falta de personal en las residencias de mayores? Una curiosa idea tra\u00edda desde Alemania"}]},{"@type":"WebSite","@id":"https:\/\/www.inforesidencias.com\/blog\/#website","url":"https:\/\/www.inforesidencias.com\/blog\/","name":"Blog Inforesidencias.com","description":"El buscador de residencias de la 3\u00aa edad","potentialAction":[{"@type":"SearchAction","target":{"@type":"EntryPoint","urlTemplate":"https:\/\/www.inforesidencias.com\/blog\/?s={search_term_string}"},"query-input":"required name=search_term_string"}],"inLanguage":"es"},{"@type":"Person","@id":"https:\/\/www.inforesidencias.com\/blog\/#\/schema\/person\/90ec02c0eaf05c8c2260bd3cb30ff126","name":"Carles Reixach","image":{"@type":"ImageObject","inLanguage":"es","@id":"https:\/\/www.inforesidencias.com\/blog\/#\/schema\/person\/image\/","url":"https:\/\/secure.gravatar.com\/avatar\/fb527b07d09398462de613ba8a48e61f?s=96&d=mm&r=g","contentUrl":"https:\/\/secure.gravatar.com\/avatar\/fb527b07d09398462de613ba8a48e61f?s=96&d=mm&r=g","caption":"Carles Reixach"},"sameAs":["https:\/\/twitter.com\/blog-ir"],"url":"https:\/\/www.inforesidencias.com\/blog\/index.php\/author\/carles\/"}]}},"_links":{"self":[{"href":"https:\/\/www.inforesidencias.com\/blog\/index.php\/wp-json\/wp\/v2\/posts\/6865"}],"collection":[{"href":"https:\/\/www.inforesidencias.com\/blog\/index.php\/wp-json\/wp\/v2\/posts"}],"about":[{"href":"https:\/\/www.inforesidencias.com\/blog\/index.php\/wp-json\/wp\/v2\/types\/post"}],"author":[{"embeddable":true,"href":"https:\/\/www.inforesidencias.com\/blog\/index.php\/wp-json\/wp\/v2\/users\/6"}],"replies":[{"embeddable":true,"href":"https:\/\/www.inforesidencias.com\/blog\/index.php\/wp-json\/wp\/v2\/comments?post=6865"}],"version-history":[{"count":1,"href":"https:\/\/www.inforesidencias.com\/blog\/index.php\/wp-json\/wp\/v2\/posts\/6865\/revisions"}],"predecessor-version":[{"id":6869,"href":"https:\/\/www.inforesidencias.com\/blog\/index.php\/wp-json\/wp\/v2\/posts\/6865\/revisions\/6869"}],"wp:featuredmedia":[{"embeddable":true,"href":"https:\/\/www.inforesidencias.com\/blog\/index.php\/wp-json\/wp\/v2\/media\/6868"}],"wp:attachment":[{"href":"https:\/\/www.inforesidencias.com\/blog\/index.php\/wp-json\/wp\/v2\/media?parent=6865"}],"wp:term":[{"taxonomy":"category","embeddable":true,"href":"https:\/\/www.inforesidencias.com\/blog\/index.php\/wp-json\/wp\/v2\/categories?post=6865"},{"taxonomy":"post_tag","embeddable":true,"href":"https:\/\/www.inforesidencias.com\/blog\/index.php\/wp-json\/wp\/v2\/tags?post=6865"}],"curies":[{"name":"wp","href":"https:\/\/api.w.org\/{rel}","templated":true}]}}