{"id":6892,"date":"2023-10-20T07:16:05","date_gmt":"2023-10-20T06:16:05","guid":{"rendered":"https:\/\/www.inforesidencias.com\/blog\/?p=6892"},"modified":"2023-10-20T07:16:06","modified_gmt":"2023-10-20T06:16:06","slug":"ha-habido-evolucion-positiva-de-las-residencias-geriatricas-los-ultimos-30-anos","status":"publish","type":"post","link":"https:\/\/www.inforesidencias.com\/blog\/index.php\/2023\/10\/20\/ha-habido-evolucion-positiva-de-las-residencias-geriatricas-los-ultimos-30-anos\/","title":{"rendered":"\u00bfHa habido evoluci\u00f3n positiva de las residencias geri\u00e1tricas los \u00faltimos 30 a\u00f1os?"},"content":{"rendered":"\n<p>En el video que os dejamos a continuaci\u00f3n, colgado en el canal de Youtube de inforesidencias, vemos a Josep de Marti, fundador de inforesidencias, hablando de la evoluci\u00f3n de estos servicios gerontol\u00f3gicos en las \u00faltimas d\u00e9cadas. Antes de empezar a plasmar lo que Josep comenta,  tu, como lector\/a de este blog, \u00bfcrees que ha habido evoluci\u00f3n positiva de las residencias geri\u00e1tricas los \u00faltimos 30 a\u00f1os?<\/p>\n\n\n\n<p> El video empieza dando una aproximaci\u00f3n de quienes eran los gestores o propietarios de esas residencias de finales de los 80 o principios de los 90, hab\u00eda un n\u00famero imporante de congregaciones religiosas gestionando residencias. En esos a\u00f1os Josep explica que vio que aun hab\u00edan lo que se conoc\u00edan como habitaciones asilares con 9 o 10 camas.  A modo de an\u00e9cdota, en una ocasi\u00f3n el Sr. de Marti habl\u00f3 en sus primeros meses con inspector de residencias, all\u00ed por los primeros a\u00f1os de la d\u00e9cada de 1990, con una persona que viv\u00eda en una de estas grandes residencias compartiendo habitaci\u00f3n con bastantes m\u00e1s personas. Le pregunt\u00f3 si se sent\u00eda c\u00f3modo compartiendo habitaci\u00f3n con tanta gente desconocida viviendo all\u00ed. La respuesta que recibi\u00f3 Josep nunca m\u00e1s ha ha podido olvidar ya que esta persona le dijo: &#8211; Joven, yo aqu\u00ed no paso hambre, no paso frio y no tengo miedo. Estoy bien. <\/p>\n\n\n\n<p>Es necesario que, para comprender la respuesta entendamos bien la historia de vida de de se\u00f1or, que seguramente naci\u00f3 en los primeros a\u00f1os del siglo XX, y vivi\u00f3, m\u00e1s all\u00e1 de otros sucesos importantes, una guerra y una posguerra.<\/p>\n\n\n\n<figure class=\"wp-block-embed is-type-video is-provider-youtube wp-block-embed-youtube wp-embed-aspect-16-9 wp-has-aspect-ratio\"><div class=\"wp-block-embed__wrapper\">\n<iframe loading=\"lazy\" title=\"Reflexi\u00f3n sobre c\u00f3mo han cambiado las residencias de mayores durante los \u00faltimos treinta a\u00f1os\" width=\"500\" height=\"281\" src=\"https:\/\/www.youtube.com\/embed\/8MxukvBO45g?feature=oembed\" frameborder=\"0\" allow=\"accelerometer; autoplay; clipboard-write; encrypted-media; gyroscope; picture-in-picture; web-share\" allowfullscreen><\/iframe>\n<\/div><\/figure>\n\n\n\n<p><\/p>\n\n\n\n<p><\/p>\n\n\n\n<p>A continuaci\u00f3n, analiza tambi\u00e9n de que manera viven las personas mayores ahora y cuantas de ellas de esta franja de edad (m\u00e1s de 65 a\u00f1os) hay respecto el total del poblaci\u00f3n de nuestro pa\u00eds. La medicina ha evolucionado much\u00edsimo y la esperanza de vida tambi\u00e9n se ha extendido de forma considerable. La gente ahora vive mucho m\u00e1s pero tambi\u00e9n cada vez necesitan el apoyo de una tercera persona para sus actividades del d\u00eda a d\u00eda. \u00bfC\u00f3mo afecta \u00e9sta realidad en las residencias de l tercera edad de hoy en d\u00eda? Pues se observa que las personas que viven en residencias tienen ahora una edad media bastante alta y presentan tambi\u00e9n dependencia elevada, lo que tambi\u00e9n hace que cuidarlas tenga un coste m\u00e1s elevado.<\/p>\n\n\n\n<p>A modo de reflexi\u00f3n final Josep explica como ser\u00eda para \u00e9l una residencia optima. Ser\u00eda una residencia que costar\u00eda 4.500\u20ac al mes. Pero\u00bf podemos permit\u00edrnoslas? Este es otro tema de debate. No obstante, tenemos las mejores residencias que nos podemos permitir sin que, por ejemplo, los gobiernos paguen m\u00e1s por las plazas para que estas tengan aun mejores servicios y m\u00e1s personal.<\/p>\n\n\n\n<p>Una vez finalizado este art\u00edculo sobre la evoluci\u00f3n positiva de las residencias geri\u00e1tricas, destacamos tambi\u00e9n:<\/p>\n\n\n\n<ul>\n<li><a href=\"https:\/\/dependencia.info\/noticia\/6477\/opinion\/residencias-de-mayores-entre-9.000-y-12.000-euros-al-mes.html\">\u00bfPlazas en residencias de la tercera edad a 9000\u20ac al mes?<\/a><\/li>\n\n\n\n<li><a href=\"https:\/\/www.inforesidencias.com\/blog\/index.php\/2023\/09\/13\/el-limbo-de-la-dependencia-se-eliminara-o-reducira-casi-a-0-algun-dia\/\">El limbo de la dependencia en 2023<\/a><\/li>\n<\/ul>\n","protected":false},"excerpt":{"rendered":"<p>En el video que os dejamos a continuaci\u00f3n, colgado en el canal de Youtube de inforesidencias, vemos a Josep de Marti, fundador de inforesidencias, hablando de la evoluci\u00f3n de estos servicios gerontol\u00f3gicos en las \u00faltimas d\u00e9cadas. Antes de empezar a plasmar lo que Josep comenta, tu, como lector\/a de este blog, \u00bfcrees que ha habido evoluci\u00f3n positiva de las residencias geri\u00e1tricas los \u00faltimos 30 a\u00f1os? El video empieza dando una aproximaci\u00f3n de quienes eran los gestores o propietarios de esas residencias de finales de los 80 o principios de los 90, hab\u00eda un n\u00famero imporante de congregaciones religiosas gestionando residencias. En esos a\u00f1os Josep explica que vio que aun hab\u00edan lo que se conoc\u00edan como habitaciones asilares con 9 o 10 camas. A modo de an\u00e9cdota, en una ocasi\u00f3n el Sr. de Marti habl\u00f3 en sus primeros meses con inspector de residencias, all\u00ed por los primeros a\u00f1os de la d\u00e9cada [&hellip;]<\/p>\n","protected":false},"author":6,"featured_media":6894,"comment_status":"open","ping_status":"open","sticky":false,"template":"","format":"standard","meta":{"footnotes":""},"categories":[1],"tags":[],"yoast_head":"<!-- This site is optimized with the Yoast SEO plugin v21.7 - https:\/\/yoast.com\/wordpress\/plugins\/seo\/ -->\n<title>\u00bfHa habido evoluci\u00f3n positiva de las residencias geri\u00e1tricas los \u00faltimos 30 a\u00f1os? - Blog Inforesidencias.com<\/title>\n<meta name=\"description\" content=\"En el programa &quot;sabias palabras&quot; hablamos de la evoluci\u00f3n positiva de las residencias geri\u00e1tricas las \u00faltimas d\u00e9cadas\" \/>\n<meta name=\"robots\" content=\"index, follow, max-snippet:-1, max-image-preview:large, max-video-preview:-1\" \/>\n<link rel=\"canonical\" href=\"https:\/\/www.inforesidencias.com\/blog\/index.php\/2023\/10\/20\/ha-habido-evolucion-positiva-de-las-residencias-geriatricas-los-ultimos-30-anos\/\" \/>\n<meta property=\"og:locale\" content=\"es_ES\" \/>\n<meta property=\"og:type\" content=\"article\" \/>\n<meta property=\"og:title\" content=\"\u00bfHa habido evoluci\u00f3n positiva de las residencias geri\u00e1tricas los \u00faltimos 30 a\u00f1os? - Blog Inforesidencias.com\" \/>\n<meta property=\"og:description\" content=\"En el programa &quot;sabias palabras&quot; hablamos de la evoluci\u00f3n positiva de las residencias geri\u00e1tricas las \u00faltimas d\u00e9cadas\" \/>\n<meta property=\"og:url\" content=\"https:\/\/www.inforesidencias.com\/blog\/index.php\/2023\/10\/20\/ha-habido-evolucion-positiva-de-las-residencias-geriatricas-los-ultimos-30-anos\/\" \/>\n<meta property=\"og:site_name\" content=\"Blog Inforesidencias.com\" \/>\n<meta property=\"article:publisher\" content=\"https:\/\/www.facebook.com\/Inforesidencias\/\" \/>\n<meta property=\"article:published_time\" content=\"2023-10-20T06:16:05+00:00\" \/>\n<meta property=\"article:modified_time\" content=\"2023-10-20T06:16:06+00:00\" \/>\n<meta property=\"og:image\" content=\"https:\/\/www.inforesidencias.com\/blog\/wp-content\/uploads\/2023\/10\/evolucio\u0301n-positiva-de-las-residencias-geria\u0301tricas.png\" \/>\n\t<meta property=\"og:image:width\" content=\"1348\" \/>\n\t<meta property=\"og:image:height\" content=\"922\" \/>\n\t<meta property=\"og:image:type\" content=\"image\/png\" \/>\n<meta name=\"author\" content=\"Carles Reixach\" \/>\n<meta name=\"twitter:card\" content=\"summary_large_image\" \/>\n<meta name=\"twitter:creator\" content=\"@blog-ir\" \/>\n<meta name=\"twitter:site\" content=\"@inforesidencias\" \/>\n<meta name=\"twitter:label1\" content=\"Escrito por\" \/>\n\t<meta name=\"twitter:data1\" content=\"Carles Reixach\" \/>\n\t<meta name=\"twitter:label2\" content=\"Tiempo de lectura\" \/>\n\t<meta name=\"twitter:data2\" content=\"3 minutos\" \/>\n<script type=\"application\/ld+json\" class=\"yoast-schema-graph\">{\"@context\":\"https:\/\/schema.org\",\"@graph\":[{\"@type\":\"WebPage\",\"@id\":\"https:\/\/www.inforesidencias.com\/blog\/index.php\/2023\/10\/20\/ha-habido-evolucion-positiva-de-las-residencias-geriatricas-los-ultimos-30-anos\/\",\"url\":\"https:\/\/www.inforesidencias.com\/blog\/index.php\/2023\/10\/20\/ha-habido-evolucion-positiva-de-las-residencias-geriatricas-los-ultimos-30-anos\/\",\"name\":\"\u00bfHa habido evoluci\u00f3n positiva de las residencias geri\u00e1tricas los \u00faltimos 30 a\u00f1os? - Blog Inforesidencias.com\",\"isPartOf\":{\"@id\":\"https:\/\/www.inforesidencias.com\/blog\/#website\"},\"datePublished\":\"2023-10-20T06:16:05+00:00\",\"dateModified\":\"2023-10-20T06:16:06+00:00\",\"author\":{\"@id\":\"https:\/\/www.inforesidencias.com\/blog\/#\/schema\/person\/90ec02c0eaf05c8c2260bd3cb30ff126\"},\"description\":\"En el programa \\\"sabias palabras\\\" hablamos de la evoluci\u00f3n positiva de las residencias geri\u00e1tricas las \u00faltimas d\u00e9cadas\",\"breadcrumb\":{\"@id\":\"https:\/\/www.inforesidencias.com\/blog\/index.php\/2023\/10\/20\/ha-habido-evolucion-positiva-de-las-residencias-geriatricas-los-ultimos-30-anos\/#breadcrumb\"},\"inLanguage\":\"es\",\"potentialAction\":[{\"@type\":\"ReadAction\",\"target\":[\"https:\/\/www.inforesidencias.com\/blog\/index.php\/2023\/10\/20\/ha-habido-evolucion-positiva-de-las-residencias-geriatricas-los-ultimos-30-anos\/\"]}]},{\"@type\":\"BreadcrumbList\",\"@id\":\"https:\/\/www.inforesidencias.com\/blog\/index.php\/2023\/10\/20\/ha-habido-evolucion-positiva-de-las-residencias-geriatricas-los-ultimos-30-anos\/#breadcrumb\",\"itemListElement\":[{\"@type\":\"ListItem\",\"position\":1,\"name\":\"Home\",\"item\":\"https:\/\/www.inforesidencias.com\/blog\/\"},{\"@type\":\"ListItem\",\"position\":2,\"name\":\"\u00bfHa habido evoluci\u00f3n positiva de las residencias geri\u00e1tricas los \u00faltimos 30 a\u00f1os?\"}]},{\"@type\":\"WebSite\",\"@id\":\"https:\/\/www.inforesidencias.com\/blog\/#website\",\"url\":\"https:\/\/www.inforesidencias.com\/blog\/\",\"name\":\"Blog Inforesidencias.com\",\"description\":\"El buscador de residencias de la 3\u00aa edad\",\"potentialAction\":[{\"@type\":\"SearchAction\",\"target\":{\"@type\":\"EntryPoint\",\"urlTemplate\":\"https:\/\/www.inforesidencias.com\/blog\/?s={search_term_string}\"},\"query-input\":\"required name=search_term_string\"}],\"inLanguage\":\"es\"},{\"@type\":\"Person\",\"@id\":\"https:\/\/www.inforesidencias.com\/blog\/#\/schema\/person\/90ec02c0eaf05c8c2260bd3cb30ff126\",\"name\":\"Carles Reixach\",\"image\":{\"@type\":\"ImageObject\",\"inLanguage\":\"es\",\"@id\":\"https:\/\/www.inforesidencias.com\/blog\/#\/schema\/person\/image\/\",\"url\":\"https:\/\/secure.gravatar.com\/avatar\/fb527b07d09398462de613ba8a48e61f?s=96&d=mm&r=g\",\"contentUrl\":\"https:\/\/secure.gravatar.com\/avatar\/fb527b07d09398462de613ba8a48e61f?s=96&d=mm&r=g\",\"caption\":\"Carles Reixach\"},\"sameAs\":[\"https:\/\/twitter.com\/blog-ir\"],\"url\":\"https:\/\/www.inforesidencias.com\/blog\/index.php\/author\/carles\/\"}]}<\/script>\n<!-- \/ Yoast SEO plugin. -->","yoast_head_json":{"title":"\u00bfHa habido evoluci\u00f3n positiva de las residencias geri\u00e1tricas los \u00faltimos 30 a\u00f1os? - Blog Inforesidencias.com","description":"En el programa \"sabias palabras\" hablamos de la evoluci\u00f3n positiva de las residencias geri\u00e1tricas las \u00faltimas d\u00e9cadas","robots":{"index":"index","follow":"follow","max-snippet":"max-snippet:-1","max-image-preview":"max-image-preview:large","max-video-preview":"max-video-preview:-1"},"canonical":"https:\/\/www.inforesidencias.com\/blog\/index.php\/2023\/10\/20\/ha-habido-evolucion-positiva-de-las-residencias-geriatricas-los-ultimos-30-anos\/","og_locale":"es_ES","og_type":"article","og_title":"\u00bfHa habido evoluci\u00f3n positiva de las residencias geri\u00e1tricas los \u00faltimos 30 a\u00f1os? - Blog Inforesidencias.com","og_description":"En el programa \"sabias palabras\" hablamos de la evoluci\u00f3n positiva de las residencias geri\u00e1tricas las \u00faltimas d\u00e9cadas","og_url":"https:\/\/www.inforesidencias.com\/blog\/index.php\/2023\/10\/20\/ha-habido-evolucion-positiva-de-las-residencias-geriatricas-los-ultimos-30-anos\/","og_site_name":"Blog Inforesidencias.com","article_publisher":"https:\/\/www.facebook.com\/Inforesidencias\/","article_published_time":"2023-10-20T06:16:05+00:00","article_modified_time":"2023-10-20T06:16:06+00:00","og_image":[{"width":1348,"height":922,"url":"https:\/\/www.inforesidencias.com\/blog\/wp-content\/uploads\/2023\/10\/evolucio\u0301n-positiva-de-las-residencias-geria\u0301tricas.png","type":"image\/png"}],"author":"Carles Reixach","twitter_card":"summary_large_image","twitter_creator":"@blog-ir","twitter_site":"@inforesidencias","twitter_misc":{"Escrito por":"Carles Reixach","Tiempo de lectura":"3 minutos"},"schema":{"@context":"https:\/\/schema.org","@graph":[{"@type":"WebPage","@id":"https:\/\/www.inforesidencias.com\/blog\/index.php\/2023\/10\/20\/ha-habido-evolucion-positiva-de-las-residencias-geriatricas-los-ultimos-30-anos\/","url":"https:\/\/www.inforesidencias.com\/blog\/index.php\/2023\/10\/20\/ha-habido-evolucion-positiva-de-las-residencias-geriatricas-los-ultimos-30-anos\/","name":"\u00bfHa habido evoluci\u00f3n positiva de las residencias geri\u00e1tricas los \u00faltimos 30 a\u00f1os? - Blog Inforesidencias.com","isPartOf":{"@id":"https:\/\/www.inforesidencias.com\/blog\/#website"},"datePublished":"2023-10-20T06:16:05+00:00","dateModified":"2023-10-20T06:16:06+00:00","author":{"@id":"https:\/\/www.inforesidencias.com\/blog\/#\/schema\/person\/90ec02c0eaf05c8c2260bd3cb30ff126"},"description":"En el programa \"sabias palabras\" hablamos de la evoluci\u00f3n positiva de las residencias geri\u00e1tricas las \u00faltimas d\u00e9cadas","breadcrumb":{"@id":"https:\/\/www.inforesidencias.com\/blog\/index.php\/2023\/10\/20\/ha-habido-evolucion-positiva-de-las-residencias-geriatricas-los-ultimos-30-anos\/#breadcrumb"},"inLanguage":"es","potentialAction":[{"@type":"ReadAction","target":["https:\/\/www.inforesidencias.com\/blog\/index.php\/2023\/10\/20\/ha-habido-evolucion-positiva-de-las-residencias-geriatricas-los-ultimos-30-anos\/"]}]},{"@type":"BreadcrumbList","@id":"https:\/\/www.inforesidencias.com\/blog\/index.php\/2023\/10\/20\/ha-habido-evolucion-positiva-de-las-residencias-geriatricas-los-ultimos-30-anos\/#breadcrumb","itemListElement":[{"@type":"ListItem","position":1,"name":"Home","item":"https:\/\/www.inforesidencias.com\/blog\/"},{"@type":"ListItem","position":2,"name":"\u00bfHa habido evoluci\u00f3n positiva de las residencias geri\u00e1tricas los \u00faltimos 30 a\u00f1os?"}]},{"@type":"WebSite","@id":"https:\/\/www.inforesidencias.com\/blog\/#website","url":"https:\/\/www.inforesidencias.com\/blog\/","name":"Blog Inforesidencias.com","description":"El buscador de residencias de la 3\u00aa edad","potentialAction":[{"@type":"SearchAction","target":{"@type":"EntryPoint","urlTemplate":"https:\/\/www.inforesidencias.com\/blog\/?s={search_term_string}"},"query-input":"required name=search_term_string"}],"inLanguage":"es"},{"@type":"Person","@id":"https:\/\/www.inforesidencias.com\/blog\/#\/schema\/person\/90ec02c0eaf05c8c2260bd3cb30ff126","name":"Carles Reixach","image":{"@type":"ImageObject","inLanguage":"es","@id":"https:\/\/www.inforesidencias.com\/blog\/#\/schema\/person\/image\/","url":"https:\/\/secure.gravatar.com\/avatar\/fb527b07d09398462de613ba8a48e61f?s=96&d=mm&r=g","contentUrl":"https:\/\/secure.gravatar.com\/avatar\/fb527b07d09398462de613ba8a48e61f?s=96&d=mm&r=g","caption":"Carles Reixach"},"sameAs":["https:\/\/twitter.com\/blog-ir"],"url":"https:\/\/www.inforesidencias.com\/blog\/index.php\/author\/carles\/"}]}},"_links":{"self":[{"href":"https:\/\/www.inforesidencias.com\/blog\/index.php\/wp-json\/wp\/v2\/posts\/6892"}],"collection":[{"href":"https:\/\/www.inforesidencias.com\/blog\/index.php\/wp-json\/wp\/v2\/posts"}],"about":[{"href":"https:\/\/www.inforesidencias.com\/blog\/index.php\/wp-json\/wp\/v2\/types\/post"}],"author":[{"embeddable":true,"href":"https:\/\/www.inforesidencias.com\/blog\/index.php\/wp-json\/wp\/v2\/users\/6"}],"replies":[{"embeddable":true,"href":"https:\/\/www.inforesidencias.com\/blog\/index.php\/wp-json\/wp\/v2\/comments?post=6892"}],"version-history":[{"count":3,"href":"https:\/\/www.inforesidencias.com\/blog\/index.php\/wp-json\/wp\/v2\/posts\/6892\/revisions"}],"predecessor-version":[{"id":6896,"href":"https:\/\/www.inforesidencias.com\/blog\/index.php\/wp-json\/wp\/v2\/posts\/6892\/revisions\/6896"}],"wp:featuredmedia":[{"embeddable":true,"href":"https:\/\/www.inforesidencias.com\/blog\/index.php\/wp-json\/wp\/v2\/media\/6894"}],"wp:attachment":[{"href":"https:\/\/www.inforesidencias.com\/blog\/index.php\/wp-json\/wp\/v2\/media?parent=6892"}],"wp:term":[{"taxonomy":"category","embeddable":true,"href":"https:\/\/www.inforesidencias.com\/blog\/index.php\/wp-json\/wp\/v2\/categories?post=6892"},{"taxonomy":"post_tag","embeddable":true,"href":"https:\/\/www.inforesidencias.com\/blog\/index.php\/wp-json\/wp\/v2\/tags?post=6892"}],"curies":[{"name":"wp","href":"https:\/\/api.w.org\/{rel}","templated":true}]}}