{"id":7068,"date":"2024-01-11T07:15:00","date_gmt":"2024-01-11T06:15:00","guid":{"rendered":"https:\/\/www.inforesidencias.com\/blog\/?p=7068"},"modified":"2024-01-15T10:50:23","modified_gmt":"2024-01-15T09:50:23","slug":"llevarias-a-tus-padres-a-una-residencia-de-mayores-que-no-es-transparente","status":"publish","type":"post","link":"https:\/\/www.inforesidencias.com\/blog\/index.php\/2024\/01\/11\/llevarias-a-tus-padres-a-una-residencia-de-mayores-que-no-es-transparente\/","title":{"rendered":"\u00bfLlevar\u00edas a tus padres a una residencia de mayores que no es transparente?"},"content":{"rendered":"\n<p>La pregunta que planteamos en el t\u00edtulo del art\u00edculo puede parecer obvia pero tiene un trasfondo que merece ser comentado. \u00bfLas personas que est\u00e1n en el proceso de b\u00fasqueda, tienen herramientas para saber si una residencia es transparente? S\u00ed las hay. Y la primera la tienes justo ante ti.  Para dar visibilidad y transparencia a las residencias para personas mayores de nuestro pa\u00eds en inforesidencias hemos desarrollado \u00edndice de transparencia. Quiz\u00e1 ya has o\u00eddo a hablar de \u00e9l pero lo que quiz\u00e1 no sabes es que este \u00edndice de transparencia organiza los resultados de b\u00fasqueda seg\u00fan su porcentaje de transparencia. <\/p>\n\n\n\n<p>De este modo, en el probable caso de que alguien te pare por la calle y te preguntara \u00ab\u00bfLlevar\u00edas a tus padres a una residencia de mayores que no es transparente?\u00bb ya no habr\u00e1 excusa para decir que no sabes como descubrir si es transparente o no.  Visto desde fuera, como familiares que ayudamos a nuestro padre o madre a buscar una residencia porqu\u00e9 se ha llegado a un consenso de que no puede estar m\u00e1s en casa, si buscando residencias alguna no comparte demasiada informaci\u00f3n a nivel online, tendemos a pensar, primero de todo, en que esconde algo. Sea o no verdad. Se trata e algo que la propia residencia puede evitar ya que <a href=\"https:\/\/www.inforesidencias.com\/blog\/index.php\/2023\/11\/24\/mejorar-la-imagen-de-las-residencias-de-personas-mayores-que-debe-hacer-el-sector-de-la-dependencia\/\">la imagen de las residencias para ancianos<\/a> es vital para dar confianza.<\/p>\n\n\n\n<h2 class=\"wp-block-heading\">\u00bfEs imprescindible que una residencia de la tercera edad sea transparente?<\/h2>\n\n\n\n<p>La sociedad actual quiere saber todo por internet y lo quiere saber para ayer. Un ejemplo muy claro es cuando buscamos hoteles o restaurantes por internet.  En el ejemplo de los restaurantes, miramos fotograf\u00edas de los platos, el men\u00fa, los precios, la decoraci\u00f3n del local, las rese\u00f1as, la ubicaci\u00f3n etc. Lo mismo pasa cuando compramos un coche o miramos una actividad de fin de semana para hacer con los ni\u00f1os. Si hacemos todo esto para una servicio de este tipo, creo que es de recibo hacer lo mismo en el que ser\u00e1 la futura casa de nuestro familiar. <\/p>\n\n\n<div class=\"wp-block-image\">\n<figure class=\"alignright size-large is-resized\"><a href=\"https:\/\/www.inforesidencias.com\/blog\/wp-content\/uploads\/2023\/12\/residencia-de-mayores-que-no-es-transparente.png\"><img decoding=\"async\" loading=\"lazy\" width=\"1015\" height=\"1024\" src=\"https:\/\/www.inforesidencias.com\/blog\/wp-content\/uploads\/2023\/12\/residencia-de-mayores-que-no-es-transparente-1015x1024.png\" alt=\"\" class=\"wp-image-7072\" style=\"aspect-ratio:0.9912109375;width:270px;height:auto\" srcset=\"https:\/\/www.inforesidencias.com\/blog\/wp-content\/uploads\/2023\/12\/residencia-de-mayores-que-no-es-transparente-1015x1024.png 1015w, https:\/\/www.inforesidencias.com\/blog\/wp-content\/uploads\/2023\/12\/residencia-de-mayores-que-no-es-transparente-297x300.png 297w, https:\/\/www.inforesidencias.com\/blog\/wp-content\/uploads\/2023\/12\/residencia-de-mayores-que-no-es-transparente-150x150.png 150w, https:\/\/www.inforesidencias.com\/blog\/wp-content\/uploads\/2023\/12\/residencia-de-mayores-que-no-es-transparente-768x775.png 768w, https:\/\/www.inforesidencias.com\/blog\/wp-content\/uploads\/2023\/12\/residencia-de-mayores-que-no-es-transparente.png 1160w\" sizes=\"(max-width: 1015px) 100vw, 1015px\" \/><\/a><\/figure><\/div>\n\n\n<p>Lo mejor de todo es que cuando buscamos una residencia por internet no hay que renunciar a tener toda esta informaci\u00f3n. Si buscas en inforesidencias puedes poner el filtro del precio m\u00e1ximo, el filtro de si quieres que tenga zona ajardinada,  el c\u00f3digo postal, la ratio de personal, si tiene parking, etc. Los resultados resultantes de estos filtros estar\u00e1n ordenados por transparencia y adem\u00e1s, cuando entres en una ficha podr\u00e1s ver otra informaci\u00f3n como la titulaci\u00f3n de la directora, si tiene cocina propia, ver las rese\u00f1as, el modelo de contrato que se firmar\u00eda al ingresar y m\u00e1s datos.  Adem\u00e1s hemos creado lisas espec\u00edficas como por ejemplo <a href=\"https:\/\/www.inforesidencias.com\/centros\/buscador\/busquedas-predefinidas\/residencias-de-la-tercera-edad-en-la-costa-del-sol\">residencias en la costa del So<\/a>l o <a href=\"https:\/\/www.inforesidencias.com\/centros\/buscador\/busquedas-predefinidas\/residencias-en-pisos-con-terrazas-ajardinadas\">residencias en pisos con terrazas ajardinadas<\/a>.<\/p>\n\n\n\n<p>De hecho solo hay algo que no podemos hacer por t\u00ed, visitarlas.  Pero s\u00ed que te ofrecemos un formulario de contacto que las residencias asociadas a nuestra plataforma recibir\u00e1n directamente y el tel\u00e9fono de cada una. Cuando sea el momento de ir en persona, no olvides ver al menos 3 o 4 residencias de las que hayas seleccionado previamente y<a href=\"https:\/\/www.inforesidencias.com\/contenidos\/mayores-y-familia\/nacional\/decalogo-para-elegir-residencia-geriatrica\"> preguntar todas las dudas que tengas durante la visita<\/a>.<\/p>\n\n\n\n<p>Relacionado con este art\u00edculo sobre llevar a tus padres a una residencia de mayores que no es transparente, te puede interesar:<\/p>\n\n\n\n<ul>\n<li><a href=\"https:\/\/dependencia.info\/transparencia-en-residencias\">Residencias que han recibido el distintivo de inforesidencias como 100% transparentes<\/a><\/li>\n<\/ul>\n","protected":false},"excerpt":{"rendered":"<p>La pregunta que planteamos en el t\u00edtulo del art\u00edculo puede parecer obvia pero tiene un trasfondo que merece ser comentado. \u00bfLas personas que est\u00e1n en el proceso de b\u00fasqueda, tienen herramientas para saber si una residencia es transparente? S\u00ed las hay. Y la primera la tienes justo ante ti. Para dar visibilidad y transparencia a las residencias para personas mayores de nuestro pa\u00eds en inforesidencias hemos desarrollado \u00edndice de transparencia. Quiz\u00e1 ya has o\u00eddo a hablar de \u00e9l pero lo que quiz\u00e1 no sabes es que este \u00edndice de transparencia organiza los resultados de b\u00fasqueda seg\u00fan su porcentaje de transparencia. De este modo, en el probable caso de que alguien te pare por la calle y te preguntara \u00ab\u00bfLlevar\u00edas a tus padres a una residencia de mayores que no es transparente?\u00bb ya no habr\u00e1 excusa para decir que no sabes como descubrir si es transparente o no. Visto desde fuera, [&hellip;]<\/p>\n","protected":false},"author":6,"featured_media":7072,"comment_status":"open","ping_status":"open","sticky":false,"template":"","format":"standard","meta":{"footnotes":""},"categories":[1],"tags":[105],"yoast_head":"<!-- This site is optimized with the Yoast SEO plugin v21.7 - https:\/\/yoast.com\/wordpress\/plugins\/seo\/ -->\n<title>\u00bfLlevar\u00edas a tus padres a una residencia de mayores que no es transparente? - Blog Inforesidencias.com<\/title>\n<meta name=\"description\" content=\"A partir de pregunta de elegir una residencia de mayores que no es transparente y explicamos la importancia de la transparencia\" \/>\n<meta name=\"robots\" content=\"index, follow, max-snippet:-1, max-image-preview:large, max-video-preview:-1\" \/>\n<link rel=\"canonical\" href=\"https:\/\/www.inforesidencias.com\/blog\/index.php\/2024\/01\/11\/llevarias-a-tus-padres-a-una-residencia-de-mayores-que-no-es-transparente\/\" \/>\n<meta property=\"og:locale\" content=\"es_ES\" \/>\n<meta property=\"og:type\" content=\"article\" \/>\n<meta property=\"og:title\" content=\"\u00bfLlevar\u00edas a tus padres a una residencia de mayores que no es transparente? - Blog Inforesidencias.com\" \/>\n<meta property=\"og:description\" content=\"A partir de pregunta de elegir una residencia de mayores que no es transparente y explicamos la importancia de la transparencia\" \/>\n<meta property=\"og:url\" content=\"https:\/\/www.inforesidencias.com\/blog\/index.php\/2024\/01\/11\/llevarias-a-tus-padres-a-una-residencia-de-mayores-que-no-es-transparente\/\" \/>\n<meta property=\"og:site_name\" content=\"Blog Inforesidencias.com\" \/>\n<meta property=\"article:publisher\" content=\"https:\/\/www.facebook.com\/Inforesidencias\/\" \/>\n<meta property=\"article:published_time\" content=\"2024-01-11T06:15:00+00:00\" \/>\n<meta property=\"article:modified_time\" content=\"2024-01-15T09:50:23+00:00\" \/>\n<meta property=\"og:image\" content=\"https:\/\/www.inforesidencias.com\/blog\/wp-content\/uploads\/2023\/12\/residencia-de-mayores-que-no-es-transparente-1015x1024.png\" \/>\n\t<meta property=\"og:image:width\" content=\"1015\" \/>\n\t<meta property=\"og:image:height\" content=\"1024\" \/>\n\t<meta property=\"og:image:type\" content=\"image\/png\" \/>\n<meta name=\"author\" content=\"Carles Reixach\" \/>\n<meta name=\"twitter:card\" content=\"summary_large_image\" \/>\n<meta name=\"twitter:creator\" content=\"@blog-ir\" \/>\n<meta name=\"twitter:site\" content=\"@inforesidencias\" \/>\n<meta name=\"twitter:label1\" content=\"Escrito por\" \/>\n\t<meta name=\"twitter:data1\" content=\"Carles Reixach\" \/>\n\t<meta name=\"twitter:label2\" content=\"Tiempo de lectura\" \/>\n\t<meta name=\"twitter:data2\" content=\"3 minutos\" \/>\n<script type=\"application\/ld+json\" class=\"yoast-schema-graph\">{\"@context\":\"https:\/\/schema.org\",\"@graph\":[{\"@type\":\"WebPage\",\"@id\":\"https:\/\/www.inforesidencias.com\/blog\/index.php\/2024\/01\/11\/llevarias-a-tus-padres-a-una-residencia-de-mayores-que-no-es-transparente\/\",\"url\":\"https:\/\/www.inforesidencias.com\/blog\/index.php\/2024\/01\/11\/llevarias-a-tus-padres-a-una-residencia-de-mayores-que-no-es-transparente\/\",\"name\":\"\u00bfLlevar\u00edas a tus padres a una residencia de mayores que no es transparente? - Blog Inforesidencias.com\",\"isPartOf\":{\"@id\":\"https:\/\/www.inforesidencias.com\/blog\/#website\"},\"datePublished\":\"2024-01-11T06:15:00+00:00\",\"dateModified\":\"2024-01-15T09:50:23+00:00\",\"author\":{\"@id\":\"https:\/\/www.inforesidencias.com\/blog\/#\/schema\/person\/90ec02c0eaf05c8c2260bd3cb30ff126\"},\"description\":\"A partir de pregunta de elegir una residencia de mayores que no es transparente y explicamos la importancia de la transparencia\",\"breadcrumb\":{\"@id\":\"https:\/\/www.inforesidencias.com\/blog\/index.php\/2024\/01\/11\/llevarias-a-tus-padres-a-una-residencia-de-mayores-que-no-es-transparente\/#breadcrumb\"},\"inLanguage\":\"es\",\"potentialAction\":[{\"@type\":\"ReadAction\",\"target\":[\"https:\/\/www.inforesidencias.com\/blog\/index.php\/2024\/01\/11\/llevarias-a-tus-padres-a-una-residencia-de-mayores-que-no-es-transparente\/\"]}]},{\"@type\":\"BreadcrumbList\",\"@id\":\"https:\/\/www.inforesidencias.com\/blog\/index.php\/2024\/01\/11\/llevarias-a-tus-padres-a-una-residencia-de-mayores-que-no-es-transparente\/#breadcrumb\",\"itemListElement\":[{\"@type\":\"ListItem\",\"position\":1,\"name\":\"Home\",\"item\":\"https:\/\/www.inforesidencias.com\/blog\/\"},{\"@type\":\"ListItem\",\"position\":2,\"name\":\"\u00bfLlevar\u00edas a tus padres a una residencia de mayores que no es transparente?\"}]},{\"@type\":\"WebSite\",\"@id\":\"https:\/\/www.inforesidencias.com\/blog\/#website\",\"url\":\"https:\/\/www.inforesidencias.com\/blog\/\",\"name\":\"Blog Inforesidencias.com\",\"description\":\"El buscador de residencias de la 3\u00aa edad\",\"potentialAction\":[{\"@type\":\"SearchAction\",\"target\":{\"@type\":\"EntryPoint\",\"urlTemplate\":\"https:\/\/www.inforesidencias.com\/blog\/?s={search_term_string}\"},\"query-input\":\"required name=search_term_string\"}],\"inLanguage\":\"es\"},{\"@type\":\"Person\",\"@id\":\"https:\/\/www.inforesidencias.com\/blog\/#\/schema\/person\/90ec02c0eaf05c8c2260bd3cb30ff126\",\"name\":\"Carles Reixach\",\"image\":{\"@type\":\"ImageObject\",\"inLanguage\":\"es\",\"@id\":\"https:\/\/www.inforesidencias.com\/blog\/#\/schema\/person\/image\/\",\"url\":\"https:\/\/secure.gravatar.com\/avatar\/fb527b07d09398462de613ba8a48e61f?s=96&d=mm&r=g\",\"contentUrl\":\"https:\/\/secure.gravatar.com\/avatar\/fb527b07d09398462de613ba8a48e61f?s=96&d=mm&r=g\",\"caption\":\"Carles Reixach\"},\"sameAs\":[\"https:\/\/twitter.com\/blog-ir\"],\"url\":\"https:\/\/www.inforesidencias.com\/blog\/index.php\/author\/carles\/\"}]}<\/script>\n<!-- \/ Yoast SEO plugin. -->","yoast_head_json":{"title":"\u00bfLlevar\u00edas a tus padres a una residencia de mayores que no es transparente? - Blog Inforesidencias.com","description":"A partir de pregunta de elegir una residencia de mayores que no es transparente y explicamos la importancia de la transparencia","robots":{"index":"index","follow":"follow","max-snippet":"max-snippet:-1","max-image-preview":"max-image-preview:large","max-video-preview":"max-video-preview:-1"},"canonical":"https:\/\/www.inforesidencias.com\/blog\/index.php\/2024\/01\/11\/llevarias-a-tus-padres-a-una-residencia-de-mayores-que-no-es-transparente\/","og_locale":"es_ES","og_type":"article","og_title":"\u00bfLlevar\u00edas a tus padres a una residencia de mayores que no es transparente? - Blog Inforesidencias.com","og_description":"A partir de pregunta de elegir una residencia de mayores que no es transparente y explicamos la importancia de la transparencia","og_url":"https:\/\/www.inforesidencias.com\/blog\/index.php\/2024\/01\/11\/llevarias-a-tus-padres-a-una-residencia-de-mayores-que-no-es-transparente\/","og_site_name":"Blog Inforesidencias.com","article_publisher":"https:\/\/www.facebook.com\/Inforesidencias\/","article_published_time":"2024-01-11T06:15:00+00:00","article_modified_time":"2024-01-15T09:50:23+00:00","og_image":[{"width":1015,"height":1024,"url":"https:\/\/www.inforesidencias.com\/blog\/wp-content\/uploads\/2023\/12\/residencia-de-mayores-que-no-es-transparente-1015x1024.png","type":"image\/png"}],"author":"Carles Reixach","twitter_card":"summary_large_image","twitter_creator":"@blog-ir","twitter_site":"@inforesidencias","twitter_misc":{"Escrito por":"Carles Reixach","Tiempo de lectura":"3 minutos"},"schema":{"@context":"https:\/\/schema.org","@graph":[{"@type":"WebPage","@id":"https:\/\/www.inforesidencias.com\/blog\/index.php\/2024\/01\/11\/llevarias-a-tus-padres-a-una-residencia-de-mayores-que-no-es-transparente\/","url":"https:\/\/www.inforesidencias.com\/blog\/index.php\/2024\/01\/11\/llevarias-a-tus-padres-a-una-residencia-de-mayores-que-no-es-transparente\/","name":"\u00bfLlevar\u00edas a tus padres a una residencia de mayores que no es transparente? - Blog Inforesidencias.com","isPartOf":{"@id":"https:\/\/www.inforesidencias.com\/blog\/#website"},"datePublished":"2024-01-11T06:15:00+00:00","dateModified":"2024-01-15T09:50:23+00:00","author":{"@id":"https:\/\/www.inforesidencias.com\/blog\/#\/schema\/person\/90ec02c0eaf05c8c2260bd3cb30ff126"},"description":"A partir de pregunta de elegir una residencia de mayores que no es transparente y explicamos la importancia de la transparencia","breadcrumb":{"@id":"https:\/\/www.inforesidencias.com\/blog\/index.php\/2024\/01\/11\/llevarias-a-tus-padres-a-una-residencia-de-mayores-que-no-es-transparente\/#breadcrumb"},"inLanguage":"es","potentialAction":[{"@type":"ReadAction","target":["https:\/\/www.inforesidencias.com\/blog\/index.php\/2024\/01\/11\/llevarias-a-tus-padres-a-una-residencia-de-mayores-que-no-es-transparente\/"]}]},{"@type":"BreadcrumbList","@id":"https:\/\/www.inforesidencias.com\/blog\/index.php\/2024\/01\/11\/llevarias-a-tus-padres-a-una-residencia-de-mayores-que-no-es-transparente\/#breadcrumb","itemListElement":[{"@type":"ListItem","position":1,"name":"Home","item":"https:\/\/www.inforesidencias.com\/blog\/"},{"@type":"ListItem","position":2,"name":"\u00bfLlevar\u00edas a tus padres a una residencia de mayores que no es transparente?"}]},{"@type":"WebSite","@id":"https:\/\/www.inforesidencias.com\/blog\/#website","url":"https:\/\/www.inforesidencias.com\/blog\/","name":"Blog Inforesidencias.com","description":"El buscador de residencias de la 3\u00aa edad","potentialAction":[{"@type":"SearchAction","target":{"@type":"EntryPoint","urlTemplate":"https:\/\/www.inforesidencias.com\/blog\/?s={search_term_string}"},"query-input":"required name=search_term_string"}],"inLanguage":"es"},{"@type":"Person","@id":"https:\/\/www.inforesidencias.com\/blog\/#\/schema\/person\/90ec02c0eaf05c8c2260bd3cb30ff126","name":"Carles Reixach","image":{"@type":"ImageObject","inLanguage":"es","@id":"https:\/\/www.inforesidencias.com\/blog\/#\/schema\/person\/image\/","url":"https:\/\/secure.gravatar.com\/avatar\/fb527b07d09398462de613ba8a48e61f?s=96&d=mm&r=g","contentUrl":"https:\/\/secure.gravatar.com\/avatar\/fb527b07d09398462de613ba8a48e61f?s=96&d=mm&r=g","caption":"Carles Reixach"},"sameAs":["https:\/\/twitter.com\/blog-ir"],"url":"https:\/\/www.inforesidencias.com\/blog\/index.php\/author\/carles\/"}]}},"_links":{"self":[{"href":"https:\/\/www.inforesidencias.com\/blog\/index.php\/wp-json\/wp\/v2\/posts\/7068"}],"collection":[{"href":"https:\/\/www.inforesidencias.com\/blog\/index.php\/wp-json\/wp\/v2\/posts"}],"about":[{"href":"https:\/\/www.inforesidencias.com\/blog\/index.php\/wp-json\/wp\/v2\/types\/post"}],"author":[{"embeddable":true,"href":"https:\/\/www.inforesidencias.com\/blog\/index.php\/wp-json\/wp\/v2\/users\/6"}],"replies":[{"embeddable":true,"href":"https:\/\/www.inforesidencias.com\/blog\/index.php\/wp-json\/wp\/v2\/comments?post=7068"}],"version-history":[{"count":16,"href":"https:\/\/www.inforesidencias.com\/blog\/index.php\/wp-json\/wp\/v2\/posts\/7068\/revisions"}],"predecessor-version":[{"id":7086,"href":"https:\/\/www.inforesidencias.com\/blog\/index.php\/wp-json\/wp\/v2\/posts\/7068\/revisions\/7086"}],"wp:featuredmedia":[{"embeddable":true,"href":"https:\/\/www.inforesidencias.com\/blog\/index.php\/wp-json\/wp\/v2\/media\/7072"}],"wp:attachment":[{"href":"https:\/\/www.inforesidencias.com\/blog\/index.php\/wp-json\/wp\/v2\/media?parent=7068"}],"wp:term":[{"taxonomy":"category","embeddable":true,"href":"https:\/\/www.inforesidencias.com\/blog\/index.php\/wp-json\/wp\/v2\/categories?post=7068"},{"taxonomy":"post_tag","embeddable":true,"href":"https:\/\/www.inforesidencias.com\/blog\/index.php\/wp-json\/wp\/v2\/tags?post=7068"}],"curies":[{"name":"wp","href":"https:\/\/api.w.org\/{rel}","templated":true}]}}