{"id":7104,"date":"2024-01-12T13:51:29","date_gmt":"2024-01-12T12:51:29","guid":{"rendered":"https:\/\/www.inforesidencias.com\/blog\/?p=7104"},"modified":"2024-01-12T13:51:31","modified_gmt":"2024-01-12T12:51:31","slug":"que-preocupa-a-una-familia-que-busca-residencia-de-personas-mayores-para-un-ser-querido","status":"publish","type":"post","link":"https:\/\/www.inforesidencias.com\/blog\/index.php\/2024\/01\/12\/que-preocupa-a-una-familia-que-busca-residencia-de-personas-mayores-para-un-ser-querido\/","title":{"rendered":"\u00bfQu\u00e9 preocupa a una familia que busca residencia de personas mayores para un ser querido?"},"content":{"rendered":"\n<p>Cuando una familia busca una residencia, hay varios temas importantes que suelen ser motivo de duda o preocupaci\u00f3n.&nbsp;Parece conveniente, pues, saber interesante qu\u00e9 preocupa a una familia que busca residencia de personas mayores para un ser querido<\/p>\n\n\n\n<p>Es importante realizar una investigaci\u00f3n exhaustiva, visitar cu\u00e1ntos m\u00e1s centros mejor y, muy importante, hacer preguntas detalladas para asegurarse de que la residencia elegida satisfaga las necesidades espec\u00edficas y preocupaciones del familiar.<\/p>\n\n\n\n<p>Para toda la investigaci\u00f3n previa y examen de los centros residenciales que se puedan ajustar a esas necesidades concretas es fundamentales consultar con <a href=\"https:\/\/www.inforesidencias.com\/particulares\" target=\"_blank\" rel=\"noreferrer noopener\">Inforesidencias.com<\/a>, donde se encontrar\u00e1 gran parte de la informaci\u00f3n necesaria para empezar a decantarse por una opci\u00f3n u otra. Luego, las dudas se despejar\u00e1n visitando el centro o los centros escogidos.<\/p>\n\n\n<div class=\"wp-block-image\">\n<figure class=\"alignright size-large is-resized\"><a href=\"https:\/\/www.inforesidencias.com\/blog\/wp-content\/uploads\/2024\/01\/busqueda-residencia.jpg\"><img decoding=\"async\" loading=\"lazy\" width=\"1024\" height=\"575\" src=\"https:\/\/www.inforesidencias.com\/blog\/wp-content\/uploads\/2024\/01\/busqueda-residencia-1024x575.jpg\" alt=\"\" class=\"wp-image-7105\" style=\"aspect-ratio:1.7808695652173914;width:311px;height:auto\" srcset=\"https:\/\/www.inforesidencias.com\/blog\/wp-content\/uploads\/2024\/01\/busqueda-residencia-1024x575.jpg 1024w, https:\/\/www.inforesidencias.com\/blog\/wp-content\/uploads\/2024\/01\/busqueda-residencia-300x168.jpg 300w, https:\/\/www.inforesidencias.com\/blog\/wp-content\/uploads\/2024\/01\/busqueda-residencia-768x431.jpg 768w, https:\/\/www.inforesidencias.com\/blog\/wp-content\/uploads\/2024\/01\/busqueda-residencia.jpg 1244w\" sizes=\"(max-width: 1024px) 100vw, 1024px\" \/><\/a><\/figure><\/div>\n\n\n<p>En cualquier caso, algunos de los temas que m\u00e1s preocupan a una familia que busca residencia de personas mayores para un ser querido y por los que tiene que informarse, preguntar y observar durante la visita previa son:<\/p>\n\n\n\n<h2 class=\"wp-block-heading\">Accesibilidad y ubicaci\u00f3n<\/h2>\n\n\n\n<p>Es de las principales preocupaciones, junto con los servicios y el precio. La accesibilidad del lugar y su ubicaci\u00f3n son factores cr\u00edticos. Las familias suelen buscar residencias que sean convenientes en t\u00e9rminos de ubicaci\u00f3n y f\u00e1cilmente accesibles para poder realizar visitas regulares.<\/p>\n\n\n\n<h2 class=\"wp-block-heading\">Calidad de atenci\u00f3n<\/h2>\n\n\n\n<p>Parece obvio, la calidad de la atenci\u00f3n es una de las principales preocupaciones. Las familias quieren asegurarse de que sus seres queridos recibir\u00e1n el nivel adecuado de cuidado, incluyendo atenci\u00f3n m\u00e9dica, administraci\u00f3n de medicamentos, y asistencia en actividades diarias.<\/p>\n\n\n\n<h2 class=\"wp-block-heading\">Calidad de vida<\/h2>\n\n\n\n<p>Por lo dicho en el punto anterior se deduce que las familias buscan tambi\u00e9n un entorno que promueva la calidad de vida de sus seres queridos. Esto puede incluir actividades recreativas, programas sociales, opciones de alimentaci\u00f3n saludable y cualquier otro factor que contribuya al bienestar general del abuelo, madre, t\u00edo&#8230;<\/p>\n\n\n\n<h2 class=\"wp-block-heading\">Seguridad y ambiente<\/h2>\n\n\n\n<p>No es un temna menor, la seguridad del entorno es crucial. Las familias desean asegurarse de que el lugar es seguro y que hay medidas adecuadas para prevenir ca\u00eddas, accidentes y garantizar la seguridad general de los residentes en general y del ser querido en particular.<\/p>\n\n\n\n<h2 class=\"wp-block-heading\">Personal capacitado y amable<\/h2>\n\n\n\n<p>Igual que el n\u00famero (ratio) de trabajadores por residentes es importantes, es decir, saber de cu\u00e1nto personal dispone la residencia, la capacitaci\u00f3n, formaci\u00f3n y actitud de los profesionales son aspectos fundamentales. Las familias quieren saber que el personal est\u00e1 bien entrenado, es amable y tiene empat\u00eda hacia los usuarios y, por tanto hacia su ser querido.<\/p>\n\n\n\n<h2 class=\"wp-block-heading\">Costos y servicios adicionales<\/h2>\n\n\n\n<p>\u00bfA qui\u00e9n no le preocupa el dinero? El precio de la residencia es fundamenta. Las consideraciones financieras son una parte importante de la b\u00fasqueda de una residencia para personas mayores. Las familias quieren comprender claramente los costos involucrados y qu\u00e9 servicios est\u00e1n incluidos. Del resultado de este apartado puede depender, l\u00f3gicamente, que una determinada opci\u00f3n sea viable o no.<\/p>\n\n\n\n<h2 class=\"wp-block-heading\">Atenci\u00f3n m\u00e9dica y servicios especializados<\/h2>\n\n\n\n<p>Dependiendo de las necesidades m\u00e9dicas espec\u00edficas del residente, las familias pueden buscar instalaciones que ofrezcan atenci\u00f3n m\u00e9dica especializada, como cuidado para enfermedades cr\u00f3nicas, terapia f\u00edsica, etc.<\/p>\n\n\n\n<h2 class=\"wp-block-heading\">Comunicaci\u00f3n con la familia<\/h2>\n\n\n\n<p>La comunicaci\u00f3n regular y efectiva con la familia es esencial. Las familias desean estar informadas sobre la salud y el bienestar de sus seres queridos, as\u00ed como cualquier cambio en las condiciones o pol\u00edticas de la residencia.<\/p>\n\n\n\n<p>Si le ha parecido interesante qu\u00e9 preocupa a una familia que busca residencia de personas mayores para un ser querido, seguro que tambi\u00e9n les interesa esto:<\/p>\n\n\n\n<p><a href=\"https:\/\/dependencia.info\/noticia\/4699\/transparencia-en-residencias\/inforesidencias.com-renueva-su-portal-en-una-apuesta-por-la-transparencia-total-de-las-residencias.html\">Inforesidencias.com renueva su portal en una apuesta por la transparencia total de las residencias<\/a><\/p>\n\n\n\n<p><a href=\"https:\/\/www.inforesidencias.com\/blog\/index.php\/2022\/07\/03\/sentimiento-de-culpa\/\">El sentimiento de culpa al llevar a un familiar a una residencia de mayores<\/a><\/p>\n\n\n\n<p><\/p>\n","protected":false},"excerpt":{"rendered":"<p>Cuando una familia busca una residencia, hay varios temas importantes que suelen ser motivo de duda o preocupaci\u00f3n.&nbsp;Parece conveniente, pues, saber interesante qu\u00e9 preocupa a una familia que busca residencia de personas mayores para un ser querido Es importante realizar una investigaci\u00f3n exhaustiva, visitar cu\u00e1ntos m\u00e1s centros mejor y, muy importante, hacer preguntas detalladas para asegurarse de que la residencia elegida satisfaga las necesidades espec\u00edficas y preocupaciones del familiar. Para toda la investigaci\u00f3n previa y examen de los centros residenciales que se puedan ajustar a esas necesidades concretas es fundamentales consultar con Inforesidencias.com, donde se encontrar\u00e1 gran parte de la informaci\u00f3n necesaria para empezar a decantarse por una opci\u00f3n u otra. Luego, las dudas se despejar\u00e1n visitando el centro o los centros escogidos. En cualquier caso, algunos de los temas que m\u00e1s preocupan a una familia que busca residencia de personas mayores para un ser querido y por los que [&hellip;]<\/p>\n","protected":false},"author":6,"featured_media":7105,"comment_status":"open","ping_status":"open","sticky":false,"template":"","format":"standard","meta":{"footnotes":""},"categories":[1],"tags":[105],"yoast_head":"<!-- This site is optimized with the Yoast SEO plugin v21.7 - https:\/\/yoast.com\/wordpress\/plugins\/seo\/ -->\n<title>\u00bfQu\u00e9 preocupa a una familia que busca residencia de personas mayores para un ser querido? - Blog Inforesidencias.com<\/title>\n<meta name=\"description\" content=\"Qu\u00e9 preocupa a una familia que busca residencia de personas mayores para un ser querido. Servicios, precio y ubicaci\u00f3n son fundamentales.\" \/>\n<meta name=\"robots\" content=\"index, follow, max-snippet:-1, max-image-preview:large, max-video-preview:-1\" \/>\n<link rel=\"canonical\" href=\"https:\/\/www.inforesidencias.com\/blog\/index.php\/2024\/01\/12\/que-preocupa-a-una-familia-que-busca-residencia-de-personas-mayores-para-un-ser-querido\/\" \/>\n<meta property=\"og:locale\" content=\"es_ES\" \/>\n<meta property=\"og:type\" content=\"article\" \/>\n<meta property=\"og:title\" content=\"\u00bfQu\u00e9 preocupa a una familia que busca residencia de personas mayores para un ser querido? - Blog Inforesidencias.com\" \/>\n<meta property=\"og:description\" content=\"Qu\u00e9 preocupa a una familia que busca residencia de personas mayores para un ser querido. Servicios, precio y ubicaci\u00f3n son fundamentales.\" \/>\n<meta property=\"og:url\" content=\"https:\/\/www.inforesidencias.com\/blog\/index.php\/2024\/01\/12\/que-preocupa-a-una-familia-que-busca-residencia-de-personas-mayores-para-un-ser-querido\/\" \/>\n<meta property=\"og:site_name\" content=\"Blog Inforesidencias.com\" \/>\n<meta property=\"article:publisher\" content=\"https:\/\/www.facebook.com\/Inforesidencias\/\" \/>\n<meta property=\"article:published_time\" content=\"2024-01-12T12:51:29+00:00\" \/>\n<meta property=\"article:modified_time\" content=\"2024-01-12T12:51:31+00:00\" \/>\n<meta property=\"og:image\" content=\"https:\/\/www.inforesidencias.com\/blog\/wp-content\/uploads\/2024\/01\/busqueda-residencia.jpg\" \/>\n\t<meta property=\"og:image:width\" content=\"1244\" \/>\n\t<meta property=\"og:image:height\" content=\"698\" \/>\n\t<meta property=\"og:image:type\" content=\"image\/jpeg\" \/>\n<meta name=\"author\" content=\"Carles Reixach\" \/>\n<meta name=\"twitter:card\" content=\"summary_large_image\" \/>\n<meta name=\"twitter:creator\" content=\"@blog-ir\" \/>\n<meta name=\"twitter:site\" content=\"@inforesidencias\" \/>\n<meta name=\"twitter:label1\" content=\"Escrito por\" \/>\n\t<meta name=\"twitter:data1\" content=\"Carles Reixach\" \/>\n\t<meta name=\"twitter:label2\" content=\"Tiempo de lectura\" \/>\n\t<meta name=\"twitter:data2\" content=\"4 minutos\" \/>\n<script type=\"application\/ld+json\" class=\"yoast-schema-graph\">{\"@context\":\"https:\/\/schema.org\",\"@graph\":[{\"@type\":\"WebPage\",\"@id\":\"https:\/\/www.inforesidencias.com\/blog\/index.php\/2024\/01\/12\/que-preocupa-a-una-familia-que-busca-residencia-de-personas-mayores-para-un-ser-querido\/\",\"url\":\"https:\/\/www.inforesidencias.com\/blog\/index.php\/2024\/01\/12\/que-preocupa-a-una-familia-que-busca-residencia-de-personas-mayores-para-un-ser-querido\/\",\"name\":\"\u00bfQu\u00e9 preocupa a una familia que busca residencia de personas mayores para un ser querido? - Blog Inforesidencias.com\",\"isPartOf\":{\"@id\":\"https:\/\/www.inforesidencias.com\/blog\/#website\"},\"datePublished\":\"2024-01-12T12:51:29+00:00\",\"dateModified\":\"2024-01-12T12:51:31+00:00\",\"author\":{\"@id\":\"https:\/\/www.inforesidencias.com\/blog\/#\/schema\/person\/90ec02c0eaf05c8c2260bd3cb30ff126\"},\"description\":\"Qu\u00e9 preocupa a una familia que busca residencia de personas mayores para un ser querido. Servicios, precio y ubicaci\u00f3n son fundamentales.\",\"breadcrumb\":{\"@id\":\"https:\/\/www.inforesidencias.com\/blog\/index.php\/2024\/01\/12\/que-preocupa-a-una-familia-que-busca-residencia-de-personas-mayores-para-un-ser-querido\/#breadcrumb\"},\"inLanguage\":\"es\",\"potentialAction\":[{\"@type\":\"ReadAction\",\"target\":[\"https:\/\/www.inforesidencias.com\/blog\/index.php\/2024\/01\/12\/que-preocupa-a-una-familia-que-busca-residencia-de-personas-mayores-para-un-ser-querido\/\"]}]},{\"@type\":\"BreadcrumbList\",\"@id\":\"https:\/\/www.inforesidencias.com\/blog\/index.php\/2024\/01\/12\/que-preocupa-a-una-familia-que-busca-residencia-de-personas-mayores-para-un-ser-querido\/#breadcrumb\",\"itemListElement\":[{\"@type\":\"ListItem\",\"position\":1,\"name\":\"Home\",\"item\":\"https:\/\/www.inforesidencias.com\/blog\/\"},{\"@type\":\"ListItem\",\"position\":2,\"name\":\"\u00bfQu\u00e9 preocupa a una familia que busca residencia de personas mayores para un ser querido?\"}]},{\"@type\":\"WebSite\",\"@id\":\"https:\/\/www.inforesidencias.com\/blog\/#website\",\"url\":\"https:\/\/www.inforesidencias.com\/blog\/\",\"name\":\"Blog Inforesidencias.com\",\"description\":\"El buscador de residencias de la 3\u00aa edad\",\"potentialAction\":[{\"@type\":\"SearchAction\",\"target\":{\"@type\":\"EntryPoint\",\"urlTemplate\":\"https:\/\/www.inforesidencias.com\/blog\/?s={search_term_string}\"},\"query-input\":\"required name=search_term_string\"}],\"inLanguage\":\"es\"},{\"@type\":\"Person\",\"@id\":\"https:\/\/www.inforesidencias.com\/blog\/#\/schema\/person\/90ec02c0eaf05c8c2260bd3cb30ff126\",\"name\":\"Carles Reixach\",\"image\":{\"@type\":\"ImageObject\",\"inLanguage\":\"es\",\"@id\":\"https:\/\/www.inforesidencias.com\/blog\/#\/schema\/person\/image\/\",\"url\":\"https:\/\/secure.gravatar.com\/avatar\/fb527b07d09398462de613ba8a48e61f?s=96&d=mm&r=g\",\"contentUrl\":\"https:\/\/secure.gravatar.com\/avatar\/fb527b07d09398462de613ba8a48e61f?s=96&d=mm&r=g\",\"caption\":\"Carles Reixach\"},\"sameAs\":[\"https:\/\/twitter.com\/blog-ir\"],\"url\":\"https:\/\/www.inforesidencias.com\/blog\/index.php\/author\/carles\/\"}]}<\/script>\n<!-- \/ Yoast SEO plugin. -->","yoast_head_json":{"title":"\u00bfQu\u00e9 preocupa a una familia que busca residencia de personas mayores para un ser querido? - Blog Inforesidencias.com","description":"Qu\u00e9 preocupa a una familia que busca residencia de personas mayores para un ser querido. Servicios, precio y ubicaci\u00f3n son fundamentales.","robots":{"index":"index","follow":"follow","max-snippet":"max-snippet:-1","max-image-preview":"max-image-preview:large","max-video-preview":"max-video-preview:-1"},"canonical":"https:\/\/www.inforesidencias.com\/blog\/index.php\/2024\/01\/12\/que-preocupa-a-una-familia-que-busca-residencia-de-personas-mayores-para-un-ser-querido\/","og_locale":"es_ES","og_type":"article","og_title":"\u00bfQu\u00e9 preocupa a una familia que busca residencia de personas mayores para un ser querido? - Blog Inforesidencias.com","og_description":"Qu\u00e9 preocupa a una familia que busca residencia de personas mayores para un ser querido. Servicios, precio y ubicaci\u00f3n son fundamentales.","og_url":"https:\/\/www.inforesidencias.com\/blog\/index.php\/2024\/01\/12\/que-preocupa-a-una-familia-que-busca-residencia-de-personas-mayores-para-un-ser-querido\/","og_site_name":"Blog Inforesidencias.com","article_publisher":"https:\/\/www.facebook.com\/Inforesidencias\/","article_published_time":"2024-01-12T12:51:29+00:00","article_modified_time":"2024-01-12T12:51:31+00:00","og_image":[{"width":1244,"height":698,"url":"https:\/\/www.inforesidencias.com\/blog\/wp-content\/uploads\/2024\/01\/busqueda-residencia.jpg","type":"image\/jpeg"}],"author":"Carles Reixach","twitter_card":"summary_large_image","twitter_creator":"@blog-ir","twitter_site":"@inforesidencias","twitter_misc":{"Escrito por":"Carles Reixach","Tiempo de lectura":"4 minutos"},"schema":{"@context":"https:\/\/schema.org","@graph":[{"@type":"WebPage","@id":"https:\/\/www.inforesidencias.com\/blog\/index.php\/2024\/01\/12\/que-preocupa-a-una-familia-que-busca-residencia-de-personas-mayores-para-un-ser-querido\/","url":"https:\/\/www.inforesidencias.com\/blog\/index.php\/2024\/01\/12\/que-preocupa-a-una-familia-que-busca-residencia-de-personas-mayores-para-un-ser-querido\/","name":"\u00bfQu\u00e9 preocupa a una familia que busca residencia de personas mayores para un ser querido? - Blog Inforesidencias.com","isPartOf":{"@id":"https:\/\/www.inforesidencias.com\/blog\/#website"},"datePublished":"2024-01-12T12:51:29+00:00","dateModified":"2024-01-12T12:51:31+00:00","author":{"@id":"https:\/\/www.inforesidencias.com\/blog\/#\/schema\/person\/90ec02c0eaf05c8c2260bd3cb30ff126"},"description":"Qu\u00e9 preocupa a una familia que busca residencia de personas mayores para un ser querido. Servicios, precio y ubicaci\u00f3n son fundamentales.","breadcrumb":{"@id":"https:\/\/www.inforesidencias.com\/blog\/index.php\/2024\/01\/12\/que-preocupa-a-una-familia-que-busca-residencia-de-personas-mayores-para-un-ser-querido\/#breadcrumb"},"inLanguage":"es","potentialAction":[{"@type":"ReadAction","target":["https:\/\/www.inforesidencias.com\/blog\/index.php\/2024\/01\/12\/que-preocupa-a-una-familia-que-busca-residencia-de-personas-mayores-para-un-ser-querido\/"]}]},{"@type":"BreadcrumbList","@id":"https:\/\/www.inforesidencias.com\/blog\/index.php\/2024\/01\/12\/que-preocupa-a-una-familia-que-busca-residencia-de-personas-mayores-para-un-ser-querido\/#breadcrumb","itemListElement":[{"@type":"ListItem","position":1,"name":"Home","item":"https:\/\/www.inforesidencias.com\/blog\/"},{"@type":"ListItem","position":2,"name":"\u00bfQu\u00e9 preocupa a una familia que busca residencia de personas mayores para un ser querido?"}]},{"@type":"WebSite","@id":"https:\/\/www.inforesidencias.com\/blog\/#website","url":"https:\/\/www.inforesidencias.com\/blog\/","name":"Blog Inforesidencias.com","description":"El buscador de residencias de la 3\u00aa edad","potentialAction":[{"@type":"SearchAction","target":{"@type":"EntryPoint","urlTemplate":"https:\/\/www.inforesidencias.com\/blog\/?s={search_term_string}"},"query-input":"required name=search_term_string"}],"inLanguage":"es"},{"@type":"Person","@id":"https:\/\/www.inforesidencias.com\/blog\/#\/schema\/person\/90ec02c0eaf05c8c2260bd3cb30ff126","name":"Carles Reixach","image":{"@type":"ImageObject","inLanguage":"es","@id":"https:\/\/www.inforesidencias.com\/blog\/#\/schema\/person\/image\/","url":"https:\/\/secure.gravatar.com\/avatar\/fb527b07d09398462de613ba8a48e61f?s=96&d=mm&r=g","contentUrl":"https:\/\/secure.gravatar.com\/avatar\/fb527b07d09398462de613ba8a48e61f?s=96&d=mm&r=g","caption":"Carles Reixach"},"sameAs":["https:\/\/twitter.com\/blog-ir"],"url":"https:\/\/www.inforesidencias.com\/blog\/index.php\/author\/carles\/"}]}},"_links":{"self":[{"href":"https:\/\/www.inforesidencias.com\/blog\/index.php\/wp-json\/wp\/v2\/posts\/7104"}],"collection":[{"href":"https:\/\/www.inforesidencias.com\/blog\/index.php\/wp-json\/wp\/v2\/posts"}],"about":[{"href":"https:\/\/www.inforesidencias.com\/blog\/index.php\/wp-json\/wp\/v2\/types\/post"}],"author":[{"embeddable":true,"href":"https:\/\/www.inforesidencias.com\/blog\/index.php\/wp-json\/wp\/v2\/users\/6"}],"replies":[{"embeddable":true,"href":"https:\/\/www.inforesidencias.com\/blog\/index.php\/wp-json\/wp\/v2\/comments?post=7104"}],"version-history":[{"count":2,"href":"https:\/\/www.inforesidencias.com\/blog\/index.php\/wp-json\/wp\/v2\/posts\/7104\/revisions"}],"predecessor-version":[{"id":7107,"href":"https:\/\/www.inforesidencias.com\/blog\/index.php\/wp-json\/wp\/v2\/posts\/7104\/revisions\/7107"}],"wp:featuredmedia":[{"embeddable":true,"href":"https:\/\/www.inforesidencias.com\/blog\/index.php\/wp-json\/wp\/v2\/media\/7105"}],"wp:attachment":[{"href":"https:\/\/www.inforesidencias.com\/blog\/index.php\/wp-json\/wp\/v2\/media?parent=7104"}],"wp:term":[{"taxonomy":"category","embeddable":true,"href":"https:\/\/www.inforesidencias.com\/blog\/index.php\/wp-json\/wp\/v2\/categories?post=7104"},{"taxonomy":"post_tag","embeddable":true,"href":"https:\/\/www.inforesidencias.com\/blog\/index.php\/wp-json\/wp\/v2\/tags?post=7104"}],"curies":[{"name":"wp","href":"https:\/\/api.w.org\/{rel}","templated":true}]}}