{"id":7187,"date":"2024-04-15T11:19:36","date_gmt":"2024-04-15T10:19:36","guid":{"rendered":"https:\/\/www.inforesidencias.com\/blog\/?p=7187"},"modified":"2024-04-15T11:19:38","modified_gmt":"2024-04-15T10:19:38","slug":"diez-avisos-para-detectar-el-alzheimer","status":"publish","type":"post","link":"https:\/\/www.inforesidencias.com\/blog\/index.php\/2024\/04\/15\/diez-avisos-para-detectar-el-alzheimer\/","title":{"rendered":"Diez avisos para detectar el Alzheimer"},"content":{"rendered":"\n<p>A nadie se le escapa que las demencias en general, y la enfermedad de Alzheimer en particular, son uno de los principales problemas sociosanitarios con los que se encuentran las familias y el sistema de Salud, ya que afecta a 1.200.000 personas en Espa\u00f1a. Por esto, en <a href=\"https:\/\/www.inforesidencias.com\/particulares\" target=\"_blank\" rel=\"noreferrer noopener\">Inforesidencias.com<\/a> hemos cre\u00eddo conveniente apuntar diez avisos para detectar el Alzheimer que ofrece la Confederaci\u00f3n Espa\u00f1ola de Alzheimer y otras Demencias (<a href=\"https:\/\/www.ceafa.es\/es\" target=\"_blank\" rel=\"noreferrer noopener\">CEAFA<\/a>).<\/p>\n\n\n\n<p>Hay que tener en cuenta que cada individuo puede experimentar en grados muy diferentes una o m\u00e1s de estas diez se\u00f1ales de advertencia de la enfermedad de Alzheimer, junto a otros tipos de demencia, y que tienen incidencia en 5.000.000 de personas si contamos con la familia, seg\u00fan datos de esta confederaci\u00f3n.<\/p>\n\n\n<div class=\"wp-block-image\">\n<figure class=\"alignright size-full is-resized\"><a href=\"https:\/\/www.inforesidencias.com\/blog\/wp-content\/uploads\/2024\/04\/mayor-alzheimer.jpg\"><img decoding=\"async\" loading=\"lazy\" width=\"1024\" height=\"1024\" src=\"https:\/\/www.inforesidencias.com\/blog\/wp-content\/uploads\/2024\/04\/mayor-alzheimer.jpg\" alt=\"\" class=\"wp-image-7188\" style=\"aspect-ratio:1;width:229px;height:auto\" srcset=\"https:\/\/www.inforesidencias.com\/blog\/wp-content\/uploads\/2024\/04\/mayor-alzheimer.jpg 1024w, https:\/\/www.inforesidencias.com\/blog\/wp-content\/uploads\/2024\/04\/mayor-alzheimer-300x300.jpg 300w, https:\/\/www.inforesidencias.com\/blog\/wp-content\/uploads\/2024\/04\/mayor-alzheimer-150x150.jpg 150w, https:\/\/www.inforesidencias.com\/blog\/wp-content\/uploads\/2024\/04\/mayor-alzheimer-768x768.jpg 768w\" sizes=\"(max-width: 1024px) 100vw, 1024px\" \/><\/a><\/figure><\/div>\n\n\n<p>Sabiendo que hablamos de un trastorno neurol\u00f3gico progresivo caracterizado por la p\u00e9rdida de la memoria, de la percepci\u00f3n y del sentido de la orientaci\u00f3n, que se produce ordinariamente en la edad senil, que tambi\u00e9n puede provocar depresi\u00f3n, p\u00e9rdida de inter\u00e9s por actividades, aislamiento social, cambios del estado de \u00e1nimo, desconfianza de otras personas, ira o agresividad o cambios en los h\u00e1bitos de sue\u00f1o, estos son los diez avisos para detectar el Alzheimer:<\/p>\n\n\n\n<h2 class=\"wp-block-heading\">Cambios de memoria que dificultan la vida cotidiana<\/h2>\n\n\n\n<p>Una de las se\u00f1ales m\u00e1s comunes del Alzheimer, lo que m\u00e1s llama la atenci\u00f3n sobre todo al principio, en las etapas tempranas, es olvidar informaci\u00f3n reciente. Tambi\u00e9n se olvidan fechas o eventos importantes; se pide la misma informaci\u00f3n repetidamente; se depende en sistemas de ayuda para la memoria o en familiares para hacer las cosas que antes uno hac\u00eda solo.<\/p>\n\n\n\n<h2 class=\"wp-block-heading\">Dificultad para planificar o resolver problemas<\/h2>\n\n\n\n<p>Tambi\u00e9n es una se\u00f1al de advertencia comprobar que algunas personas experimentan cambios en su habilidad de desarrollar y seguir un plan o trabajar con n\u00fameros. Pueden tener problemas en concentrarse y les puede costar m\u00e1s tiempo hacer cosas ahora que antes.<\/p>\n\n\n\n<h2 class=\"wp-block-heading\">Dificultad para desempe\u00f1ar tareas habituales<\/h2>\n\n\n\n<p>Otro signo es que a las personas que tienen Alzheimer a menudo se les hace dif\u00edcil completar tareas cotidianas. A veces pueden tener dificultad en llegar a un lugar conocido, administrar un presupuesto en el trabajo o recordar las reglas de un juego muy conocido.<\/p>\n\n\n\n<h2 class=\"wp-block-heading\">Desorientaci\u00f3n de tiempo o lugar<\/h2>\n\n\n\n<p>Es habitual que las personas con la enfermedad de Alzheimer se les olviden las fechas, estaciones y el paso del tiempo. Pueden tener dificultad en comprender algo si no est\u00e1 en proceso en ese instante. Es posible que se les olvide a veces d\u00f3nde est\u00e1n y c\u00f3mo llegaron all\u00ed.<\/p>\n\n\n\n<h2 class=\"wp-block-heading\">Dificultad para comprender im\u00e1genes visuales<\/h2>\n\n\n\n<p>Igualmente, para algunas personas, tener problemas de la vista es una se\u00f1al del Alzheimer. Pueden tener dificultad en leer, juzgar distancias y determinar color o contraste.<\/p>\n\n\n\n<h2 class=\"wp-block-heading\">Problemas con el uso de palabras en el habla o lo escrito<\/h2>\n\n\n\n<p>El Alzheimer puede provocar problemas en seguir o participar en una conversaci\u00f3n. Es posible, tambi\u00e9n, que la persona afectada pare en medio de una conversaci\u00f3n y tenga dificultad en c\u00f3mo seguirla o que repitan lo mismo varias veces. Puede ser que luchen por encontrar las palabras correctas o el vocabulario apropiado o que llamen a las cosas por un nombre incorrecto (como llamar un \u00abl\u00e1piz\u00bb un \u00abpalito para escribir\u00bb).<\/p>\n\n\n\n<p class=\"has-text-align-center\"><strong><a href=\"https:\/\/www.inforesidencias.com\/centros\/buscador\/busquedas-predefinidas\/residencias-de-ancianos-con-alzheimer-y-demencia\">Residencias para personas mayores que sufren alg\u00fan tipo de demencia como el alzheimer<\/a><\/strong><\/p>\n\n\n\n<p><\/p>\n\n\n\n<h2 class=\"wp-block-heading\">Colocaci\u00f3n de objetos fuera de lugar<\/h2>\n\n\n\n<p>Una persona con el Alzheimer suele colocar cosas fuera de lugar. Se les puede perder cosas sin poder recordar d\u00f3nde estaban. A veces, es posible que acusen a los dem\u00e1s de robarles. Esto puede ocurrir m\u00e1s frecuentemente con el avance de la enfermedad.<\/p>\n\n\n\n<h2 class=\"wp-block-heading\">Disminuci\u00f3n o falta del buen juicio<\/h2>\n\n\n\n<p>Las personas que padecen Alzheimer pueden experimentar cambios en el juicio o en la toma de decisiones. Por ejemplo, es posible que regalen grandes cantidades de dinero a las personas que venden productos y servicios por tel\u00e9fono. Puede ser que presten menos atenci\u00f3n al aseo personal.<\/p>\n\n\n\n<h2 class=\"wp-block-heading\">P\u00e9rdida de iniciativa en el trabajo o actividades sociales<\/h2>\n\n\n\n<p>Oro aviso es que una persona con la enfermedad de Alzheimer puede empezar a perder la iniciativa para hacer pasatiempos, actividades sociales, proyectos en el trabajo o deportes.<\/p>\n\n\n\n<h2 class=\"wp-block-heading\">Cambios en el humor o la personalidad<\/h2>\n\n\n\n<p>El humor y la personalidad de las personas con el Alzheimer pueden cambiar. Pueden llegar a ser confundidas, sospechosas, deprimidas, temerosas o ansiosas. Se pueden enojar f\u00e1cilmente en casa, en el trabajo, con amigos o en lugares donde est\u00e1n fuera de su ambiente.<\/p>\n\n\n\n<p>Si cree que esta informaci\u00f3n con diez avisos para detectar el Alzheimer le ha resultado \u00fatil, es muy probable que vea interesante estas otras informaciones sobre esta demencia: <\/p>\n\n\n\n<ul>\n<li><a href=\"https:\/\/dependencia.info\/noticia\/6887\/salud\/cinco-ejercicios-para-mejorar-la-salud-bucodental-en-personas-con-deterioro-cognitivo.html?cache=true\" target=\"_blank\" rel=\"noreferrer noopener\">Cinco ejercicios para mejorar la salud bucodental en personas con deterioro cognitivo<\/a><\/li>\n<\/ul>\n\n\n\n<ul>\n<li><a href=\"https:\/\/dependencia.info\/noticia\/6475\/salud\/la-fundacion-pasqual-maragall-desmiente-mitos-con-la-mentira-mas-grande-sobre-el-alzheimer.html?cache=true\" target=\"_blank\" rel=\"noreferrer noopener\">La Fundaci\u00f3n Pasqual Maragall desmiente mitos con &#8216;La mentira m\u00e1s grande sobre el Alzheimer&#8217;<\/a><\/li>\n<\/ul>\n\n\n\n<ul>\n<li><a href=\"https:\/\/www.inforesidencias.com\/blog\/index.php\/2023\/10\/24\/casos-famosos-con-alzheimer-o-demencia-que-ayudan-a-la-desestigmatizacion\/\">Personas famosas con alzheimer que ayudan a desestigmatizar la enfermedad<\/a><\/li>\n<\/ul>\n","protected":false},"excerpt":{"rendered":"<p>A nadie se le escapa que las demencias en general, y la enfermedad de Alzheimer en particular, son uno de los principales problemas sociosanitarios con los que se encuentran las familias y el sistema de Salud, ya que afecta a 1.200.000 personas en Espa\u00f1a. Por esto, en Inforesidencias.com hemos cre\u00eddo conveniente apuntar diez avisos para detectar el Alzheimer que ofrece la Confederaci\u00f3n Espa\u00f1ola de Alzheimer y otras Demencias (CEAFA). Hay que tener en cuenta que cada individuo puede experimentar en grados muy diferentes una o m\u00e1s de estas diez se\u00f1ales de advertencia de la enfermedad de Alzheimer, junto a otros tipos de demencia, y que tienen incidencia en 5.000.000 de personas si contamos con la familia, seg\u00fan datos de esta confederaci\u00f3n. Sabiendo que hablamos de un trastorno neurol\u00f3gico progresivo caracterizado por la p\u00e9rdida de la memoria, de la percepci\u00f3n y del sentido de la orientaci\u00f3n, que se produce ordinariamente en [&hellip;]<\/p>\n","protected":false},"author":7,"featured_media":7188,"comment_status":"open","ping_status":"open","sticky":false,"template":"","format":"standard","meta":{"footnotes":""},"categories":[1],"tags":[],"yoast_head":"<!-- This site is optimized with the Yoast SEO plugin v21.7 - https:\/\/yoast.com\/wordpress\/plugins\/seo\/ -->\n<title>Diez avisos para detectar el Alzheimer - Blog Inforesidencias.com<\/title>\n<meta name=\"description\" content=\"Diez avisos para detectar el Alzheimer que pueden ayudar a las familias.\" \/>\n<meta name=\"robots\" content=\"index, follow, max-snippet:-1, max-image-preview:large, max-video-preview:-1\" \/>\n<link rel=\"canonical\" href=\"https:\/\/www.inforesidencias.com\/blog\/index.php\/2024\/04\/15\/diez-avisos-para-detectar-el-alzheimer\/\" \/>\n<meta property=\"og:locale\" content=\"es_ES\" \/>\n<meta property=\"og:type\" content=\"article\" \/>\n<meta property=\"og:title\" content=\"Diez avisos para detectar el Alzheimer - Blog Inforesidencias.com\" \/>\n<meta property=\"og:description\" content=\"Diez avisos para detectar el Alzheimer que pueden ayudar a las familias.\" \/>\n<meta property=\"og:url\" content=\"https:\/\/www.inforesidencias.com\/blog\/index.php\/2024\/04\/15\/diez-avisos-para-detectar-el-alzheimer\/\" \/>\n<meta property=\"og:site_name\" content=\"Blog Inforesidencias.com\" \/>\n<meta property=\"article:publisher\" content=\"https:\/\/www.facebook.com\/Inforesidencias\/\" \/>\n<meta property=\"article:published_time\" content=\"2024-04-15T10:19:36+00:00\" \/>\n<meta property=\"article:modified_time\" content=\"2024-04-15T10:19:38+00:00\" \/>\n<meta property=\"og:image\" content=\"https:\/\/www.inforesidencias.com\/blog\/wp-content\/uploads\/2024\/04\/mayor-alzheimer.jpg\" \/>\n\t<meta property=\"og:image:width\" content=\"1024\" \/>\n\t<meta property=\"og:image:height\" content=\"1024\" \/>\n\t<meta property=\"og:image:type\" content=\"image\/jpeg\" \/>\n<meta name=\"author\" content=\"Inforesidencias.com\" \/>\n<meta name=\"twitter:card\" content=\"summary_large_image\" \/>\n<meta name=\"twitter:creator\" content=\"@inforesidencias\" \/>\n<meta name=\"twitter:site\" content=\"@inforesidencias\" \/>\n<meta name=\"twitter:label1\" content=\"Escrito por\" \/>\n\t<meta name=\"twitter:data1\" content=\"Inforesidencias.com\" \/>\n\t<meta name=\"twitter:label2\" content=\"Tiempo de lectura\" \/>\n\t<meta name=\"twitter:data2\" content=\"5 minutos\" \/>\n<script type=\"application\/ld+json\" class=\"yoast-schema-graph\">{\"@context\":\"https:\/\/schema.org\",\"@graph\":[{\"@type\":\"WebPage\",\"@id\":\"https:\/\/www.inforesidencias.com\/blog\/index.php\/2024\/04\/15\/diez-avisos-para-detectar-el-alzheimer\/\",\"url\":\"https:\/\/www.inforesidencias.com\/blog\/index.php\/2024\/04\/15\/diez-avisos-para-detectar-el-alzheimer\/\",\"name\":\"Diez avisos para detectar el Alzheimer - Blog Inforesidencias.com\",\"isPartOf\":{\"@id\":\"https:\/\/www.inforesidencias.com\/blog\/#website\"},\"datePublished\":\"2024-04-15T10:19:36+00:00\",\"dateModified\":\"2024-04-15T10:19:38+00:00\",\"author\":{\"@id\":\"https:\/\/www.inforesidencias.com\/blog\/#\/schema\/person\/4137928ac9e11813f9d22c7eca99e8c6\"},\"description\":\"Diez avisos para detectar el Alzheimer que pueden ayudar a las familias.\",\"breadcrumb\":{\"@id\":\"https:\/\/www.inforesidencias.com\/blog\/index.php\/2024\/04\/15\/diez-avisos-para-detectar-el-alzheimer\/#breadcrumb\"},\"inLanguage\":\"es\",\"potentialAction\":[{\"@type\":\"ReadAction\",\"target\":[\"https:\/\/www.inforesidencias.com\/blog\/index.php\/2024\/04\/15\/diez-avisos-para-detectar-el-alzheimer\/\"]}]},{\"@type\":\"BreadcrumbList\",\"@id\":\"https:\/\/www.inforesidencias.com\/blog\/index.php\/2024\/04\/15\/diez-avisos-para-detectar-el-alzheimer\/#breadcrumb\",\"itemListElement\":[{\"@type\":\"ListItem\",\"position\":1,\"name\":\"Home\",\"item\":\"https:\/\/www.inforesidencias.com\/blog\/\"},{\"@type\":\"ListItem\",\"position\":2,\"name\":\"Diez avisos para detectar el Alzheimer\"}]},{\"@type\":\"WebSite\",\"@id\":\"https:\/\/www.inforesidencias.com\/blog\/#website\",\"url\":\"https:\/\/www.inforesidencias.com\/blog\/\",\"name\":\"Blog Inforesidencias.com\",\"description\":\"El buscador de residencias de la 3\u00aa edad\",\"potentialAction\":[{\"@type\":\"SearchAction\",\"target\":{\"@type\":\"EntryPoint\",\"urlTemplate\":\"https:\/\/www.inforesidencias.com\/blog\/?s={search_term_string}\"},\"query-input\":\"required name=search_term_string\"}],\"inLanguage\":\"es\"},{\"@type\":\"Person\",\"@id\":\"https:\/\/www.inforesidencias.com\/blog\/#\/schema\/person\/4137928ac9e11813f9d22c7eca99e8c6\",\"name\":\"Inforesidencias.com\",\"image\":{\"@type\":\"ImageObject\",\"inLanguage\":\"es\",\"@id\":\"https:\/\/www.inforesidencias.com\/blog\/#\/schema\/person\/image\/\",\"url\":\"https:\/\/secure.gravatar.com\/avatar\/2092a1175202f080ba451797bc271678?s=96&d=mm&r=g\",\"contentUrl\":\"https:\/\/secure.gravatar.com\/avatar\/2092a1175202f080ba451797bc271678?s=96&d=mm&r=g\",\"caption\":\"Inforesidencias.com\"},\"url\":\"https:\/\/www.inforesidencias.com\/blog\/index.php\/author\/javier-camara\/\"}]}<\/script>\n<!-- \/ Yoast SEO plugin. -->","yoast_head_json":{"title":"Diez avisos para detectar el Alzheimer - Blog Inforesidencias.com","description":"Diez avisos para detectar el Alzheimer que pueden ayudar a las familias.","robots":{"index":"index","follow":"follow","max-snippet":"max-snippet:-1","max-image-preview":"max-image-preview:large","max-video-preview":"max-video-preview:-1"},"canonical":"https:\/\/www.inforesidencias.com\/blog\/index.php\/2024\/04\/15\/diez-avisos-para-detectar-el-alzheimer\/","og_locale":"es_ES","og_type":"article","og_title":"Diez avisos para detectar el Alzheimer - Blog Inforesidencias.com","og_description":"Diez avisos para detectar el Alzheimer que pueden ayudar a las familias.","og_url":"https:\/\/www.inforesidencias.com\/blog\/index.php\/2024\/04\/15\/diez-avisos-para-detectar-el-alzheimer\/","og_site_name":"Blog Inforesidencias.com","article_publisher":"https:\/\/www.facebook.com\/Inforesidencias\/","article_published_time":"2024-04-15T10:19:36+00:00","article_modified_time":"2024-04-15T10:19:38+00:00","og_image":[{"width":1024,"height":1024,"url":"https:\/\/www.inforesidencias.com\/blog\/wp-content\/uploads\/2024\/04\/mayor-alzheimer.jpg","type":"image\/jpeg"}],"author":"Inforesidencias.com","twitter_card":"summary_large_image","twitter_creator":"@inforesidencias","twitter_site":"@inforesidencias","twitter_misc":{"Escrito por":"Inforesidencias.com","Tiempo de lectura":"5 minutos"},"schema":{"@context":"https:\/\/schema.org","@graph":[{"@type":"WebPage","@id":"https:\/\/www.inforesidencias.com\/blog\/index.php\/2024\/04\/15\/diez-avisos-para-detectar-el-alzheimer\/","url":"https:\/\/www.inforesidencias.com\/blog\/index.php\/2024\/04\/15\/diez-avisos-para-detectar-el-alzheimer\/","name":"Diez avisos para detectar el Alzheimer - Blog Inforesidencias.com","isPartOf":{"@id":"https:\/\/www.inforesidencias.com\/blog\/#website"},"datePublished":"2024-04-15T10:19:36+00:00","dateModified":"2024-04-15T10:19:38+00:00","author":{"@id":"https:\/\/www.inforesidencias.com\/blog\/#\/schema\/person\/4137928ac9e11813f9d22c7eca99e8c6"},"description":"Diez avisos para detectar el Alzheimer que pueden ayudar a las familias.","breadcrumb":{"@id":"https:\/\/www.inforesidencias.com\/blog\/index.php\/2024\/04\/15\/diez-avisos-para-detectar-el-alzheimer\/#breadcrumb"},"inLanguage":"es","potentialAction":[{"@type":"ReadAction","target":["https:\/\/www.inforesidencias.com\/blog\/index.php\/2024\/04\/15\/diez-avisos-para-detectar-el-alzheimer\/"]}]},{"@type":"BreadcrumbList","@id":"https:\/\/www.inforesidencias.com\/blog\/index.php\/2024\/04\/15\/diez-avisos-para-detectar-el-alzheimer\/#breadcrumb","itemListElement":[{"@type":"ListItem","position":1,"name":"Home","item":"https:\/\/www.inforesidencias.com\/blog\/"},{"@type":"ListItem","position":2,"name":"Diez avisos para detectar el Alzheimer"}]},{"@type":"WebSite","@id":"https:\/\/www.inforesidencias.com\/blog\/#website","url":"https:\/\/www.inforesidencias.com\/blog\/","name":"Blog Inforesidencias.com","description":"El buscador de residencias de la 3\u00aa edad","potentialAction":[{"@type":"SearchAction","target":{"@type":"EntryPoint","urlTemplate":"https:\/\/www.inforesidencias.com\/blog\/?s={search_term_string}"},"query-input":"required name=search_term_string"}],"inLanguage":"es"},{"@type":"Person","@id":"https:\/\/www.inforesidencias.com\/blog\/#\/schema\/person\/4137928ac9e11813f9d22c7eca99e8c6","name":"Inforesidencias.com","image":{"@type":"ImageObject","inLanguage":"es","@id":"https:\/\/www.inforesidencias.com\/blog\/#\/schema\/person\/image\/","url":"https:\/\/secure.gravatar.com\/avatar\/2092a1175202f080ba451797bc271678?s=96&d=mm&r=g","contentUrl":"https:\/\/secure.gravatar.com\/avatar\/2092a1175202f080ba451797bc271678?s=96&d=mm&r=g","caption":"Inforesidencias.com"},"url":"https:\/\/www.inforesidencias.com\/blog\/index.php\/author\/javier-camara\/"}]}},"_links":{"self":[{"href":"https:\/\/www.inforesidencias.com\/blog\/index.php\/wp-json\/wp\/v2\/posts\/7187"}],"collection":[{"href":"https:\/\/www.inforesidencias.com\/blog\/index.php\/wp-json\/wp\/v2\/posts"}],"about":[{"href":"https:\/\/www.inforesidencias.com\/blog\/index.php\/wp-json\/wp\/v2\/types\/post"}],"author":[{"embeddable":true,"href":"https:\/\/www.inforesidencias.com\/blog\/index.php\/wp-json\/wp\/v2\/users\/7"}],"replies":[{"embeddable":true,"href":"https:\/\/www.inforesidencias.com\/blog\/index.php\/wp-json\/wp\/v2\/comments?post=7187"}],"version-history":[{"count":4,"href":"https:\/\/www.inforesidencias.com\/blog\/index.php\/wp-json\/wp\/v2\/posts\/7187\/revisions"}],"predecessor-version":[{"id":7194,"href":"https:\/\/www.inforesidencias.com\/blog\/index.php\/wp-json\/wp\/v2\/posts\/7187\/revisions\/7194"}],"wp:featuredmedia":[{"embeddable":true,"href":"https:\/\/www.inforesidencias.com\/blog\/index.php\/wp-json\/wp\/v2\/media\/7188"}],"wp:attachment":[{"href":"https:\/\/www.inforesidencias.com\/blog\/index.php\/wp-json\/wp\/v2\/media?parent=7187"}],"wp:term":[{"taxonomy":"category","embeddable":true,"href":"https:\/\/www.inforesidencias.com\/blog\/index.php\/wp-json\/wp\/v2\/categories?post=7187"},{"taxonomy":"post_tag","embeddable":true,"href":"https:\/\/www.inforesidencias.com\/blog\/index.php\/wp-json\/wp\/v2\/tags?post=7187"}],"curies":[{"name":"wp","href":"https:\/\/api.w.org\/{rel}","templated":true}]}}