{"id":726,"date":"2016-05-24T09:44:18","date_gmt":"2016-05-24T09:44:18","guid":{"rendered":"https:\/\/www.inforesidencias.com\/blog\/?p=726"},"modified":"2017-12-11T09:54:18","modified_gmt":"2017-12-11T09:54:18","slug":"accesibilidad-de-las-personas-mayores","status":"publish","type":"post","link":"https:\/\/www.inforesidencias.com\/blog\/index.php\/2016\/05\/24\/accesibilidad-de-las-personas-mayores\/","title":{"rendered":"El acceso de las personas mayores"},"content":{"rendered":"<p>El acceso de las personas mayores a todo tipo lugares, una tarea pendiente de todos<\/p>\n<p>Cuando se habla de accesibilidad es com\u00fan pensar que nos referimos a los impedimentos f\u00edsicos, por ejemplo, un autob\u00fas sin rampa que impide el acceso a una persona con movilidad reducida y adem\u00e1s, caemos en ello cuando alguien significado se ve afectado y sale en los medio, como se ha visto reflejado \u00faltimamente cuando el conocido cantante y actor Langui ha bloqueado con su silla una l\u00ednea de autob\u00fas por no disponer estos de rampa. Eso es parte, importante, pero peque\u00f1a de lo que se considera un entorno accesible, o como en numerosas ocasiones o\u00edmos \u00abamable\u00bb con las personas mayores o con las personas con discapacidad. El problema reside quiz\u00e1 en que nos planteamos la accesibilidad como algo que ata\u00f1e a las personas con ciertas dificultades para moverse, no como un problema que en mayor o menor medida nos afecta a todos. As\u00ed, solo nos percatamos de que un bordillo es inalcanzable cuando nos rompemos una pierna, o que necesitamos una rampa cuando vamos con un carrito de beb\u00e9, o que no entendemos un cartel porque nos hemos olvidado las gafas, y cuando esa situaci\u00f3n pasajera ya no est\u00e1, vuelve a ser un tema que no existe.<\/p>\n<div id=\"attachment_727\" style=\"width: 1210px\" class=\"wp-caption aligncenter\"><a href=\"https:\/\/www.inforesidencias.com\/blog\/wp-content\/uploads\/2016\/05\/accesibilidad_2.jpg\"><img aria-describedby=\"caption-attachment-727\" decoding=\"async\" loading=\"lazy\" class=\"wp-image-727 size-full\" src=\"https:\/\/www.inforesidencias.com\/blog\/wp-content\/uploads\/2016\/05\/accesibilidad_2.jpg\" alt=\"La accesibilidad y los ancianos\" width=\"1200\" height=\"1001\" \/><\/a><p id=\"caption-attachment-727\" class=\"wp-caption-text\">La accesibilidad y las personas mayores<\/p><\/div>\n<p>Mucha gente piensa que las plazas reservadas para minusv\u00e1lidos son un capricho o una tonter\u00eda, y las ocupan sin ning\u00fan escr\u00fapulo de conciencia, tampoco se plantean que una persona con dificultades cognitivas no tiene la misma capacidad de espera en una consulta m\u00e9dica, o solo creen que es necesaria la barandilla cuando sus hijos pasar por ah\u00ed. Estamos ante un problema de empat\u00eda, no solo de concienciaci\u00f3n de las administraciones y de la ciudadan\u00eda. Desde la presi\u00f3n de una ciudadan\u00eda concienciada se puede mejorar la calidad de vida de muchas personas mayores y, de rebote de todos, con soluciones simples y en muchos casos muy poco costosas, pero para eso, debemos pensar que mejorar la accesibilidad de unos, mejora la accesibilidad de todos. Accesibilidad no es solo colocar rampas.<\/p>\n<p>Es sangrante ver una web de un ayuntamiento donde publicita sus acciones en pro de la accesibilidad y luego por las calles se ven rampas en exceso inclinadas o sin barandillas que las hacen impracticables para usuarios de sillas de ruedas. O en la misma web se utilizan formatos que hacen dif\u00edcil su uso y b\u00fasquedas o, pr\u00e1cticamente no hay webs oficiales ni de empresas que utilicen un lenguaje accesible o que dispongan de apartados en lectura f\u00e1cil, donde personas con dificultades de comprensi\u00f3n lectora puedan obtener la informaci\u00f3n que precisan.<\/p>\n<p>Para que realmente nuestro entorno sea accesible a todos, hay que sentir empat\u00eda, ponernos en el lugar del otro y pensar qu\u00e9 cosas necesita para poder acceder a los mismos lugares y servicios que yo. En accesibilidad f\u00edsica, es lo m\u00e1s evidente: ascensores, rampas adecuadas, rebaje de bordillos&#8230; Pero, a excepci\u00f3n de los sonidos de algunos sem\u00e1foros, nos olvidamos de discapacidades que son recurrentes en las personas mayores y que tambi\u00e9n afectan a un otros sectores de la poblaci\u00f3n. Entre estas personas estar\u00edan las que tienen problemas de visi\u00f3n, de audici\u00f3n y cognitivos. En las residencias de mayores la accesibilidad es fundamental, en los domicilios, cuando se presenta una discapacidad, se hacen los ajustes necesarios. Debemos trasladar ese pensamiento y necesidad al resto de espacios comunitarios. Por ejemplo, auriculares en el cine para personas invidentes, subt\u00edtulos para personas con problemas de audici\u00f3n, gu\u00edas explicativas en lectura f\u00e1cil en las exposiciones, carteles e indicativos con pictogramas que ayuden a situarse en un espacio. Si pensamos que esto es solo para personas mayores o personas con discapacidad, comentemos un error.<\/p>\n<p>Cuando se ofrecen estas soluciones, sorprende ver la cantidad de gente que sin te\u00f3ricamente precisarlas, las utilizan, por la sencilla raz\u00f3n de que a ellas tambi\u00e9n les facilitan la vida. La principal barrera para evitar las barreras es la falta de empat\u00eda, de ponerse en el lugar del otro, en el convencimiento de que nunca se va a estar en su situaci\u00f3n. Resulta sorprendente o\u00edr como con toda naturalidad se dicen y aceptan como buenas afirmaciones como \u00abcuando me romp\u00ed la pierna me di cuenta de las dificultades\u00bb, \u00abcuando me operaron de cataratas ech\u00e9 de menos carteles con letras que se entendieran\u00bb y que eso se diga y oiga y parezca normal. \u00bfEs necesario tener un percance para darse cuenta de las necesidades de los otros? \u00bfNo deber\u00edamos ser solidarios porque es nuestra obligaci\u00f3n como ciudadanos y no porque nos caemos de un guindo o nos ocurre una circunstancia? La visi\u00f3n social y \u00e9tica de los dem\u00e1s debe ser previa y formar parte de nuestra manera de estar del mundo. Mientras no se entienda que las soluciones de accesibilidad son necesarias porque la sociedad es diversa y tiene distintas necesidades y solo se caiga en eso y nos convirtamos a la causa cuando a nosotros nos pase, no se avanzar\u00e1.<\/p>\n<p>Traspasar la barrera de la indiferencia o del no me ata\u00f1e es f\u00e1cil y puede llegar a percibirse como normales situaciones claramente discriminatorias, como que si no entran las personas mayores en un sitio porque no hay acceso o gu\u00edas, o el guarda de la entrada no considera que tienen el suficiente glamour, es normal, no es para ellas. Son l\u00edmites excluyentes y peligrosos que llevan a vetar enestablecimientos a personas con discapacidad, con movilidad reducida o con cualquier otro tipo de dificultad, es decir, a discriminaci\u00f3n por motivo de que, si vemos que se produce, estamos en la obligaci\u00f3n de denunciar.<br \/>\nSin ser h\u00e9roes, en nuestro d\u00eda a d\u00eda podemos hacer muchas cosas para diluir barreras mentales que dificultan la vida de algunas personas mayores: el trato amable y respetuoso, ofrecer ayuda o asiento, escuchar lo que tienen que decir, respetar sus opciones y decisiones, son s\u00f3lo algunos ejemplos.<\/p>\n<p>P\u00e1gina de inter\u00e9s: http:\/\/www.cermi.es\/es-ES\/Paginas\/Portada.aspx<\/p>\n","protected":false},"excerpt":{"rendered":"<p>El acceso de las personas mayores a todo tipo lugares, una tarea pendiente de todos Cuando se habla de accesibilidad es com\u00fan pensar que nos referimos a los impedimentos f\u00edsicos, por ejemplo, un autob\u00fas sin rampa que impide el acceso a una persona con movilidad reducida y adem\u00e1s, caemos en ello cuando alguien significado se ve afectado y sale en los medio, como se ha visto reflejado \u00faltimamente cuando el conocido cantante y actor Langui ha bloqueado con su silla una l\u00ednea de autob\u00fas por no disponer estos de rampa. Eso es parte, importante, pero peque\u00f1a de lo que se considera un entorno accesible, o como en numerosas ocasiones o\u00edmos \u00abamable\u00bb con las personas mayores o con las personas con discapacidad. El problema reside quiz\u00e1 en que nos planteamos la accesibilidad como algo que ata\u00f1e a las personas con ciertas dificultades para moverse, no como un problema que en mayor [&hellip;]<\/p>\n","protected":false},"author":2,"featured_media":727,"comment_status":"open","ping_status":"open","sticky":false,"template":"","format":"standard","meta":{"footnotes":""},"categories":[14,5],"tags":[],"yoast_head":"<!-- This site is optimized with the Yoast SEO plugin v21.7 - https:\/\/yoast.com\/wordpress\/plugins\/seo\/ -->\n<title>El acceso de las personas mayores - Blog Inforesidencias.com<\/title>\n<meta name=\"description\" content=\"La accesibilidad y las personas mayores una cuesti\u00f3n muy relevante\" \/>\n<meta name=\"robots\" content=\"index, follow, max-snippet:-1, max-image-preview:large, max-video-preview:-1\" \/>\n<link rel=\"canonical\" href=\"https:\/\/www.inforesidencias.com\/blog\/index.php\/2016\/05\/24\/accesibilidad-de-las-personas-mayores\/\" \/>\n<meta property=\"og:locale\" content=\"es_ES\" \/>\n<meta property=\"og:type\" content=\"article\" \/>\n<meta property=\"og:title\" content=\"El acceso de las personas mayores - Blog Inforesidencias.com\" \/>\n<meta property=\"og:description\" content=\"La accesibilidad y las personas mayores una cuesti\u00f3n muy relevante\" \/>\n<meta property=\"og:url\" content=\"https:\/\/www.inforesidencias.com\/blog\/index.php\/2016\/05\/24\/accesibilidad-de-las-personas-mayores\/\" \/>\n<meta property=\"og:site_name\" content=\"Blog Inforesidencias.com\" \/>\n<meta property=\"article:publisher\" content=\"https:\/\/www.facebook.com\/Inforesidencias\/\" \/>\n<meta property=\"article:author\" content=\"https:\/\/www.facebook.com\/josep.demarti\" \/>\n<meta property=\"article:published_time\" content=\"2016-05-24T09:44:18+00:00\" \/>\n<meta property=\"article:modified_time\" content=\"2017-12-11T09:54:18+00:00\" \/>\n<meta property=\"og:image\" content=\"https:\/\/www.inforesidencias.com\/blog\/wp-content\/uploads\/2016\/05\/accesibilidad_2.jpg\" \/>\n\t<meta property=\"og:image:width\" content=\"1200\" \/>\n\t<meta property=\"og:image:height\" content=\"1001\" \/>\n\t<meta property=\"og:image:type\" content=\"image\/jpeg\" \/>\n<meta name=\"author\" content=\"Josep de Mart\u00ed\" \/>\n<meta name=\"twitter:card\" content=\"summary_large_image\" \/>\n<meta name=\"twitter:creator\" content=\"@blog-ir\" \/>\n<meta name=\"twitter:site\" content=\"@inforesidencias\" \/>\n<meta name=\"twitter:label1\" content=\"Escrito por\" \/>\n\t<meta name=\"twitter:data1\" content=\"Josep de Mart\u00ed\" \/>\n\t<meta name=\"twitter:label2\" content=\"Tiempo de lectura\" \/>\n\t<meta name=\"twitter:data2\" content=\"5 minutos\" \/>\n<script type=\"application\/ld+json\" class=\"yoast-schema-graph\">{\"@context\":\"https:\/\/schema.org\",\"@graph\":[{\"@type\":\"WebPage\",\"@id\":\"https:\/\/www.inforesidencias.com\/blog\/index.php\/2016\/05\/24\/accesibilidad-de-las-personas-mayores\/\",\"url\":\"https:\/\/www.inforesidencias.com\/blog\/index.php\/2016\/05\/24\/accesibilidad-de-las-personas-mayores\/\",\"name\":\"El acceso de las personas mayores - Blog Inforesidencias.com\",\"isPartOf\":{\"@id\":\"https:\/\/www.inforesidencias.com\/blog\/#website\"},\"datePublished\":\"2016-05-24T09:44:18+00:00\",\"dateModified\":\"2017-12-11T09:54:18+00:00\",\"author\":{\"@id\":\"https:\/\/www.inforesidencias.com\/blog\/#\/schema\/person\/9e146774d1eb3bc1c0316242a3898628\"},\"description\":\"La accesibilidad y las personas mayores una cuesti\u00f3n muy relevante\",\"breadcrumb\":{\"@id\":\"https:\/\/www.inforesidencias.com\/blog\/index.php\/2016\/05\/24\/accesibilidad-de-las-personas-mayores\/#breadcrumb\"},\"inLanguage\":\"es\",\"potentialAction\":[{\"@type\":\"ReadAction\",\"target\":[\"https:\/\/www.inforesidencias.com\/blog\/index.php\/2016\/05\/24\/accesibilidad-de-las-personas-mayores\/\"]}]},{\"@type\":\"BreadcrumbList\",\"@id\":\"https:\/\/www.inforesidencias.com\/blog\/index.php\/2016\/05\/24\/accesibilidad-de-las-personas-mayores\/#breadcrumb\",\"itemListElement\":[{\"@type\":\"ListItem\",\"position\":1,\"name\":\"Home\",\"item\":\"https:\/\/www.inforesidencias.com\/blog\/\"},{\"@type\":\"ListItem\",\"position\":2,\"name\":\"El acceso de las personas mayores\"}]},{\"@type\":\"WebSite\",\"@id\":\"https:\/\/www.inforesidencias.com\/blog\/#website\",\"url\":\"https:\/\/www.inforesidencias.com\/blog\/\",\"name\":\"Blog Inforesidencias.com\",\"description\":\"El buscador de residencias de la 3\u00aa edad\",\"potentialAction\":[{\"@type\":\"SearchAction\",\"target\":{\"@type\":\"EntryPoint\",\"urlTemplate\":\"https:\/\/www.inforesidencias.com\/blog\/?s={search_term_string}\"},\"query-input\":\"required name=search_term_string\"}],\"inLanguage\":\"es\"},{\"@type\":\"Person\",\"@id\":\"https:\/\/www.inforesidencias.com\/blog\/#\/schema\/person\/9e146774d1eb3bc1c0316242a3898628\",\"name\":\"Josep de Mart\u00ed\",\"image\":{\"@type\":\"ImageObject\",\"inLanguage\":\"es\",\"@id\":\"https:\/\/www.inforesidencias.com\/blog\/#\/schema\/person\/image\/\",\"url\":\"https:\/\/secure.gravatar.com\/avatar\/de0302c4806c00c4cebff396a798c1ff?s=96&d=mm&r=g\",\"contentUrl\":\"https:\/\/secure.gravatar.com\/avatar\/de0302c4806c00c4cebff396a798c1ff?s=96&d=mm&r=g\",\"caption\":\"Josep de Mart\u00ed\"},\"sameAs\":[\"https:\/\/www.inforesidencias.com\",\"https:\/\/www.facebook.com\/josep.demarti\",\"https:\/\/twitter.com\/blog-ir\"],\"url\":\"https:\/\/www.inforesidencias.com\/blog\/index.php\/author\/josepdemarti\/\"}]}<\/script>\n<!-- \/ Yoast SEO plugin. -->","yoast_head_json":{"title":"El acceso de las personas mayores - Blog Inforesidencias.com","description":"La accesibilidad y las personas mayores una cuesti\u00f3n muy relevante","robots":{"index":"index","follow":"follow","max-snippet":"max-snippet:-1","max-image-preview":"max-image-preview:large","max-video-preview":"max-video-preview:-1"},"canonical":"https:\/\/www.inforesidencias.com\/blog\/index.php\/2016\/05\/24\/accesibilidad-de-las-personas-mayores\/","og_locale":"es_ES","og_type":"article","og_title":"El acceso de las personas mayores - Blog Inforesidencias.com","og_description":"La accesibilidad y las personas mayores una cuesti\u00f3n muy relevante","og_url":"https:\/\/www.inforesidencias.com\/blog\/index.php\/2016\/05\/24\/accesibilidad-de-las-personas-mayores\/","og_site_name":"Blog Inforesidencias.com","article_publisher":"https:\/\/www.facebook.com\/Inforesidencias\/","article_author":"https:\/\/www.facebook.com\/josep.demarti","article_published_time":"2016-05-24T09:44:18+00:00","article_modified_time":"2017-12-11T09:54:18+00:00","og_image":[{"width":1200,"height":1001,"url":"https:\/\/www.inforesidencias.com\/blog\/wp-content\/uploads\/2016\/05\/accesibilidad_2.jpg","type":"image\/jpeg"}],"author":"Josep de Mart\u00ed","twitter_card":"summary_large_image","twitter_creator":"@blog-ir","twitter_site":"@inforesidencias","twitter_misc":{"Escrito por":"Josep de Mart\u00ed","Tiempo de lectura":"5 minutos"},"schema":{"@context":"https:\/\/schema.org","@graph":[{"@type":"WebPage","@id":"https:\/\/www.inforesidencias.com\/blog\/index.php\/2016\/05\/24\/accesibilidad-de-las-personas-mayores\/","url":"https:\/\/www.inforesidencias.com\/blog\/index.php\/2016\/05\/24\/accesibilidad-de-las-personas-mayores\/","name":"El acceso de las personas mayores - Blog Inforesidencias.com","isPartOf":{"@id":"https:\/\/www.inforesidencias.com\/blog\/#website"},"datePublished":"2016-05-24T09:44:18+00:00","dateModified":"2017-12-11T09:54:18+00:00","author":{"@id":"https:\/\/www.inforesidencias.com\/blog\/#\/schema\/person\/9e146774d1eb3bc1c0316242a3898628"},"description":"La accesibilidad y las personas mayores una cuesti\u00f3n muy relevante","breadcrumb":{"@id":"https:\/\/www.inforesidencias.com\/blog\/index.php\/2016\/05\/24\/accesibilidad-de-las-personas-mayores\/#breadcrumb"},"inLanguage":"es","potentialAction":[{"@type":"ReadAction","target":["https:\/\/www.inforesidencias.com\/blog\/index.php\/2016\/05\/24\/accesibilidad-de-las-personas-mayores\/"]}]},{"@type":"BreadcrumbList","@id":"https:\/\/www.inforesidencias.com\/blog\/index.php\/2016\/05\/24\/accesibilidad-de-las-personas-mayores\/#breadcrumb","itemListElement":[{"@type":"ListItem","position":1,"name":"Home","item":"https:\/\/www.inforesidencias.com\/blog\/"},{"@type":"ListItem","position":2,"name":"El acceso de las personas mayores"}]},{"@type":"WebSite","@id":"https:\/\/www.inforesidencias.com\/blog\/#website","url":"https:\/\/www.inforesidencias.com\/blog\/","name":"Blog Inforesidencias.com","description":"El buscador de residencias de la 3\u00aa edad","potentialAction":[{"@type":"SearchAction","target":{"@type":"EntryPoint","urlTemplate":"https:\/\/www.inforesidencias.com\/blog\/?s={search_term_string}"},"query-input":"required name=search_term_string"}],"inLanguage":"es"},{"@type":"Person","@id":"https:\/\/www.inforesidencias.com\/blog\/#\/schema\/person\/9e146774d1eb3bc1c0316242a3898628","name":"Josep de Mart\u00ed","image":{"@type":"ImageObject","inLanguage":"es","@id":"https:\/\/www.inforesidencias.com\/blog\/#\/schema\/person\/image\/","url":"https:\/\/secure.gravatar.com\/avatar\/de0302c4806c00c4cebff396a798c1ff?s=96&d=mm&r=g","contentUrl":"https:\/\/secure.gravatar.com\/avatar\/de0302c4806c00c4cebff396a798c1ff?s=96&d=mm&r=g","caption":"Josep de Mart\u00ed"},"sameAs":["https:\/\/www.inforesidencias.com","https:\/\/www.facebook.com\/josep.demarti","https:\/\/twitter.com\/blog-ir"],"url":"https:\/\/www.inforesidencias.com\/blog\/index.php\/author\/josepdemarti\/"}]}},"_links":{"self":[{"href":"https:\/\/www.inforesidencias.com\/blog\/index.php\/wp-json\/wp\/v2\/posts\/726"}],"collection":[{"href":"https:\/\/www.inforesidencias.com\/blog\/index.php\/wp-json\/wp\/v2\/posts"}],"about":[{"href":"https:\/\/www.inforesidencias.com\/blog\/index.php\/wp-json\/wp\/v2\/types\/post"}],"author":[{"embeddable":true,"href":"https:\/\/www.inforesidencias.com\/blog\/index.php\/wp-json\/wp\/v2\/users\/2"}],"replies":[{"embeddable":true,"href":"https:\/\/www.inforesidencias.com\/blog\/index.php\/wp-json\/wp\/v2\/comments?post=726"}],"version-history":[{"count":3,"href":"https:\/\/www.inforesidencias.com\/blog\/index.php\/wp-json\/wp\/v2\/posts\/726\/revisions"}],"predecessor-version":[{"id":1323,"href":"https:\/\/www.inforesidencias.com\/blog\/index.php\/wp-json\/wp\/v2\/posts\/726\/revisions\/1323"}],"wp:featuredmedia":[{"embeddable":true,"href":"https:\/\/www.inforesidencias.com\/blog\/index.php\/wp-json\/wp\/v2\/media\/727"}],"wp:attachment":[{"href":"https:\/\/www.inforesidencias.com\/blog\/index.php\/wp-json\/wp\/v2\/media?parent=726"}],"wp:term":[{"taxonomy":"category","embeddable":true,"href":"https:\/\/www.inforesidencias.com\/blog\/index.php\/wp-json\/wp\/v2\/categories?post=726"},{"taxonomy":"post_tag","embeddable":true,"href":"https:\/\/www.inforesidencias.com\/blog\/index.php\/wp-json\/wp\/v2\/tags?post=726"}],"curies":[{"name":"wp","href":"https:\/\/api.w.org\/{rel}","templated":true}]}}