{"id":729,"date":"2016-06-01T10:50:20","date_gmt":"2016-06-01T10:50:20","guid":{"rendered":"https:\/\/www.inforesidencias.com\/blog\/?p=729"},"modified":"2016-06-04T09:40:10","modified_gmt":"2016-06-04T09:40:10","slug":"mujeres-mayores-en-las-redes-sociales","status":"publish","type":"post","link":"https:\/\/www.inforesidencias.com\/blog\/index.php\/2016\/06\/01\/mujeres-mayores-en-las-redes-sociales\/","title":{"rendered":"Las redes sociales y la presencia de las mujeres mayores con sentido del humor"},"content":{"rendered":"<p>Si hablamos de <strong>mujeres mayores en las redes sociales<\/strong> debemos empezar por hablar de estereotipos.<\/p>\n<p>Los estereotipos cercan a las <strong>personas de la tercera edad<\/strong>, act\u00faan como se espera que lo hagan, hablan de los temas que el resto considera propio de sus a\u00f1os, visten adecuados y tienen aficiones que se corresponden a las que eran propias de la \u00e9poca en que eran j\u00f3venes. Sin embargo, algunas personas mayores se atreven a salir sin miedo de esa zona de seguridad, experimentan, se atreven y no sienten rechazo ante las nuevas tecnolog\u00edas que les ofrecen oportunidades insospechadas.<\/p>\n<p>Suelen ser mujeres las que se atreven de manera m\u00e1s l\u00fadica con las redes sociales o que utilizan su imagen para promocionarse sin importar la edad. Entre ellas, algunas utilizan Instagram como arma de lucimiento, de humor y de vida que transciende los a\u00f1os y nos lanzan una mirada a trav\u00e9s de las fotos que, a su vez, provoca otra mirada y sensaciones en nosotros. Vamos a poner unos ejemplos. Helen Van Winkle tiene 87 a\u00f1os y en su cuenta de Instagram luce como lema \u00abRob\u00e1ndote los hombres desde 1928\u00bb. Tiene 1,7 millones de seguidores y es la favorita de estrellas como Miley Cyrus y Kylie Jenner. Las bazas de Baddie Winkle, su apodo en las redes son sus alocados atuendos, poses divertidas y bromas sin filtro. Con su cabello blanco y sus trajes coloridos incluso ha posado en la alfombra roja de los Grammy.<\/p>\n<p><a href=\"https:\/\/www.inforesidencias.com\/blog\/wp-content\/uploads\/2016\/06\/Captura-de-pantalla-2016-06-04-a-las-11.36.04.png\"><img decoding=\"async\" loading=\"lazy\" class=\"aligncenter size-full wp-image-738\" src=\"https:\/\/www.inforesidencias.com\/blog\/wp-content\/uploads\/2016\/06\/Captura-de-pantalla-2016-06-04-a-las-11.36.04.png\" alt=\"Captura de pantalla 2016-06-04 a las 11.36.04\" width=\"472\" height=\"358\" \/><\/a>Ella opt\u00f3 por una opci\u00f3n vital de colores como arma para luchar contra la tristeza de la muerte de su esposo y de su hijo. Su aventura en Instagram naci\u00f3 el d\u00eda que se puso unos pantalones cortos de su bisnieta y una camiseta te\u00f1ida para tomar el sol, cuando la due\u00f1a de los pantalones vio as\u00ed a su abuela la encontr\u00f3 guap\u00edsima y le pidi\u00f3 la primera foto, ahora van de la mano por las redes como modelo y estilista. Emiko es una anciana japonesa de 93 a\u00f1os, que es modelo de los dise\u00f1os de su nieta, Chinami Mori, una joven artista que hace coloridas prendas tejidas que triunfan gracias a su peculiar y alegre abuela.<\/p>\n<p>En la cuenta de Instagram de 1000wave posa sonriente y orgullosa y las dos forman un t\u00e1ndem lleno de complicidad y amor.<\/p>\n<p>Otro ejemplo de <strong>mujeres mayores en las redes sociales<\/strong> puede ser la australiana Sarah Jane Adams que tiene m\u00e1s de 48 millones de seguidores en Instagram. Es un referente en las redes por su inigualable gusto y estilo al vestir. Sigue usando ropa de cuando era joven, que combina con nuevas creaciones con una manera propia, elegante y que se ha convertido en un referente. Ha declarado que solo no le incomoda envejecer, sino que incluso le gusta: \u00abMis arrugas son mi rostro, mi pasado, mi historia y esta soy yo\u00bb ha declarado. Linda Rodin, de 67 a\u00f1os, es una importante empresaria. No es una novata en el mundo \u00a0de la moda ni en el de las redes sociales, de hecho ha lanzado una l\u00ednea de l\u00e1pices de labios y aceites para el cuidado de la piel y trabaja como modelo para marcas y dise\u00f1adores famosos. Tiene en Instagram 79 millones de seguidores. Estrellas como Julianne Moore, Gwyneth Paltrow y Michelle Williams, consumen y promocionan sus productos. Linda domina el street-style como una experta y siempre luce una imagen fabulosa con su melena gris, su l\u00e1piz de labios rojo y sus preciosas gafas oscuras de gran tama\u00f1o.\u00bfEsta la sociedad preparada para verlas como algo m\u00e1s que unas se\u00f1oras mayores que se divierten sin pudor? Estas mujeres dan con su alegr\u00eda y coloridos trajes una lecci\u00f3n de vida valiosa, que es posible muchos no entiendan y se queden en la superficie. Indudablemente, ellas juegan con la frivolidad y la imagen, pero tambi\u00e9n en su actividad hay una reivindicaci\u00f3n en cuanto a muestran de una manera muy directa que la edad no es sin\u00f3nimo de estar apartado de la vida y de todo lo nuevo que se ofrece. Cada vez m\u00e1s personas acceden a la jubilaci\u00f3n con salud, preparaci\u00f3n, conectados a las redes&#8230;<\/p>\n<p>La imagen del abuelo con la petanca y la abuela haciendo punto poco a poco se va cambiando por la del abuelo que cuelga en Instagram las fotos de su viaje, las de la abuela conversando en streaming, las de jubilados visitando museos&#8230;en definitiva, una tercera edad en pleno proceso de cambio de paradigma, pasando a ser una parte activa e influyente en la sociedad. Para las mujeres el paso es revolucionario en el sentido de que, adem\u00e1s, rompen con el estereotipo de que en su generaci\u00f3n su \u00fanica opci\u00f3n era quedarse en casa, cuidar hijos y luego nietos y llevar con discreci\u00f3n los achaques. M\u00e1s que los hombres, ellas deben mostrar que se puede salir de casa, cambiar de vida a pesar de los a\u00f1os y de las circunstancias, creer en ellas y sus posibilidades. El envejecimiento activo y la mejora de los servicios sociosanitarios deben ir acompa\u00f1ados por un cambio de mentalidad que deje de ver como algo extravagante y fuera de lo com\u00fan actividades de las personas mayores que parecen reservadas para las generaciones m\u00e1s j\u00f3venes, como el uso de las redes sociales para reivindicar una imagen y una manera de estar en la vida.<\/p>\n","protected":false},"excerpt":{"rendered":"<p>Si hablamos de mujeres mayores en las redes sociales debemos empezar por hablar de estereotipos. Los estereotipos cercan a las personas de la tercera edad, act\u00faan como se espera que lo hagan, hablan de los temas que el resto considera propio de sus a\u00f1os, visten adecuados y tienen aficiones que se corresponden a las que eran propias de la \u00e9poca en que eran j\u00f3venes. Sin embargo, algunas personas mayores se atreven a salir sin miedo de esa zona de seguridad, experimentan, se atreven y no sienten rechazo ante las nuevas tecnolog\u00edas que les ofrecen oportunidades insospechadas. Suelen ser mujeres las que se atreven de manera m\u00e1s l\u00fadica con las redes sociales o que utilizan su imagen para promocionarse sin importar la edad. Entre ellas, algunas utilizan Instagram como arma de lucimiento, de humor y de vida que transciende los a\u00f1os y nos lanzan una mirada a trav\u00e9s de las fotos [&hellip;]<\/p>\n","protected":false},"author":2,"featured_media":738,"comment_status":"open","ping_status":"open","sticky":false,"template":"","format":"standard","meta":{"footnotes":""},"categories":[14],"tags":[],"yoast_head":"<!-- This site is optimized with the Yoast SEO plugin v21.7 - https:\/\/yoast.com\/wordpress\/plugins\/seo\/ -->\n<title>Presencia de mujeres mayores en las redes sociales.<\/title>\n<meta name=\"description\" content=\"Las mujeres mayores en las redes sociales son una realidad que, aunque anecd\u00f3tica, va en alza. Ponemos varios ejemplos con humor.\" \/>\n<meta name=\"robots\" content=\"index, follow, max-snippet:-1, max-image-preview:large, max-video-preview:-1\" \/>\n<link rel=\"canonical\" href=\"https:\/\/www.inforesidencias.com\/blog\/index.php\/2016\/06\/01\/mujeres-mayores-en-las-redes-sociales\/\" \/>\n<meta property=\"og:locale\" content=\"es_ES\" \/>\n<meta property=\"og:type\" content=\"article\" \/>\n<meta property=\"og:title\" content=\"Presencia de mujeres mayores en las redes sociales.\" \/>\n<meta property=\"og:description\" content=\"Las mujeres mayores en las redes sociales son una realidad que, aunque anecd\u00f3tica, va en alza. Ponemos varios ejemplos con humor.\" \/>\n<meta property=\"og:url\" content=\"https:\/\/www.inforesidencias.com\/blog\/index.php\/2016\/06\/01\/mujeres-mayores-en-las-redes-sociales\/\" \/>\n<meta property=\"og:site_name\" content=\"Blog Inforesidencias.com\" \/>\n<meta property=\"article:publisher\" content=\"https:\/\/www.facebook.com\/Inforesidencias\/\" \/>\n<meta property=\"article:author\" content=\"https:\/\/www.facebook.com\/josep.demarti\" \/>\n<meta property=\"article:published_time\" content=\"2016-06-01T10:50:20+00:00\" \/>\n<meta property=\"article:modified_time\" content=\"2016-06-04T09:40:10+00:00\" \/>\n<meta property=\"og:image\" content=\"https:\/\/www.inforesidencias.com\/blog\/wp-content\/uploads\/2016\/06\/Captura-de-pantalla-2016-06-04-a-las-11.36.04.png\" \/>\n\t<meta property=\"og:image:width\" content=\"472\" \/>\n\t<meta property=\"og:image:height\" content=\"358\" \/>\n\t<meta property=\"og:image:type\" content=\"image\/png\" \/>\n<meta name=\"author\" content=\"Josep de Mart\u00ed\" \/>\n<meta name=\"twitter:card\" content=\"summary_large_image\" \/>\n<meta name=\"twitter:creator\" content=\"@blog-ir\" \/>\n<meta name=\"twitter:site\" content=\"@inforesidencias\" \/>\n<meta name=\"twitter:label1\" content=\"Escrito por\" \/>\n\t<meta name=\"twitter:data1\" content=\"Josep de Mart\u00ed\" \/>\n\t<meta name=\"twitter:label2\" content=\"Tiempo de lectura\" \/>\n\t<meta name=\"twitter:data2\" content=\"5 minutos\" \/>\n<script type=\"application\/ld+json\" class=\"yoast-schema-graph\">{\"@context\":\"https:\/\/schema.org\",\"@graph\":[{\"@type\":\"WebPage\",\"@id\":\"https:\/\/www.inforesidencias.com\/blog\/index.php\/2016\/06\/01\/mujeres-mayores-en-las-redes-sociales\/\",\"url\":\"https:\/\/www.inforesidencias.com\/blog\/index.php\/2016\/06\/01\/mujeres-mayores-en-las-redes-sociales\/\",\"name\":\"Presencia de mujeres mayores en las redes sociales.\",\"isPartOf\":{\"@id\":\"https:\/\/www.inforesidencias.com\/blog\/#website\"},\"datePublished\":\"2016-06-01T10:50:20+00:00\",\"dateModified\":\"2016-06-04T09:40:10+00:00\",\"author\":{\"@id\":\"https:\/\/www.inforesidencias.com\/blog\/#\/schema\/person\/9e146774d1eb3bc1c0316242a3898628\"},\"description\":\"Las mujeres mayores en las redes sociales son una realidad que, aunque anecd\u00f3tica, va en alza. Ponemos varios ejemplos con humor.\",\"breadcrumb\":{\"@id\":\"https:\/\/www.inforesidencias.com\/blog\/index.php\/2016\/06\/01\/mujeres-mayores-en-las-redes-sociales\/#breadcrumb\"},\"inLanguage\":\"es\",\"potentialAction\":[{\"@type\":\"ReadAction\",\"target\":[\"https:\/\/www.inforesidencias.com\/blog\/index.php\/2016\/06\/01\/mujeres-mayores-en-las-redes-sociales\/\"]}]},{\"@type\":\"BreadcrumbList\",\"@id\":\"https:\/\/www.inforesidencias.com\/blog\/index.php\/2016\/06\/01\/mujeres-mayores-en-las-redes-sociales\/#breadcrumb\",\"itemListElement\":[{\"@type\":\"ListItem\",\"position\":1,\"name\":\"Home\",\"item\":\"https:\/\/www.inforesidencias.com\/blog\/\"},{\"@type\":\"ListItem\",\"position\":2,\"name\":\"Las redes sociales y la presencia de las mujeres mayores con sentido del humor\"}]},{\"@type\":\"WebSite\",\"@id\":\"https:\/\/www.inforesidencias.com\/blog\/#website\",\"url\":\"https:\/\/www.inforesidencias.com\/blog\/\",\"name\":\"Blog Inforesidencias.com\",\"description\":\"El buscador de residencias de la 3\u00aa edad\",\"potentialAction\":[{\"@type\":\"SearchAction\",\"target\":{\"@type\":\"EntryPoint\",\"urlTemplate\":\"https:\/\/www.inforesidencias.com\/blog\/?s={search_term_string}\"},\"query-input\":\"required name=search_term_string\"}],\"inLanguage\":\"es\"},{\"@type\":\"Person\",\"@id\":\"https:\/\/www.inforesidencias.com\/blog\/#\/schema\/person\/9e146774d1eb3bc1c0316242a3898628\",\"name\":\"Josep de Mart\u00ed\",\"image\":{\"@type\":\"ImageObject\",\"inLanguage\":\"es\",\"@id\":\"https:\/\/www.inforesidencias.com\/blog\/#\/schema\/person\/image\/\",\"url\":\"https:\/\/secure.gravatar.com\/avatar\/de0302c4806c00c4cebff396a798c1ff?s=96&d=mm&r=g\",\"contentUrl\":\"https:\/\/secure.gravatar.com\/avatar\/de0302c4806c00c4cebff396a798c1ff?s=96&d=mm&r=g\",\"caption\":\"Josep de Mart\u00ed\"},\"sameAs\":[\"https:\/\/www.inforesidencias.com\",\"https:\/\/www.facebook.com\/josep.demarti\",\"https:\/\/twitter.com\/blog-ir\"],\"url\":\"https:\/\/www.inforesidencias.com\/blog\/index.php\/author\/josepdemarti\/\"}]}<\/script>\n<!-- \/ Yoast SEO plugin. -->","yoast_head_json":{"title":"Presencia de mujeres mayores en las redes sociales.","description":"Las mujeres mayores en las redes sociales son una realidad que, aunque anecd\u00f3tica, va en alza. Ponemos varios ejemplos con humor.","robots":{"index":"index","follow":"follow","max-snippet":"max-snippet:-1","max-image-preview":"max-image-preview:large","max-video-preview":"max-video-preview:-1"},"canonical":"https:\/\/www.inforesidencias.com\/blog\/index.php\/2016\/06\/01\/mujeres-mayores-en-las-redes-sociales\/","og_locale":"es_ES","og_type":"article","og_title":"Presencia de mujeres mayores en las redes sociales.","og_description":"Las mujeres mayores en las redes sociales son una realidad que, aunque anecd\u00f3tica, va en alza. Ponemos varios ejemplos con humor.","og_url":"https:\/\/www.inforesidencias.com\/blog\/index.php\/2016\/06\/01\/mujeres-mayores-en-las-redes-sociales\/","og_site_name":"Blog Inforesidencias.com","article_publisher":"https:\/\/www.facebook.com\/Inforesidencias\/","article_author":"https:\/\/www.facebook.com\/josep.demarti","article_published_time":"2016-06-01T10:50:20+00:00","article_modified_time":"2016-06-04T09:40:10+00:00","og_image":[{"width":472,"height":358,"url":"https:\/\/www.inforesidencias.com\/blog\/wp-content\/uploads\/2016\/06\/Captura-de-pantalla-2016-06-04-a-las-11.36.04.png","type":"image\/png"}],"author":"Josep de Mart\u00ed","twitter_card":"summary_large_image","twitter_creator":"@blog-ir","twitter_site":"@inforesidencias","twitter_misc":{"Escrito por":"Josep de Mart\u00ed","Tiempo de lectura":"5 minutos"},"schema":{"@context":"https:\/\/schema.org","@graph":[{"@type":"WebPage","@id":"https:\/\/www.inforesidencias.com\/blog\/index.php\/2016\/06\/01\/mujeres-mayores-en-las-redes-sociales\/","url":"https:\/\/www.inforesidencias.com\/blog\/index.php\/2016\/06\/01\/mujeres-mayores-en-las-redes-sociales\/","name":"Presencia de mujeres mayores en las redes sociales.","isPartOf":{"@id":"https:\/\/www.inforesidencias.com\/blog\/#website"},"datePublished":"2016-06-01T10:50:20+00:00","dateModified":"2016-06-04T09:40:10+00:00","author":{"@id":"https:\/\/www.inforesidencias.com\/blog\/#\/schema\/person\/9e146774d1eb3bc1c0316242a3898628"},"description":"Las mujeres mayores en las redes sociales son una realidad que, aunque anecd\u00f3tica, va en alza. Ponemos varios ejemplos con humor.","breadcrumb":{"@id":"https:\/\/www.inforesidencias.com\/blog\/index.php\/2016\/06\/01\/mujeres-mayores-en-las-redes-sociales\/#breadcrumb"},"inLanguage":"es","potentialAction":[{"@type":"ReadAction","target":["https:\/\/www.inforesidencias.com\/blog\/index.php\/2016\/06\/01\/mujeres-mayores-en-las-redes-sociales\/"]}]},{"@type":"BreadcrumbList","@id":"https:\/\/www.inforesidencias.com\/blog\/index.php\/2016\/06\/01\/mujeres-mayores-en-las-redes-sociales\/#breadcrumb","itemListElement":[{"@type":"ListItem","position":1,"name":"Home","item":"https:\/\/www.inforesidencias.com\/blog\/"},{"@type":"ListItem","position":2,"name":"Las redes sociales y la presencia de las mujeres mayores con sentido del humor"}]},{"@type":"WebSite","@id":"https:\/\/www.inforesidencias.com\/blog\/#website","url":"https:\/\/www.inforesidencias.com\/blog\/","name":"Blog Inforesidencias.com","description":"El buscador de residencias de la 3\u00aa edad","potentialAction":[{"@type":"SearchAction","target":{"@type":"EntryPoint","urlTemplate":"https:\/\/www.inforesidencias.com\/blog\/?s={search_term_string}"},"query-input":"required name=search_term_string"}],"inLanguage":"es"},{"@type":"Person","@id":"https:\/\/www.inforesidencias.com\/blog\/#\/schema\/person\/9e146774d1eb3bc1c0316242a3898628","name":"Josep de Mart\u00ed","image":{"@type":"ImageObject","inLanguage":"es","@id":"https:\/\/www.inforesidencias.com\/blog\/#\/schema\/person\/image\/","url":"https:\/\/secure.gravatar.com\/avatar\/de0302c4806c00c4cebff396a798c1ff?s=96&d=mm&r=g","contentUrl":"https:\/\/secure.gravatar.com\/avatar\/de0302c4806c00c4cebff396a798c1ff?s=96&d=mm&r=g","caption":"Josep de Mart\u00ed"},"sameAs":["https:\/\/www.inforesidencias.com","https:\/\/www.facebook.com\/josep.demarti","https:\/\/twitter.com\/blog-ir"],"url":"https:\/\/www.inforesidencias.com\/blog\/index.php\/author\/josepdemarti\/"}]}},"_links":{"self":[{"href":"https:\/\/www.inforesidencias.com\/blog\/index.php\/wp-json\/wp\/v2\/posts\/729"}],"collection":[{"href":"https:\/\/www.inforesidencias.com\/blog\/index.php\/wp-json\/wp\/v2\/posts"}],"about":[{"href":"https:\/\/www.inforesidencias.com\/blog\/index.php\/wp-json\/wp\/v2\/types\/post"}],"author":[{"embeddable":true,"href":"https:\/\/www.inforesidencias.com\/blog\/index.php\/wp-json\/wp\/v2\/users\/2"}],"replies":[{"embeddable":true,"href":"https:\/\/www.inforesidencias.com\/blog\/index.php\/wp-json\/wp\/v2\/comments?post=729"}],"version-history":[{"count":3,"href":"https:\/\/www.inforesidencias.com\/blog\/index.php\/wp-json\/wp\/v2\/posts\/729\/revisions"}],"predecessor-version":[{"id":739,"href":"https:\/\/www.inforesidencias.com\/blog\/index.php\/wp-json\/wp\/v2\/posts\/729\/revisions\/739"}],"wp:featuredmedia":[{"embeddable":true,"href":"https:\/\/www.inforesidencias.com\/blog\/index.php\/wp-json\/wp\/v2\/media\/738"}],"wp:attachment":[{"href":"https:\/\/www.inforesidencias.com\/blog\/index.php\/wp-json\/wp\/v2\/media?parent=729"}],"wp:term":[{"taxonomy":"category","embeddable":true,"href":"https:\/\/www.inforesidencias.com\/blog\/index.php\/wp-json\/wp\/v2\/categories?post=729"},{"taxonomy":"post_tag","embeddable":true,"href":"https:\/\/www.inforesidencias.com\/blog\/index.php\/wp-json\/wp\/v2\/tags?post=729"}],"curies":[{"name":"wp","href":"https:\/\/api.w.org\/{rel}","templated":true}]}}