{"id":734,"date":"2016-06-07T09:18:14","date_gmt":"2016-06-07T09:18:14","guid":{"rendered":"https:\/\/www.inforesidencias.com\/blog\/?p=734"},"modified":"2016-06-04T09:29:12","modified_gmt":"2016-06-04T09:29:12","slug":"vida-en-una-residencia-geriatrica","status":"publish","type":"post","link":"https:\/\/www.inforesidencias.com\/blog\/index.php\/2016\/06\/07\/vida-en-una-residencia-geriatrica\/","title":{"rendered":"Las emociones de Lourdes.  Un relato sobre la vida en una residencia"},"content":{"rendered":"<p>La vida en una <strong>residencia de tercera edad<\/strong>\u00a0es algo tan complejo y que se percibe de forma tan diferente seg\u00fan las circunstancias de cada uno, que sin duda puede convertirse en una fuente inagotable de historias y relatos.<\/p>\n<p>En Inforesidencias.com hemos tenido el honor de poder contar con la confianza de\u00a0Mariana Ver\u00f3nica Gaianu, autora del\u00a0libro \u201c<a href=\"https:\/\/www.facebook.com\/photo.php?fbid=10205844672690975&amp;set=o.1586657478274134&amp;type=3&amp;theater\" target=\"_blank\">Sentimientos y Arrugas<\/a>\u201d e el que recoge sus reflexiones tras a\u00f1os trabajando de gerocultora en residencia de tercera edad. \u00a0Ella nos permite ir reproduciendo fragmentos de un libro que recomendamos.<\/p>\n<p>Hoy os invitamos a leer este relato sobre la vida en una residencia de ancianos:<\/p>\n<h2>Las emociones de Lourdes<\/h2>\n<div id=\"attachment_736\" style=\"width: 280px\" class=\"wp-caption alignleft\"><a href=\"https:\/\/www.inforesidencias.com\/blog\/wp-content\/uploads\/2016\/06\/vieja.jpg\"><img aria-describedby=\"caption-attachment-736\" decoding=\"async\" loading=\"lazy\" class=\"size-full wp-image-736\" src=\"https:\/\/www.inforesidencias.com\/blog\/wp-content\/uploads\/2016\/06\/vieja.jpg\" alt=\"Escena de vida en la residencia de mayores\" width=\"270\" height=\"350\" \/><\/a><p id=\"caption-attachment-736\" class=\"wp-caption-text\">La relaci\u00f3n entre residentes y familiares a menudo oculta elementos que desconocemos<\/p><\/div>\n<p>Cuando la mujer entr\u00f3 en la residencia y se dirigi\u00f3 al ascensor, sent\u00eda las piernas tan d\u00e9biles y delgadas como un espantap\u00e1jaros. Se dirigi\u00f3 a la habitaci\u00f3n de su madre, que se llamaba Lourdes. Se sent\u00eda como si tuviera el coraz\u00f3n en la garganta. Parec\u00eda como si se preguntara: \u00bfpor qu\u00e9 ten\u00eda que pasar tanto miedo cada vez que quiero visitarla? Me acerqu\u00e9 a ella porque la encontr\u00e9 nerviosa, con el objetivo de prestarle mi ayuda,por si la necesitaba.<\/p>\n<p>\u2014Hace un buen d\u00eda para dar un paseo. \u00bfTe animas, mam\u00e1? Quiero que sepas que lo pas\u00e9 fatal cuando tuve que dejarte \u2014dijo la hija, sentada en un sill\u00f3n, frente a la cama donde estaba recostada su madre\u2014. Recuerdas lo mucho que me cost\u00f3, \u00bfverdad? Pero veo que est\u00e1s bien atendida y tienes una evoluci\u00f3n favorable. Has mejorado mucho, mam\u00e1. \u00bfYa no me culpas por ello? \u2014le pregunt\u00f3 con voz tr\u00e9mula.<\/p>\n<p>Lourdes dio un profundo suspiro. Se esforz\u00f3 por dominar una decepci\u00f3n casi imperceptible.<\/p>\n<p>\u2014Hace bastante desde tu \u00faltima visita \u2014dijo\u2014. Me hiciste creer que vendr\u00edas m\u00e1s a menudo&#8230;<\/p>\n<p>\u2014He estado en el extranjero\u2014le explic\u00f3.<\/p>\n<p>Durante unos instantes, ambas estuvieron en silencio. Yo me hallaba cerca, algo inc\u00f3moda, porque Lourdes me hab\u00eda llamado y dicho en voz baja que se sent\u00eda m\u00e1s c\u00f3moda si yo estaba accesible durante la visita de su hija.<\/p>\n<p>\u2014Si te soy sincera, me encuentro bien. Este cambio en mi vida lo asumo con cierta resignaci\u00f3n\u2026<\/p>\n<p>\u2014Mam\u00e1, me siento fatal por no poder estar a tu lado cuando me necesitas.<\/p>\n<p>La hija miraba a su madre con la expresi\u00f3n angustiada. La breve conversaci\u00f3n entre ambas se fue apagando como la d\u00e9bil llama de una vela ante una ligera brisa. Cuando se fue la hija, Lourdes se puso a llorar de manera silenciosa. Tal vez, por primera vez en su vida,\u00a0el silencio que la envolv\u00eda la hizo sentirse terriblemente sola.<\/p>\n<p>Al d\u00eda siguiente, Lourdes me confes\u00f3 lo que sent\u00eda:<\/p>\n<p>\u2014Creo que mi hija no llegar\u00e1 a ser feliz\u2026 No s\u00e9 c\u00f3mo explicarlo\u2026<\/p>\n<p>\u2014Buenos d\u00edas, \u00bfha dormido bien?<\/p>\n<p>\u2014Magn\u00edficamente, gracias.<\/p>\n<p>\u2014\u00bfSin somn\u00edferos?<\/p>\n<p>\u2014S\u00ed, sin ellos \u2014dijo la anciana.<\/p>\n<p>Coloqu\u00e9 la bandeja del desayuno sobre las rodillas de Lourdes.<\/p>\n<p>\u2014Me alegro\u2026<\/p>\n<p>\u2014Me encuentro magn\u00edficamente \u2014repiti\u00f3 sonriente, dando el \u00faltimo sorbo de caf\u00e9<\/p>\n","protected":false},"excerpt":{"rendered":"<p>La vida en una residencia de tercera edad\u00a0es algo tan complejo y que se percibe de forma tan diferente seg\u00fan las circunstancias de cada uno, que sin duda puede convertirse en una fuente inagotable de historias y relatos. En Inforesidencias.com hemos tenido el honor de poder contar con la confianza de\u00a0Mariana Ver\u00f3nica Gaianu, autora del\u00a0libro \u201cSentimientos y Arrugas\u201d e el que recoge sus reflexiones tras a\u00f1os trabajando de gerocultora en residencia de tercera edad. \u00a0Ella nos permite ir reproduciendo fragmentos de un libro que recomendamos. Hoy os invitamos a leer este relato sobre la vida en una residencia de ancianos: Las emociones de Lourdes Cuando la mujer entr\u00f3 en la residencia y se dirigi\u00f3 al ascensor, sent\u00eda las piernas tan d\u00e9biles y delgadas como un espantap\u00e1jaros. Se dirigi\u00f3 a la habitaci\u00f3n de su madre, que se llamaba Lourdes. Se sent\u00eda como si tuviera el coraz\u00f3n en la garganta. Parec\u00eda como [&hellip;]<\/p>\n","protected":false},"author":2,"featured_media":736,"comment_status":"open","ping_status":"open","sticky":false,"template":"","format":"standard","meta":{"footnotes":""},"categories":[14,3,5],"tags":[],"yoast_head":"<!-- This site is optimized with the Yoast SEO plugin v21.7 - https:\/\/yoast.com\/wordpress\/plugins\/seo\/ -->\n<title>Relato sobra vida en una residencia de ancianos<\/title>\n<meta name=\"description\" content=\"La vida en una residencia de ancianos puede ser una contnua fuente de inspiriaci\u00f3n, aqu\u00ed un nuevo relato\" \/>\n<meta name=\"robots\" content=\"index, follow, max-snippet:-1, max-image-preview:large, max-video-preview:-1\" \/>\n<link rel=\"canonical\" href=\"https:\/\/www.inforesidencias.com\/blog\/index.php\/2016\/06\/07\/vida-en-una-residencia-geriatrica\/\" \/>\n<meta property=\"og:locale\" content=\"es_ES\" \/>\n<meta property=\"og:type\" content=\"article\" \/>\n<meta property=\"og:title\" content=\"Relato sobra vida en una residencia de ancianos\" \/>\n<meta property=\"og:description\" content=\"La vida en una residencia de ancianos puede ser una contnua fuente de inspiriaci\u00f3n, aqu\u00ed un nuevo relato\" \/>\n<meta property=\"og:url\" content=\"https:\/\/www.inforesidencias.com\/blog\/index.php\/2016\/06\/07\/vida-en-una-residencia-geriatrica\/\" \/>\n<meta property=\"og:site_name\" content=\"Blog Inforesidencias.com\" \/>\n<meta property=\"article:publisher\" content=\"https:\/\/www.facebook.com\/Inforesidencias\/\" \/>\n<meta property=\"article:author\" content=\"https:\/\/www.facebook.com\/josep.demarti\" \/>\n<meta property=\"article:published_time\" content=\"2016-06-07T09:18:14+00:00\" \/>\n<meta property=\"article:modified_time\" content=\"2016-06-04T09:29:12+00:00\" \/>\n<meta property=\"og:image\" content=\"https:\/\/www.inforesidencias.com\/blog\/wp-content\/uploads\/2016\/06\/vieja.jpg\" \/>\n\t<meta property=\"og:image:width\" content=\"270\" \/>\n\t<meta property=\"og:image:height\" content=\"350\" \/>\n\t<meta property=\"og:image:type\" content=\"image\/jpeg\" \/>\n<meta name=\"author\" content=\"Josep de Mart\u00ed\" \/>\n<meta name=\"twitter:card\" content=\"summary_large_image\" \/>\n<meta name=\"twitter:creator\" content=\"@blog-ir\" \/>\n<meta name=\"twitter:site\" content=\"@inforesidencias\" \/>\n<meta name=\"twitter:label1\" content=\"Escrito por\" \/>\n\t<meta name=\"twitter:data1\" content=\"Josep de Mart\u00ed\" \/>\n\t<meta name=\"twitter:label2\" content=\"Tiempo de lectura\" \/>\n\t<meta name=\"twitter:data2\" content=\"3 minutos\" \/>\n<script type=\"application\/ld+json\" class=\"yoast-schema-graph\">{\"@context\":\"https:\/\/schema.org\",\"@graph\":[{\"@type\":\"WebPage\",\"@id\":\"https:\/\/www.inforesidencias.com\/blog\/index.php\/2016\/06\/07\/vida-en-una-residencia-geriatrica\/\",\"url\":\"https:\/\/www.inforesidencias.com\/blog\/index.php\/2016\/06\/07\/vida-en-una-residencia-geriatrica\/\",\"name\":\"Relato sobra vida en una residencia de ancianos\",\"isPartOf\":{\"@id\":\"https:\/\/www.inforesidencias.com\/blog\/#website\"},\"datePublished\":\"2016-06-07T09:18:14+00:00\",\"dateModified\":\"2016-06-04T09:29:12+00:00\",\"author\":{\"@id\":\"https:\/\/www.inforesidencias.com\/blog\/#\/schema\/person\/9e146774d1eb3bc1c0316242a3898628\"},\"description\":\"La vida en una residencia de ancianos puede ser una contnua fuente de inspiriaci\u00f3n, aqu\u00ed un nuevo relato\",\"breadcrumb\":{\"@id\":\"https:\/\/www.inforesidencias.com\/blog\/index.php\/2016\/06\/07\/vida-en-una-residencia-geriatrica\/#breadcrumb\"},\"inLanguage\":\"es\",\"potentialAction\":[{\"@type\":\"ReadAction\",\"target\":[\"https:\/\/www.inforesidencias.com\/blog\/index.php\/2016\/06\/07\/vida-en-una-residencia-geriatrica\/\"]}]},{\"@type\":\"BreadcrumbList\",\"@id\":\"https:\/\/www.inforesidencias.com\/blog\/index.php\/2016\/06\/07\/vida-en-una-residencia-geriatrica\/#breadcrumb\",\"itemListElement\":[{\"@type\":\"ListItem\",\"position\":1,\"name\":\"Home\",\"item\":\"https:\/\/www.inforesidencias.com\/blog\/\"},{\"@type\":\"ListItem\",\"position\":2,\"name\":\"Las emociones de Lourdes. Un relato sobre la vida en una residencia\"}]},{\"@type\":\"WebSite\",\"@id\":\"https:\/\/www.inforesidencias.com\/blog\/#website\",\"url\":\"https:\/\/www.inforesidencias.com\/blog\/\",\"name\":\"Blog Inforesidencias.com\",\"description\":\"El buscador de residencias de la 3\u00aa edad\",\"potentialAction\":[{\"@type\":\"SearchAction\",\"target\":{\"@type\":\"EntryPoint\",\"urlTemplate\":\"https:\/\/www.inforesidencias.com\/blog\/?s={search_term_string}\"},\"query-input\":\"required name=search_term_string\"}],\"inLanguage\":\"es\"},{\"@type\":\"Person\",\"@id\":\"https:\/\/www.inforesidencias.com\/blog\/#\/schema\/person\/9e146774d1eb3bc1c0316242a3898628\",\"name\":\"Josep de Mart\u00ed\",\"image\":{\"@type\":\"ImageObject\",\"inLanguage\":\"es\",\"@id\":\"https:\/\/www.inforesidencias.com\/blog\/#\/schema\/person\/image\/\",\"url\":\"https:\/\/secure.gravatar.com\/avatar\/de0302c4806c00c4cebff396a798c1ff?s=96&d=mm&r=g\",\"contentUrl\":\"https:\/\/secure.gravatar.com\/avatar\/de0302c4806c00c4cebff396a798c1ff?s=96&d=mm&r=g\",\"caption\":\"Josep de Mart\u00ed\"},\"sameAs\":[\"https:\/\/www.inforesidencias.com\",\"https:\/\/www.facebook.com\/josep.demarti\",\"https:\/\/twitter.com\/blog-ir\"],\"url\":\"https:\/\/www.inforesidencias.com\/blog\/index.php\/author\/josepdemarti\/\"}]}<\/script>\n<!-- \/ Yoast SEO plugin. -->","yoast_head_json":{"title":"Relato sobra vida en una residencia de ancianos","description":"La vida en una residencia de ancianos puede ser una contnua fuente de inspiriaci\u00f3n, aqu\u00ed un nuevo relato","robots":{"index":"index","follow":"follow","max-snippet":"max-snippet:-1","max-image-preview":"max-image-preview:large","max-video-preview":"max-video-preview:-1"},"canonical":"https:\/\/www.inforesidencias.com\/blog\/index.php\/2016\/06\/07\/vida-en-una-residencia-geriatrica\/","og_locale":"es_ES","og_type":"article","og_title":"Relato sobra vida en una residencia de ancianos","og_description":"La vida en una residencia de ancianos puede ser una contnua fuente de inspiriaci\u00f3n, aqu\u00ed un nuevo relato","og_url":"https:\/\/www.inforesidencias.com\/blog\/index.php\/2016\/06\/07\/vida-en-una-residencia-geriatrica\/","og_site_name":"Blog Inforesidencias.com","article_publisher":"https:\/\/www.facebook.com\/Inforesidencias\/","article_author":"https:\/\/www.facebook.com\/josep.demarti","article_published_time":"2016-06-07T09:18:14+00:00","article_modified_time":"2016-06-04T09:29:12+00:00","og_image":[{"width":270,"height":350,"url":"https:\/\/www.inforesidencias.com\/blog\/wp-content\/uploads\/2016\/06\/vieja.jpg","type":"image\/jpeg"}],"author":"Josep de Mart\u00ed","twitter_card":"summary_large_image","twitter_creator":"@blog-ir","twitter_site":"@inforesidencias","twitter_misc":{"Escrito por":"Josep de Mart\u00ed","Tiempo de lectura":"3 minutos"},"schema":{"@context":"https:\/\/schema.org","@graph":[{"@type":"WebPage","@id":"https:\/\/www.inforesidencias.com\/blog\/index.php\/2016\/06\/07\/vida-en-una-residencia-geriatrica\/","url":"https:\/\/www.inforesidencias.com\/blog\/index.php\/2016\/06\/07\/vida-en-una-residencia-geriatrica\/","name":"Relato sobra vida en una residencia de ancianos","isPartOf":{"@id":"https:\/\/www.inforesidencias.com\/blog\/#website"},"datePublished":"2016-06-07T09:18:14+00:00","dateModified":"2016-06-04T09:29:12+00:00","author":{"@id":"https:\/\/www.inforesidencias.com\/blog\/#\/schema\/person\/9e146774d1eb3bc1c0316242a3898628"},"description":"La vida en una residencia de ancianos puede ser una contnua fuente de inspiriaci\u00f3n, aqu\u00ed un nuevo relato","breadcrumb":{"@id":"https:\/\/www.inforesidencias.com\/blog\/index.php\/2016\/06\/07\/vida-en-una-residencia-geriatrica\/#breadcrumb"},"inLanguage":"es","potentialAction":[{"@type":"ReadAction","target":["https:\/\/www.inforesidencias.com\/blog\/index.php\/2016\/06\/07\/vida-en-una-residencia-geriatrica\/"]}]},{"@type":"BreadcrumbList","@id":"https:\/\/www.inforesidencias.com\/blog\/index.php\/2016\/06\/07\/vida-en-una-residencia-geriatrica\/#breadcrumb","itemListElement":[{"@type":"ListItem","position":1,"name":"Home","item":"https:\/\/www.inforesidencias.com\/blog\/"},{"@type":"ListItem","position":2,"name":"Las emociones de Lourdes. Un relato sobre la vida en una residencia"}]},{"@type":"WebSite","@id":"https:\/\/www.inforesidencias.com\/blog\/#website","url":"https:\/\/www.inforesidencias.com\/blog\/","name":"Blog Inforesidencias.com","description":"El buscador de residencias de la 3\u00aa edad","potentialAction":[{"@type":"SearchAction","target":{"@type":"EntryPoint","urlTemplate":"https:\/\/www.inforesidencias.com\/blog\/?s={search_term_string}"},"query-input":"required name=search_term_string"}],"inLanguage":"es"},{"@type":"Person","@id":"https:\/\/www.inforesidencias.com\/blog\/#\/schema\/person\/9e146774d1eb3bc1c0316242a3898628","name":"Josep de Mart\u00ed","image":{"@type":"ImageObject","inLanguage":"es","@id":"https:\/\/www.inforesidencias.com\/blog\/#\/schema\/person\/image\/","url":"https:\/\/secure.gravatar.com\/avatar\/de0302c4806c00c4cebff396a798c1ff?s=96&d=mm&r=g","contentUrl":"https:\/\/secure.gravatar.com\/avatar\/de0302c4806c00c4cebff396a798c1ff?s=96&d=mm&r=g","caption":"Josep de Mart\u00ed"},"sameAs":["https:\/\/www.inforesidencias.com","https:\/\/www.facebook.com\/josep.demarti","https:\/\/twitter.com\/blog-ir"],"url":"https:\/\/www.inforesidencias.com\/blog\/index.php\/author\/josepdemarti\/"}]}},"_links":{"self":[{"href":"https:\/\/www.inforesidencias.com\/blog\/index.php\/wp-json\/wp\/v2\/posts\/734"}],"collection":[{"href":"https:\/\/www.inforesidencias.com\/blog\/index.php\/wp-json\/wp\/v2\/posts"}],"about":[{"href":"https:\/\/www.inforesidencias.com\/blog\/index.php\/wp-json\/wp\/v2\/types\/post"}],"author":[{"embeddable":true,"href":"https:\/\/www.inforesidencias.com\/blog\/index.php\/wp-json\/wp\/v2\/users\/2"}],"replies":[{"embeddable":true,"href":"https:\/\/www.inforesidencias.com\/blog\/index.php\/wp-json\/wp\/v2\/comments?post=734"}],"version-history":[{"count":2,"href":"https:\/\/www.inforesidencias.com\/blog\/index.php\/wp-json\/wp\/v2\/posts\/734\/revisions"}],"predecessor-version":[{"id":737,"href":"https:\/\/www.inforesidencias.com\/blog\/index.php\/wp-json\/wp\/v2\/posts\/734\/revisions\/737"}],"wp:featuredmedia":[{"embeddable":true,"href":"https:\/\/www.inforesidencias.com\/blog\/index.php\/wp-json\/wp\/v2\/media\/736"}],"wp:attachment":[{"href":"https:\/\/www.inforesidencias.com\/blog\/index.php\/wp-json\/wp\/v2\/media?parent=734"}],"wp:term":[{"taxonomy":"category","embeddable":true,"href":"https:\/\/www.inforesidencias.com\/blog\/index.php\/wp-json\/wp\/v2\/categories?post=734"},{"taxonomy":"post_tag","embeddable":true,"href":"https:\/\/www.inforesidencias.com\/blog\/index.php\/wp-json\/wp\/v2\/tags?post=734"}],"curies":[{"name":"wp","href":"https:\/\/api.w.org\/{rel}","templated":true}]}}