{"id":7342,"date":"2024-07-26T07:07:00","date_gmt":"2024-07-26T06:07:00","guid":{"rendered":"https:\/\/www.inforesidencias.com\/blog\/?p=7342"},"modified":"2024-07-22T13:09:09","modified_gmt":"2024-07-22T12:09:09","slug":"como-ayuda-una-residencia-de-personas-mayores-al-respiro-familiar","status":"publish","type":"post","link":"https:\/\/www.inforesidencias.com\/blog\/index.php\/2024\/07\/26\/como-ayuda-una-residencia-de-personas-mayores-al-respiro-familiar\/","title":{"rendered":"\u00bfC\u00f3mo ayuda una residencia de personas mayores al respiro familiar?"},"content":{"rendered":"\n<p>Todos sabemos que cuidar a una persona mayor en casa puede tener m\u00faltiples implicaciones para las familias. Se produce en t\u00e9rminos de tiempo y recursos econ\u00f3micos, as\u00ed como la carga f\u00edsica y el bienestar emocional. Pero tambi\u00e9n el impacto en la vida laboral y personal. No podemos olvidar el estr\u00e9s que genera y los conflictos familiares que puede acarrear. Por eso, en Inforesidencias.com nos preguntamos c\u00f3mo ayuda una residencia de personas mayores al respiro familiar.<\/p>\n\n\n<div class=\"wp-block-image\">\n<figure class=\"alignright size-full is-resized\"><a href=\"https:\/\/www.inforesidencias.com\/blog\/wp-content\/uploads\/2024\/07\/residencia-respiro-familiar.jpg\"><img decoding=\"async\" loading=\"lazy\" width=\"1024\" height=\"1024\" src=\"https:\/\/www.inforesidencias.com\/blog\/wp-content\/uploads\/2024\/07\/residencia-respiro-familiar.jpg\" alt=\"\" class=\"wp-image-7343\" style=\"aspect-ratio:1;width:331px;height:auto\" srcset=\"https:\/\/www.inforesidencias.com\/blog\/wp-content\/uploads\/2024\/07\/residencia-respiro-familiar.jpg 1024w, https:\/\/www.inforesidencias.com\/blog\/wp-content\/uploads\/2024\/07\/residencia-respiro-familiar-300x300.jpg 300w, https:\/\/www.inforesidencias.com\/blog\/wp-content\/uploads\/2024\/07\/residencia-respiro-familiar-150x150.jpg 150w, https:\/\/www.inforesidencias.com\/blog\/wp-content\/uploads\/2024\/07\/residencia-respiro-familiar-768x768.jpg 768w\" sizes=\"(max-width: 1024px) 100vw, 1024px\" \/><\/a><\/figure><\/div>\n\n\n<p>Las residencias de personas mayores no solo proporcionan un entorno seguro y supervisado para los residentes, sino que tambi\u00e9n alivian significativamente todas estas cargas a las familias para que puedan disfrutar de una mejor calidad de vida y pasar tiempo de calidad con sus seres queridos sin el estr\u00e9s constante del cuidado diario.<\/p>\n\n\n\n<p>As\u00ed, un centro residencial puede ofrecer un respiro significativo para las familias que cuidan a sus seres queridos de varias maneras porque gracias a ellas van a tener una serie de campos cubiertos:<\/p>\n\n\n\n<h2 class=\"wp-block-heading\"><strong>Cuidado profesional y especializado<\/strong><\/h2>\n\n\n\n<p>Las residencias est\u00e1n equipadas con personal capacitado en el cuidado de personas mayores, incluyendo enfermeras, m\u00e9dicos y asistentes de cuidado. Esto asegura que los residentes reciban atenci\u00f3n m\u00e9dica adecuada y cuidados personales profesionales.<\/p>\n\n\n\n<p class=\"has-text-align-center\">\u00bfSabes que residencias de mayores hay en tu zona? <a href=\"https:\/\/www.inforesidencias.com\/centros\/buscador\/residencias\">Te ayudamos a buscar<\/a><\/p>\n\n\n\n<p><\/p>\n\n\n\n<h2 class=\"wp-block-heading\"><strong>Reducci\u00f3n del estr\u00e9s familiar<\/strong><\/h2>\n\n\n\n<p>El cuidado continuo de un familiar mayor puede ser emocional y f\u00edsicamente agotador. Una residencia puede aliviar este estr\u00e9s, permitiendo a los familiares descansar y recuperarse, sabiendo que sus seres queridos est\u00e1n en buenas manos.<\/p>\n\n\n\n<h2 class=\"wp-block-heading\"><strong>Seguridad y supervisi\u00f3n constante<\/strong><\/h2>\n\n\n\n<p>Las residencias suelen contar con sistemas de seguridad y supervisi\u00f3n 24\/7, lo que garantiza que los residentes est\u00e1n siempre supervisados y seguros. Esto es especialmente importante para personas mayores con condiciones como demencia o Alzheimer.<\/p>\n\n\n\n<h2 class=\"wp-block-heading\"><strong>Actividades y socializaci\u00f3n<\/strong><\/h2>\n\n\n\n<p>Las residencias suelen ofrecer una variedad de actividades recreativas y programas de socializaci\u00f3n que pueden mejorar la calidad de vida de los residentes. Esto incluye desde actividades f\u00edsicas hasta eventos sociales, que pueden ser dif\u00edciles de proporcionar en un entorno dom\u00e9stico.<\/p>\n\n\n\n<h2 class=\"wp-block-heading\"><strong>Apoyo a necesidades especiales<\/strong><\/h2>\n\n\n\n<p>Igualmente, dentr\u00f3 de c\u00f3mo ayuda una residencia de personas mayores al respiro familiar, hay que saber que estos centros residenciales est\u00e1n equipados para manejar diversas necesidades especiales, como cuidados paliativos, rehabilitaci\u00f3n y manejo de enfermedades cr\u00f3nicas. Esto puede ser un desaf\u00edo para las familias que no tienen la formaci\u00f3n o los recursos necesarios.<\/p>\n\n\n\n<h2 class=\"wp-block-heading\"><strong>Flexibilidad y opci\u00f3n de estancias cortas<\/strong><\/h2>\n\n\n\n<p>Muchas residencias ofrecen estancias cortas o programas de cuidado temporal, lo que permite a las familias tomar un descanso sin comprometer el bienestar del familiar mayor. Esto puede ser \u00fatil durante vacaciones, emergencias o periodos de alta carga laboral.<\/p>\n\n\n\n<h2 class=\"wp-block-heading\"><strong>Asesoramiento y recursos adicionales<\/strong><\/h2>\n\n\n\n<p>Las residencias a menudo proporcionan acceso a recursos y asesoramiento para las familias, ayud\u00e1ndoles a navegar por los desaf\u00edos del cuidado a largo plazo y a tomar decisiones informadas sobre el bienestar de su ser querido.<\/p>\n\n\n\n<h2 class=\"wp-block-heading\"><strong>Ejemplos de beneficios espec\u00edficos<\/strong><\/h2>\n\n\n\n<ul>\n<li><strong>Manejo de Medicamentos<\/strong>: El personal asegura que los residentes tomen sus medicamentos correctamente y a tiempo.<\/li>\n\n\n\n<li><strong>Cuidado Personal<\/strong>: Ayuda con actividades diarias como el ba\u00f1o, vestirse y comer.<\/li>\n\n\n\n<li><strong>Atenci\u00f3n de Emergencias<\/strong>: Respuesta r\u00e1pida y adecuada a situaciones de emergencia m\u00e9dica.<\/li>\n\n\n\n<li><strong>Servicios de Rehabilitaci\u00f3n<\/strong>: Terapias f\u00edsicas, ocupacionales y de habla para mejorar la movilidad y la independencia.<\/li>\n<\/ul>\n\n\n\n<p>Y si le ha parecido \u00fatil saber&nbsp;c\u00f3mo ayuda una residencia de personas mayores al respiro familiar, es muy probable que le resulte intereresante tambi\u00e9n estos otros contenidos:<\/p>\n\n\n\n<ul>\n<li><a href=\"https:\/\/www.amavir.es\/cuidar-al-mayor\/programa-respiro-familiar-quien-puede-acceder\/\" target=\"_blank\" rel=\"noreferrer noopener\">Qui\u00e9n puede acceder a los programas de respiro familiar<\/a><\/li>\n<\/ul>\n\n\n\n<ul>\n<li><a href=\"https:\/\/www.inforesidencias.com\/contenidos\/mayores-y-familia\/nacional\/-que-llevo-para-ir-a-vivir-a-la-residencia\">\u00bfQu\u00e9 necesito para ir a vivir a una residencia?<\/a><\/li>\n<\/ul>\n\n\n\n<ul>\n<li>&nbsp;<a href=\"https:\/\/dependencia.info\/noticia\/4528\/sector\/respiro-familiar:-domusvi-desarrolla-programas-personalizados-de-estancias-temporales-en-verano.html?cache=true\" target=\"_blank\" rel=\"noreferrer noopener\">Respiro Familiar: DomusVi desarrolla programas personalizados de estancias temporales en verano<\/a><\/li>\n<\/ul>\n","protected":false},"excerpt":{"rendered":"<p>Todos sabemos que cuidar a una persona mayor en casa puede tener m\u00faltiples implicaciones para las familias. Se produce en t\u00e9rminos de tiempo y recursos econ\u00f3micos, as\u00ed como la carga f\u00edsica y el bienestar emocional. Pero tambi\u00e9n el impacto en la vida laboral y personal. No podemos olvidar el estr\u00e9s que genera y los conflictos familiares que puede acarrear. Por eso, en Inforesidencias.com nos preguntamos c\u00f3mo ayuda una residencia de personas mayores al respiro familiar. Las residencias de personas mayores no solo proporcionan un entorno seguro y supervisado para los residentes, sino que tambi\u00e9n alivian significativamente todas estas cargas a las familias para que puedan disfrutar de una mejor calidad de vida y pasar tiempo de calidad con sus seres queridos sin el estr\u00e9s constante del cuidado diario. As\u00ed, un centro residencial puede ofrecer un respiro significativo para las familias que cuidan a sus seres queridos de varias maneras porque [&hellip;]<\/p>\n","protected":false},"author":7,"featured_media":7343,"comment_status":"open","ping_status":"open","sticky":false,"template":"","format":"standard","meta":{"footnotes":""},"categories":[1],"tags":[],"yoast_head":"<!-- This site is optimized with the Yoast SEO plugin v21.7 - https:\/\/yoast.com\/wordpress\/plugins\/seo\/ -->\n<title>\u00bfC\u00f3mo ayuda una residencia de personas mayores al respiro familiar? - Blog Inforesidencias.com<\/title>\n<meta name=\"description\" content=\"C\u00f3mo ayuda una residencia de personas mayores al respiro familiar en el aspecto f\u00edsico y emocional, pero tambi\u00e9n econ\u00f3mico.\" \/>\n<meta name=\"robots\" content=\"index, follow, max-snippet:-1, max-image-preview:large, max-video-preview:-1\" \/>\n<link rel=\"canonical\" href=\"https:\/\/www.inforesidencias.com\/blog\/index.php\/2024\/07\/26\/como-ayuda-una-residencia-de-personas-mayores-al-respiro-familiar\/\" \/>\n<meta property=\"og:locale\" content=\"es_ES\" \/>\n<meta property=\"og:type\" content=\"article\" \/>\n<meta property=\"og:title\" content=\"\u00bfC\u00f3mo ayuda una residencia de personas mayores al respiro familiar? - Blog Inforesidencias.com\" \/>\n<meta property=\"og:description\" content=\"C\u00f3mo ayuda una residencia de personas mayores al respiro familiar en el aspecto f\u00edsico y emocional, pero tambi\u00e9n econ\u00f3mico.\" \/>\n<meta property=\"og:url\" content=\"https:\/\/www.inforesidencias.com\/blog\/index.php\/2024\/07\/26\/como-ayuda-una-residencia-de-personas-mayores-al-respiro-familiar\/\" \/>\n<meta property=\"og:site_name\" content=\"Blog Inforesidencias.com\" \/>\n<meta property=\"article:publisher\" content=\"https:\/\/www.facebook.com\/Inforesidencias\/\" \/>\n<meta property=\"article:published_time\" content=\"2024-07-26T06:07:00+00:00\" \/>\n<meta property=\"article:modified_time\" content=\"2024-07-22T12:09:09+00:00\" \/>\n<meta property=\"og:image\" content=\"https:\/\/www.inforesidencias.com\/blog\/wp-content\/uploads\/2024\/07\/residencia-respiro-familiar.jpg\" \/>\n\t<meta property=\"og:image:width\" content=\"1024\" \/>\n\t<meta property=\"og:image:height\" content=\"1024\" \/>\n\t<meta property=\"og:image:type\" content=\"image\/jpeg\" \/>\n<meta name=\"author\" content=\"Inforesidencias.com\" \/>\n<meta name=\"twitter:card\" content=\"summary_large_image\" \/>\n<meta name=\"twitter:creator\" content=\"@inforesidencias\" \/>\n<meta name=\"twitter:site\" content=\"@inforesidencias\" \/>\n<meta name=\"twitter:label1\" content=\"Escrito por\" \/>\n\t<meta name=\"twitter:data1\" content=\"Inforesidencias.com\" \/>\n\t<meta name=\"twitter:label2\" content=\"Tiempo de lectura\" \/>\n\t<meta name=\"twitter:data2\" content=\"4 minutos\" \/>\n<script type=\"application\/ld+json\" class=\"yoast-schema-graph\">{\"@context\":\"https:\/\/schema.org\",\"@graph\":[{\"@type\":\"WebPage\",\"@id\":\"https:\/\/www.inforesidencias.com\/blog\/index.php\/2024\/07\/26\/como-ayuda-una-residencia-de-personas-mayores-al-respiro-familiar\/\",\"url\":\"https:\/\/www.inforesidencias.com\/blog\/index.php\/2024\/07\/26\/como-ayuda-una-residencia-de-personas-mayores-al-respiro-familiar\/\",\"name\":\"\u00bfC\u00f3mo ayuda una residencia de personas mayores al respiro familiar? - Blog Inforesidencias.com\",\"isPartOf\":{\"@id\":\"https:\/\/www.inforesidencias.com\/blog\/#website\"},\"datePublished\":\"2024-07-26T06:07:00+00:00\",\"dateModified\":\"2024-07-22T12:09:09+00:00\",\"author\":{\"@id\":\"https:\/\/www.inforesidencias.com\/blog\/#\/schema\/person\/4137928ac9e11813f9d22c7eca99e8c6\"},\"description\":\"C\u00f3mo ayuda una residencia de personas mayores al respiro familiar en el aspecto f\u00edsico y emocional, pero tambi\u00e9n econ\u00f3mico.\",\"breadcrumb\":{\"@id\":\"https:\/\/www.inforesidencias.com\/blog\/index.php\/2024\/07\/26\/como-ayuda-una-residencia-de-personas-mayores-al-respiro-familiar\/#breadcrumb\"},\"inLanguage\":\"es\",\"potentialAction\":[{\"@type\":\"ReadAction\",\"target\":[\"https:\/\/www.inforesidencias.com\/blog\/index.php\/2024\/07\/26\/como-ayuda-una-residencia-de-personas-mayores-al-respiro-familiar\/\"]}]},{\"@type\":\"BreadcrumbList\",\"@id\":\"https:\/\/www.inforesidencias.com\/blog\/index.php\/2024\/07\/26\/como-ayuda-una-residencia-de-personas-mayores-al-respiro-familiar\/#breadcrumb\",\"itemListElement\":[{\"@type\":\"ListItem\",\"position\":1,\"name\":\"Home\",\"item\":\"https:\/\/www.inforesidencias.com\/blog\/\"},{\"@type\":\"ListItem\",\"position\":2,\"name\":\"\u00bfC\u00f3mo ayuda una residencia de personas mayores al respiro familiar?\"}]},{\"@type\":\"WebSite\",\"@id\":\"https:\/\/www.inforesidencias.com\/blog\/#website\",\"url\":\"https:\/\/www.inforesidencias.com\/blog\/\",\"name\":\"Blog Inforesidencias.com\",\"description\":\"El buscador de residencias de la 3\u00aa edad\",\"potentialAction\":[{\"@type\":\"SearchAction\",\"target\":{\"@type\":\"EntryPoint\",\"urlTemplate\":\"https:\/\/www.inforesidencias.com\/blog\/?s={search_term_string}\"},\"query-input\":\"required name=search_term_string\"}],\"inLanguage\":\"es\"},{\"@type\":\"Person\",\"@id\":\"https:\/\/www.inforesidencias.com\/blog\/#\/schema\/person\/4137928ac9e11813f9d22c7eca99e8c6\",\"name\":\"Inforesidencias.com\",\"image\":{\"@type\":\"ImageObject\",\"inLanguage\":\"es\",\"@id\":\"https:\/\/www.inforesidencias.com\/blog\/#\/schema\/person\/image\/\",\"url\":\"https:\/\/secure.gravatar.com\/avatar\/2092a1175202f080ba451797bc271678?s=96&d=mm&r=g\",\"contentUrl\":\"https:\/\/secure.gravatar.com\/avatar\/2092a1175202f080ba451797bc271678?s=96&d=mm&r=g\",\"caption\":\"Inforesidencias.com\"},\"url\":\"https:\/\/www.inforesidencias.com\/blog\/index.php\/author\/javier-camara\/\"}]}<\/script>\n<!-- \/ Yoast SEO plugin. -->","yoast_head_json":{"title":"\u00bfC\u00f3mo ayuda una residencia de personas mayores al respiro familiar? - Blog Inforesidencias.com","description":"C\u00f3mo ayuda una residencia de personas mayores al respiro familiar en el aspecto f\u00edsico y emocional, pero tambi\u00e9n econ\u00f3mico.","robots":{"index":"index","follow":"follow","max-snippet":"max-snippet:-1","max-image-preview":"max-image-preview:large","max-video-preview":"max-video-preview:-1"},"canonical":"https:\/\/www.inforesidencias.com\/blog\/index.php\/2024\/07\/26\/como-ayuda-una-residencia-de-personas-mayores-al-respiro-familiar\/","og_locale":"es_ES","og_type":"article","og_title":"\u00bfC\u00f3mo ayuda una residencia de personas mayores al respiro familiar? - Blog Inforesidencias.com","og_description":"C\u00f3mo ayuda una residencia de personas mayores al respiro familiar en el aspecto f\u00edsico y emocional, pero tambi\u00e9n econ\u00f3mico.","og_url":"https:\/\/www.inforesidencias.com\/blog\/index.php\/2024\/07\/26\/como-ayuda-una-residencia-de-personas-mayores-al-respiro-familiar\/","og_site_name":"Blog Inforesidencias.com","article_publisher":"https:\/\/www.facebook.com\/Inforesidencias\/","article_published_time":"2024-07-26T06:07:00+00:00","article_modified_time":"2024-07-22T12:09:09+00:00","og_image":[{"width":1024,"height":1024,"url":"https:\/\/www.inforesidencias.com\/blog\/wp-content\/uploads\/2024\/07\/residencia-respiro-familiar.jpg","type":"image\/jpeg"}],"author":"Inforesidencias.com","twitter_card":"summary_large_image","twitter_creator":"@inforesidencias","twitter_site":"@inforesidencias","twitter_misc":{"Escrito por":"Inforesidencias.com","Tiempo de lectura":"4 minutos"},"schema":{"@context":"https:\/\/schema.org","@graph":[{"@type":"WebPage","@id":"https:\/\/www.inforesidencias.com\/blog\/index.php\/2024\/07\/26\/como-ayuda-una-residencia-de-personas-mayores-al-respiro-familiar\/","url":"https:\/\/www.inforesidencias.com\/blog\/index.php\/2024\/07\/26\/como-ayuda-una-residencia-de-personas-mayores-al-respiro-familiar\/","name":"\u00bfC\u00f3mo ayuda una residencia de personas mayores al respiro familiar? - Blog Inforesidencias.com","isPartOf":{"@id":"https:\/\/www.inforesidencias.com\/blog\/#website"},"datePublished":"2024-07-26T06:07:00+00:00","dateModified":"2024-07-22T12:09:09+00:00","author":{"@id":"https:\/\/www.inforesidencias.com\/blog\/#\/schema\/person\/4137928ac9e11813f9d22c7eca99e8c6"},"description":"C\u00f3mo ayuda una residencia de personas mayores al respiro familiar en el aspecto f\u00edsico y emocional, pero tambi\u00e9n econ\u00f3mico.","breadcrumb":{"@id":"https:\/\/www.inforesidencias.com\/blog\/index.php\/2024\/07\/26\/como-ayuda-una-residencia-de-personas-mayores-al-respiro-familiar\/#breadcrumb"},"inLanguage":"es","potentialAction":[{"@type":"ReadAction","target":["https:\/\/www.inforesidencias.com\/blog\/index.php\/2024\/07\/26\/como-ayuda-una-residencia-de-personas-mayores-al-respiro-familiar\/"]}]},{"@type":"BreadcrumbList","@id":"https:\/\/www.inforesidencias.com\/blog\/index.php\/2024\/07\/26\/como-ayuda-una-residencia-de-personas-mayores-al-respiro-familiar\/#breadcrumb","itemListElement":[{"@type":"ListItem","position":1,"name":"Home","item":"https:\/\/www.inforesidencias.com\/blog\/"},{"@type":"ListItem","position":2,"name":"\u00bfC\u00f3mo ayuda una residencia de personas mayores al respiro familiar?"}]},{"@type":"WebSite","@id":"https:\/\/www.inforesidencias.com\/blog\/#website","url":"https:\/\/www.inforesidencias.com\/blog\/","name":"Blog Inforesidencias.com","description":"El buscador de residencias de la 3\u00aa edad","potentialAction":[{"@type":"SearchAction","target":{"@type":"EntryPoint","urlTemplate":"https:\/\/www.inforesidencias.com\/blog\/?s={search_term_string}"},"query-input":"required name=search_term_string"}],"inLanguage":"es"},{"@type":"Person","@id":"https:\/\/www.inforesidencias.com\/blog\/#\/schema\/person\/4137928ac9e11813f9d22c7eca99e8c6","name":"Inforesidencias.com","image":{"@type":"ImageObject","inLanguage":"es","@id":"https:\/\/www.inforesidencias.com\/blog\/#\/schema\/person\/image\/","url":"https:\/\/secure.gravatar.com\/avatar\/2092a1175202f080ba451797bc271678?s=96&d=mm&r=g","contentUrl":"https:\/\/secure.gravatar.com\/avatar\/2092a1175202f080ba451797bc271678?s=96&d=mm&r=g","caption":"Inforesidencias.com"},"url":"https:\/\/www.inforesidencias.com\/blog\/index.php\/author\/javier-camara\/"}]}},"_links":{"self":[{"href":"https:\/\/www.inforesidencias.com\/blog\/index.php\/wp-json\/wp\/v2\/posts\/7342"}],"collection":[{"href":"https:\/\/www.inforesidencias.com\/blog\/index.php\/wp-json\/wp\/v2\/posts"}],"about":[{"href":"https:\/\/www.inforesidencias.com\/blog\/index.php\/wp-json\/wp\/v2\/types\/post"}],"author":[{"embeddable":true,"href":"https:\/\/www.inforesidencias.com\/blog\/index.php\/wp-json\/wp\/v2\/users\/7"}],"replies":[{"embeddable":true,"href":"https:\/\/www.inforesidencias.com\/blog\/index.php\/wp-json\/wp\/v2\/comments?post=7342"}],"version-history":[{"count":4,"href":"https:\/\/www.inforesidencias.com\/blog\/index.php\/wp-json\/wp\/v2\/posts\/7342\/revisions"}],"predecessor-version":[{"id":7348,"href":"https:\/\/www.inforesidencias.com\/blog\/index.php\/wp-json\/wp\/v2\/posts\/7342\/revisions\/7348"}],"wp:featuredmedia":[{"embeddable":true,"href":"https:\/\/www.inforesidencias.com\/blog\/index.php\/wp-json\/wp\/v2\/media\/7343"}],"wp:attachment":[{"href":"https:\/\/www.inforesidencias.com\/blog\/index.php\/wp-json\/wp\/v2\/media?parent=7342"}],"wp:term":[{"taxonomy":"category","embeddable":true,"href":"https:\/\/www.inforesidencias.com\/blog\/index.php\/wp-json\/wp\/v2\/categories?post=7342"},{"taxonomy":"post_tag","embeddable":true,"href":"https:\/\/www.inforesidencias.com\/blog\/index.php\/wp-json\/wp\/v2\/tags?post=7342"}],"curies":[{"name":"wp","href":"https:\/\/api.w.org\/{rel}","templated":true}]}}