{"id":7349,"date":"2024-08-08T08:18:00","date_gmt":"2024-08-08T07:18:00","guid":{"rendered":"https:\/\/www.inforesidencias.com\/blog\/?p=7349"},"modified":"2024-07-29T13:05:30","modified_gmt":"2024-07-29T12:05:30","slug":"combatir-el-calor-en-casa-con-personas-mayores-estrategias-efectivas","status":"publish","type":"post","link":"https:\/\/www.inforesidencias.com\/blog\/index.php\/2024\/08\/08\/combatir-el-calor-en-casa-con-personas-mayores-estrategias-efectivas\/","title":{"rendered":"Combatir el calor en casa con personas mayores: Estrategias Efectivas"},"content":{"rendered":"\n<p>El calor extremo del verano puede ser especialmente peligroso para las personas mayores, quienes son m\u00e1s vulnerables a los efectos del calor debido a cambios fisiol\u00f3gicos relacionados con la edad y posibles condiciones de salud cr\u00f3nicas. De este modo, mantener una casa fresca y segura es aun m\u00e1s importante proteger su bienestar durante esta estaci\u00f3n.  <\/p>\n\n\n\n<p>Por ello,  creemos que es un  buen momento para ofrecer estrategias y consejos pr\u00e1cticos para combatir el calor en casa con personas mayores<\/p>\n\n\n\n<h4 class=\"wp-block-heading\">1. <strong>Mantener una Buena Ventilaci\u00f3n<\/strong><\/h4>\n\n\n\n<p>Una ventilaci\u00f3n adecuada es fundamental para reducir la acumulaci\u00f3n de calor en el hogar. Abrir ventanas en las primeras horas de la ma\u00f1ana y al anochecer, cuando las temperaturas son m\u00e1s bajas, permite la entrada de aire fresco. Utilizar ventiladores de techo o port\u00e1tiles puede mejorar la circulaci\u00f3n del aire, distribuyendo el aire fresco de manera m\u00e1s uniforme por toda la casa.<\/p>\n\n\n\n<h4 class=\"wp-block-heading\">2. <strong>Uso Eficiente del Aire Acondicionado<\/strong><\/h4>\n\n\n\n<p>Si se dispone de aire acondicionado, es importante utilizarlo de manera eficiente. Mantener una temperatura constante y c\u00f3moda (entre 24\u00b0C y 26\u00b0C) es ideal para evitar choques t\u00e9rmicos al entrar o salir de casa. Realizar un mantenimiento regular del aire acondicionado, como limpiar los filtros y revisar su funcionamiento, asegura su eficiencia y prolonga su vida \u00fatil.<\/p>\n\n\n\n<h4 class=\"wp-block-heading\">3. <strong>Bloqueo de la Radiaci\u00f3n Solar<\/strong><\/h4>\n\n\n\n<p>Reducir la entrada de calor directo a trav\u00e9s de las ventanas es crucial. Utilizar cortinas opacas, persianas o toldos para bloquear el sol durante las horas m\u00e1s calurosas del d\u00eda ayuda a mantener la casa m\u00e1s fresca. Las pel\u00edculas reflectantes para ventanas tambi\u00e9n pueden ser una opci\u00f3n efectiva para reducir la radiaci\u00f3n solar.<\/p>\n\n\n\n<h4 class=\"wp-block-heading\">4. <strong>Uso de Electrodom\u00e9sticos<\/strong><\/h4>\n\n\n\n<p>El uso de electrodom\u00e9sticos puede generar calor adicional en el hogar. Limitar el uso de estufas, hornos y otros dispositivos que emiten calor durante las horas m\u00e1s calurosas del d\u00eda puede ayudar a mantener una temperatura m\u00e1s baja en el interior. Optar por comidas que no requieran cocci\u00f3n o utilizar el microondas en lugar del horno puede ser una alternativa pr\u00e1ctica.<\/p>\n\n\n<div class=\"wp-block-image\">\n<figure class=\"alignright size-large is-resized\"><a href=\"https:\/\/www.inforesidencias.com\/blog\/wp-content\/uploads\/2024\/07\/Combatir-el-calor-en-casa-con-personas-mayores.png\"><img decoding=\"async\" loading=\"lazy\" width=\"1024\" height=\"676\" src=\"https:\/\/www.inforesidencias.com\/blog\/wp-content\/uploads\/2024\/07\/Combatir-el-calor-en-casa-con-personas-mayores-1024x676.png\" alt=\"\" class=\"wp-image-7352\" style=\"aspect-ratio:1.514792899408284;width:365px;height:auto\" srcset=\"https:\/\/www.inforesidencias.com\/blog\/wp-content\/uploads\/2024\/07\/Combatir-el-calor-en-casa-con-personas-mayores-1024x676.png 1024w, https:\/\/www.inforesidencias.com\/blog\/wp-content\/uploads\/2024\/07\/Combatir-el-calor-en-casa-con-personas-mayores-300x198.png 300w, https:\/\/www.inforesidencias.com\/blog\/wp-content\/uploads\/2024\/07\/Combatir-el-calor-en-casa-con-personas-mayores-768x507.png 768w, https:\/\/www.inforesidencias.com\/blog\/wp-content\/uploads\/2024\/07\/Combatir-el-calor-en-casa-con-personas-mayores.png 1448w\" sizes=\"(max-width: 1024px) 100vw, 1024px\" \/><\/a><\/figure><\/div>\n\n\n<p><\/p>\n\n\n\n<h4 class=\"wp-block-heading\">5. <strong>Zonas Frescas en el Hogar<\/strong><\/h4>\n\n\n\n<p>Identificar y utilizar las zonas m\u00e1s frescas de la casa, como s\u00f3tanos o habitaciones sombreadas, puede proporcionar alivio durante los picos de calor. Crear un \u00abrefugio fresco\u00bb en una parte de la casa donde se concentren las actividades diarias puede ayudar a reducir la exposici\u00f3n al calor.<\/p>\n\n\n\n<h4 class=\"wp-block-heading\">6. <strong>Enfriar la Ropa de Cama<\/strong><\/h4>\n\n\n\n<p>Para los d\u00edas de m\u00e1s calor, introducir las s\u00e1banas dentro de la nevera por unas horas y colocarlas en la cama justo en el momento de ir a dormir es una buena soluci\u00f3n. Tambi\u00e9n, colocar las tradicionales bolsas de agua caliente, pero llenas de agua helada, debajo de la s\u00e1bana bajera.<\/p>\n\n\n\n<h4 class=\"wp-block-heading\">7. <strong>Colocar Plantas que Absorben el Calor<\/strong><\/h4>\n\n\n\n<p>Otro de los trucos efectivos para evitar el calor tiene que ver con las plantas. Adem\u00e1s de embellecer, algunas plantas, como el helecho, el poto o la lengua de tigre, ayudan a mitigar el bochorno veraniego y purificar el aire. De hecho, muchos estudios indican que colocar varias plantas en una habitaci\u00f3n puede llegar a reducir la temperatura en hasta cuatro grados.<\/p>\n\n\n\n<p><\/p>\n\n\n\n<p>Si te ha gustado este articulo sobre combatir el calor en casa con personas mayores, te puede interesar:<\/p>\n\n\n\n<ul>\n<li><a href=\"https:\/\/www.inforesidencias.com\/blog\/index.php\/2023\/04\/12\/la-sensacion-de-frio-y-calor-en-las-personas-mayores\/\">Frio y calor en las personas mayores. \u00bfCambia la sensaci\u00f3n?<\/a><\/li>\n\n\n\n<li><a href=\"https:\/\/dependencia.info\/noticia\/7082\/opinion\/como-mantenemos-a-la-persona-mayor-en-su-hogar-el-mayor-tiempo-posible.html\">Mantener a la persona mayor en su casa tanto como se posible<\/a><\/li>\n<\/ul>\n","protected":false},"excerpt":{"rendered":"<p>El calor extremo del verano puede ser especialmente peligroso para las personas mayores, quienes son m\u00e1s vulnerables a los efectos del calor debido a cambios fisiol\u00f3gicos relacionados con la edad y posibles condiciones de salud cr\u00f3nicas. De este modo, mantener una casa fresca y segura es aun m\u00e1s importante proteger su bienestar durante esta estaci\u00f3n. Por ello, creemos que es un buen momento para ofrecer estrategias y consejos pr\u00e1cticos para combatir el calor en casa con personas mayores 1. Mantener una Buena Ventilaci\u00f3n Una ventilaci\u00f3n adecuada es fundamental para reducir la acumulaci\u00f3n de calor en el hogar. Abrir ventanas en las primeras horas de la ma\u00f1ana y al anochecer, cuando las temperaturas son m\u00e1s bajas, permite la entrada de aire fresco. Utilizar ventiladores de techo o port\u00e1tiles puede mejorar la circulaci\u00f3n del aire, distribuyendo el aire fresco de manera m\u00e1s uniforme por toda la casa. 2. Uso Eficiente del Aire [&hellip;]<\/p>\n","protected":false},"author":6,"featured_media":7352,"comment_status":"open","ping_status":"open","sticky":false,"template":"","format":"standard","meta":{"footnotes":""},"categories":[1],"tags":[],"yoast_head":"<!-- This site is optimized with the Yoast SEO plugin v21.7 - https:\/\/yoast.com\/wordpress\/plugins\/seo\/ -->\n<title>Combatir el calor en casa con personas mayores: Estrategias Efectivas - Blog Inforesidencias.com<\/title>\n<meta name=\"description\" content=\"Damos algunas estrategias para combatir el calor en casa con personas mayores en veranos tan calurosos como estos \u00faltimos\" \/>\n<meta name=\"robots\" content=\"index, follow, max-snippet:-1, max-image-preview:large, max-video-preview:-1\" \/>\n<link rel=\"canonical\" href=\"https:\/\/www.inforesidencias.com\/blog\/index.php\/2024\/08\/08\/combatir-el-calor-en-casa-con-personas-mayores-estrategias-efectivas\/\" \/>\n<meta property=\"og:locale\" content=\"es_ES\" \/>\n<meta property=\"og:type\" content=\"article\" \/>\n<meta property=\"og:title\" content=\"Combatir el calor en casa con personas mayores: Estrategias Efectivas - Blog Inforesidencias.com\" \/>\n<meta property=\"og:description\" content=\"Damos algunas estrategias para combatir el calor en casa con personas mayores en veranos tan calurosos como estos \u00faltimos\" \/>\n<meta property=\"og:url\" content=\"https:\/\/www.inforesidencias.com\/blog\/index.php\/2024\/08\/08\/combatir-el-calor-en-casa-con-personas-mayores-estrategias-efectivas\/\" \/>\n<meta property=\"og:site_name\" content=\"Blog Inforesidencias.com\" \/>\n<meta property=\"article:publisher\" content=\"https:\/\/www.facebook.com\/Inforesidencias\/\" \/>\n<meta property=\"article:published_time\" content=\"2024-08-08T07:18:00+00:00\" \/>\n<meta property=\"article:modified_time\" content=\"2024-07-29T12:05:30+00:00\" \/>\n<meta property=\"og:image\" content=\"https:\/\/www.inforesidencias.com\/blog\/wp-content\/uploads\/2024\/07\/Combatir-el-calor-en-casa-con-personas-mayores-1024x676.png\" \/>\n\t<meta property=\"og:image:width\" content=\"1024\" \/>\n\t<meta property=\"og:image:height\" content=\"676\" \/>\n\t<meta property=\"og:image:type\" content=\"image\/png\" \/>\n<meta name=\"author\" content=\"Carles Reixach\" \/>\n<meta name=\"twitter:card\" content=\"summary_large_image\" \/>\n<meta name=\"twitter:creator\" content=\"@blog-ir\" \/>\n<meta name=\"twitter:site\" content=\"@inforesidencias\" \/>\n<meta name=\"twitter:label1\" content=\"Escrito por\" \/>\n\t<meta name=\"twitter:data1\" content=\"Carles Reixach\" \/>\n\t<meta name=\"twitter:label2\" content=\"Tiempo de lectura\" \/>\n\t<meta name=\"twitter:data2\" content=\"3 minutos\" \/>\n<script type=\"application\/ld+json\" class=\"yoast-schema-graph\">{\"@context\":\"https:\/\/schema.org\",\"@graph\":[{\"@type\":\"WebPage\",\"@id\":\"https:\/\/www.inforesidencias.com\/blog\/index.php\/2024\/08\/08\/combatir-el-calor-en-casa-con-personas-mayores-estrategias-efectivas\/\",\"url\":\"https:\/\/www.inforesidencias.com\/blog\/index.php\/2024\/08\/08\/combatir-el-calor-en-casa-con-personas-mayores-estrategias-efectivas\/\",\"name\":\"Combatir el calor en casa con personas mayores: Estrategias Efectivas - Blog Inforesidencias.com\",\"isPartOf\":{\"@id\":\"https:\/\/www.inforesidencias.com\/blog\/#website\"},\"datePublished\":\"2024-08-08T07:18:00+00:00\",\"dateModified\":\"2024-07-29T12:05:30+00:00\",\"author\":{\"@id\":\"https:\/\/www.inforesidencias.com\/blog\/#\/schema\/person\/90ec02c0eaf05c8c2260bd3cb30ff126\"},\"description\":\"Damos algunas estrategias para combatir el calor en casa con personas mayores en veranos tan calurosos como estos \u00faltimos\",\"breadcrumb\":{\"@id\":\"https:\/\/www.inforesidencias.com\/blog\/index.php\/2024\/08\/08\/combatir-el-calor-en-casa-con-personas-mayores-estrategias-efectivas\/#breadcrumb\"},\"inLanguage\":\"es\",\"potentialAction\":[{\"@type\":\"ReadAction\",\"target\":[\"https:\/\/www.inforesidencias.com\/blog\/index.php\/2024\/08\/08\/combatir-el-calor-en-casa-con-personas-mayores-estrategias-efectivas\/\"]}]},{\"@type\":\"BreadcrumbList\",\"@id\":\"https:\/\/www.inforesidencias.com\/blog\/index.php\/2024\/08\/08\/combatir-el-calor-en-casa-con-personas-mayores-estrategias-efectivas\/#breadcrumb\",\"itemListElement\":[{\"@type\":\"ListItem\",\"position\":1,\"name\":\"Home\",\"item\":\"https:\/\/www.inforesidencias.com\/blog\/\"},{\"@type\":\"ListItem\",\"position\":2,\"name\":\"Combatir el calor en casa con personas mayores: Estrategias Efectivas\"}]},{\"@type\":\"WebSite\",\"@id\":\"https:\/\/www.inforesidencias.com\/blog\/#website\",\"url\":\"https:\/\/www.inforesidencias.com\/blog\/\",\"name\":\"Blog Inforesidencias.com\",\"description\":\"El buscador de residencias de la 3\u00aa edad\",\"potentialAction\":[{\"@type\":\"SearchAction\",\"target\":{\"@type\":\"EntryPoint\",\"urlTemplate\":\"https:\/\/www.inforesidencias.com\/blog\/?s={search_term_string}\"},\"query-input\":\"required name=search_term_string\"}],\"inLanguage\":\"es\"},{\"@type\":\"Person\",\"@id\":\"https:\/\/www.inforesidencias.com\/blog\/#\/schema\/person\/90ec02c0eaf05c8c2260bd3cb30ff126\",\"name\":\"Carles Reixach\",\"image\":{\"@type\":\"ImageObject\",\"inLanguage\":\"es\",\"@id\":\"https:\/\/www.inforesidencias.com\/blog\/#\/schema\/person\/image\/\",\"url\":\"https:\/\/secure.gravatar.com\/avatar\/fb527b07d09398462de613ba8a48e61f?s=96&d=mm&r=g\",\"contentUrl\":\"https:\/\/secure.gravatar.com\/avatar\/fb527b07d09398462de613ba8a48e61f?s=96&d=mm&r=g\",\"caption\":\"Carles Reixach\"},\"sameAs\":[\"https:\/\/twitter.com\/blog-ir\"],\"url\":\"https:\/\/www.inforesidencias.com\/blog\/index.php\/author\/carles\/\"}]}<\/script>\n<!-- \/ Yoast SEO plugin. -->","yoast_head_json":{"title":"Combatir el calor en casa con personas mayores: Estrategias Efectivas - Blog Inforesidencias.com","description":"Damos algunas estrategias para combatir el calor en casa con personas mayores en veranos tan calurosos como estos \u00faltimos","robots":{"index":"index","follow":"follow","max-snippet":"max-snippet:-1","max-image-preview":"max-image-preview:large","max-video-preview":"max-video-preview:-1"},"canonical":"https:\/\/www.inforesidencias.com\/blog\/index.php\/2024\/08\/08\/combatir-el-calor-en-casa-con-personas-mayores-estrategias-efectivas\/","og_locale":"es_ES","og_type":"article","og_title":"Combatir el calor en casa con personas mayores: Estrategias Efectivas - Blog Inforesidencias.com","og_description":"Damos algunas estrategias para combatir el calor en casa con personas mayores en veranos tan calurosos como estos \u00faltimos","og_url":"https:\/\/www.inforesidencias.com\/blog\/index.php\/2024\/08\/08\/combatir-el-calor-en-casa-con-personas-mayores-estrategias-efectivas\/","og_site_name":"Blog Inforesidencias.com","article_publisher":"https:\/\/www.facebook.com\/Inforesidencias\/","article_published_time":"2024-08-08T07:18:00+00:00","article_modified_time":"2024-07-29T12:05:30+00:00","og_image":[{"width":1024,"height":676,"url":"https:\/\/www.inforesidencias.com\/blog\/wp-content\/uploads\/2024\/07\/Combatir-el-calor-en-casa-con-personas-mayores-1024x676.png","type":"image\/png"}],"author":"Carles Reixach","twitter_card":"summary_large_image","twitter_creator":"@blog-ir","twitter_site":"@inforesidencias","twitter_misc":{"Escrito por":"Carles Reixach","Tiempo de lectura":"3 minutos"},"schema":{"@context":"https:\/\/schema.org","@graph":[{"@type":"WebPage","@id":"https:\/\/www.inforesidencias.com\/blog\/index.php\/2024\/08\/08\/combatir-el-calor-en-casa-con-personas-mayores-estrategias-efectivas\/","url":"https:\/\/www.inforesidencias.com\/blog\/index.php\/2024\/08\/08\/combatir-el-calor-en-casa-con-personas-mayores-estrategias-efectivas\/","name":"Combatir el calor en casa con personas mayores: Estrategias Efectivas - Blog Inforesidencias.com","isPartOf":{"@id":"https:\/\/www.inforesidencias.com\/blog\/#website"},"datePublished":"2024-08-08T07:18:00+00:00","dateModified":"2024-07-29T12:05:30+00:00","author":{"@id":"https:\/\/www.inforesidencias.com\/blog\/#\/schema\/person\/90ec02c0eaf05c8c2260bd3cb30ff126"},"description":"Damos algunas estrategias para combatir el calor en casa con personas mayores en veranos tan calurosos como estos \u00faltimos","breadcrumb":{"@id":"https:\/\/www.inforesidencias.com\/blog\/index.php\/2024\/08\/08\/combatir-el-calor-en-casa-con-personas-mayores-estrategias-efectivas\/#breadcrumb"},"inLanguage":"es","potentialAction":[{"@type":"ReadAction","target":["https:\/\/www.inforesidencias.com\/blog\/index.php\/2024\/08\/08\/combatir-el-calor-en-casa-con-personas-mayores-estrategias-efectivas\/"]}]},{"@type":"BreadcrumbList","@id":"https:\/\/www.inforesidencias.com\/blog\/index.php\/2024\/08\/08\/combatir-el-calor-en-casa-con-personas-mayores-estrategias-efectivas\/#breadcrumb","itemListElement":[{"@type":"ListItem","position":1,"name":"Home","item":"https:\/\/www.inforesidencias.com\/blog\/"},{"@type":"ListItem","position":2,"name":"Combatir el calor en casa con personas mayores: Estrategias Efectivas"}]},{"@type":"WebSite","@id":"https:\/\/www.inforesidencias.com\/blog\/#website","url":"https:\/\/www.inforesidencias.com\/blog\/","name":"Blog Inforesidencias.com","description":"El buscador de residencias de la 3\u00aa edad","potentialAction":[{"@type":"SearchAction","target":{"@type":"EntryPoint","urlTemplate":"https:\/\/www.inforesidencias.com\/blog\/?s={search_term_string}"},"query-input":"required name=search_term_string"}],"inLanguage":"es"},{"@type":"Person","@id":"https:\/\/www.inforesidencias.com\/blog\/#\/schema\/person\/90ec02c0eaf05c8c2260bd3cb30ff126","name":"Carles Reixach","image":{"@type":"ImageObject","inLanguage":"es","@id":"https:\/\/www.inforesidencias.com\/blog\/#\/schema\/person\/image\/","url":"https:\/\/secure.gravatar.com\/avatar\/fb527b07d09398462de613ba8a48e61f?s=96&d=mm&r=g","contentUrl":"https:\/\/secure.gravatar.com\/avatar\/fb527b07d09398462de613ba8a48e61f?s=96&d=mm&r=g","caption":"Carles Reixach"},"sameAs":["https:\/\/twitter.com\/blog-ir"],"url":"https:\/\/www.inforesidencias.com\/blog\/index.php\/author\/carles\/"}]}},"_links":{"self":[{"href":"https:\/\/www.inforesidencias.com\/blog\/index.php\/wp-json\/wp\/v2\/posts\/7349"}],"collection":[{"href":"https:\/\/www.inforesidencias.com\/blog\/index.php\/wp-json\/wp\/v2\/posts"}],"about":[{"href":"https:\/\/www.inforesidencias.com\/blog\/index.php\/wp-json\/wp\/v2\/types\/post"}],"author":[{"embeddable":true,"href":"https:\/\/www.inforesidencias.com\/blog\/index.php\/wp-json\/wp\/v2\/users\/6"}],"replies":[{"embeddable":true,"href":"https:\/\/www.inforesidencias.com\/blog\/index.php\/wp-json\/wp\/v2\/comments?post=7349"}],"version-history":[{"count":5,"href":"https:\/\/www.inforesidencias.com\/blog\/index.php\/wp-json\/wp\/v2\/posts\/7349\/revisions"}],"predecessor-version":[{"id":7355,"href":"https:\/\/www.inforesidencias.com\/blog\/index.php\/wp-json\/wp\/v2\/posts\/7349\/revisions\/7355"}],"wp:featuredmedia":[{"embeddable":true,"href":"https:\/\/www.inforesidencias.com\/blog\/index.php\/wp-json\/wp\/v2\/media\/7352"}],"wp:attachment":[{"href":"https:\/\/www.inforesidencias.com\/blog\/index.php\/wp-json\/wp\/v2\/media?parent=7349"}],"wp:term":[{"taxonomy":"category","embeddable":true,"href":"https:\/\/www.inforesidencias.com\/blog\/index.php\/wp-json\/wp\/v2\/categories?post=7349"},{"taxonomy":"post_tag","embeddable":true,"href":"https:\/\/www.inforesidencias.com\/blog\/index.php\/wp-json\/wp\/v2\/tags?post=7349"}],"curies":[{"name":"wp","href":"https:\/\/api.w.org\/{rel}","templated":true}]}}