{"id":741,"date":"2016-06-22T13:25:33","date_gmt":"2016-06-22T13:25:33","guid":{"rendered":"https:\/\/www.inforesidencias.com\/blog\/?p=741"},"modified":"2016-06-22T13:25:33","modified_gmt":"2016-06-22T13:25:33","slug":"arrugas","status":"publish","type":"post","link":"https:\/\/www.inforesidencias.com\/blog\/index.php\/2016\/06\/22\/arrugas\/","title":{"rendered":"Arrugas, un c\u00f3mic y una pel\u00edcula para acercarse a la vejez y al alzh\u00e9imer"},"content":{"rendered":"<p>En esta ocasi\u00f3n vamos a ofrecer a una manera diferente de acercarse a la vida en las residencias de ancianos, al deterioro y al alzh\u00e9imer, a trav\u00e9s de la novela ilustrada, el c\u00f3mic, y de las pel\u00edculas animadas. Proponemos a nuestros lectores la lectura y el visionado de <strong>Arrugas<\/strong>. Su autor, el<\/p>\n<div id=\"attachment_743\" style=\"width: 315px\" class=\"wp-caption alignleft\"><a href=\"https:\/\/www.inforesidencias.com\/blog\/wp-content\/uploads\/2016\/06\/Captura-de-pantalla-2016-06-22-a-las-15.22.13.png\"><img aria-describedby=\"caption-attachment-743\" decoding=\"async\" loading=\"lazy\" class=\"size-full wp-image-743\" src=\"https:\/\/www.inforesidencias.com\/blog\/wp-content\/uploads\/2016\/06\/Captura-de-pantalla-2016-06-22-a-las-15.22.13.png\" alt=\"Un c\u00f3mic, o novela gr\u00e1fica que trata la realidad sobre el Alzheimer y las residencias de ancianos\" width=\"305\" height=\"438\" \/><\/a><p id=\"caption-attachment-743\" class=\"wp-caption-text\">Un c\u00f3mic, o novela gr\u00e1fica que trata la realidad sobre el Alzheimer y las residencias de ancianos<\/p><\/div>\n<p>valenciano Paco Roca ha trabajado como ilustrador en medios como el suplemento cultural Babelia y El Semanal de El Pa\u00eds, Las Provincias, Corriere della Sera o S\u00fcddeutsche Zeitung Magazin. En un principio, el dibujante y escritor trabaj\u00f3 en un relato en el que un grupo de ancianos, sabedores de que con setenta a\u00f1os ya no ir\u00edan a la c\u00e1rcel, planean asaltar un casino. Sin embargo, en pleno proceso de escritura tres hechos le conmovieron profundamente: el envejecimiento de sus padres, el rechazo que provoc\u00f3 un cartel de publicidad donde hab\u00eda incluido ancianos y el alzh\u00e9imer de Emilio, padre se su amigo Diego.<\/p>\n<p>Durante un a\u00f1o visit\u00f3 residencias donde estaban familiares de amigos, se document\u00f3 sobre el envejecimiento y recopil\u00f3 an\u00e9cdotas de enfermeros, familiares y los propios ancianos, que le llevaron a cambiar su idea inicial. La historieta se public\u00f3 primero en franc\u00e9s, Rides en abril de 2007, en noviembre de ese mismo a\u00f1o se public\u00f3 en Espa\u00f1a y al a\u00f1o siguiente en Italia. En 2011 se edit\u00f3 en Alemania, Finlandia, Holanda y Jap\u00f3n. Arrugas cuenta la vida de Emilio, un antiguo ejecutivo bancario que padece alzh\u00e9imer, y que tras una crisis su familia le ingresa en una residencia geri\u00e1trica. En ese sitio tan alejado de su vida anterior, aprende a vivir con otros ancianos, cada uno con su car\u00e1cter y peculiar \u00abcuadro cl\u00ednico\u00bb y los cuidadores. Entre la rutina de horarios con todo prefijado: comidas, siestas, medicaci\u00f3n&#8230;<\/p>\n<p>Emilio lucha contra la enfermedad para intentar mantener la memoria y evitar ser trasladado a la \u00faltima planta, la de los impedidos, y para que eso no pase, cuenta con la ayuda de Miguel, su compa\u00f1ero de habitaci\u00f3n.Los temas de Arrugas son sensibles: la vejez, la vida en residencias geri\u00e1tricas, lademencia&#8230; y escasamente tratados en el mundo de la novela gr\u00e1fica. Y lo extraordinario de esta historieta es su delicadeza, intimismo, humor y verosimilitud, basada en el exhaustivo trabajo de documentaci\u00f3n del autor gracias a los testimonios y an\u00e9cdotas reales. Arrugas, seg\u00fan la cr\u00edtica, \u00abse aleja del dram\u00f3n lacrim\u00f3geno y la sensibler\u00eda facilona en beneficio de la emoci\u00f3n pura, la sonrisa c\u00f3mplice y las im\u00e1genes po\u00e9ticas\u00bb. En el verano de 2007, Arrugas fue seleccionado como uno de los 20 mejores t\u00edtulos del a\u00f1o por la francesa ACBD (Association des Critiques et journalistes de Bande Dessin\u00e9e).<\/p>\n<p>Otros premios han sido:<\/p>\n<p>\u2022 Premio al mejor guion de autor espa\u00f1ol del 2007 en el XXVI Sal\u00f3n Internacional\u00a0de C\u00f3mic de Barcelona<br \/>\n\u2022\u00a0XXXI premio Diario de Avisos 2008 al mejor guion de historieta realista<br \/>\n\u2022\u00a0Premio Gran Guinigi a la mejor historia larga del Festival de\u00a0Lucca 2008 (Italia)<br \/>\n\u2022\u00a0Premios Dolmen de la cr\u00edtica 2008 al mejor guion<br \/>\n\u2022\u00a0Premios Dolmen de la cr\u00edtica 2008 a la mejor obra<br \/>\n\u2022\u00a0Premio Expoc\u00f3mic 2008 a la Mejor Obra Espa\u00f1ola<br \/>\n\u2022\u00a0Premio Nacional del C\u00f3mic 2008.<\/p>\n<div>En el a\u00f1o 2009 la productora coru\u00f1esa Perro Verde Films adquiri\u00f3\u00a0los derechos\u00a0para la adaptaci\u00f3n cinematogr\u00e1fica de\u00a0Arrugas\u00a0para una pel\u00edcula de animaci\u00f3n que\u00a0dirigi\u00f3 en 2011 Ignacio Ferreras. La pel\u00edcula fue preseleccionada par\u00a0a la 83 edici\u00f3n\u00a0de los premios Oscar en la categor\u00eda de mejor pel\u00edcula de animaci\u00f3n y no\u00a0minada a\u00a0los Premios Goya en las categor\u00edas mejor guion adaptado y mejor pel\u00ed\u00a0cula de\u00a0animaci\u00f3n.<\/div>\n<div><\/div>\n<div>Como ha declarado su autor, \u00abme plante\u00e9 hacer esta historia por mis padres. Quer\u00ed\u00a0a hablar sobre la vejez de las personas. Este es un tema demasiado amplio as\u00ed\u00a0que\u00a0me centr\u00e9 en las residencias de ancianos. Al tratar este tema era imposible no\u00a0hacerlo tambi\u00e9n sobre el alzh\u00e9imer. Emilio, el protagonista, est\u00e1\u00a0inspirado en el\u00a0padre de mi buen amigo Diego\u00bb.<\/div>\n<div><\/div>\n<div>En el siguiente enlace se puede disponer del informaci\u00f3n y del tr\u00e1iler\u00a0de la pel\u00edcula:\u00a0http:\/\/www.arrugaslapelicula.com\/es\/<\/div>\n<div><\/div>\n<div>Y para quienes quieran disfrutar de\u00a0Arrugas\u00a0en papel, lo tienen en ediciones\u00a0Astiberri, colecci\u00f3n Sill\u00f3n orejero, por solo 15 euros.<\/div>\n<div><\/div>\n<div>Recomendamos tanto la lectura como el visionado, estamos seguros de que<\/div>\n<div>a\u00a0nadie dejar\u00e1 indiferente y todos disfrutar\u00e1n con esta maravillosa historia.<\/div>\n","protected":false},"excerpt":{"rendered":"<p>En esta ocasi\u00f3n vamos a ofrecer a una manera diferente de acercarse a la vida en las residencias de ancianos, al deterioro y al alzh\u00e9imer, a trav\u00e9s de la novela ilustrada, el c\u00f3mic, y de las pel\u00edculas animadas. Proponemos a nuestros lectores la lectura y el visionado de Arrugas. Su autor, el valenciano Paco Roca ha trabajado como ilustrador en medios como el suplemento cultural Babelia y El Semanal de El Pa\u00eds, Las Provincias, Corriere della Sera o S\u00fcddeutsche Zeitung Magazin. En un principio, el dibujante y escritor trabaj\u00f3 en un relato en el que un grupo de ancianos, sabedores de que con setenta a\u00f1os ya no ir\u00edan a la c\u00e1rcel, planean asaltar un casino. Sin embargo, en pleno proceso de escritura tres hechos le conmovieron profundamente: el envejecimiento de sus padres, el rechazo que provoc\u00f3 un cartel de publicidad donde hab\u00eda incluido ancianos y el alzh\u00e9imer de Emilio, padre [&hellip;]<\/p>\n","protected":false},"author":2,"featured_media":743,"comment_status":"open","ping_status":"open","sticky":false,"template":"","format":"standard","meta":{"footnotes":""},"categories":[14,3,5],"tags":[63],"yoast_head":"<!-- This site is optimized with the Yoast SEO plugin v21.7 - https:\/\/yoast.com\/wordpress\/plugins\/seo\/ -->\n<title>Arrugas, novela ilustrada y pel\u00edcula<\/title>\n<meta name=\"description\" content=\"Arrugas\" \/>\n<meta name=\"robots\" content=\"index, follow, max-snippet:-1, max-image-preview:large, max-video-preview:-1\" \/>\n<link rel=\"canonical\" href=\"https:\/\/www.inforesidencias.com\/blog\/index.php\/2016\/06\/22\/arrugas\/\" \/>\n<meta property=\"og:locale\" content=\"es_ES\" \/>\n<meta property=\"og:type\" content=\"article\" \/>\n<meta property=\"og:title\" content=\"Arrugas, novela ilustrada y pel\u00edcula\" \/>\n<meta property=\"og:description\" content=\"Arrugas\" \/>\n<meta property=\"og:url\" content=\"https:\/\/www.inforesidencias.com\/blog\/index.php\/2016\/06\/22\/arrugas\/\" \/>\n<meta property=\"og:site_name\" content=\"Blog Inforesidencias.com\" \/>\n<meta property=\"article:publisher\" content=\"https:\/\/www.facebook.com\/Inforesidencias\/\" \/>\n<meta property=\"article:author\" content=\"https:\/\/www.facebook.com\/josep.demarti\" \/>\n<meta property=\"article:published_time\" content=\"2016-06-22T13:25:33+00:00\" \/>\n<meta property=\"og:image\" content=\"https:\/\/www.inforesidencias.com\/blog\/wp-content\/uploads\/2016\/06\/Captura-de-pantalla-2016-06-22-a-las-15.22.13.png\" \/>\n\t<meta property=\"og:image:width\" content=\"305\" \/>\n\t<meta property=\"og:image:height\" content=\"438\" \/>\n\t<meta property=\"og:image:type\" content=\"image\/png\" \/>\n<meta name=\"author\" content=\"Josep de Mart\u00ed\" \/>\n<meta name=\"twitter:card\" content=\"summary_large_image\" \/>\n<meta name=\"twitter:creator\" content=\"@blog-ir\" \/>\n<meta name=\"twitter:site\" content=\"@inforesidencias\" \/>\n<meta name=\"twitter:label1\" content=\"Escrito por\" \/>\n\t<meta name=\"twitter:data1\" content=\"Josep de Mart\u00ed\" \/>\n\t<meta name=\"twitter:label2\" content=\"Tiempo de lectura\" \/>\n\t<meta name=\"twitter:data2\" content=\"4 minutos\" \/>\n<script type=\"application\/ld+json\" class=\"yoast-schema-graph\">{\"@context\":\"https:\/\/schema.org\",\"@graph\":[{\"@type\":\"WebPage\",\"@id\":\"https:\/\/www.inforesidencias.com\/blog\/index.php\/2016\/06\/22\/arrugas\/\",\"url\":\"https:\/\/www.inforesidencias.com\/blog\/index.php\/2016\/06\/22\/arrugas\/\",\"name\":\"Arrugas, novela ilustrada y pel\u00edcula\",\"isPartOf\":{\"@id\":\"https:\/\/www.inforesidencias.com\/blog\/#website\"},\"datePublished\":\"2016-06-22T13:25:33+00:00\",\"dateModified\":\"2016-06-22T13:25:33+00:00\",\"author\":{\"@id\":\"https:\/\/www.inforesidencias.com\/blog\/#\/schema\/person\/9e146774d1eb3bc1c0316242a3898628\"},\"description\":\"Arrugas\",\"breadcrumb\":{\"@id\":\"https:\/\/www.inforesidencias.com\/blog\/index.php\/2016\/06\/22\/arrugas\/#breadcrumb\"},\"inLanguage\":\"es\",\"potentialAction\":[{\"@type\":\"ReadAction\",\"target\":[\"https:\/\/www.inforesidencias.com\/blog\/index.php\/2016\/06\/22\/arrugas\/\"]}]},{\"@type\":\"BreadcrumbList\",\"@id\":\"https:\/\/www.inforesidencias.com\/blog\/index.php\/2016\/06\/22\/arrugas\/#breadcrumb\",\"itemListElement\":[{\"@type\":\"ListItem\",\"position\":1,\"name\":\"Home\",\"item\":\"https:\/\/www.inforesidencias.com\/blog\/\"},{\"@type\":\"ListItem\",\"position\":2,\"name\":\"Arrugas, un c\u00f3mic y una pel\u00edcula para acercarse a la vejez y al alzh\u00e9imer\"}]},{\"@type\":\"WebSite\",\"@id\":\"https:\/\/www.inforesidencias.com\/blog\/#website\",\"url\":\"https:\/\/www.inforesidencias.com\/blog\/\",\"name\":\"Blog Inforesidencias.com\",\"description\":\"El buscador de residencias de la 3\u00aa edad\",\"potentialAction\":[{\"@type\":\"SearchAction\",\"target\":{\"@type\":\"EntryPoint\",\"urlTemplate\":\"https:\/\/www.inforesidencias.com\/blog\/?s={search_term_string}\"},\"query-input\":\"required name=search_term_string\"}],\"inLanguage\":\"es\"},{\"@type\":\"Person\",\"@id\":\"https:\/\/www.inforesidencias.com\/blog\/#\/schema\/person\/9e146774d1eb3bc1c0316242a3898628\",\"name\":\"Josep de Mart\u00ed\",\"image\":{\"@type\":\"ImageObject\",\"inLanguage\":\"es\",\"@id\":\"https:\/\/www.inforesidencias.com\/blog\/#\/schema\/person\/image\/\",\"url\":\"https:\/\/secure.gravatar.com\/avatar\/de0302c4806c00c4cebff396a798c1ff?s=96&d=mm&r=g\",\"contentUrl\":\"https:\/\/secure.gravatar.com\/avatar\/de0302c4806c00c4cebff396a798c1ff?s=96&d=mm&r=g\",\"caption\":\"Josep de Mart\u00ed\"},\"sameAs\":[\"https:\/\/www.inforesidencias.com\",\"https:\/\/www.facebook.com\/josep.demarti\",\"https:\/\/twitter.com\/blog-ir\"],\"url\":\"https:\/\/www.inforesidencias.com\/blog\/index.php\/author\/josepdemarti\/\"}]}<\/script>\n<!-- \/ Yoast SEO plugin. -->","yoast_head_json":{"title":"Arrugas, novela ilustrada y pel\u00edcula","description":"Arrugas","robots":{"index":"index","follow":"follow","max-snippet":"max-snippet:-1","max-image-preview":"max-image-preview:large","max-video-preview":"max-video-preview:-1"},"canonical":"https:\/\/www.inforesidencias.com\/blog\/index.php\/2016\/06\/22\/arrugas\/","og_locale":"es_ES","og_type":"article","og_title":"Arrugas, novela ilustrada y pel\u00edcula","og_description":"Arrugas","og_url":"https:\/\/www.inforesidencias.com\/blog\/index.php\/2016\/06\/22\/arrugas\/","og_site_name":"Blog Inforesidencias.com","article_publisher":"https:\/\/www.facebook.com\/Inforesidencias\/","article_author":"https:\/\/www.facebook.com\/josep.demarti","article_published_time":"2016-06-22T13:25:33+00:00","og_image":[{"width":305,"height":438,"url":"https:\/\/www.inforesidencias.com\/blog\/wp-content\/uploads\/2016\/06\/Captura-de-pantalla-2016-06-22-a-las-15.22.13.png","type":"image\/png"}],"author":"Josep de Mart\u00ed","twitter_card":"summary_large_image","twitter_creator":"@blog-ir","twitter_site":"@inforesidencias","twitter_misc":{"Escrito por":"Josep de Mart\u00ed","Tiempo de lectura":"4 minutos"},"schema":{"@context":"https:\/\/schema.org","@graph":[{"@type":"WebPage","@id":"https:\/\/www.inforesidencias.com\/blog\/index.php\/2016\/06\/22\/arrugas\/","url":"https:\/\/www.inforesidencias.com\/blog\/index.php\/2016\/06\/22\/arrugas\/","name":"Arrugas, novela ilustrada y pel\u00edcula","isPartOf":{"@id":"https:\/\/www.inforesidencias.com\/blog\/#website"},"datePublished":"2016-06-22T13:25:33+00:00","dateModified":"2016-06-22T13:25:33+00:00","author":{"@id":"https:\/\/www.inforesidencias.com\/blog\/#\/schema\/person\/9e146774d1eb3bc1c0316242a3898628"},"description":"Arrugas","breadcrumb":{"@id":"https:\/\/www.inforesidencias.com\/blog\/index.php\/2016\/06\/22\/arrugas\/#breadcrumb"},"inLanguage":"es","potentialAction":[{"@type":"ReadAction","target":["https:\/\/www.inforesidencias.com\/blog\/index.php\/2016\/06\/22\/arrugas\/"]}]},{"@type":"BreadcrumbList","@id":"https:\/\/www.inforesidencias.com\/blog\/index.php\/2016\/06\/22\/arrugas\/#breadcrumb","itemListElement":[{"@type":"ListItem","position":1,"name":"Home","item":"https:\/\/www.inforesidencias.com\/blog\/"},{"@type":"ListItem","position":2,"name":"Arrugas, un c\u00f3mic y una pel\u00edcula para acercarse a la vejez y al alzh\u00e9imer"}]},{"@type":"WebSite","@id":"https:\/\/www.inforesidencias.com\/blog\/#website","url":"https:\/\/www.inforesidencias.com\/blog\/","name":"Blog Inforesidencias.com","description":"El buscador de residencias de la 3\u00aa edad","potentialAction":[{"@type":"SearchAction","target":{"@type":"EntryPoint","urlTemplate":"https:\/\/www.inforesidencias.com\/blog\/?s={search_term_string}"},"query-input":"required name=search_term_string"}],"inLanguage":"es"},{"@type":"Person","@id":"https:\/\/www.inforesidencias.com\/blog\/#\/schema\/person\/9e146774d1eb3bc1c0316242a3898628","name":"Josep de Mart\u00ed","image":{"@type":"ImageObject","inLanguage":"es","@id":"https:\/\/www.inforesidencias.com\/blog\/#\/schema\/person\/image\/","url":"https:\/\/secure.gravatar.com\/avatar\/de0302c4806c00c4cebff396a798c1ff?s=96&d=mm&r=g","contentUrl":"https:\/\/secure.gravatar.com\/avatar\/de0302c4806c00c4cebff396a798c1ff?s=96&d=mm&r=g","caption":"Josep de Mart\u00ed"},"sameAs":["https:\/\/www.inforesidencias.com","https:\/\/www.facebook.com\/josep.demarti","https:\/\/twitter.com\/blog-ir"],"url":"https:\/\/www.inforesidencias.com\/blog\/index.php\/author\/josepdemarti\/"}]}},"_links":{"self":[{"href":"https:\/\/www.inforesidencias.com\/blog\/index.php\/wp-json\/wp\/v2\/posts\/741"}],"collection":[{"href":"https:\/\/www.inforesidencias.com\/blog\/index.php\/wp-json\/wp\/v2\/posts"}],"about":[{"href":"https:\/\/www.inforesidencias.com\/blog\/index.php\/wp-json\/wp\/v2\/types\/post"}],"author":[{"embeddable":true,"href":"https:\/\/www.inforesidencias.com\/blog\/index.php\/wp-json\/wp\/v2\/users\/2"}],"replies":[{"embeddable":true,"href":"https:\/\/www.inforesidencias.com\/blog\/index.php\/wp-json\/wp\/v2\/comments?post=741"}],"version-history":[{"count":2,"href":"https:\/\/www.inforesidencias.com\/blog\/index.php\/wp-json\/wp\/v2\/posts\/741\/revisions"}],"predecessor-version":[{"id":744,"href":"https:\/\/www.inforesidencias.com\/blog\/index.php\/wp-json\/wp\/v2\/posts\/741\/revisions\/744"}],"wp:featuredmedia":[{"embeddable":true,"href":"https:\/\/www.inforesidencias.com\/blog\/index.php\/wp-json\/wp\/v2\/media\/743"}],"wp:attachment":[{"href":"https:\/\/www.inforesidencias.com\/blog\/index.php\/wp-json\/wp\/v2\/media?parent=741"}],"wp:term":[{"taxonomy":"category","embeddable":true,"href":"https:\/\/www.inforesidencias.com\/blog\/index.php\/wp-json\/wp\/v2\/categories?post=741"},{"taxonomy":"post_tag","embeddable":true,"href":"https:\/\/www.inforesidencias.com\/blog\/index.php\/wp-json\/wp\/v2\/tags?post=741"}],"curies":[{"name":"wp","href":"https:\/\/api.w.org\/{rel}","templated":true}]}}