{"id":7419,"date":"2024-09-25T06:07:00","date_gmt":"2024-09-25T05:07:00","guid":{"rendered":"https:\/\/www.inforesidencias.com\/blog\/?p=7419"},"modified":"2024-09-16T12:25:51","modified_gmt":"2024-09-16T11:25:51","slug":"la-obesidad-en-personas-mayores-causas-y-consecuencias","status":"publish","type":"post","link":"https:\/\/www.inforesidencias.com\/blog\/index.php\/2024\/09\/25\/la-obesidad-en-personas-mayores-causas-y-consecuencias\/","title":{"rendered":"La obesidad en personas mayores. Causas y consecuencias"},"content":{"rendered":"\n<p>Los factores que causan sobrepeso en personas mayores no siempre son ni mucho menos los mismos que los que causan obesidad a la poblaci\u00f3n de otras franjas de edad. Veamos primero de todo las causas m\u00e1s habituales en la tercera edad.<\/p>\n\n\n\n<h2 class=\"wp-block-heading\">Causas m\u00e1s habituales<\/h2>\n\n\n\n<ul>\n<li><strong>Metabolismo m\u00e1s lento<\/strong>: Con el envejecimiento, el metabolismo basal disminuye, lo que significa que el cuerpo quema menos calor\u00edas en reposo. Si no se ajusta la ingesta cal\u00f3rica, es probable que se gane peso.<\/li>\n<\/ul>\n\n\n\n<ul>\n<li><strong>P\u00e9rdida de masa muscular<\/strong>: Con la edad, la masa muscular disminuye, un proceso conocido como <a href=\"https:\/\/www.inforesidencias.com\/blog\/index.php\/2018\/05\/22\/que-es-la-sarcopenia\/#:~:text=Con%20lo%20que%20tenemos%20una,lo%20cual%20pierde%20tambi%C3%A9n%20fuerza.\">sarcopenia<\/a>. Los m\u00fasculos queman m\u00e1s calor\u00edas que la grasa, por lo que esta p\u00e9rdida contribuye a un menor gasto energ\u00e9tico diario.<\/li>\n<\/ul>\n\n\n\n<ul>\n<li><strong>Menor actividad f\u00edsica<\/strong>: Muchas personas mayores reducen su nivel de actividad f\u00edsica debido a problemas de movilidad, fatiga o enfermedades cr\u00f3nicas, lo que puede llevar a un desequilibrio energ\u00e9tico.<\/li>\n<\/ul>\n\n\n\n<ul>\n<li><strong>Factores hormonales<\/strong>: Cambios hormonales asociados con el envejecimiento, como la disminuci\u00f3n de hormonas como el estr\u00f3geno y la testosterona, tambi\u00e9n pueden influir en la acumulaci\u00f3n de grasa corporal.<\/li>\n<\/ul>\n\n\n<div class=\"wp-block-image\">\n<figure class=\"alignright size-full is-resized\"><a href=\"https:\/\/www.inforesidencias.com\/blog\/wp-content\/uploads\/2024\/09\/obesidad-en-personas-mayores.jpg\"><img decoding=\"async\" loading=\"lazy\" width=\"722\" height=\"766\" src=\"https:\/\/www.inforesidencias.com\/blog\/wp-content\/uploads\/2024\/09\/obesidad-en-personas-mayores.jpg\" alt=\"\" class=\"wp-image-7421\" style=\"aspect-ratio:0.9425587467362925;width:249px;height:auto\" srcset=\"https:\/\/www.inforesidencias.com\/blog\/wp-content\/uploads\/2024\/09\/obesidad-en-personas-mayores.jpg 722w, https:\/\/www.inforesidencias.com\/blog\/wp-content\/uploads\/2024\/09\/obesidad-en-personas-mayores-283x300.jpg 283w\" sizes=\"(max-width: 722px) 100vw, 722px\" \/><\/a><\/figure><\/div>\n\n\n<ul>\n<li><strong>Medicamentos<\/strong>: Algunos medicamentos comunes entre las personas mayores, como los antidepresivos, esteroides o medicamentos para la hipertensi\u00f3n, pueden provocar un aumento de peso.<\/li>\n<\/ul>\n\n\n\n<p>De este modo, ya que nos hemos centrado en describir las casas espec\u00edficas  de obesidad en personas mayores, pasemos a desarrollar las consecuencias (tambi\u00e9n espec\u00edficas):<\/p>\n\n\n\n<ul>\n<li><strong>Enfermedades cardiovasculares<\/strong>: La obesidad es un factor de riesgo para la hipertensi\u00f3n, la enfermedad card\u00edaca y el accidente cerebrovascular, condiciones que son especialmente peligrosas en personas mayores.<\/li>\n<\/ul>\n\n\n\n<ul>\n<li><strong>Problemas articulares<\/strong>: El sobrepeso ejerce una presi\u00f3n adicional sobre las articulaciones, lo que puede acelerar la aparici\u00f3n o el empeoramiento de la osteoartritis, especialmente en las rodillas y las caderas.<\/li>\n<\/ul>\n\n\n\n<ul>\n<li><strong>Deterioro de la movilidad<\/strong>: La obesidad reduce la movilidad en las personas mayores, lo que puede limitar su capacidad para realizar actividades cotidianas y contribuir a un mayor aislamiento social y una menor calidad de vida.<\/li>\n<\/ul>\n\n\n\n<ul>\n<li><strong>Riesgo de ca\u00eddas<\/strong>: El exceso de peso puede afectar el equilibrio y la estabilidad, lo que incrementa el riesgo de ca\u00eddas, una de las principales causas de lesiones graves en los ancianos.<\/li>\n<\/ul>\n\n\n\n<p><\/p>\n\n\n\n<p>De este modo, para concluir, se podr\u00eda decir que ante la variedad de causas y consecuencias se deben implementar acciones que tengan en cuenta varios de estos factores para que la soluci\u00f3n tenga \u00e9xito y poder as\u00ed tener mejor condici\u00f3n de vida.<\/p>\n\n\n\n<h2 class=\"wp-block-heading\">Otros enlaces de inter\u00e9s<\/h2>\n\n\n\n<p>Relacionado con este articulo  de obesidad en personas mayores, te puede interesar:<\/p>\n\n\n\n<p>&#8211; <a href=\"https:\/\/youtu.be\/uTjXT8fwVHI\">residencia de mayores par personas obesas<\/a><\/p>\n\n\n\n<p>&#8211; <a href=\"https:\/\/www.inforesidencias.com\/centros\/buscador\">\u00bfbuscas una residencia de mayores para una persona encamada?<\/a><\/p>\n","protected":false},"excerpt":{"rendered":"<p>Los factores que causan sobrepeso en personas mayores no siempre son ni mucho menos los mismos que los que causan obesidad a la poblaci\u00f3n de otras franjas de edad. Veamos primero de todo las causas m\u00e1s habituales en la tercera edad. Causas m\u00e1s habituales De este modo, ya que nos hemos centrado en describir las casas espec\u00edficas de obesidad en personas mayores, pasemos a desarrollar las consecuencias (tambi\u00e9n espec\u00edficas): De este modo, para concluir, se podr\u00eda decir que ante la variedad de causas y consecuencias se deben implementar acciones que tengan en cuenta varios de estos factores para que la soluci\u00f3n tenga \u00e9xito y poder as\u00ed tener mejor condici\u00f3n de vida. Otros enlaces de inter\u00e9s Relacionado con este articulo de obesidad en personas mayores, te puede interesar: &#8211; residencia de mayores par personas obesas &#8211; \u00bfbuscas una residencia de mayores para una persona encamada?<\/p>\n","protected":false},"author":6,"featured_media":7421,"comment_status":"open","ping_status":"open","sticky":false,"template":"","format":"standard","meta":{"footnotes":""},"categories":[1],"tags":[],"yoast_head":"<!-- This site is optimized with the Yoast SEO plugin v21.7 - https:\/\/yoast.com\/wordpress\/plugins\/seo\/ -->\n<title>La obesidad en personas mayores. Causas y consecuencias - Blog Inforesidencias.com<\/title>\n<meta name=\"description\" content=\"Hablamos de las causas y consecuencias m\u00e1s comunes de la obesidad en personas mayores incluso cuando nunca antes se hab\u00eda tenido\" \/>\n<meta name=\"robots\" content=\"index, follow, max-snippet:-1, max-image-preview:large, max-video-preview:-1\" \/>\n<link rel=\"canonical\" href=\"https:\/\/www.inforesidencias.com\/blog\/index.php\/2024\/09\/25\/la-obesidad-en-personas-mayores-causas-y-consecuencias\/\" \/>\n<meta property=\"og:locale\" content=\"es_ES\" \/>\n<meta property=\"og:type\" content=\"article\" \/>\n<meta property=\"og:title\" content=\"La obesidad en personas mayores. Causas y consecuencias - Blog Inforesidencias.com\" \/>\n<meta property=\"og:description\" content=\"Hablamos de las causas y consecuencias m\u00e1s comunes de la obesidad en personas mayores incluso cuando nunca antes se hab\u00eda tenido\" \/>\n<meta property=\"og:url\" content=\"https:\/\/www.inforesidencias.com\/blog\/index.php\/2024\/09\/25\/la-obesidad-en-personas-mayores-causas-y-consecuencias\/\" \/>\n<meta property=\"og:site_name\" content=\"Blog Inforesidencias.com\" \/>\n<meta property=\"article:publisher\" content=\"https:\/\/www.facebook.com\/Inforesidencias\/\" \/>\n<meta property=\"article:published_time\" content=\"2024-09-25T05:07:00+00:00\" \/>\n<meta property=\"article:modified_time\" content=\"2024-09-16T11:25:51+00:00\" \/>\n<meta property=\"og:image\" content=\"https:\/\/www.inforesidencias.com\/blog\/wp-content\/uploads\/2024\/09\/obesidad-en-personas-mayores.jpg\" \/>\n\t<meta property=\"og:image:width\" content=\"722\" \/>\n\t<meta property=\"og:image:height\" content=\"766\" \/>\n\t<meta property=\"og:image:type\" content=\"image\/jpeg\" \/>\n<meta name=\"author\" content=\"Carles Reixach\" \/>\n<meta name=\"twitter:card\" content=\"summary_large_image\" \/>\n<meta name=\"twitter:creator\" content=\"@blog-ir\" \/>\n<meta name=\"twitter:site\" content=\"@inforesidencias\" \/>\n<meta name=\"twitter:label1\" content=\"Escrito por\" \/>\n\t<meta name=\"twitter:data1\" content=\"Carles Reixach\" \/>\n\t<meta name=\"twitter:label2\" content=\"Tiempo de lectura\" \/>\n\t<meta name=\"twitter:data2\" content=\"3 minutos\" \/>\n<script type=\"application\/ld+json\" class=\"yoast-schema-graph\">{\"@context\":\"https:\/\/schema.org\",\"@graph\":[{\"@type\":\"WebPage\",\"@id\":\"https:\/\/www.inforesidencias.com\/blog\/index.php\/2024\/09\/25\/la-obesidad-en-personas-mayores-causas-y-consecuencias\/\",\"url\":\"https:\/\/www.inforesidencias.com\/blog\/index.php\/2024\/09\/25\/la-obesidad-en-personas-mayores-causas-y-consecuencias\/\",\"name\":\"La obesidad en personas mayores. Causas y consecuencias - Blog Inforesidencias.com\",\"isPartOf\":{\"@id\":\"https:\/\/www.inforesidencias.com\/blog\/#website\"},\"datePublished\":\"2024-09-25T05:07:00+00:00\",\"dateModified\":\"2024-09-16T11:25:51+00:00\",\"author\":{\"@id\":\"https:\/\/www.inforesidencias.com\/blog\/#\/schema\/person\/90ec02c0eaf05c8c2260bd3cb30ff126\"},\"description\":\"Hablamos de las causas y consecuencias m\u00e1s comunes de la obesidad en personas mayores incluso cuando nunca antes se hab\u00eda tenido\",\"breadcrumb\":{\"@id\":\"https:\/\/www.inforesidencias.com\/blog\/index.php\/2024\/09\/25\/la-obesidad-en-personas-mayores-causas-y-consecuencias\/#breadcrumb\"},\"inLanguage\":\"es\",\"potentialAction\":[{\"@type\":\"ReadAction\",\"target\":[\"https:\/\/www.inforesidencias.com\/blog\/index.php\/2024\/09\/25\/la-obesidad-en-personas-mayores-causas-y-consecuencias\/\"]}]},{\"@type\":\"BreadcrumbList\",\"@id\":\"https:\/\/www.inforesidencias.com\/blog\/index.php\/2024\/09\/25\/la-obesidad-en-personas-mayores-causas-y-consecuencias\/#breadcrumb\",\"itemListElement\":[{\"@type\":\"ListItem\",\"position\":1,\"name\":\"Home\",\"item\":\"https:\/\/www.inforesidencias.com\/blog\/\"},{\"@type\":\"ListItem\",\"position\":2,\"name\":\"La obesidad en personas mayores. Causas y consecuencias\"}]},{\"@type\":\"WebSite\",\"@id\":\"https:\/\/www.inforesidencias.com\/blog\/#website\",\"url\":\"https:\/\/www.inforesidencias.com\/blog\/\",\"name\":\"Blog Inforesidencias.com\",\"description\":\"El buscador de residencias de la 3\u00aa edad\",\"potentialAction\":[{\"@type\":\"SearchAction\",\"target\":{\"@type\":\"EntryPoint\",\"urlTemplate\":\"https:\/\/www.inforesidencias.com\/blog\/?s={search_term_string}\"},\"query-input\":\"required name=search_term_string\"}],\"inLanguage\":\"es\"},{\"@type\":\"Person\",\"@id\":\"https:\/\/www.inforesidencias.com\/blog\/#\/schema\/person\/90ec02c0eaf05c8c2260bd3cb30ff126\",\"name\":\"Carles Reixach\",\"image\":{\"@type\":\"ImageObject\",\"inLanguage\":\"es\",\"@id\":\"https:\/\/www.inforesidencias.com\/blog\/#\/schema\/person\/image\/\",\"url\":\"https:\/\/secure.gravatar.com\/avatar\/fb527b07d09398462de613ba8a48e61f?s=96&d=mm&r=g\",\"contentUrl\":\"https:\/\/secure.gravatar.com\/avatar\/fb527b07d09398462de613ba8a48e61f?s=96&d=mm&r=g\",\"caption\":\"Carles Reixach\"},\"sameAs\":[\"https:\/\/twitter.com\/blog-ir\"],\"url\":\"https:\/\/www.inforesidencias.com\/blog\/index.php\/author\/carles\/\"}]}<\/script>\n<!-- \/ Yoast SEO plugin. -->","yoast_head_json":{"title":"La obesidad en personas mayores. Causas y consecuencias - Blog Inforesidencias.com","description":"Hablamos de las causas y consecuencias m\u00e1s comunes de la obesidad en personas mayores incluso cuando nunca antes se hab\u00eda tenido","robots":{"index":"index","follow":"follow","max-snippet":"max-snippet:-1","max-image-preview":"max-image-preview:large","max-video-preview":"max-video-preview:-1"},"canonical":"https:\/\/www.inforesidencias.com\/blog\/index.php\/2024\/09\/25\/la-obesidad-en-personas-mayores-causas-y-consecuencias\/","og_locale":"es_ES","og_type":"article","og_title":"La obesidad en personas mayores. Causas y consecuencias - Blog Inforesidencias.com","og_description":"Hablamos de las causas y consecuencias m\u00e1s comunes de la obesidad en personas mayores incluso cuando nunca antes se hab\u00eda tenido","og_url":"https:\/\/www.inforesidencias.com\/blog\/index.php\/2024\/09\/25\/la-obesidad-en-personas-mayores-causas-y-consecuencias\/","og_site_name":"Blog Inforesidencias.com","article_publisher":"https:\/\/www.facebook.com\/Inforesidencias\/","article_published_time":"2024-09-25T05:07:00+00:00","article_modified_time":"2024-09-16T11:25:51+00:00","og_image":[{"width":722,"height":766,"url":"https:\/\/www.inforesidencias.com\/blog\/wp-content\/uploads\/2024\/09\/obesidad-en-personas-mayores.jpg","type":"image\/jpeg"}],"author":"Carles Reixach","twitter_card":"summary_large_image","twitter_creator":"@blog-ir","twitter_site":"@inforesidencias","twitter_misc":{"Escrito por":"Carles Reixach","Tiempo de lectura":"3 minutos"},"schema":{"@context":"https:\/\/schema.org","@graph":[{"@type":"WebPage","@id":"https:\/\/www.inforesidencias.com\/blog\/index.php\/2024\/09\/25\/la-obesidad-en-personas-mayores-causas-y-consecuencias\/","url":"https:\/\/www.inforesidencias.com\/blog\/index.php\/2024\/09\/25\/la-obesidad-en-personas-mayores-causas-y-consecuencias\/","name":"La obesidad en personas mayores. Causas y consecuencias - Blog Inforesidencias.com","isPartOf":{"@id":"https:\/\/www.inforesidencias.com\/blog\/#website"},"datePublished":"2024-09-25T05:07:00+00:00","dateModified":"2024-09-16T11:25:51+00:00","author":{"@id":"https:\/\/www.inforesidencias.com\/blog\/#\/schema\/person\/90ec02c0eaf05c8c2260bd3cb30ff126"},"description":"Hablamos de las causas y consecuencias m\u00e1s comunes de la obesidad en personas mayores incluso cuando nunca antes se hab\u00eda tenido","breadcrumb":{"@id":"https:\/\/www.inforesidencias.com\/blog\/index.php\/2024\/09\/25\/la-obesidad-en-personas-mayores-causas-y-consecuencias\/#breadcrumb"},"inLanguage":"es","potentialAction":[{"@type":"ReadAction","target":["https:\/\/www.inforesidencias.com\/blog\/index.php\/2024\/09\/25\/la-obesidad-en-personas-mayores-causas-y-consecuencias\/"]}]},{"@type":"BreadcrumbList","@id":"https:\/\/www.inforesidencias.com\/blog\/index.php\/2024\/09\/25\/la-obesidad-en-personas-mayores-causas-y-consecuencias\/#breadcrumb","itemListElement":[{"@type":"ListItem","position":1,"name":"Home","item":"https:\/\/www.inforesidencias.com\/blog\/"},{"@type":"ListItem","position":2,"name":"La obesidad en personas mayores. Causas y consecuencias"}]},{"@type":"WebSite","@id":"https:\/\/www.inforesidencias.com\/blog\/#website","url":"https:\/\/www.inforesidencias.com\/blog\/","name":"Blog Inforesidencias.com","description":"El buscador de residencias de la 3\u00aa edad","potentialAction":[{"@type":"SearchAction","target":{"@type":"EntryPoint","urlTemplate":"https:\/\/www.inforesidencias.com\/blog\/?s={search_term_string}"},"query-input":"required name=search_term_string"}],"inLanguage":"es"},{"@type":"Person","@id":"https:\/\/www.inforesidencias.com\/blog\/#\/schema\/person\/90ec02c0eaf05c8c2260bd3cb30ff126","name":"Carles Reixach","image":{"@type":"ImageObject","inLanguage":"es","@id":"https:\/\/www.inforesidencias.com\/blog\/#\/schema\/person\/image\/","url":"https:\/\/secure.gravatar.com\/avatar\/fb527b07d09398462de613ba8a48e61f?s=96&d=mm&r=g","contentUrl":"https:\/\/secure.gravatar.com\/avatar\/fb527b07d09398462de613ba8a48e61f?s=96&d=mm&r=g","caption":"Carles Reixach"},"sameAs":["https:\/\/twitter.com\/blog-ir"],"url":"https:\/\/www.inforesidencias.com\/blog\/index.php\/author\/carles\/"}]}},"_links":{"self":[{"href":"https:\/\/www.inforesidencias.com\/blog\/index.php\/wp-json\/wp\/v2\/posts\/7419"}],"collection":[{"href":"https:\/\/www.inforesidencias.com\/blog\/index.php\/wp-json\/wp\/v2\/posts"}],"about":[{"href":"https:\/\/www.inforesidencias.com\/blog\/index.php\/wp-json\/wp\/v2\/types\/post"}],"author":[{"embeddable":true,"href":"https:\/\/www.inforesidencias.com\/blog\/index.php\/wp-json\/wp\/v2\/users\/6"}],"replies":[{"embeddable":true,"href":"https:\/\/www.inforesidencias.com\/blog\/index.php\/wp-json\/wp\/v2\/comments?post=7419"}],"version-history":[{"count":9,"href":"https:\/\/www.inforesidencias.com\/blog\/index.php\/wp-json\/wp\/v2\/posts\/7419\/revisions"}],"predecessor-version":[{"id":7429,"href":"https:\/\/www.inforesidencias.com\/blog\/index.php\/wp-json\/wp\/v2\/posts\/7419\/revisions\/7429"}],"wp:featuredmedia":[{"embeddable":true,"href":"https:\/\/www.inforesidencias.com\/blog\/index.php\/wp-json\/wp\/v2\/media\/7421"}],"wp:attachment":[{"href":"https:\/\/www.inforesidencias.com\/blog\/index.php\/wp-json\/wp\/v2\/media?parent=7419"}],"wp:term":[{"taxonomy":"category","embeddable":true,"href":"https:\/\/www.inforesidencias.com\/blog\/index.php\/wp-json\/wp\/v2\/categories?post=7419"},{"taxonomy":"post_tag","embeddable":true,"href":"https:\/\/www.inforesidencias.com\/blog\/index.php\/wp-json\/wp\/v2\/tags?post=7419"}],"curies":[{"name":"wp","href":"https:\/\/api.w.org\/{rel}","templated":true}]}}