{"id":748,"date":"2016-06-27T07:14:13","date_gmt":"2016-06-27T07:14:13","guid":{"rendered":"https:\/\/www.inforesidencias.com\/blog\/?p=748"},"modified":"2016-06-27T11:51:10","modified_gmt":"2016-06-27T11:51:10","slug":"residencias-de-mayores-en-suecia-la-vision-del-arquitecto-marc-trepat","status":"publish","type":"post","link":"https:\/\/www.inforesidencias.com\/blog\/index.php\/2016\/06\/27\/residencias-de-mayores-en-suecia-la-vision-del-arquitecto-marc-trepat\/","title":{"rendered":"Residencias de mayores en Suecia, la visi\u00f3n del arquitecto Marc Trepat"},"content":{"rendered":"<p><strong>Marc Trepat<\/strong>, un destacado arquitecto especializado en el dise\u00f1o de residencias de mayores asisti\u00f3 al \u00faltimo viaje geroasistencial que organizamos en Inforesidencias.com para conocer c\u00f3mo se atiende a la tercera edad en Suecia.<\/p>\n<p>Durante el viaje le pedimos que compartiese sus reflexiones con nosotros y \u00e9ste es el primero de los posts que vamos a dedicar a las mismas. \u00a0Muchas gracias Marc.<\/p>\n<p>Entre el 6 y el 10 de junio de 2016, viaj\u00e9 con Inforesidencias.com a Estocolmo para visitar centros de atenci\u00f3n a personas mayores y otros equipamientos y empresas relacionadas en la atenci\u00f3n a personas con demencia.<\/p>\n<p><a href=\"https:\/\/www.inforesidencias.com\/blog\/wp-content\/uploads\/2016\/06\/residencia-suecia1.jpg\"><img decoding=\"async\" loading=\"lazy\" class=\"size-full wp-image-750\" src=\"https:\/\/www.inforesidencias.com\/blog\/wp-content\/uploads\/2016\/06\/residencia-suecia1.jpg\" alt=\"Unidad de convivencia en residencia de ancianos en Estocolmo\" width=\"600\" height=\"270\" \/><\/a><\/p>\n<p>Las residencias de tercera edad funcionan como Unidades De ConvivenciaComo es habitual en este tipo de encuentros en los que se profundiza en la atenci\u00f3n a personas mayores, yo era el \u00fanico arquitecto. Mis compa\u00f1eros de viaje eran directores, gerentes y profesionales de residencias de diferentes partes de Espa\u00f1a, que me fueron de gran ayuda para entender las necesidades de las personas mayores con demencia ayud\u00e1ndome a ampliar mi conocimiento sobre c\u00f3mo, desde la arquitectura, podemos ayudar a su bienestar.<\/p>\n<p>Lo primero que sorprende a alguien que se dedica a la arquitectura para personas mayores, si comparo lo visto en Suecia con lo que tenemos en casa, es que las unidades son mucho m\u00e1s peque\u00f1as y por lo tanto los espacios comunes est\u00e1n en relaci\u00f3n, pero los apartamentos (lo que para nosotros ser\u00edan las habitaciones) son mucho mayores. Sin embargo, lo m\u00e1s impresionante es que en los espacios, en general, hay muy poca gente. Se respira una tranquilidad inaudita en comparaci\u00f3n a una residencia de nuestro pa\u00eds.<\/p>\n<h2>La Atenci\u00f3n Centrada en la Persona en residencias de tercera edad en Suecia<\/h2>\n<p>Est\u00e1 claro que en Suecia, el sistema ACP (Atenci\u00f3n centrada en la para-suena) est\u00e1 mucho m\u00e1s implementado. Esto es as\u00ed por un aspecto cultural de la propia sociedad sueca, y es el respeto que tienen por la libertad personal.<\/p>\n<p>Conceptos como \u201clos trabajadores son personas invitadas a casa de los abuelos\u201d o \u201chay que tener toda la informaci\u00f3n de la historia de la persona para facilitar que su vida dentro de la residencia sea lo m\u00e1s parecido a la vida que ha llevado hasta ahora \u201co\u201d hay que pedir permiso a la persona mayor para cualquier cosa que se le propone como por ejemplo: a qu\u00e9 hora se quiere levantar, \u00bfcu\u00e1ntas veces se quiere duchar a la semana, a qu\u00e9 hora quiere comer, qu\u00e9 le gusta comer o incluso, si quiere tomar la medicaci\u00f3n o quiere que le sujetemos a un sill\u00f3n para que no se caiga? \u201cson aspectos que llevan a extremos l\u00edmite lo que conocemos como\u201d Atenci\u00f3n Centrada en la Persona \u201c.<\/p>\n<p>Como arquitecto me han interesado mucho estos aspectos que me dan pistas sobre c\u00f3mo deben ser los entornos que necesitan residentes y trabajadores para conseguir el ambicioso objetivo de \u201cvivir como en casa\u201d, pero mi inter\u00e9s tambi\u00e9n se ha centrado, fundamentalmente, en c\u00f3mo son estas unidades, cu\u00e1les son los aspectos que ayudan a facilitar que se pueda mantener la historia de vida de las personas mayores.<\/p>\n<h2>Evoluci\u00f3n del sistema sueco de residencias de mayores<\/h2>\n<p>El modelo normativo establecido en Estocolmo para personas con demencia est\u00e1 fundamentado en unidades de un m\u00e1ximo de 9 personas, todas ellas en apartamentos individuales (o dobles en caso de parejas). Sin embargo, tambi\u00e9n hemos visitado otras unidades m\u00e1s grandes dependiendo del estado de las personas que viven en ella.<\/p>\n<p>Pero a este modelo no se ha llegado directamente, sino que como en todas partes, ha habido un proceso:<\/p>\n<ul>\n<li>1870-1945 Instituciones de car\u00e1cter total de gran dimensi\u00f3n.<\/li>\n<li>1945: Se construyen peque\u00f1as viviendas modernas para jubilados m\u00e1s, con barreras y servicios domiciliarios.<\/li>\n<li>1965-1975: Se crean viviendas adaptadas con servicios en cada barrio y plazas de la larga estancia en centros socio sanitarios para personas con grandes necesidades.<\/li>\n<li>1976 \u2013 Se inicia un proceso definitivo para la desintitucionalizaci\u00f3n.<\/li>\n<\/ul>\n<p>Fue el psiquiatra escandinavo Bengt Nirje, quien con su teor\u00eda \u201cThe Normalization Principle and Its Human Management implicaciones\u201d<a href=\"#_ftn1\" name=\"_ftnref1\">[1]<\/a> trabajando b\u00e1sicamente con personas con discapacidad intelectual, estableci\u00f3 que todas las personas deben poder vivir una vida normal. Las personas deben estar \u201corgullosas\u201d de su propia discapacidad. Las incapacidades, normalmente, pueden facilitar que se desarrollen otras capacidades superiores en otros aspectos. Es una evidencia que las personas ciegas desarrollan los otros sentidos de forma mucho m\u00e1s eficiente que las personas que disponemos de todos los 5 sentidos, por tanto unas discapacidades pueden incrementar otras capacidades.<\/p>\n<p>Esta teor\u00eda es la base de la cultura de la sociedad sueca y se aplica a todas las personas, tambi\u00e9n a las mayores con demencia. Mi percepci\u00f3n es que la sociedad sueca y por extensi\u00f3n la n\u00f3rdica, tiene una forma de ser que en muchos aspectos es mucho m\u00e1s comunitaria y en otros m\u00e1s individual. Me explico: son personas que tienen una cultura del compartir mucho mayor que la nuestra (la mediterr\u00e1nea). Su clima mucho m\u00e1s duro que el nuestro las hacen tener la necesidad de vivir m\u00e1s tiempo dentro de los edificios y de tener que compartir y ayudarse m\u00e1s, sobre todo en personas que viven fuera de las ciudades. Cuando est\u00e1s a treinta grados bajo cero y tienes un dolor de est\u00f3mago, tu \u00fanica manera de sobrevivir es que te ayude tu vecino. Por tanto, est\u00e1n mucho m\u00e1s acostumbrados a compartir, pero por otra parte, son muy celosos de su propia intimidad.<\/p>\n<p>Esto explica que las experiencia de co-housing sean muy extendidas, y por otra parte, los apartamentos o habitaciones de las unidades de demencia o de las viviendas tuteladas sean individuales.<\/p>\n<p>En el pr\u00f3ximo post prometo hablar de arquitectura<\/p>\n<p><a href=\"mailto:marc.trepat@bta.cat\">Marc Trepat Carbonell<\/a><br \/>\nArquitecto<\/p>\n<p>marc.trepat@bta.cat<\/p>\n<p><a href=\"#_ftnref1\" name=\"_ftn1\">[1]<\/a><a href=\"http:\/\/canonsociaalwerk.eu\/2008_inclusie\/The%20Normalization%20Principle%20and%20Its%20Human%20Management%20Implications.pdf\">http:\/\/canonsociaalwerk.eu\/2008_inclusie\/The%20Normalization%20Principle%20and%20Its%20Human%20Management%20Implications.pdf<\/a><\/p>\n<p>&nbsp;<\/p>\n","protected":false},"excerpt":{"rendered":"<p>Marc Trepat, un destacado arquitecto especializado en el dise\u00f1o de residencias de mayores asisti\u00f3 al \u00faltimo viaje geroasistencial que organizamos en Inforesidencias.com para conocer c\u00f3mo se atiende a la tercera edad en Suecia. Durante el viaje le pedimos que compartiese sus reflexiones con nosotros y \u00e9ste es el primero de los posts que vamos a dedicar a las mismas. \u00a0Muchas gracias Marc. Entre el 6 y el 10 de junio de 2016, viaj\u00e9 con Inforesidencias.com a Estocolmo para visitar centros de atenci\u00f3n a personas mayores y otros equipamientos y empresas relacionadas en la atenci\u00f3n a personas con demencia. Las residencias de tercera edad funcionan como Unidades De ConvivenciaComo es habitual en este tipo de encuentros en los que se profundiza en la atenci\u00f3n a personas mayores, yo era el \u00fanico arquitecto. Mis compa\u00f1eros de viaje eran directores, gerentes y profesionales de residencias de diferentes partes de Espa\u00f1a, que me fueron [&hellip;]<\/p>\n","protected":false},"author":2,"featured_media":639,"comment_status":"open","ping_status":"open","sticky":false,"template":"","format":"standard","meta":{"footnotes":""},"categories":[3,5,1],"tags":[],"yoast_head":"<!-- This site is optimized with the Yoast SEO plugin v21.7 - https:\/\/yoast.com\/wordpress\/plugins\/seo\/ -->\n<title>Residencias de mayores en Suecia, la visi\u00f3n del arquitecto Marc Trepat - Blog Inforesidencias.com<\/title>\n<meta name=\"description\" content=\"El arquitecto Marc Trepat comparte sus impresiones de arquitecto sobre el viaje geroasistencial a Suecia en el que visitamos residencias geri\u00e1tricias suecas\" \/>\n<meta name=\"robots\" content=\"index, follow, max-snippet:-1, max-image-preview:large, max-video-preview:-1\" \/>\n<link rel=\"canonical\" href=\"https:\/\/www.inforesidencias.com\/blog\/index.php\/2016\/06\/27\/residencias-de-mayores-en-suecia-la-vision-del-arquitecto-marc-trepat\/\" \/>\n<meta property=\"og:locale\" content=\"es_ES\" \/>\n<meta property=\"og:type\" content=\"article\" \/>\n<meta property=\"og:title\" content=\"Residencias de mayores en Suecia, la visi\u00f3n del arquitecto Marc Trepat - Blog Inforesidencias.com\" \/>\n<meta property=\"og:description\" content=\"El arquitecto Marc Trepat comparte sus impresiones de arquitecto sobre el viaje geroasistencial a Suecia en el que visitamos residencias geri\u00e1tricias suecas\" \/>\n<meta property=\"og:url\" content=\"https:\/\/www.inforesidencias.com\/blog\/index.php\/2016\/06\/27\/residencias-de-mayores-en-suecia-la-vision-del-arquitecto-marc-trepat\/\" \/>\n<meta property=\"og:site_name\" content=\"Blog Inforesidencias.com\" \/>\n<meta property=\"article:publisher\" content=\"https:\/\/www.facebook.com\/Inforesidencias\/\" \/>\n<meta property=\"article:author\" content=\"https:\/\/www.facebook.com\/josep.demarti\" \/>\n<meta property=\"article:published_time\" content=\"2016-06-27T07:14:13+00:00\" \/>\n<meta property=\"article:modified_time\" content=\"2016-06-27T11:51:10+00:00\" \/>\n<meta property=\"og:image\" content=\"https:\/\/www.inforesidencias.com\/blog\/wp-content\/uploads\/2016\/03\/marc-trepat.jpg\" \/>\n\t<meta property=\"og:image:width\" content=\"450\" \/>\n\t<meta property=\"og:image:height\" content=\"299\" \/>\n\t<meta property=\"og:image:type\" content=\"image\/jpeg\" \/>\n<meta name=\"author\" content=\"Josep de Mart\u00ed\" \/>\n<meta name=\"twitter:card\" content=\"summary_large_image\" \/>\n<meta name=\"twitter:creator\" content=\"@blog-ir\" \/>\n<meta name=\"twitter:site\" content=\"@inforesidencias\" \/>\n<meta name=\"twitter:label1\" content=\"Escrito por\" \/>\n\t<meta name=\"twitter:data1\" content=\"Josep de Mart\u00ed\" \/>\n\t<meta name=\"twitter:label2\" content=\"Tiempo de lectura\" \/>\n\t<meta name=\"twitter:data2\" content=\"5 minutos\" \/>\n<script type=\"application\/ld+json\" class=\"yoast-schema-graph\">{\"@context\":\"https:\/\/schema.org\",\"@graph\":[{\"@type\":\"WebPage\",\"@id\":\"https:\/\/www.inforesidencias.com\/blog\/index.php\/2016\/06\/27\/residencias-de-mayores-en-suecia-la-vision-del-arquitecto-marc-trepat\/\",\"url\":\"https:\/\/www.inforesidencias.com\/blog\/index.php\/2016\/06\/27\/residencias-de-mayores-en-suecia-la-vision-del-arquitecto-marc-trepat\/\",\"name\":\"Residencias de mayores en Suecia, la visi\u00f3n del arquitecto Marc Trepat - Blog Inforesidencias.com\",\"isPartOf\":{\"@id\":\"https:\/\/www.inforesidencias.com\/blog\/#website\"},\"datePublished\":\"2016-06-27T07:14:13+00:00\",\"dateModified\":\"2016-06-27T11:51:10+00:00\",\"author\":{\"@id\":\"https:\/\/www.inforesidencias.com\/blog\/#\/schema\/person\/9e146774d1eb3bc1c0316242a3898628\"},\"description\":\"El arquitecto Marc Trepat comparte sus impresiones de arquitecto sobre el viaje geroasistencial a Suecia en el que visitamos residencias geri\u00e1tricias suecas\",\"breadcrumb\":{\"@id\":\"https:\/\/www.inforesidencias.com\/blog\/index.php\/2016\/06\/27\/residencias-de-mayores-en-suecia-la-vision-del-arquitecto-marc-trepat\/#breadcrumb\"},\"inLanguage\":\"es\",\"potentialAction\":[{\"@type\":\"ReadAction\",\"target\":[\"https:\/\/www.inforesidencias.com\/blog\/index.php\/2016\/06\/27\/residencias-de-mayores-en-suecia-la-vision-del-arquitecto-marc-trepat\/\"]}]},{\"@type\":\"BreadcrumbList\",\"@id\":\"https:\/\/www.inforesidencias.com\/blog\/index.php\/2016\/06\/27\/residencias-de-mayores-en-suecia-la-vision-del-arquitecto-marc-trepat\/#breadcrumb\",\"itemListElement\":[{\"@type\":\"ListItem\",\"position\":1,\"name\":\"Home\",\"item\":\"https:\/\/www.inforesidencias.com\/blog\/\"},{\"@type\":\"ListItem\",\"position\":2,\"name\":\"Residencias de mayores en Suecia, la visi\u00f3n del arquitecto Marc Trepat\"}]},{\"@type\":\"WebSite\",\"@id\":\"https:\/\/www.inforesidencias.com\/blog\/#website\",\"url\":\"https:\/\/www.inforesidencias.com\/blog\/\",\"name\":\"Blog Inforesidencias.com\",\"description\":\"El buscador de residencias de la 3\u00aa edad\",\"potentialAction\":[{\"@type\":\"SearchAction\",\"target\":{\"@type\":\"EntryPoint\",\"urlTemplate\":\"https:\/\/www.inforesidencias.com\/blog\/?s={search_term_string}\"},\"query-input\":\"required name=search_term_string\"}],\"inLanguage\":\"es\"},{\"@type\":\"Person\",\"@id\":\"https:\/\/www.inforesidencias.com\/blog\/#\/schema\/person\/9e146774d1eb3bc1c0316242a3898628\",\"name\":\"Josep de Mart\u00ed\",\"image\":{\"@type\":\"ImageObject\",\"inLanguage\":\"es\",\"@id\":\"https:\/\/www.inforesidencias.com\/blog\/#\/schema\/person\/image\/\",\"url\":\"https:\/\/secure.gravatar.com\/avatar\/de0302c4806c00c4cebff396a798c1ff?s=96&d=mm&r=g\",\"contentUrl\":\"https:\/\/secure.gravatar.com\/avatar\/de0302c4806c00c4cebff396a798c1ff?s=96&d=mm&r=g\",\"caption\":\"Josep de Mart\u00ed\"},\"sameAs\":[\"https:\/\/www.inforesidencias.com\",\"https:\/\/www.facebook.com\/josep.demarti\",\"https:\/\/twitter.com\/blog-ir\"],\"url\":\"https:\/\/www.inforesidencias.com\/blog\/index.php\/author\/josepdemarti\/\"}]}<\/script>\n<!-- \/ Yoast SEO plugin. -->","yoast_head_json":{"title":"Residencias de mayores en Suecia, la visi\u00f3n del arquitecto Marc Trepat - Blog Inforesidencias.com","description":"El arquitecto Marc Trepat comparte sus impresiones de arquitecto sobre el viaje geroasistencial a Suecia en el que visitamos residencias geri\u00e1tricias suecas","robots":{"index":"index","follow":"follow","max-snippet":"max-snippet:-1","max-image-preview":"max-image-preview:large","max-video-preview":"max-video-preview:-1"},"canonical":"https:\/\/www.inforesidencias.com\/blog\/index.php\/2016\/06\/27\/residencias-de-mayores-en-suecia-la-vision-del-arquitecto-marc-trepat\/","og_locale":"es_ES","og_type":"article","og_title":"Residencias de mayores en Suecia, la visi\u00f3n del arquitecto Marc Trepat - Blog Inforesidencias.com","og_description":"El arquitecto Marc Trepat comparte sus impresiones de arquitecto sobre el viaje geroasistencial a Suecia en el que visitamos residencias geri\u00e1tricias suecas","og_url":"https:\/\/www.inforesidencias.com\/blog\/index.php\/2016\/06\/27\/residencias-de-mayores-en-suecia-la-vision-del-arquitecto-marc-trepat\/","og_site_name":"Blog Inforesidencias.com","article_publisher":"https:\/\/www.facebook.com\/Inforesidencias\/","article_author":"https:\/\/www.facebook.com\/josep.demarti","article_published_time":"2016-06-27T07:14:13+00:00","article_modified_time":"2016-06-27T11:51:10+00:00","og_image":[{"width":450,"height":299,"url":"https:\/\/www.inforesidencias.com\/blog\/wp-content\/uploads\/2016\/03\/marc-trepat.jpg","type":"image\/jpeg"}],"author":"Josep de Mart\u00ed","twitter_card":"summary_large_image","twitter_creator":"@blog-ir","twitter_site":"@inforesidencias","twitter_misc":{"Escrito por":"Josep de Mart\u00ed","Tiempo de lectura":"5 minutos"},"schema":{"@context":"https:\/\/schema.org","@graph":[{"@type":"WebPage","@id":"https:\/\/www.inforesidencias.com\/blog\/index.php\/2016\/06\/27\/residencias-de-mayores-en-suecia-la-vision-del-arquitecto-marc-trepat\/","url":"https:\/\/www.inforesidencias.com\/blog\/index.php\/2016\/06\/27\/residencias-de-mayores-en-suecia-la-vision-del-arquitecto-marc-trepat\/","name":"Residencias de mayores en Suecia, la visi\u00f3n del arquitecto Marc Trepat - Blog Inforesidencias.com","isPartOf":{"@id":"https:\/\/www.inforesidencias.com\/blog\/#website"},"datePublished":"2016-06-27T07:14:13+00:00","dateModified":"2016-06-27T11:51:10+00:00","author":{"@id":"https:\/\/www.inforesidencias.com\/blog\/#\/schema\/person\/9e146774d1eb3bc1c0316242a3898628"},"description":"El arquitecto Marc Trepat comparte sus impresiones de arquitecto sobre el viaje geroasistencial a Suecia en el que visitamos residencias geri\u00e1tricias suecas","breadcrumb":{"@id":"https:\/\/www.inforesidencias.com\/blog\/index.php\/2016\/06\/27\/residencias-de-mayores-en-suecia-la-vision-del-arquitecto-marc-trepat\/#breadcrumb"},"inLanguage":"es","potentialAction":[{"@type":"ReadAction","target":["https:\/\/www.inforesidencias.com\/blog\/index.php\/2016\/06\/27\/residencias-de-mayores-en-suecia-la-vision-del-arquitecto-marc-trepat\/"]}]},{"@type":"BreadcrumbList","@id":"https:\/\/www.inforesidencias.com\/blog\/index.php\/2016\/06\/27\/residencias-de-mayores-en-suecia-la-vision-del-arquitecto-marc-trepat\/#breadcrumb","itemListElement":[{"@type":"ListItem","position":1,"name":"Home","item":"https:\/\/www.inforesidencias.com\/blog\/"},{"@type":"ListItem","position":2,"name":"Residencias de mayores en Suecia, la visi\u00f3n del arquitecto Marc Trepat"}]},{"@type":"WebSite","@id":"https:\/\/www.inforesidencias.com\/blog\/#website","url":"https:\/\/www.inforesidencias.com\/blog\/","name":"Blog Inforesidencias.com","description":"El buscador de residencias de la 3\u00aa edad","potentialAction":[{"@type":"SearchAction","target":{"@type":"EntryPoint","urlTemplate":"https:\/\/www.inforesidencias.com\/blog\/?s={search_term_string}"},"query-input":"required name=search_term_string"}],"inLanguage":"es"},{"@type":"Person","@id":"https:\/\/www.inforesidencias.com\/blog\/#\/schema\/person\/9e146774d1eb3bc1c0316242a3898628","name":"Josep de Mart\u00ed","image":{"@type":"ImageObject","inLanguage":"es","@id":"https:\/\/www.inforesidencias.com\/blog\/#\/schema\/person\/image\/","url":"https:\/\/secure.gravatar.com\/avatar\/de0302c4806c00c4cebff396a798c1ff?s=96&d=mm&r=g","contentUrl":"https:\/\/secure.gravatar.com\/avatar\/de0302c4806c00c4cebff396a798c1ff?s=96&d=mm&r=g","caption":"Josep de Mart\u00ed"},"sameAs":["https:\/\/www.inforesidencias.com","https:\/\/www.facebook.com\/josep.demarti","https:\/\/twitter.com\/blog-ir"],"url":"https:\/\/www.inforesidencias.com\/blog\/index.php\/author\/josepdemarti\/"}]}},"_links":{"self":[{"href":"https:\/\/www.inforesidencias.com\/blog\/index.php\/wp-json\/wp\/v2\/posts\/748"}],"collection":[{"href":"https:\/\/www.inforesidencias.com\/blog\/index.php\/wp-json\/wp\/v2\/posts"}],"about":[{"href":"https:\/\/www.inforesidencias.com\/blog\/index.php\/wp-json\/wp\/v2\/types\/post"}],"author":[{"embeddable":true,"href":"https:\/\/www.inforesidencias.com\/blog\/index.php\/wp-json\/wp\/v2\/users\/2"}],"replies":[{"embeddable":true,"href":"https:\/\/www.inforesidencias.com\/blog\/index.php\/wp-json\/wp\/v2\/comments?post=748"}],"version-history":[{"count":5,"href":"https:\/\/www.inforesidencias.com\/blog\/index.php\/wp-json\/wp\/v2\/posts\/748\/revisions"}],"predecessor-version":[{"id":758,"href":"https:\/\/www.inforesidencias.com\/blog\/index.php\/wp-json\/wp\/v2\/posts\/748\/revisions\/758"}],"wp:featuredmedia":[{"embeddable":true,"href":"https:\/\/www.inforesidencias.com\/blog\/index.php\/wp-json\/wp\/v2\/media\/639"}],"wp:attachment":[{"href":"https:\/\/www.inforesidencias.com\/blog\/index.php\/wp-json\/wp\/v2\/media?parent=748"}],"wp:term":[{"taxonomy":"category","embeddable":true,"href":"https:\/\/www.inforesidencias.com\/blog\/index.php\/wp-json\/wp\/v2\/categories?post=748"},{"taxonomy":"post_tag","embeddable":true,"href":"https:\/\/www.inforesidencias.com\/blog\/index.php\/wp-json\/wp\/v2\/tags?post=748"}],"curies":[{"name":"wp","href":"https:\/\/api.w.org\/{rel}","templated":true}]}}