{"id":7553,"date":"2024-12-31T08:29:00","date_gmt":"2024-12-31T07:29:00","guid":{"rendered":"https:\/\/www.inforesidencias.com\/blog\/?p=7553"},"modified":"2024-12-24T12:50:26","modified_gmt":"2024-12-24T11:50:26","slug":"que-es-una-estancia-temporal-en-una-residencia-de-personas-mayores","status":"publish","type":"post","link":"https:\/\/www.inforesidencias.com\/blog\/index.php\/2024\/12\/31\/que-es-una-estancia-temporal-en-una-residencia-de-personas-mayores\/","title":{"rendered":"Qu\u00e9 es una estancia temporal en una residencia de personas mayores"},"content":{"rendered":"\n<p>En nuestra l\u00ednea de aclarar conceptos relacionados con el \u00e1mbito de las personas mayores, de su cuidado o atenci\u00f3n o de las residencias y dem\u00e1s servicios del sector, hoy hablamos de las \u00abestancias temporales\u00bb. Hay personas que nos trasladan que este t\u00e9rmino les puede suscitar alguna duda. Por eso, en Inforesidencias.com creemos oportuno explicar&nbsp;<strong>qu\u00e9 es una estancia temporal en una residencia de personas mayores<\/strong>.<\/p>\n\n\n<div class=\"wp-block-image\">\n<figure class=\"alignright size-full is-resized\"><a href=\"https:\/\/www.inforesidencias.com\/blog\/wp-content\/uploads\/2024\/12\/residencias-estancia-temporal.jpg\"><img decoding=\"async\" loading=\"lazy\" width=\"919\" height=\"693\" src=\"https:\/\/www.inforesidencias.com\/blog\/wp-content\/uploads\/2024\/12\/residencias-estancia-temporal.jpg\" alt=\"\" class=\"wp-image-7554\" style=\"aspect-ratio:1.326118326118326;width:269px;height:auto\" srcset=\"https:\/\/www.inforesidencias.com\/blog\/wp-content\/uploads\/2024\/12\/residencias-estancia-temporal.jpg 919w, https:\/\/www.inforesidencias.com\/blog\/wp-content\/uploads\/2024\/12\/residencias-estancia-temporal-300x226.jpg 300w, https:\/\/www.inforesidencias.com\/blog\/wp-content\/uploads\/2024\/12\/residencias-estancia-temporal-768x579.jpg 768w\" sizes=\"(max-width: 919px) 100vw, 919px\" \/><\/a><\/figure><\/div>\n\n\n<p>Para clarar,&nbsp;una estancia temporal en una residencia de personas mayores se refiere a un periodo limitado de tiempo en el que una persona mayor reside en un centro geri\u00e1trico. Generalmente, durante estas estancias, la persona recibe los mismos cuidados y servicios que los residentes permanentes. Esto incluye alojamiento, alimentaci\u00f3n, atenci\u00f3n m\u00e9dica y actividades recreativas.<\/p>\n\n\n\n<p>Las estancias pueden ser tan cortas como unos d\u00edas (fines de semana) o extenderse por semanas o meses.&nbsp;Algunas residencias ofrecen programas espec\u00edficos para ciertas necesidades, como rehabilitaci\u00f3n postquir\u00fargica o estancias de verano\/invierno. Puede requerirse este servicio porque la familia cuidadora necesite ausentarse del domicilio y no pueda atender a la persona mayor. No tiene que ser, necesariamente, por una recuperaci\u00f3n m\u00e9dica, como hemos explicado en el caso de los <a href=\"https:\/\/www.inforesidencias.com\/blog\/index.php\/2024\/11\/01\/que-es-un-centro-de-cuidados-intermedios\/\" target=\"_blank\" rel=\"noreferrer noopener\">centros residenciales de cuidados intermedios<\/a>.<\/p>\n\n\n\n<p>Los precios suelen depender del nivel de atenci\u00f3n requerido, los servicios incluidos y la duraci\u00f3n de la estancia. En algunos casos, los usuarios pueden acceder a subvenciones o apoyos econ\u00f3micos, como los previstos en la Ley de Dependencia.<\/p>\n\n\n\n<p>En cualquier caso, estas estancias temporales en residencias de personas mayores suelen tener diversos objetivos y beneficios, como:<\/p>\n\n\n\n<p><strong>&#8211; Alivio para cuidadores familiares<\/strong>: Ofrecen un respiro a los cuidadores principales, quienes pueden necesitar un descanso por vacaciones, motivos de salud o necesidades personales.<\/p>\n\n\n\n<p><strong>&#8211; Recuperaci\u00f3n o rehabilitaci\u00f3n<\/strong>: Las estancias temporales pueden estar orientadas a la recuperaci\u00f3n tras una hospitalizaci\u00f3n, una cirug\u00eda o alguna enfermedad, proporcionando atenci\u00f3n m\u00e9dica y terapias espec\u00edficas.<\/p>\n\n\n\n<p><strong>&#8211; Prueba de adaptaci\u00f3n<\/strong>: Permiten que la persona mayor y su familia eval\u00faen si una residencia puede ser adecuada para una estancia permanente en el futuro.<\/p>\n\n\n\n<p><strong>&#8211; Atenci\u00f3n en per\u00edodos espec\u00edficos<\/strong>: Algunas familias optan por este servicio en \u00e9pocas concretas, como verano o Navidad, cuando pueden tener dificultades para proporcionar atenci\u00f3n en el hogar.<\/p>\n\n\n\n<p>M\u00e1s informaci\u00f3n \u00fatil para usuarios y familiares interesados en las estancias temporales en residencias de mayores:<\/p>\n\n\n\n<h2 class=\"wp-block-heading\"><strong>Ventajas de las estancias temporales para las personas mayores<\/strong><\/h2>\n\n\n\n<ul>\n<li><strong>Socializaci\u00f3n<\/strong>: Les permite interactuar con otras personas mayores, participando en actividades grupales que fomentan el bienestar emocional y previenen el aislamiento.<\/li>\n\n\n\n<li><strong>Atenci\u00f3n personalizada<\/strong>: Reciben cuidados adaptados a sus necesidades f\u00edsicas, cognitivas o emocionales durante su estancia.<\/li>\n\n\n\n<li><strong>Seguimiento profesional<\/strong>: Acceso a equipos m\u00e9dicos, fisioterapeutas y otros profesionales para mejorar o mantener su calidad de vida.<\/li>\n<\/ul>\n\n\n\n<h2 class=\"wp-block-heading\"><strong>Ventajas para las familias<\/strong><\/h2>\n\n\n\n<ul>\n<li><strong>Flexibilidad<\/strong>: Brinda tiempo y tranquilidad a los familiares cuidadores que necesitan descansar o atender otras responsabilidades.<\/li>\n\n\n\n<li><strong>Evaluaci\u00f3n del servicio<\/strong>: Permite comprobar la calidad de la atenci\u00f3n en una residencia antes de considerar una estancia permanente.<\/li>\n<\/ul>\n\n\n\n<h2 class=\"wp-block-heading\"><strong>Criterios a valorar antes de elegir una estancia temporal<\/strong><\/h2>\n\n\n\n<ol>\n<li><strong>Proximidad<\/strong>: Escoger una residencia cerca del entorno familiar puede facilitar las visitas y la adaptaci\u00f3n.<\/li>\n\n\n\n<li><strong>Calidad de los servicios<\/strong>: Revisar la alimentaci\u00f3n, el personal sanitario disponible, las actividades ofrecidas y la accesibilidad del lugar.<\/li>\n\n\n\n<li><strong>Opiniones y recomendaciones<\/strong>: Informarse sobre la reputaci\u00f3n de la residencia mediante referencias o plataformas como <strong>Inforesidencias.com<\/strong> o <a href=\"https:\/\/dependencia.info\/\" target=\"_blank\" rel=\"noreferrer noopener\"><strong>Dependencia.info<\/strong><\/a>.<\/li>\n\n\n\n<li><strong>Condiciones contractuales<\/strong>: Leer detenidamente el contrato, incluyendo aspectos como cancelaciones, reembolsos y servicios incluidos en el coste.<\/li>\n<\/ol>\n\n\n\n<h2 class=\"wp-block-heading\"><strong>Preguntas clave que los familiares deben plantear al centro<\/strong><\/h2>\n\n\n\n<ul>\n<li>\u00bfQu\u00e9 tipo de actividades o terapias ofrece la residencia durante la estancia temporal?<\/li>\n\n\n\n<li>\u00bfEst\u00e1 garantizada la continuidad del cuidado m\u00e9dico necesario?<\/li>\n\n\n\n<li>\u00bfQu\u00e9 medidas de seguridad e higiene se aplican en la residencia?<\/li>\n\n\n\n<li>\u00bfC\u00f3mo se gestiona la adaptaci\u00f3n emocional del usuario durante la estancia?<\/li>\n<\/ul>\n\n\n\n<p>Como decimos siempre, si le ha resultado \u00fatil saber&nbsp;qu\u00e9 es una estancia temporal en una residencia de personas mayores, es probable que tambi\u00e9n le pueda interesar esta otra informaci\u00f3n:<\/p>\n\n\n\n<ul>\n<li><a href=\"https:\/\/www.inforesidencias.com\/blog\/index.php\/2024\/07\/26\/como-ayuda-una-residencia-de-personas-mayores-al-respiro-familiar\/\" target=\"_blank\" rel=\"noreferrer noopener\">\u00bfC\u00f3mo ayuda una residencia de personas mayores al respiro familiar?<\/a><\/li>\n<\/ul>\n\n\n\n<ul>\n<li><a href=\"https:\/\/www.inforesidencias.com\/centros\/buscador\/directorio\/grupos\">Lista de grupos de residencias de mayores a las que poder preguntar si tienen estancias temporales<\/a><\/li>\n\n\n\n<li><a href=\"https:\/\/cuidadores.unir.net\/respiro-familiar\" target=\"_blank\" rel=\"noreferrer noopener\">Los programas de respiro familiar en residencias<\/a><\/li>\n<\/ul>\n","protected":false},"excerpt":{"rendered":"<p>En nuestra l\u00ednea de aclarar conceptos relacionados con el \u00e1mbito de las personas mayores, de su cuidado o atenci\u00f3n o de las residencias y dem\u00e1s servicios del sector, hoy hablamos de las \u00abestancias temporales\u00bb. Hay personas que nos trasladan que este t\u00e9rmino les puede suscitar alguna duda. Por eso, en Inforesidencias.com creemos oportuno explicar&nbsp;qu\u00e9 es una estancia temporal en una residencia de personas mayores. Para clarar,&nbsp;una estancia temporal en una residencia de personas mayores se refiere a un periodo limitado de tiempo en el que una persona mayor reside en un centro geri\u00e1trico. Generalmente, durante estas estancias, la persona recibe los mismos cuidados y servicios que los residentes permanentes. Esto incluye alojamiento, alimentaci\u00f3n, atenci\u00f3n m\u00e9dica y actividades recreativas. Las estancias pueden ser tan cortas como unos d\u00edas (fines de semana) o extenderse por semanas o meses.&nbsp;Algunas residencias ofrecen programas espec\u00edficos para ciertas necesidades, como rehabilitaci\u00f3n postquir\u00fargica o estancias de verano\/invierno. [&hellip;]<\/p>\n","protected":false},"author":7,"featured_media":7554,"comment_status":"open","ping_status":"open","sticky":false,"template":"","format":"standard","meta":{"footnotes":""},"categories":[1],"tags":[],"yoast_head":"<!-- This site is optimized with the Yoast SEO plugin v21.7 - https:\/\/yoast.com\/wordpress\/plugins\/seo\/ -->\n<title>Qu\u00e9 es una estancia temporal en una residencia de personas mayores - Blog Inforesidencias.com<\/title>\n<meta name=\"description\" content=\"Qu\u00e9 es una estancia temporal en una residencia de personas mayores y qu\u00e9 ventajas y beneficios aporta al usuario y las familias.\" \/>\n<meta name=\"robots\" content=\"index, follow, max-snippet:-1, max-image-preview:large, max-video-preview:-1\" \/>\n<link rel=\"canonical\" href=\"https:\/\/www.inforesidencias.com\/blog\/index.php\/2024\/12\/31\/que-es-una-estancia-temporal-en-una-residencia-de-personas-mayores\/\" \/>\n<meta property=\"og:locale\" content=\"es_ES\" \/>\n<meta property=\"og:type\" content=\"article\" \/>\n<meta property=\"og:title\" content=\"Qu\u00e9 es una estancia temporal en una residencia de personas mayores - Blog Inforesidencias.com\" \/>\n<meta property=\"og:description\" content=\"Qu\u00e9 es una estancia temporal en una residencia de personas mayores y qu\u00e9 ventajas y beneficios aporta al usuario y las familias.\" \/>\n<meta property=\"og:url\" content=\"https:\/\/www.inforesidencias.com\/blog\/index.php\/2024\/12\/31\/que-es-una-estancia-temporal-en-una-residencia-de-personas-mayores\/\" \/>\n<meta property=\"og:site_name\" content=\"Blog Inforesidencias.com\" \/>\n<meta property=\"article:publisher\" content=\"https:\/\/www.facebook.com\/Inforesidencias\/\" \/>\n<meta property=\"article:published_time\" content=\"2024-12-31T07:29:00+00:00\" \/>\n<meta property=\"article:modified_time\" content=\"2024-12-24T11:50:26+00:00\" \/>\n<meta property=\"og:image\" content=\"https:\/\/www.inforesidencias.com\/blog\/wp-content\/uploads\/2024\/12\/residencias-estancia-temporal.jpg\" \/>\n\t<meta property=\"og:image:width\" content=\"919\" \/>\n\t<meta property=\"og:image:height\" content=\"693\" \/>\n\t<meta property=\"og:image:type\" content=\"image\/jpeg\" \/>\n<meta name=\"author\" content=\"Inforesidencias.com\" \/>\n<meta name=\"twitter:card\" content=\"summary_large_image\" \/>\n<meta name=\"twitter:creator\" content=\"@inforesidencias\" \/>\n<meta name=\"twitter:site\" content=\"@inforesidencias\" \/>\n<meta name=\"twitter:label1\" content=\"Escrito por\" \/>\n\t<meta name=\"twitter:data1\" content=\"Inforesidencias.com\" \/>\n\t<meta name=\"twitter:label2\" content=\"Tiempo de lectura\" \/>\n\t<meta name=\"twitter:data2\" content=\"4 minutos\" \/>\n<script type=\"application\/ld+json\" class=\"yoast-schema-graph\">{\"@context\":\"https:\/\/schema.org\",\"@graph\":[{\"@type\":\"WebPage\",\"@id\":\"https:\/\/www.inforesidencias.com\/blog\/index.php\/2024\/12\/31\/que-es-una-estancia-temporal-en-una-residencia-de-personas-mayores\/\",\"url\":\"https:\/\/www.inforesidencias.com\/blog\/index.php\/2024\/12\/31\/que-es-una-estancia-temporal-en-una-residencia-de-personas-mayores\/\",\"name\":\"Qu\u00e9 es una estancia temporal en una residencia de personas mayores - Blog Inforesidencias.com\",\"isPartOf\":{\"@id\":\"https:\/\/www.inforesidencias.com\/blog\/#website\"},\"datePublished\":\"2024-12-31T07:29:00+00:00\",\"dateModified\":\"2024-12-24T11:50:26+00:00\",\"author\":{\"@id\":\"https:\/\/www.inforesidencias.com\/blog\/#\/schema\/person\/4137928ac9e11813f9d22c7eca99e8c6\"},\"description\":\"Qu\u00e9 es una estancia temporal en una residencia de personas mayores y qu\u00e9 ventajas y beneficios aporta al usuario y las familias.\",\"breadcrumb\":{\"@id\":\"https:\/\/www.inforesidencias.com\/blog\/index.php\/2024\/12\/31\/que-es-una-estancia-temporal-en-una-residencia-de-personas-mayores\/#breadcrumb\"},\"inLanguage\":\"es\",\"potentialAction\":[{\"@type\":\"ReadAction\",\"target\":[\"https:\/\/www.inforesidencias.com\/blog\/index.php\/2024\/12\/31\/que-es-una-estancia-temporal-en-una-residencia-de-personas-mayores\/\"]}]},{\"@type\":\"BreadcrumbList\",\"@id\":\"https:\/\/www.inforesidencias.com\/blog\/index.php\/2024\/12\/31\/que-es-una-estancia-temporal-en-una-residencia-de-personas-mayores\/#breadcrumb\",\"itemListElement\":[{\"@type\":\"ListItem\",\"position\":1,\"name\":\"Home\",\"item\":\"https:\/\/www.inforesidencias.com\/blog\/\"},{\"@type\":\"ListItem\",\"position\":2,\"name\":\"Qu\u00e9 es una estancia temporal en una residencia de personas mayores\"}]},{\"@type\":\"WebSite\",\"@id\":\"https:\/\/www.inforesidencias.com\/blog\/#website\",\"url\":\"https:\/\/www.inforesidencias.com\/blog\/\",\"name\":\"Blog Inforesidencias.com\",\"description\":\"El buscador de residencias de la 3\u00aa edad\",\"potentialAction\":[{\"@type\":\"SearchAction\",\"target\":{\"@type\":\"EntryPoint\",\"urlTemplate\":\"https:\/\/www.inforesidencias.com\/blog\/?s={search_term_string}\"},\"query-input\":\"required name=search_term_string\"}],\"inLanguage\":\"es\"},{\"@type\":\"Person\",\"@id\":\"https:\/\/www.inforesidencias.com\/blog\/#\/schema\/person\/4137928ac9e11813f9d22c7eca99e8c6\",\"name\":\"Inforesidencias.com\",\"image\":{\"@type\":\"ImageObject\",\"inLanguage\":\"es\",\"@id\":\"https:\/\/www.inforesidencias.com\/blog\/#\/schema\/person\/image\/\",\"url\":\"https:\/\/secure.gravatar.com\/avatar\/2092a1175202f080ba451797bc271678?s=96&d=mm&r=g\",\"contentUrl\":\"https:\/\/secure.gravatar.com\/avatar\/2092a1175202f080ba451797bc271678?s=96&d=mm&r=g\",\"caption\":\"Inforesidencias.com\"},\"url\":\"https:\/\/www.inforesidencias.com\/blog\/index.php\/author\/javier-camara\/\"}]}<\/script>\n<!-- \/ Yoast SEO plugin. -->","yoast_head_json":{"title":"Qu\u00e9 es una estancia temporal en una residencia de personas mayores - Blog Inforesidencias.com","description":"Qu\u00e9 es una estancia temporal en una residencia de personas mayores y qu\u00e9 ventajas y beneficios aporta al usuario y las familias.","robots":{"index":"index","follow":"follow","max-snippet":"max-snippet:-1","max-image-preview":"max-image-preview:large","max-video-preview":"max-video-preview:-1"},"canonical":"https:\/\/www.inforesidencias.com\/blog\/index.php\/2024\/12\/31\/que-es-una-estancia-temporal-en-una-residencia-de-personas-mayores\/","og_locale":"es_ES","og_type":"article","og_title":"Qu\u00e9 es una estancia temporal en una residencia de personas mayores - Blog Inforesidencias.com","og_description":"Qu\u00e9 es una estancia temporal en una residencia de personas mayores y qu\u00e9 ventajas y beneficios aporta al usuario y las familias.","og_url":"https:\/\/www.inforesidencias.com\/blog\/index.php\/2024\/12\/31\/que-es-una-estancia-temporal-en-una-residencia-de-personas-mayores\/","og_site_name":"Blog Inforesidencias.com","article_publisher":"https:\/\/www.facebook.com\/Inforesidencias\/","article_published_time":"2024-12-31T07:29:00+00:00","article_modified_time":"2024-12-24T11:50:26+00:00","og_image":[{"width":919,"height":693,"url":"https:\/\/www.inforesidencias.com\/blog\/wp-content\/uploads\/2024\/12\/residencias-estancia-temporal.jpg","type":"image\/jpeg"}],"author":"Inforesidencias.com","twitter_card":"summary_large_image","twitter_creator":"@inforesidencias","twitter_site":"@inforesidencias","twitter_misc":{"Escrito por":"Inforesidencias.com","Tiempo de lectura":"4 minutos"},"schema":{"@context":"https:\/\/schema.org","@graph":[{"@type":"WebPage","@id":"https:\/\/www.inforesidencias.com\/blog\/index.php\/2024\/12\/31\/que-es-una-estancia-temporal-en-una-residencia-de-personas-mayores\/","url":"https:\/\/www.inforesidencias.com\/blog\/index.php\/2024\/12\/31\/que-es-una-estancia-temporal-en-una-residencia-de-personas-mayores\/","name":"Qu\u00e9 es una estancia temporal en una residencia de personas mayores - Blog Inforesidencias.com","isPartOf":{"@id":"https:\/\/www.inforesidencias.com\/blog\/#website"},"datePublished":"2024-12-31T07:29:00+00:00","dateModified":"2024-12-24T11:50:26+00:00","author":{"@id":"https:\/\/www.inforesidencias.com\/blog\/#\/schema\/person\/4137928ac9e11813f9d22c7eca99e8c6"},"description":"Qu\u00e9 es una estancia temporal en una residencia de personas mayores y qu\u00e9 ventajas y beneficios aporta al usuario y las familias.","breadcrumb":{"@id":"https:\/\/www.inforesidencias.com\/blog\/index.php\/2024\/12\/31\/que-es-una-estancia-temporal-en-una-residencia-de-personas-mayores\/#breadcrumb"},"inLanguage":"es","potentialAction":[{"@type":"ReadAction","target":["https:\/\/www.inforesidencias.com\/blog\/index.php\/2024\/12\/31\/que-es-una-estancia-temporal-en-una-residencia-de-personas-mayores\/"]}]},{"@type":"BreadcrumbList","@id":"https:\/\/www.inforesidencias.com\/blog\/index.php\/2024\/12\/31\/que-es-una-estancia-temporal-en-una-residencia-de-personas-mayores\/#breadcrumb","itemListElement":[{"@type":"ListItem","position":1,"name":"Home","item":"https:\/\/www.inforesidencias.com\/blog\/"},{"@type":"ListItem","position":2,"name":"Qu\u00e9 es una estancia temporal en una residencia de personas mayores"}]},{"@type":"WebSite","@id":"https:\/\/www.inforesidencias.com\/blog\/#website","url":"https:\/\/www.inforesidencias.com\/blog\/","name":"Blog Inforesidencias.com","description":"El buscador de residencias de la 3\u00aa edad","potentialAction":[{"@type":"SearchAction","target":{"@type":"EntryPoint","urlTemplate":"https:\/\/www.inforesidencias.com\/blog\/?s={search_term_string}"},"query-input":"required name=search_term_string"}],"inLanguage":"es"},{"@type":"Person","@id":"https:\/\/www.inforesidencias.com\/blog\/#\/schema\/person\/4137928ac9e11813f9d22c7eca99e8c6","name":"Inforesidencias.com","image":{"@type":"ImageObject","inLanguage":"es","@id":"https:\/\/www.inforesidencias.com\/blog\/#\/schema\/person\/image\/","url":"https:\/\/secure.gravatar.com\/avatar\/2092a1175202f080ba451797bc271678?s=96&d=mm&r=g","contentUrl":"https:\/\/secure.gravatar.com\/avatar\/2092a1175202f080ba451797bc271678?s=96&d=mm&r=g","caption":"Inforesidencias.com"},"url":"https:\/\/www.inforesidencias.com\/blog\/index.php\/author\/javier-camara\/"}]}},"_links":{"self":[{"href":"https:\/\/www.inforesidencias.com\/blog\/index.php\/wp-json\/wp\/v2\/posts\/7553"}],"collection":[{"href":"https:\/\/www.inforesidencias.com\/blog\/index.php\/wp-json\/wp\/v2\/posts"}],"about":[{"href":"https:\/\/www.inforesidencias.com\/blog\/index.php\/wp-json\/wp\/v2\/types\/post"}],"author":[{"embeddable":true,"href":"https:\/\/www.inforesidencias.com\/blog\/index.php\/wp-json\/wp\/v2\/users\/7"}],"replies":[{"embeddable":true,"href":"https:\/\/www.inforesidencias.com\/blog\/index.php\/wp-json\/wp\/v2\/comments?post=7553"}],"version-history":[{"count":3,"href":"https:\/\/www.inforesidencias.com\/blog\/index.php\/wp-json\/wp\/v2\/posts\/7553\/revisions"}],"predecessor-version":[{"id":7561,"href":"https:\/\/www.inforesidencias.com\/blog\/index.php\/wp-json\/wp\/v2\/posts\/7553\/revisions\/7561"}],"wp:featuredmedia":[{"embeddable":true,"href":"https:\/\/www.inforesidencias.com\/blog\/index.php\/wp-json\/wp\/v2\/media\/7554"}],"wp:attachment":[{"href":"https:\/\/www.inforesidencias.com\/blog\/index.php\/wp-json\/wp\/v2\/media?parent=7553"}],"wp:term":[{"taxonomy":"category","embeddable":true,"href":"https:\/\/www.inforesidencias.com\/blog\/index.php\/wp-json\/wp\/v2\/categories?post=7553"},{"taxonomy":"post_tag","embeddable":true,"href":"https:\/\/www.inforesidencias.com\/blog\/index.php\/wp-json\/wp\/v2\/tags?post=7553"}],"curies":[{"name":"wp","href":"https:\/\/api.w.org\/{rel}","templated":true}]}}