{"id":760,"date":"2016-07-09T10:23:22","date_gmt":"2016-07-09T10:23:22","guid":{"rendered":"https:\/\/www.inforesidencias.com\/blog\/?p=760"},"modified":"2016-07-26T07:10:47","modified_gmt":"2016-07-26T07:10:47","slug":"aspectos-arquitectonicos-de-las-unidades-de-convivencia-en-residencias","status":"publish","type":"post","link":"https:\/\/www.inforesidencias.com\/blog\/index.php\/2016\/07\/09\/aspectos-arquitectonicos-de-las-unidades-de-convivencia-en-residencias\/","title":{"rendered":"Aspectos arquitect\u00f3nicos de las unidades de convivencia en residencias Suecas"},"content":{"rendered":"<p>Este es un resumen de las impresiones que he percibido durante el viaje gero-asitencial a Estocolmo con Inforesidencias.com sobre todo en lo relativo a las <strong>unidades de convivencia en residencias de mayores<\/strong> en Suecia..<\/p>\n<h2><strong>Aspectos generales de las unidades<\/strong><\/h2>\n<p>La configuraci\u00f3n f\u00edsica de las unidades para personas mayores en general tienen dimensiones mucho m\u00e1s peque\u00f1as, pero una de las caracter\u00edsticas m\u00e1s importantes es que est\u00e1n distribuidas como si fuesen casas grandes. Hay una verdadera obsesi\u00f3n por lo que podr\u00edamos llamar \u201chomelike\u201d. Otro de los grandes temas que nos diferencian es la cocina. Cada unidad dispone de una cocina abierta al comedor y espacios comunes. Ninguna residencia de las visitadas dispone de cocina industrial. Por otro lado, la dimensi\u00f3n de las habitaciones (apartamentos o viviendas como les llaman ellos) son mucho m\u00e1s grandes que las que tenemos en Espa\u00f1a, por el contrario, los espacios comunes son mucho m\u00e1s peque\u00f1os. Son salas como podr\u00edan ser las de la casa o piso de cada uno de nosotros y, normalmente, hay m\u00e1s de uno. Esto es debido a que las unidades tienen una capacidad entre 8 y 15 usuarios y, por tanto, los espacios comunes est\u00e1n en relaci\u00f3n.<\/p>\n<p>Muchas unidades de convivencia que hemos visitado provienen de edificios que se construyeron como viviendas con servicios y que posteriormente se ha transformado. Las viviendas con servicios eran equipamientos formados por viviendas y algunos espacios comunes, pero la pieza principal era la vivienda. Por tanto, eran viviendas bastante normales pero pensadas para personas jubiladas que prefer\u00edan vivir en un entorno m\u00e1s adecuado a su edad y ceder su vivienda m\u00e1s grande a nuevas generaciones. Las viviendas ten\u00edan un dormitorio a veces independiente (otras integrado en la sala), una sala con cocina americana muy peque\u00f1a y un lavabo. En general ten\u00edan barreras arquitect\u00f3nicas.<\/p>\n<p>Su transformaci\u00f3n hace que la unidad habitacional sea mucho m\u00e1s grande que en las unidades que se han construido recientemente. Debo decir que las cocinas americanas que normalmente hay en estos apartamentos, no las hacen servir en casos de personas con demencia, al extremo que parece que la normativa ya no las contempla como obligatorias en estos casos. De todos modos es importante destacar que para la mentalidad sueca, y por extensi\u00f3n, n\u00f3rdica, la cocina representa un elemento de independencia personal muy importante y, por este motivo, en muchas unidades de convivencia se siguen instalando aunque no sean preceptivas.<\/p>\n<p>Estos apartamentos (siempre hablan de apartamentos o de viviendas y no de habitaciones o dormitorios), actuales son m\u00e1s peque\u00f1os que en el caso de las unidades transformadas. A pesar de ello, no hemos visto ninguno por debajo de los 30 m2 para una sola persona, con lo que siguen siendo mucho m\u00e1s grandes que en nuestro pa\u00eds, si los comparamos con las residencias que conocemos.<\/p>\n<h2><strong>Un edificio multigeneracional: La residencia <\/strong><strong>L\u00f6jtnansg\u00e5rden<\/strong><\/h2>\n<p>De las unidades que hemos visitado, me gust\u00f3 mucho el edificio L\u00f6jtnansg\u00e5rden en el barrio de \u00d6stermalm. Se trata de un edificio multigeneracional, donde hay varios equipamientos entre los que destacan, una peque\u00f1a residencia de estudiantes, unes viviendas para mayores tuteladas y 5 unidades de convivencia para mayores, dos de 14 apartamentos y 3 para persones con demencia de 8\/9 plazas. Se trata de un centro propiedad de la Iglesia Luterana quien tambi\u00e9n lo gestiona.<\/p>\n<p>El edificio est\u00e1 construido en un barrio donde el planeamiento urban\u00edstico preve\u00eda edificios conc\u00e9ntricos a una plaza redonda. El suelo fue cedido con la condici\u00f3n que el edificio fuera redondo, pero en realidad, el edificio se configura \u201calrededor\u201d de un patio redondo, por tanto, se hace servir el \u201cno espacio\u201d para generar el edificio, lo cual considero que es muy interesante.<\/p>\n<div id=\"attachment_761\" style=\"width: 896px\" class=\"wp-caption aligncenter\"><a href=\"https:\/\/www.inforesidencias.com\/blog\/wp-content\/uploads\/2016\/06\/barrio.png\"><img aria-describedby=\"caption-attachment-761\" decoding=\"async\" loading=\"lazy\" class=\"size-full wp-image-761\" src=\"https:\/\/www.inforesidencias.com\/blog\/wp-content\/uploads\/2016\/06\/barrio.png\" alt=\"Barrio de L\u00f6jtnansg\u00e5rden\" width=\"886\" height=\"541\" \/><\/a><p id=\"caption-attachment-761\" class=\"wp-caption-text\">Barrio de L\u00f6jtnansg\u00e5rden<\/p><\/div>\n<div id=\"attachment_762\" style=\"width: 376px\" class=\"wp-caption alignleft\"><a href=\"https:\/\/www.inforesidencias.com\/blog\/wp-content\/uploads\/2016\/06\/redondo.jpg\"><img aria-describedby=\"caption-attachment-762\" decoding=\"async\" loading=\"lazy\" class=\"wp-image-762 size-full\" src=\"https:\/\/www.inforesidencias.com\/blog\/wp-content\/uploads\/2016\/06\/redondo.jpg\" alt=\"Residencia de mayores al rededor de un patio redondo\" width=\"366\" height=\"227\" \/><\/a><p id=\"caption-attachment-762\" class=\"wp-caption-text\">Residencia de mayores al rededor de un patio redondo<\/p><\/div>\n<p>Que un edificio disponga de diferentes usos es una de las cuestiones m\u00e1s importantes en los edificios asistenciales de Estocolmo porque favorecen mucho la integraci\u00f3n intergeneracional y por contra, evitan la creaci\u00f3n de guetos. En este caso hay una residencia de estudiantes en plantas inferiores, 5 unidades de convivencia para mayores en plantas superiores y otras <strong>viviendas tuteladas para mayores v\u00e1lidos<\/strong> que tambi\u00e9n se implican en la atenci\u00f3n a las personas mayores con demencia, pero en otros ejemplos visitados combinan la atenci\u00f3n a los mayores con guarder\u00edas de ni\u00f1os, restaurantes p\u00fablicos y viviendas tuteladas.<\/p>\n<p>Siempre he pensado que en suelos de equipamiento grandes debe ser muy interesante la confluencia de diferentes tipos residenciales de servicios que permiten esta relaci\u00f3n intergeneracional en contraposici\u00f3n con las experiencias de co-housing que solo tienen por objeto la vivienda senior. No quiero decir que esta \u00faltima opci\u00f3n, el co-housing senior no pueda dar buenos resultados, sino que, personalmente, creo m\u00e1s en la posibilidad de que diferentes generaciones compartan un espacio que ayuda al intercambio cultural y de experiencia de vida. La idea de compartir por encima de la idea de segregar, o de auto segregarse. De hecho la visita que hicimos al co-housing Sj\u00f6fartens Bogemenskap en el barrio de Hammarby Sj\u00f6staad, es una clara muestra. Se trata de un co-housing propuesto por una asociaci\u00f3n de personas mayores que ya plantearon el proyecto como \u201cplus 40\u201d, es decir para personas con m\u00e1s de 40 a\u00f1os con hijos mayores de 18. Cuando tuvieron el edificio construido y empezaron a ocuparlo se dieron cuenta que 40 a\u00f1os eran muchos y que pronto seria todos muy mayores y decidieron reducir la edad a 30 a\u00f1os con hijos de m\u00e1s de 10 a\u00f1os. El co-housing sueco es algo mucho m\u00e1s que ponerse de acuerdo en compartir unas instalaciones. Pero no me quiero desviar del tema. En un futuro post, prometo hablar del co-housing sueco para explicarme mejor.<\/p>\n<p>Est\u00e1bamos hablando del edificio L\u00f6jtnansg\u00e5rden. El hecho de que un programa funcional se resuelva alrededor de un patio redondo tiene una virtud, y es que permite que se puedan distribuir diferente n\u00famero de unidades en cada planta. En este caso, en planta tercera hab\u00eda las dos unidades de 14 plazas que part\u00edan el cilindro (patio) en dos partes iguales por un di\u00e1metro. Pero en la planta cuarta, el programa era de 3 unidades, que se distribuyen dividiendo el cilindro en tres partes. La distribuci\u00f3n funciona con los apartamentos ventilando al per\u00edmetro exterior y los espacios comunes y cocina ventilando al patio central en dimensiones diferentes precisamente por la curvatura de la fachada. Los espacios se van distribuyendo en funci\u00f3n de la dimensi\u00f3n entre los apartamentos y el patio de manera que los pasillos son pr\u00e1cticamente inexistentes, ya que siempre tiene espacios que hacen perder su apariencia de pasillo.<\/p>\n<p>Otro aspecto destacable (y que se repite en otros muchos edificios) es la conexi\u00f3n interior entre diferentes unidades. Estas conexiones se realizan a trav\u00e9s de las cocinas u otros servicios, lo que da la posibilidad de gestionar las unidades de forma compartida.<\/p>\n<div id=\"attachment_763\" style=\"width: 578px\" class=\"wp-caption aligncenter\"><a href=\"https:\/\/www.inforesidencias.com\/blog\/wp-content\/uploads\/2016\/06\/Captura-de-pantalla-2016-06-30-a-las-17.11.10.png\"><img aria-describedby=\"caption-attachment-763\" decoding=\"async\" loading=\"lazy\" class=\"size-full wp-image-763\" src=\"https:\/\/www.inforesidencias.com\/blog\/wp-content\/uploads\/2016\/06\/Captura-de-pantalla-2016-06-30-a-las-17.11.10.png\" alt=\"Vistas de la residencia.  La luz entra desde las ventanas del patio interior\" width=\"568\" height=\"483\" \/><\/a><p id=\"caption-attachment-763\" class=\"wp-caption-text\">Vistas de la residencia. La luz entra desde las ventanas del patio interior<\/p><\/div>\n<div id=\"attachment_764\" style=\"width: 275px\" class=\"wp-caption alignright\"><a href=\"https:\/\/www.inforesidencias.com\/blog\/wp-content\/uploads\/2016\/06\/cocina.jpg\"><img aria-describedby=\"caption-attachment-764\" decoding=\"async\" loading=\"lazy\" class=\"wp-image-764 size-full\" src=\"https:\/\/www.inforesidencias.com\/blog\/wp-content\/uploads\/2016\/06\/cocina.jpg\" alt=\"cocina\" width=\"265\" height=\"353\" \/><\/a><p id=\"caption-attachment-764\" class=\"wp-caption-text\">En esta fotograf\u00eda se puede observar como al fondo de la cocina y a trav\u00e9s de la puerta abierta se puede ver la cocina de la unidad vecina.<\/p><\/div>\n<p>&nbsp;<\/p>\n<p>En este esquema se puede ver como los diferentes espacios de convivencia se van colocando alrededor del patio haciendo que el pasillo desaparezca formalmente. Las zonas m\u00e1s amplias que se ven en la parte superior en color claro son las dos cocinas-comedor y las 4 salitas peque\u00f1as en color m\u00e1s oscuro, los despachos de los profesionales que se sit\u00faan estrat\u00e9gicamente entre unidades.<\/p>\n<div id=\"attachment_767\" style=\"width: 436px\" class=\"wp-caption aligncenter\"><a href=\"https:\/\/www.inforesidencias.com\/blog\/wp-content\/uploads\/2016\/07\/plano.jpg\"><img aria-describedby=\"caption-attachment-767\" decoding=\"async\" loading=\"lazy\" class=\"size-full wp-image-767\" src=\"https:\/\/www.inforesidencias.com\/blog\/wp-content\/uploads\/2016\/07\/plano.jpg\" alt=\"Plano de la residencia donde destaca su patio circular\" width=\"426\" height=\"319\" \/><\/a><p id=\"caption-attachment-767\" class=\"wp-caption-text\">Plano de la residencia donde destaca su patio circular<\/p><\/div>\n<p>En el pr\u00f3ximo post mirar\u00e9 de explicar qu\u00e9 aspectos creo que son perfectamente trasladables a nuestras residencias, y qu\u00e9 aspectos requieren de una traducci\u00f3n.<\/p>\n<p>&nbsp;<\/p>\n<p>Marc Trepat Carbonell<\/p>\n<p>Arquitecto<\/p>\n<p><a href=\"mailto:marc.trepat@bta.cat\">marc.trepat@bta.cat<\/a><\/p>\n","protected":false},"excerpt":{"rendered":"<p>Este es un resumen de las impresiones que he percibido durante el viaje gero-asitencial a Estocolmo con Inforesidencias.com sobre todo en lo relativo a las unidades de convivencia en residencias de mayores en Suecia.. Aspectos generales de las unidades La configuraci\u00f3n f\u00edsica de las unidades para personas mayores en general tienen dimensiones mucho m\u00e1s peque\u00f1as, pero una de las caracter\u00edsticas m\u00e1s importantes es que est\u00e1n distribuidas como si fuesen casas grandes. Hay una verdadera obsesi\u00f3n por lo que podr\u00edamos llamar \u201chomelike\u201d. Otro de los grandes temas que nos diferencian es la cocina. Cada unidad dispone de una cocina abierta al comedor y espacios comunes. Ninguna residencia de las visitadas dispone de cocina industrial. Por otro lado, la dimensi\u00f3n de las habitaciones (apartamentos o viviendas como les llaman ellos) son mucho m\u00e1s grandes que las que tenemos en Espa\u00f1a, por el contrario, los espacios comunes son mucho m\u00e1s peque\u00f1os. Son salas [&hellip;]<\/p>\n","protected":false},"author":2,"featured_media":796,"comment_status":"open","ping_status":"open","sticky":false,"template":"","format":"standard","meta":{"footnotes":""},"categories":[3,5],"tags":[],"yoast_head":"<!-- This site is optimized with the Yoast SEO plugin v21.7 - https:\/\/yoast.com\/wordpress\/plugins\/seo\/ -->\n<title>Aspectos arquitect\u00f3nicos unidades de convivencia en residencias<\/title>\n<meta name=\"description\" content=\"Las unidades de convivencia en residencias de mayores son un elemento clave de las residencias de tercera edad en Suecia.\" \/>\n<meta name=\"robots\" content=\"index, follow, max-snippet:-1, max-image-preview:large, max-video-preview:-1\" \/>\n<link rel=\"canonical\" href=\"https:\/\/www.inforesidencias.com\/blog\/index.php\/2016\/07\/09\/aspectos-arquitectonicos-de-las-unidades-de-convivencia-en-residencias\/\" \/>\n<meta property=\"og:locale\" content=\"es_ES\" \/>\n<meta property=\"og:type\" content=\"article\" \/>\n<meta property=\"og:title\" content=\"Aspectos arquitect\u00f3nicos unidades de convivencia en residencias\" \/>\n<meta property=\"og:description\" content=\"Las unidades de convivencia en residencias de mayores son un elemento clave de las residencias de tercera edad en Suecia.\" \/>\n<meta property=\"og:url\" content=\"https:\/\/www.inforesidencias.com\/blog\/index.php\/2016\/07\/09\/aspectos-arquitectonicos-de-las-unidades-de-convivencia-en-residencias\/\" \/>\n<meta property=\"og:site_name\" content=\"Blog Inforesidencias.com\" \/>\n<meta property=\"article:publisher\" content=\"https:\/\/www.facebook.com\/Inforesidencias\/\" \/>\n<meta property=\"article:author\" content=\"https:\/\/www.facebook.com\/josep.demarti\" \/>\n<meta property=\"article:published_time\" content=\"2016-07-09T10:23:22+00:00\" \/>\n<meta property=\"article:modified_time\" content=\"2016-07-26T07:10:47+00:00\" \/>\n<meta property=\"og:image\" content=\"https:\/\/www.inforesidencias.com\/blog\/wp-content\/uploads\/2016\/07\/FullSizeRender2.jpg\" \/>\n\t<meta property=\"og:image:width\" content=\"430\" \/>\n\t<meta property=\"og:image:height\" content=\"412\" \/>\n\t<meta property=\"og:image:type\" content=\"image\/jpeg\" \/>\n<meta name=\"author\" content=\"Josep de Mart\u00ed\" \/>\n<meta name=\"twitter:card\" content=\"summary_large_image\" \/>\n<meta name=\"twitter:creator\" content=\"@blog-ir\" \/>\n<meta name=\"twitter:site\" content=\"@inforesidencias\" \/>\n<meta name=\"twitter:label1\" content=\"Escrito por\" \/>\n\t<meta name=\"twitter:data1\" content=\"Josep de Mart\u00ed\" \/>\n\t<meta name=\"twitter:label2\" content=\"Tiempo de lectura\" \/>\n\t<meta name=\"twitter:data2\" content=\"7 minutos\" \/>\n<script type=\"application\/ld+json\" class=\"yoast-schema-graph\">{\"@context\":\"https:\/\/schema.org\",\"@graph\":[{\"@type\":\"WebPage\",\"@id\":\"https:\/\/www.inforesidencias.com\/blog\/index.php\/2016\/07\/09\/aspectos-arquitectonicos-de-las-unidades-de-convivencia-en-residencias\/\",\"url\":\"https:\/\/www.inforesidencias.com\/blog\/index.php\/2016\/07\/09\/aspectos-arquitectonicos-de-las-unidades-de-convivencia-en-residencias\/\",\"name\":\"Aspectos arquitect\u00f3nicos unidades de convivencia en residencias\",\"isPartOf\":{\"@id\":\"https:\/\/www.inforesidencias.com\/blog\/#website\"},\"datePublished\":\"2016-07-09T10:23:22+00:00\",\"dateModified\":\"2016-07-26T07:10:47+00:00\",\"author\":{\"@id\":\"https:\/\/www.inforesidencias.com\/blog\/#\/schema\/person\/9e146774d1eb3bc1c0316242a3898628\"},\"description\":\"Las unidades de convivencia en residencias de mayores son un elemento clave de las residencias de tercera edad en Suecia.\",\"breadcrumb\":{\"@id\":\"https:\/\/www.inforesidencias.com\/blog\/index.php\/2016\/07\/09\/aspectos-arquitectonicos-de-las-unidades-de-convivencia-en-residencias\/#breadcrumb\"},\"inLanguage\":\"es\",\"potentialAction\":[{\"@type\":\"ReadAction\",\"target\":[\"https:\/\/www.inforesidencias.com\/blog\/index.php\/2016\/07\/09\/aspectos-arquitectonicos-de-las-unidades-de-convivencia-en-residencias\/\"]}]},{\"@type\":\"BreadcrumbList\",\"@id\":\"https:\/\/www.inforesidencias.com\/blog\/index.php\/2016\/07\/09\/aspectos-arquitectonicos-de-las-unidades-de-convivencia-en-residencias\/#breadcrumb\",\"itemListElement\":[{\"@type\":\"ListItem\",\"position\":1,\"name\":\"Home\",\"item\":\"https:\/\/www.inforesidencias.com\/blog\/\"},{\"@type\":\"ListItem\",\"position\":2,\"name\":\"Aspectos arquitect\u00f3nicos de las unidades de convivencia en residencias Suecas\"}]},{\"@type\":\"WebSite\",\"@id\":\"https:\/\/www.inforesidencias.com\/blog\/#website\",\"url\":\"https:\/\/www.inforesidencias.com\/blog\/\",\"name\":\"Blog Inforesidencias.com\",\"description\":\"El buscador de residencias de la 3\u00aa edad\",\"potentialAction\":[{\"@type\":\"SearchAction\",\"target\":{\"@type\":\"EntryPoint\",\"urlTemplate\":\"https:\/\/www.inforesidencias.com\/blog\/?s={search_term_string}\"},\"query-input\":\"required name=search_term_string\"}],\"inLanguage\":\"es\"},{\"@type\":\"Person\",\"@id\":\"https:\/\/www.inforesidencias.com\/blog\/#\/schema\/person\/9e146774d1eb3bc1c0316242a3898628\",\"name\":\"Josep de Mart\u00ed\",\"image\":{\"@type\":\"ImageObject\",\"inLanguage\":\"es\",\"@id\":\"https:\/\/www.inforesidencias.com\/blog\/#\/schema\/person\/image\/\",\"url\":\"https:\/\/secure.gravatar.com\/avatar\/de0302c4806c00c4cebff396a798c1ff?s=96&d=mm&r=g\",\"contentUrl\":\"https:\/\/secure.gravatar.com\/avatar\/de0302c4806c00c4cebff396a798c1ff?s=96&d=mm&r=g\",\"caption\":\"Josep de Mart\u00ed\"},\"sameAs\":[\"https:\/\/www.inforesidencias.com\",\"https:\/\/www.facebook.com\/josep.demarti\",\"https:\/\/twitter.com\/blog-ir\"],\"url\":\"https:\/\/www.inforesidencias.com\/blog\/index.php\/author\/josepdemarti\/\"}]}<\/script>\n<!-- \/ Yoast SEO plugin. -->","yoast_head_json":{"title":"Aspectos arquitect\u00f3nicos unidades de convivencia en residencias","description":"Las unidades de convivencia en residencias de mayores son un elemento clave de las residencias de tercera edad en Suecia.","robots":{"index":"index","follow":"follow","max-snippet":"max-snippet:-1","max-image-preview":"max-image-preview:large","max-video-preview":"max-video-preview:-1"},"canonical":"https:\/\/www.inforesidencias.com\/blog\/index.php\/2016\/07\/09\/aspectos-arquitectonicos-de-las-unidades-de-convivencia-en-residencias\/","og_locale":"es_ES","og_type":"article","og_title":"Aspectos arquitect\u00f3nicos unidades de convivencia en residencias","og_description":"Las unidades de convivencia en residencias de mayores son un elemento clave de las residencias de tercera edad en Suecia.","og_url":"https:\/\/www.inforesidencias.com\/blog\/index.php\/2016\/07\/09\/aspectos-arquitectonicos-de-las-unidades-de-convivencia-en-residencias\/","og_site_name":"Blog Inforesidencias.com","article_publisher":"https:\/\/www.facebook.com\/Inforesidencias\/","article_author":"https:\/\/www.facebook.com\/josep.demarti","article_published_time":"2016-07-09T10:23:22+00:00","article_modified_time":"2016-07-26T07:10:47+00:00","og_image":[{"width":430,"height":412,"url":"https:\/\/www.inforesidencias.com\/blog\/wp-content\/uploads\/2016\/07\/FullSizeRender2.jpg","type":"image\/jpeg"}],"author":"Josep de Mart\u00ed","twitter_card":"summary_large_image","twitter_creator":"@blog-ir","twitter_site":"@inforesidencias","twitter_misc":{"Escrito por":"Josep de Mart\u00ed","Tiempo de lectura":"7 minutos"},"schema":{"@context":"https:\/\/schema.org","@graph":[{"@type":"WebPage","@id":"https:\/\/www.inforesidencias.com\/blog\/index.php\/2016\/07\/09\/aspectos-arquitectonicos-de-las-unidades-de-convivencia-en-residencias\/","url":"https:\/\/www.inforesidencias.com\/blog\/index.php\/2016\/07\/09\/aspectos-arquitectonicos-de-las-unidades-de-convivencia-en-residencias\/","name":"Aspectos arquitect\u00f3nicos unidades de convivencia en residencias","isPartOf":{"@id":"https:\/\/www.inforesidencias.com\/blog\/#website"},"datePublished":"2016-07-09T10:23:22+00:00","dateModified":"2016-07-26T07:10:47+00:00","author":{"@id":"https:\/\/www.inforesidencias.com\/blog\/#\/schema\/person\/9e146774d1eb3bc1c0316242a3898628"},"description":"Las unidades de convivencia en residencias de mayores son un elemento clave de las residencias de tercera edad en Suecia.","breadcrumb":{"@id":"https:\/\/www.inforesidencias.com\/blog\/index.php\/2016\/07\/09\/aspectos-arquitectonicos-de-las-unidades-de-convivencia-en-residencias\/#breadcrumb"},"inLanguage":"es","potentialAction":[{"@type":"ReadAction","target":["https:\/\/www.inforesidencias.com\/blog\/index.php\/2016\/07\/09\/aspectos-arquitectonicos-de-las-unidades-de-convivencia-en-residencias\/"]}]},{"@type":"BreadcrumbList","@id":"https:\/\/www.inforesidencias.com\/blog\/index.php\/2016\/07\/09\/aspectos-arquitectonicos-de-las-unidades-de-convivencia-en-residencias\/#breadcrumb","itemListElement":[{"@type":"ListItem","position":1,"name":"Home","item":"https:\/\/www.inforesidencias.com\/blog\/"},{"@type":"ListItem","position":2,"name":"Aspectos arquitect\u00f3nicos de las unidades de convivencia en residencias Suecas"}]},{"@type":"WebSite","@id":"https:\/\/www.inforesidencias.com\/blog\/#website","url":"https:\/\/www.inforesidencias.com\/blog\/","name":"Blog Inforesidencias.com","description":"El buscador de residencias de la 3\u00aa edad","potentialAction":[{"@type":"SearchAction","target":{"@type":"EntryPoint","urlTemplate":"https:\/\/www.inforesidencias.com\/blog\/?s={search_term_string}"},"query-input":"required name=search_term_string"}],"inLanguage":"es"},{"@type":"Person","@id":"https:\/\/www.inforesidencias.com\/blog\/#\/schema\/person\/9e146774d1eb3bc1c0316242a3898628","name":"Josep de Mart\u00ed","image":{"@type":"ImageObject","inLanguage":"es","@id":"https:\/\/www.inforesidencias.com\/blog\/#\/schema\/person\/image\/","url":"https:\/\/secure.gravatar.com\/avatar\/de0302c4806c00c4cebff396a798c1ff?s=96&d=mm&r=g","contentUrl":"https:\/\/secure.gravatar.com\/avatar\/de0302c4806c00c4cebff396a798c1ff?s=96&d=mm&r=g","caption":"Josep de Mart\u00ed"},"sameAs":["https:\/\/www.inforesidencias.com","https:\/\/www.facebook.com\/josep.demarti","https:\/\/twitter.com\/blog-ir"],"url":"https:\/\/www.inforesidencias.com\/blog\/index.php\/author\/josepdemarti\/"}]}},"_links":{"self":[{"href":"https:\/\/www.inforesidencias.com\/blog\/index.php\/wp-json\/wp\/v2\/posts\/760"}],"collection":[{"href":"https:\/\/www.inforesidencias.com\/blog\/index.php\/wp-json\/wp\/v2\/posts"}],"about":[{"href":"https:\/\/www.inforesidencias.com\/blog\/index.php\/wp-json\/wp\/v2\/types\/post"}],"author":[{"embeddable":true,"href":"https:\/\/www.inforesidencias.com\/blog\/index.php\/wp-json\/wp\/v2\/users\/2"}],"replies":[{"embeddable":true,"href":"https:\/\/www.inforesidencias.com\/blog\/index.php\/wp-json\/wp\/v2\/comments?post=760"}],"version-history":[{"count":5,"href":"https:\/\/www.inforesidencias.com\/blog\/index.php\/wp-json\/wp\/v2\/posts\/760\/revisions"}],"predecessor-version":[{"id":766,"href":"https:\/\/www.inforesidencias.com\/blog\/index.php\/wp-json\/wp\/v2\/posts\/760\/revisions\/766"}],"wp:featuredmedia":[{"embeddable":true,"href":"https:\/\/www.inforesidencias.com\/blog\/index.php\/wp-json\/wp\/v2\/media\/796"}],"wp:attachment":[{"href":"https:\/\/www.inforesidencias.com\/blog\/index.php\/wp-json\/wp\/v2\/media?parent=760"}],"wp:term":[{"taxonomy":"category","embeddable":true,"href":"https:\/\/www.inforesidencias.com\/blog\/index.php\/wp-json\/wp\/v2\/categories?post=760"},{"taxonomy":"post_tag","embeddable":true,"href":"https:\/\/www.inforesidencias.com\/blog\/index.php\/wp-json\/wp\/v2\/tags?post=760"}],"curies":[{"name":"wp","href":"https:\/\/api.w.org\/{rel}","templated":true}]}}