{"id":7632,"date":"2025-01-29T17:00:00","date_gmt":"2025-01-29T16:00:00","guid":{"rendered":"https:\/\/www.inforesidencias.com\/blog\/?p=7632"},"modified":"2025-01-29T16:56:56","modified_gmt":"2025-01-29T15:56:56","slug":"uniteco-proteccion-y-tranquilidad-para-residencias-y-profesionales","status":"publish","type":"post","link":"https:\/\/www.inforesidencias.com\/blog\/index.php\/2025\/01\/29\/uniteco-proteccion-y-tranquilidad-para-residencias-y-profesionales\/","title":{"rendered":"Uniteco: protecci\u00f3n y tranquilidad para residencias y profesionales"},"content":{"rendered":"\n<p>La seguridad jur\u00eddica y la protecci\u00f3n de las residencias y sus profesionales son pilares fundamentales en un sector que enfrenta un entorno cada vez m\u00e1s complejo. Uniteco, la corredur\u00eda de seguros l\u00edder en el \u00e1mbito sanitario, ofrece herramientas clave para garantizar la correcta protecci\u00f3n en materia de Responsabilidad Civil. Por esa raz\u00f3n raz\u00f3n, en <a href=\"https:\/\/www.inforesidencias.com\/particulares\" target=\"_blank\" rel=\"noreferrer noopener\">Inforesidencias.com<\/a>&nbsp;hablamos de Uniteco: protecci\u00f3n y tranquilidad para residencias y profesionales.<\/p>\n\n\n<div class=\"wp-block-image\">\n<figure class=\"alignright size-full is-resized\"><a href=\"https:\/\/www.inforesidencias.com\/blog\/wp-content\/uploads\/2025\/01\/juan-pablo-nunez-uniteco.jpg\"><img decoding=\"async\" loading=\"lazy\" width=\"700\" height=\"535\" src=\"https:\/\/www.inforesidencias.com\/blog\/wp-content\/uploads\/2025\/01\/juan-pablo-nunez-uniteco.jpg\" alt=\"\" class=\"wp-image-7633\" style=\"aspect-ratio:1.308411214953271;width:351px;height:auto\" srcset=\"https:\/\/www.inforesidencias.com\/blog\/wp-content\/uploads\/2025\/01\/juan-pablo-nunez-uniteco.jpg 700w, https:\/\/www.inforesidencias.com\/blog\/wp-content\/uploads\/2025\/01\/juan-pablo-nunez-uniteco-300x229.jpg 300w\" sizes=\"(max-width: 700px) 100vw, 700px\" \/><\/a><\/figure><\/div>\n\n\n<p>Como parte de su compromiso con el sector, Uniteco publicar\u00e1 art\u00edculos mensuales enfocados en la protecci\u00f3n de las residencias y sus trabajadores. En estas &#8216;p\u00edldoras de Responsabilidad Civil&#8217;, se brindan consejos pr\u00e1cticos dise\u00f1ados para abordar cuestiones espec\u00edficas y de gran relevancia. <\/p>\n\n\n\n<p>Es el caso de la gesti\u00f3n de reclamaciones sanitarias, la prevenci\u00f3n de conflictos legales y la importancia de contar con coberturas adecuadas en un contexto donde las demandas judiciales son cada vez m\u00e1s frecuentes y de mayor cuant\u00eda.<\/p>\n\n\n\n<h2 class=\"wp-block-heading\"><strong>Protecci\u00f3n, tranquilidad y el papel clave de la Responsabilidad Civil<\/strong><\/h2>\n\n\n\n<p>En los \u00faltimos a\u00f1os, el sector de las residencias ha experimentado un incremento significativo en las reclamaciones relacionadas con la atenci\u00f3n sanitaria y los servicios que se prestan. La magnitud de estas reclamaciones no solo afecta la estabilidad financiera de las organizaciones, sino tambi\u00e9n la moral y la tranquilidad de los trabajadores.<\/p>\n\n\n\n<p>Por este motivo, la <a href=\"https:\/\/www.unitecoprofesional.es\/seguros-de-proteccion-para-negocio\/seguro-de-rc-sociedades\/?utm_source=InfoRes&amp;utm_medium=articulo&amp;utm_campaign=InfoResArsticuloRCS&amp;lead_source=nfoResArsticuloRCS\"><u>Responsabilidad Civil<\/u><\/a> se erige como un elemento esencial para proteger tanto a los profesionales como a las propias instituciones.<\/p>\n\n\n\n<h2 class=\"wp-block-heading\"><strong>Ventajas para las residencias de las herramientas de Uniteco<\/strong><\/h2>\n\n\n\n<p>Como decimos, Uniteco: protecci\u00f3n y tranquilidad para las residencias y sus profesionales. Uniteco ofrece m\u00faltiples beneficios que impactan directamente en la seguridad y el bienestar de las residencias y sus trabajadores:<\/p>\n\n\n\n<ol>\n<li><strong>Acceso a informaci\u00f3n especializada:<\/strong> art\u00edculos mensuales con consejos pr\u00e1cticos y ejemplos reales que ayudan a comprender mejor los riesgos y las soluciones disponibles para mitigarlos.<\/li>\n\n\n\n<li><strong>Prevenci\u00f3n de problemas legales:<\/strong> orientaci\u00f3n sobre c\u00f3mo evitar reclamaciones comunes y actuar en caso de enfrentarlas, reduciendo as\u00ed el impacto de posibles litigios.<\/li>\n\n\n\n<li><strong>Protecci\u00f3n financiera y emocional:<\/strong> contar con una adecuada cobertura en materia de Responsabilidad Civil asegura la estabilidad econ\u00f3mica de las organizaciones y brinda <a href=\"https:\/\/www.unitecoprofesional.es\/seguros-de-proteccion-personal-y-profesional\/seguro-de-responsabilidad-civil-profesional-sanitaria\/?utm_source=InfoRes&amp;utm_medium=articulo&amp;utm_campaign=InfoResArsticuloRCS&amp;lead_source=nfoResArsticuloRCS\"><u>tranquilidad a los profesionales<\/u><\/a> en su labor diaria.<\/li>\n<\/ol>\n\n\n\n<h2 class=\"wp-block-heading\"><strong>Un compromiso con el sector<\/strong><\/h2>\n\n\n\n<p>Uniteco, con su amplia experiencia en el \u00e1mbito sanitario, reafirma su compromiso de aportar valor a las organizaciones y profesionales del sector de las residencias. Su conocimiento y dedicaci\u00f3n se traducen en herramientas pr\u00e1cticas que mejoran la protecci\u00f3n y profesionalizaci\u00f3n del sector.<\/p>\n\n\n\n<p>Estamos convencidos de que el apoyo de Uniteco ser\u00e1 de gran utilidad para las residencias en Espa\u00f1a, contribuyendo a su mejora continua y al bienestar de sus trabajadores y residentes.<\/p>\n\n\n\n<p>Este art\u00edculo &#8216;Uniteco: protecci\u00f3n y tranquilidad para las residencias y sus profesionales&#8217; est\u00e1 escrito por&nbsp;Juan Pablo N\u00fa\u00f1ez,&nbsp;CEO de Uniteco. <\/p>\n\n\n<p>Y si le ha resultado interesante esta informaci\u00f3n de Uniteco: protecci\u00f3n y tranquilidad para las residencias y sus profesionales, es probable que tambi\u00e9n le resulte \u00fatil esta otra:<\/p>\n<p>&#8211;\u00a0<a href=\"https:\/\/www.inforesidencias.com\/contenidos\/profesionales\/nacional\/que-seguros-necesita-contratar-una-residencia-para-personas-mayores\" target=\"_blank\" rel=\"noopener noreferrer\">\u00bfQu\u00e9 seguros necesita contratar una residencia para personas mayores?<\/a><\/p>\n<p><span style=\"text-align: inherit;\">&#8211; <a href=\"https:\/\/dependencia.info\/noticia\/7462\/opinion\/es-el-impuestazo-sobre-los-seguros-de-salud-una-buena-idea-lo-haran-con-la-dependencia.html?cache=true\" target=\"_blank\" rel=\"noopener noreferrer\">\u00bfEs el \u201cimpuestazo\u201d sobre los seguros de salud una buena idea? \u00bfLo har\u00e1n con la dependencia?<\/a><\/span><\/p>\n<ul><!-- \/wp:list-item --><\/ul>\n<p><!-- \/wp:list --> <!-- wp:paragraph --><\/p>\n<p>&#8211;\u00a0<a href=\"https:\/\/dependencia.info\/noticia\/1281\/actualidad\/interesa-contratar-un-seguro-de-dependencia.html?cache=true\" target=\"_blank\" rel=\"noopener noreferrer\">\u00bfInteresa contratar un seguro de dependencia?<\/a><\/p>","protected":false},"excerpt":{"rendered":"<p>La seguridad jur\u00eddica y la protecci\u00f3n de las residencias y sus profesionales son pilares fundamentales en un sector que enfrenta un entorno cada vez m\u00e1s complejo. Uniteco, la corredur\u00eda de seguros l\u00edder en el \u00e1mbito sanitario, ofrece herramientas clave para garantizar la correcta protecci\u00f3n en materia de Responsabilidad Civil. Por esa raz\u00f3n raz\u00f3n, en Inforesidencias.com&nbsp;hablamos de Uniteco: protecci\u00f3n y tranquilidad para residencias y profesionales. Como parte de su compromiso con el sector, Uniteco publicar\u00e1 art\u00edculos mensuales enfocados en la protecci\u00f3n de las residencias y sus trabajadores. En estas &#8216;p\u00edldoras de Responsabilidad Civil&#8217;, se brindan consejos pr\u00e1cticos dise\u00f1ados para abordar cuestiones espec\u00edficas y de gran relevancia. Es el caso de la gesti\u00f3n de reclamaciones sanitarias, la prevenci\u00f3n de conflictos legales y la importancia de contar con coberturas adecuadas en un contexto donde las demandas judiciales son cada vez m\u00e1s frecuentes y de mayor cuant\u00eda. Protecci\u00f3n, tranquilidad y el papel clave de [&hellip;]<\/p>\n","protected":false},"author":7,"featured_media":7633,"comment_status":"open","ping_status":"open","sticky":false,"template":"","format":"standard","meta":{"footnotes":""},"categories":[1],"tags":[],"yoast_head":"<!-- This site is optimized with the Yoast SEO plugin v21.7 - https:\/\/yoast.com\/wordpress\/plugins\/seo\/ -->\n<title>Uniteco: protecci\u00f3n y tranquilidad para residencias y profesionales - Blog Inforesidencias.com<\/title>\n<meta name=\"description\" content=\"Uniteco es la compa\u00f1\u00eda l\u00edder de seguros que proporciona protecci\u00f3n y tranquilidad para residencias y profesionales.\" \/>\n<meta name=\"robots\" content=\"index, follow, max-snippet:-1, max-image-preview:large, max-video-preview:-1\" \/>\n<link rel=\"canonical\" href=\"https:\/\/www.inforesidencias.com\/blog\/index.php\/2025\/01\/29\/uniteco-proteccion-y-tranquilidad-para-residencias-y-profesionales\/\" \/>\n<meta property=\"og:locale\" content=\"es_ES\" \/>\n<meta property=\"og:type\" content=\"article\" \/>\n<meta property=\"og:title\" content=\"Uniteco: protecci\u00f3n y tranquilidad para residencias y profesionales - Blog Inforesidencias.com\" \/>\n<meta property=\"og:description\" content=\"Uniteco es la compa\u00f1\u00eda l\u00edder de seguros que proporciona protecci\u00f3n y tranquilidad para residencias y profesionales.\" \/>\n<meta property=\"og:url\" content=\"https:\/\/www.inforesidencias.com\/blog\/index.php\/2025\/01\/29\/uniteco-proteccion-y-tranquilidad-para-residencias-y-profesionales\/\" \/>\n<meta property=\"og:site_name\" content=\"Blog Inforesidencias.com\" \/>\n<meta property=\"article:publisher\" content=\"https:\/\/www.facebook.com\/Inforesidencias\/\" \/>\n<meta property=\"article:published_time\" content=\"2025-01-29T16:00:00+00:00\" \/>\n<meta property=\"article:modified_time\" content=\"2025-01-29T15:56:56+00:00\" \/>\n<meta property=\"og:image\" content=\"https:\/\/www.inforesidencias.com\/blog\/wp-content\/uploads\/2025\/01\/juan-pablo-nunez-uniteco.jpg\" \/>\n\t<meta property=\"og:image:width\" content=\"700\" \/>\n\t<meta property=\"og:image:height\" content=\"535\" \/>\n\t<meta property=\"og:image:type\" content=\"image\/jpeg\" \/>\n<meta name=\"author\" content=\"Inforesidencias.com\" \/>\n<meta name=\"twitter:card\" content=\"summary_large_image\" \/>\n<meta name=\"twitter:creator\" content=\"@inforesidencias\" \/>\n<meta name=\"twitter:site\" content=\"@inforesidencias\" \/>\n<meta name=\"twitter:label1\" content=\"Escrito por\" \/>\n\t<meta name=\"twitter:data1\" content=\"Inforesidencias.com\" \/>\n\t<meta name=\"twitter:label2\" content=\"Tiempo de lectura\" \/>\n\t<meta name=\"twitter:data2\" content=\"3 minutos\" \/>\n<script type=\"application\/ld+json\" class=\"yoast-schema-graph\">{\"@context\":\"https:\/\/schema.org\",\"@graph\":[{\"@type\":\"WebPage\",\"@id\":\"https:\/\/www.inforesidencias.com\/blog\/index.php\/2025\/01\/29\/uniteco-proteccion-y-tranquilidad-para-residencias-y-profesionales\/\",\"url\":\"https:\/\/www.inforesidencias.com\/blog\/index.php\/2025\/01\/29\/uniteco-proteccion-y-tranquilidad-para-residencias-y-profesionales\/\",\"name\":\"Uniteco: protecci\u00f3n y tranquilidad para residencias y profesionales - Blog Inforesidencias.com\",\"isPartOf\":{\"@id\":\"https:\/\/www.inforesidencias.com\/blog\/#website\"},\"datePublished\":\"2025-01-29T16:00:00+00:00\",\"dateModified\":\"2025-01-29T15:56:56+00:00\",\"author\":{\"@id\":\"https:\/\/www.inforesidencias.com\/blog\/#\/schema\/person\/4137928ac9e11813f9d22c7eca99e8c6\"},\"description\":\"Uniteco es la compa\u00f1\u00eda l\u00edder de seguros que proporciona protecci\u00f3n y tranquilidad para residencias y profesionales.\",\"breadcrumb\":{\"@id\":\"https:\/\/www.inforesidencias.com\/blog\/index.php\/2025\/01\/29\/uniteco-proteccion-y-tranquilidad-para-residencias-y-profesionales\/#breadcrumb\"},\"inLanguage\":\"es\",\"potentialAction\":[{\"@type\":\"ReadAction\",\"target\":[\"https:\/\/www.inforesidencias.com\/blog\/index.php\/2025\/01\/29\/uniteco-proteccion-y-tranquilidad-para-residencias-y-profesionales\/\"]}]},{\"@type\":\"BreadcrumbList\",\"@id\":\"https:\/\/www.inforesidencias.com\/blog\/index.php\/2025\/01\/29\/uniteco-proteccion-y-tranquilidad-para-residencias-y-profesionales\/#breadcrumb\",\"itemListElement\":[{\"@type\":\"ListItem\",\"position\":1,\"name\":\"Home\",\"item\":\"https:\/\/www.inforesidencias.com\/blog\/\"},{\"@type\":\"ListItem\",\"position\":2,\"name\":\"Uniteco: protecci\u00f3n y tranquilidad para residencias y profesionales\"}]},{\"@type\":\"WebSite\",\"@id\":\"https:\/\/www.inforesidencias.com\/blog\/#website\",\"url\":\"https:\/\/www.inforesidencias.com\/blog\/\",\"name\":\"Blog Inforesidencias.com\",\"description\":\"El buscador de residencias de la 3\u00aa edad\",\"potentialAction\":[{\"@type\":\"SearchAction\",\"target\":{\"@type\":\"EntryPoint\",\"urlTemplate\":\"https:\/\/www.inforesidencias.com\/blog\/?s={search_term_string}\"},\"query-input\":\"required name=search_term_string\"}],\"inLanguage\":\"es\"},{\"@type\":\"Person\",\"@id\":\"https:\/\/www.inforesidencias.com\/blog\/#\/schema\/person\/4137928ac9e11813f9d22c7eca99e8c6\",\"name\":\"Inforesidencias.com\",\"image\":{\"@type\":\"ImageObject\",\"inLanguage\":\"es\",\"@id\":\"https:\/\/www.inforesidencias.com\/blog\/#\/schema\/person\/image\/\",\"url\":\"https:\/\/secure.gravatar.com\/avatar\/2092a1175202f080ba451797bc271678?s=96&d=mm&r=g\",\"contentUrl\":\"https:\/\/secure.gravatar.com\/avatar\/2092a1175202f080ba451797bc271678?s=96&d=mm&r=g\",\"caption\":\"Inforesidencias.com\"},\"url\":\"https:\/\/www.inforesidencias.com\/blog\/index.php\/author\/javier-camara\/\"}]}<\/script>\n<!-- \/ Yoast SEO plugin. -->","yoast_head_json":{"title":"Uniteco: protecci\u00f3n y tranquilidad para residencias y profesionales - Blog Inforesidencias.com","description":"Uniteco es la compa\u00f1\u00eda l\u00edder de seguros que proporciona protecci\u00f3n y tranquilidad para residencias y profesionales.","robots":{"index":"index","follow":"follow","max-snippet":"max-snippet:-1","max-image-preview":"max-image-preview:large","max-video-preview":"max-video-preview:-1"},"canonical":"https:\/\/www.inforesidencias.com\/blog\/index.php\/2025\/01\/29\/uniteco-proteccion-y-tranquilidad-para-residencias-y-profesionales\/","og_locale":"es_ES","og_type":"article","og_title":"Uniteco: protecci\u00f3n y tranquilidad para residencias y profesionales - Blog Inforesidencias.com","og_description":"Uniteco es la compa\u00f1\u00eda l\u00edder de seguros que proporciona protecci\u00f3n y tranquilidad para residencias y profesionales.","og_url":"https:\/\/www.inforesidencias.com\/blog\/index.php\/2025\/01\/29\/uniteco-proteccion-y-tranquilidad-para-residencias-y-profesionales\/","og_site_name":"Blog Inforesidencias.com","article_publisher":"https:\/\/www.facebook.com\/Inforesidencias\/","article_published_time":"2025-01-29T16:00:00+00:00","article_modified_time":"2025-01-29T15:56:56+00:00","og_image":[{"width":700,"height":535,"url":"https:\/\/www.inforesidencias.com\/blog\/wp-content\/uploads\/2025\/01\/juan-pablo-nunez-uniteco.jpg","type":"image\/jpeg"}],"author":"Inforesidencias.com","twitter_card":"summary_large_image","twitter_creator":"@inforesidencias","twitter_site":"@inforesidencias","twitter_misc":{"Escrito por":"Inforesidencias.com","Tiempo de lectura":"3 minutos"},"schema":{"@context":"https:\/\/schema.org","@graph":[{"@type":"WebPage","@id":"https:\/\/www.inforesidencias.com\/blog\/index.php\/2025\/01\/29\/uniteco-proteccion-y-tranquilidad-para-residencias-y-profesionales\/","url":"https:\/\/www.inforesidencias.com\/blog\/index.php\/2025\/01\/29\/uniteco-proteccion-y-tranquilidad-para-residencias-y-profesionales\/","name":"Uniteco: protecci\u00f3n y tranquilidad para residencias y profesionales - Blog Inforesidencias.com","isPartOf":{"@id":"https:\/\/www.inforesidencias.com\/blog\/#website"},"datePublished":"2025-01-29T16:00:00+00:00","dateModified":"2025-01-29T15:56:56+00:00","author":{"@id":"https:\/\/www.inforesidencias.com\/blog\/#\/schema\/person\/4137928ac9e11813f9d22c7eca99e8c6"},"description":"Uniteco es la compa\u00f1\u00eda l\u00edder de seguros que proporciona protecci\u00f3n y tranquilidad para residencias y profesionales.","breadcrumb":{"@id":"https:\/\/www.inforesidencias.com\/blog\/index.php\/2025\/01\/29\/uniteco-proteccion-y-tranquilidad-para-residencias-y-profesionales\/#breadcrumb"},"inLanguage":"es","potentialAction":[{"@type":"ReadAction","target":["https:\/\/www.inforesidencias.com\/blog\/index.php\/2025\/01\/29\/uniteco-proteccion-y-tranquilidad-para-residencias-y-profesionales\/"]}]},{"@type":"BreadcrumbList","@id":"https:\/\/www.inforesidencias.com\/blog\/index.php\/2025\/01\/29\/uniteco-proteccion-y-tranquilidad-para-residencias-y-profesionales\/#breadcrumb","itemListElement":[{"@type":"ListItem","position":1,"name":"Home","item":"https:\/\/www.inforesidencias.com\/blog\/"},{"@type":"ListItem","position":2,"name":"Uniteco: protecci\u00f3n y tranquilidad para residencias y profesionales"}]},{"@type":"WebSite","@id":"https:\/\/www.inforesidencias.com\/blog\/#website","url":"https:\/\/www.inforesidencias.com\/blog\/","name":"Blog Inforesidencias.com","description":"El buscador de residencias de la 3\u00aa edad","potentialAction":[{"@type":"SearchAction","target":{"@type":"EntryPoint","urlTemplate":"https:\/\/www.inforesidencias.com\/blog\/?s={search_term_string}"},"query-input":"required name=search_term_string"}],"inLanguage":"es"},{"@type":"Person","@id":"https:\/\/www.inforesidencias.com\/blog\/#\/schema\/person\/4137928ac9e11813f9d22c7eca99e8c6","name":"Inforesidencias.com","image":{"@type":"ImageObject","inLanguage":"es","@id":"https:\/\/www.inforesidencias.com\/blog\/#\/schema\/person\/image\/","url":"https:\/\/secure.gravatar.com\/avatar\/2092a1175202f080ba451797bc271678?s=96&d=mm&r=g","contentUrl":"https:\/\/secure.gravatar.com\/avatar\/2092a1175202f080ba451797bc271678?s=96&d=mm&r=g","caption":"Inforesidencias.com"},"url":"https:\/\/www.inforesidencias.com\/blog\/index.php\/author\/javier-camara\/"}]}},"_links":{"self":[{"href":"https:\/\/www.inforesidencias.com\/blog\/index.php\/wp-json\/wp\/v2\/posts\/7632"}],"collection":[{"href":"https:\/\/www.inforesidencias.com\/blog\/index.php\/wp-json\/wp\/v2\/posts"}],"about":[{"href":"https:\/\/www.inforesidencias.com\/blog\/index.php\/wp-json\/wp\/v2\/types\/post"}],"author":[{"embeddable":true,"href":"https:\/\/www.inforesidencias.com\/blog\/index.php\/wp-json\/wp\/v2\/users\/7"}],"replies":[{"embeddable":true,"href":"https:\/\/www.inforesidencias.com\/blog\/index.php\/wp-json\/wp\/v2\/comments?post=7632"}],"version-history":[{"count":4,"href":"https:\/\/www.inforesidencias.com\/blog\/index.php\/wp-json\/wp\/v2\/posts\/7632\/revisions"}],"predecessor-version":[{"id":7637,"href":"https:\/\/www.inforesidencias.com\/blog\/index.php\/wp-json\/wp\/v2\/posts\/7632\/revisions\/7637"}],"wp:featuredmedia":[{"embeddable":true,"href":"https:\/\/www.inforesidencias.com\/blog\/index.php\/wp-json\/wp\/v2\/media\/7633"}],"wp:attachment":[{"href":"https:\/\/www.inforesidencias.com\/blog\/index.php\/wp-json\/wp\/v2\/media?parent=7632"}],"wp:term":[{"taxonomy":"category","embeddable":true,"href":"https:\/\/www.inforesidencias.com\/blog\/index.php\/wp-json\/wp\/v2\/categories?post=7632"},{"taxonomy":"post_tag","embeddable":true,"href":"https:\/\/www.inforesidencias.com\/blog\/index.php\/wp-json\/wp\/v2\/tags?post=7632"}],"curies":[{"name":"wp","href":"https:\/\/api.w.org\/{rel}","templated":true}]}}