{"id":7639,"date":"2025-02-13T07:41:00","date_gmt":"2025-02-13T06:41:00","guid":{"rendered":"https:\/\/www.inforesidencias.com\/blog\/?p=7639"},"modified":"2025-02-03T07:57:31","modified_gmt":"2025-02-03T06:57:31","slug":"claves-para-prevenir-la-depresion-en-personas-mayores-en-residencias","status":"publish","type":"post","link":"https:\/\/www.inforesidencias.com\/blog\/index.php\/2025\/02\/13\/claves-para-prevenir-la-depresion-en-personas-mayores-en-residencias\/","title":{"rendered":"Claves para prevenir la depresi\u00f3n en personas mayores en residencias"},"content":{"rendered":"\n<p>La depresi\u00f3n en personas mayores, como en el resto de grupos de la poblaci\u00f3n, es un desaf\u00edo com\u00fan, pero evitable con las medidas adecuadas. Para quienes viven en residencias, el entorno, la atenci\u00f3n y las actividades juegan un papel clave en su bienestar emocional. Intentaremos, por tanto, presentar algunas claves para prevenir la depresi\u00f3n en personas mayores en residencias.<\/p>\n\n\n<div class=\"wp-block-image\">\n<figure class=\"alignright size-full is-resized\"><a href=\"https:\/\/www.inforesidencias.com\/blog\/wp-content\/uploads\/2025\/01\/residencia-depresion-mayor.jpg\"><img decoding=\"async\" loading=\"lazy\" width=\"1024\" height=\"1024\" src=\"https:\/\/www.inforesidencias.com\/blog\/wp-content\/uploads\/2025\/01\/residencia-depresion-mayor.jpg\" alt=\"\" class=\"wp-image-7641\" style=\"aspect-ratio:1;width:354px;height:auto\" srcset=\"https:\/\/www.inforesidencias.com\/blog\/wp-content\/uploads\/2025\/01\/residencia-depresion-mayor.jpg 1024w, https:\/\/www.inforesidencias.com\/blog\/wp-content\/uploads\/2025\/01\/residencia-depresion-mayor-300x300.jpg 300w, https:\/\/www.inforesidencias.com\/blog\/wp-content\/uploads\/2025\/01\/residencia-depresion-mayor-150x150.jpg 150w, https:\/\/www.inforesidencias.com\/blog\/wp-content\/uploads\/2025\/01\/residencia-depresion-mayor-768x768.jpg 768w\" sizes=\"(max-width: 1024px) 100vw, 1024px\" \/><\/a><\/figure><\/div>\n\n\n<p>Hay que tener en cuenta, para empezar, que prevenir la depresi\u00f3n en personas mayores que viven en residencias requiere un enfoque integral que combine atenci\u00f3n emocional, f\u00edsica y social. Cada peque\u00f1o esfuerzo por mejorar su calidad de vida contribuye a su felicidad y bienestar general, garantizando que esta etapa de la vida sea plenamente disfrutable.<\/p>\n\n\n\n<p>Si buscas una residencia de la tercera edad para  un familiar, porque piensas que all\u00ed estar\u00e1 m\u00e1s atendido y habr\u00e1 una mayor socializaci\u00f3n, quiz\u00e1 puede interesarte que <a href=\"https:\/\/www.inforesidencias.com\/centros\/buscador\/residencias\/\">residencias geri\u00e1tricas hay en tu zona.<\/a>. En Inforesidencias.com, seg\u00fan las recomendaciones de los expertos, hemos resumido las claves para prevenir la depresi\u00f3n en personas mayores en residencias, y creemos que es esencial fomentar las relaciones sociales. Pero tambi\u00e9n ofrecer un entorno estimulante, proporcionar actividades significativas, promover la actividad f\u00edsica y cuidar la alimentaci\u00f3n y el descanso. Del mismo modo, es vital brindar apoyo emocional, involucrar a los residentes en decisiones y detectar se\u00f1ales de alerta a tiempo.<\/p>\n\n\n\n<p>Lo explicamos con un poco m\u00e1s de detalle:<\/p>\n\n\n\n<h4 class=\"wp-block-heading\">1. <strong>Fomentar las relaciones sociales<\/strong><\/h4>\n\n\n\n<p>El aislamiento es un factor de riesgo importante. Es fundamental promover actividades grupales que impulsen la interacci\u00f3n entre los residentes, como talleres, juegos o celebraciones. Adem\u00e1s, facilitar la conexi\u00f3n con familiares mediante visitas frecuentes o videollamadas es crucial.<\/p>\n\n\n\n<h4 class=\"wp-block-heading\">2. <strong>Ofrecer un entorno estimulante<\/strong><\/h4>\n\n\n\n<p>Un ambiente agradable, con espacios luminosos, decorados y dise\u00f1ados para fomentar la calma y la alegr\u00eda, puede marcar una gran diferencia. Incorporar zonas verdes o jardines tambi\u00e9n puede proporcionar beneficios para la salud mental.<\/p>\n\n\n\n<h4 class=\"wp-block-heading\">3. <strong>Proporcionar actividades significativas<\/strong><\/h4>\n\n\n\n<p>Es vital que las personas mayores se sientan \u00fatiles y motivadas. Actividades como talleres de manualidades, lectura, m\u00fasica, jardiner\u00eda o proyectos intergeneracionales les permiten sentirse valoradas y mantener un prop\u00f3sito diario.<\/p>\n\n\n\n<h4 class=\"wp-block-heading\">4. <strong>Promover la actividad f\u00edsica<\/strong><\/h4>\n\n\n\n<p>El ejercicio regular no solo mejora la salud f\u00edsica, sino tambi\u00e9n el estado de \u00e1nimo. Programar actividades adaptadas, como yoga, caminatas o gimnasia suave, ayuda a reducir el estr\u00e9s y a liberar endorfinas.<\/p>\n\n\n\n<h4 class=\"wp-block-heading\">5. <strong>Cuidar la alimentaci\u00f3n y el descanso<\/strong><\/h4>\n\n\n\n<p>Una dieta equilibrada rica en nutrientes esenciales, junto con un descanso adecuado, contribuye al equilibrio emocional. La personalizaci\u00f3n de los men\u00fas seg\u00fan las necesidades de cada residente tambi\u00e9n refuerza su bienestar general.<\/p>\n\n\n\n<h4 class=\"wp-block-heading\">6. <strong>Ofrecer apoyo emocional y psicol\u00f3gico<\/strong><\/h4>\n\n\n\n<p>Tener acceso a un profesional de la salud mental dentro de la residencia puede marcar la diferencia. Las sesiones individuales o grupales de terapia pueden ayudar a los residentes a manejar sus emociones y mantener una actitud positiva.<\/p>\n\n\n\n<h4 class=\"wp-block-heading\">7. <strong>Involucrar a los residentes en la toma de decisiones<\/strong><\/h4>\n\n\n\n<p>Permitir que los residentes participen en decisiones relacionadas con su d\u00eda a d\u00eda aumenta su sensaci\u00f3n de control y autonom\u00eda, factores clave para prevenir la depresi\u00f3n.<\/p>\n\n\n\n<h4 class=\"wp-block-heading\">8. <strong>Detectar se\u00f1ales de alerta a tiempo<\/strong><\/h4>\n\n\n\n<p>Para terminar, la \u00faltima de las claves para prevenir la depresi\u00f3n en personas mayores en residencias es capacitar al personal para reconocer signos tempranos de depresi\u00f3n. En estos se incluyen los cambios en el apetito, el sue\u00f1o o la interacci\u00f3n social. Un \u00faltimo consejo: es crucial intervenir r\u00e1pidamente para prevenir su avance.<\/p>\n\n\n\n<p>Si cree que han sido \u00fatiles estas&nbsp;claves para prevenir la depresi\u00f3n en personas mayores en residencias, es muy probable que le resulte igual de interesante estas otras informaciones:<\/p>\n\n\n\n<p>&#8211;&nbsp;<a href=\"https:\/\/dependencia.info\/noticia\/6735\/sector\/recomendaciones-de-mentalia-salud-para-acompanar-a-personas-con-depresion.html?cache=true\" target=\"_blank\" rel=\"noreferrer noopener\">Recomendaciones de Mentalia Salud para acompa\u00f1ar a personas con depresi\u00f3n<\/a><\/p>\n\n\n\n<p>&#8211;&nbsp;<a href=\"https:\/\/www.amavir.es\/cuidar-al-mayor\/depresion-una-enfermedad-frecuente-en-la-tercera-edad\/\" target=\"_blank\" rel=\"noreferrer noopener\">Depresi\u00f3n en personas mayores: tipos, s\u00edntomas y c\u00f3mo actuar ante ella<\/a><\/p>\n","protected":false},"excerpt":{"rendered":"<p>La depresi\u00f3n en personas mayores, como en el resto de grupos de la poblaci\u00f3n, es un desaf\u00edo com\u00fan, pero evitable con las medidas adecuadas. Para quienes viven en residencias, el entorno, la atenci\u00f3n y las actividades juegan un papel clave en su bienestar emocional. Intentaremos, por tanto, presentar algunas claves para prevenir la depresi\u00f3n en personas mayores en residencias. Hay que tener en cuenta, para empezar, que prevenir la depresi\u00f3n en personas mayores que viven en residencias requiere un enfoque integral que combine atenci\u00f3n emocional, f\u00edsica y social. Cada peque\u00f1o esfuerzo por mejorar su calidad de vida contribuye a su felicidad y bienestar general, garantizando que esta etapa de la vida sea plenamente disfrutable. Si buscas una residencia de la tercera edad para un familiar, porque piensas que all\u00ed estar\u00e1 m\u00e1s atendido y habr\u00e1 una mayor socializaci\u00f3n, quiz\u00e1 puede interesarte que residencias geri\u00e1tricas hay en tu zona.. En Inforesidencias.com, seg\u00fan [&hellip;]<\/p>\n","protected":false},"author":7,"featured_media":7641,"comment_status":"open","ping_status":"open","sticky":false,"template":"","format":"standard","meta":{"footnotes":""},"categories":[1],"tags":[],"yoast_head":"<!-- This site is optimized with the Yoast SEO plugin v21.7 - https:\/\/yoast.com\/wordpress\/plugins\/seo\/ -->\n<title>Claves para prevenir la depresi\u00f3n en personas mayores en residencias - Blog Inforesidencias.com<\/title>\n<meta name=\"description\" content=\"Claves y recomendaciones para prevenir la depresi\u00f3n y salud mental en las personas mayores que viven en las residencias.\" \/>\n<meta name=\"robots\" content=\"index, follow, max-snippet:-1, max-image-preview:large, max-video-preview:-1\" \/>\n<link rel=\"canonical\" href=\"https:\/\/www.inforesidencias.com\/blog\/index.php\/2025\/02\/13\/claves-para-prevenir-la-depresion-en-personas-mayores-en-residencias\/\" \/>\n<meta property=\"og:locale\" content=\"es_ES\" \/>\n<meta property=\"og:type\" content=\"article\" \/>\n<meta property=\"og:title\" content=\"Claves para prevenir la depresi\u00f3n en personas mayores en residencias - Blog Inforesidencias.com\" \/>\n<meta property=\"og:description\" content=\"Claves y recomendaciones para prevenir la depresi\u00f3n y salud mental en las personas mayores que viven en las residencias.\" \/>\n<meta property=\"og:url\" content=\"https:\/\/www.inforesidencias.com\/blog\/index.php\/2025\/02\/13\/claves-para-prevenir-la-depresion-en-personas-mayores-en-residencias\/\" \/>\n<meta property=\"og:site_name\" content=\"Blog Inforesidencias.com\" \/>\n<meta property=\"article:publisher\" content=\"https:\/\/www.facebook.com\/Inforesidencias\/\" \/>\n<meta property=\"article:published_time\" content=\"2025-02-13T06:41:00+00:00\" \/>\n<meta property=\"article:modified_time\" content=\"2025-02-03T06:57:31+00:00\" \/>\n<meta property=\"og:image\" content=\"https:\/\/www.inforesidencias.com\/blog\/wp-content\/uploads\/2025\/01\/residencia-depresion-mayor.jpg\" \/>\n\t<meta property=\"og:image:width\" content=\"1024\" \/>\n\t<meta property=\"og:image:height\" content=\"1024\" \/>\n\t<meta property=\"og:image:type\" content=\"image\/jpeg\" \/>\n<meta name=\"author\" content=\"Inforesidencias.com\" \/>\n<meta name=\"twitter:card\" content=\"summary_large_image\" \/>\n<meta name=\"twitter:creator\" content=\"@inforesidencias\" \/>\n<meta name=\"twitter:site\" content=\"@inforesidencias\" \/>\n<meta name=\"twitter:label1\" content=\"Escrito por\" \/>\n\t<meta name=\"twitter:data1\" content=\"Inforesidencias.com\" \/>\n\t<meta name=\"twitter:label2\" content=\"Tiempo de lectura\" \/>\n\t<meta name=\"twitter:data2\" content=\"4 minutos\" \/>\n<script type=\"application\/ld+json\" class=\"yoast-schema-graph\">{\"@context\":\"https:\/\/schema.org\",\"@graph\":[{\"@type\":\"WebPage\",\"@id\":\"https:\/\/www.inforesidencias.com\/blog\/index.php\/2025\/02\/13\/claves-para-prevenir-la-depresion-en-personas-mayores-en-residencias\/\",\"url\":\"https:\/\/www.inforesidencias.com\/blog\/index.php\/2025\/02\/13\/claves-para-prevenir-la-depresion-en-personas-mayores-en-residencias\/\",\"name\":\"Claves para prevenir la depresi\u00f3n en personas mayores en residencias - Blog Inforesidencias.com\",\"isPartOf\":{\"@id\":\"https:\/\/www.inforesidencias.com\/blog\/#website\"},\"datePublished\":\"2025-02-13T06:41:00+00:00\",\"dateModified\":\"2025-02-03T06:57:31+00:00\",\"author\":{\"@id\":\"https:\/\/www.inforesidencias.com\/blog\/#\/schema\/person\/4137928ac9e11813f9d22c7eca99e8c6\"},\"description\":\"Claves y recomendaciones para prevenir la depresi\u00f3n y salud mental en las personas mayores que viven en las residencias.\",\"breadcrumb\":{\"@id\":\"https:\/\/www.inforesidencias.com\/blog\/index.php\/2025\/02\/13\/claves-para-prevenir-la-depresion-en-personas-mayores-en-residencias\/#breadcrumb\"},\"inLanguage\":\"es\",\"potentialAction\":[{\"@type\":\"ReadAction\",\"target\":[\"https:\/\/www.inforesidencias.com\/blog\/index.php\/2025\/02\/13\/claves-para-prevenir-la-depresion-en-personas-mayores-en-residencias\/\"]}]},{\"@type\":\"BreadcrumbList\",\"@id\":\"https:\/\/www.inforesidencias.com\/blog\/index.php\/2025\/02\/13\/claves-para-prevenir-la-depresion-en-personas-mayores-en-residencias\/#breadcrumb\",\"itemListElement\":[{\"@type\":\"ListItem\",\"position\":1,\"name\":\"Home\",\"item\":\"https:\/\/www.inforesidencias.com\/blog\/\"},{\"@type\":\"ListItem\",\"position\":2,\"name\":\"Claves para prevenir la depresi\u00f3n en personas mayores en residencias\"}]},{\"@type\":\"WebSite\",\"@id\":\"https:\/\/www.inforesidencias.com\/blog\/#website\",\"url\":\"https:\/\/www.inforesidencias.com\/blog\/\",\"name\":\"Blog Inforesidencias.com\",\"description\":\"El buscador de residencias de la 3\u00aa edad\",\"potentialAction\":[{\"@type\":\"SearchAction\",\"target\":{\"@type\":\"EntryPoint\",\"urlTemplate\":\"https:\/\/www.inforesidencias.com\/blog\/?s={search_term_string}\"},\"query-input\":\"required name=search_term_string\"}],\"inLanguage\":\"es\"},{\"@type\":\"Person\",\"@id\":\"https:\/\/www.inforesidencias.com\/blog\/#\/schema\/person\/4137928ac9e11813f9d22c7eca99e8c6\",\"name\":\"Inforesidencias.com\",\"image\":{\"@type\":\"ImageObject\",\"inLanguage\":\"es\",\"@id\":\"https:\/\/www.inforesidencias.com\/blog\/#\/schema\/person\/image\/\",\"url\":\"https:\/\/secure.gravatar.com\/avatar\/2092a1175202f080ba451797bc271678?s=96&d=mm&r=g\",\"contentUrl\":\"https:\/\/secure.gravatar.com\/avatar\/2092a1175202f080ba451797bc271678?s=96&d=mm&r=g\",\"caption\":\"Inforesidencias.com\"},\"url\":\"https:\/\/www.inforesidencias.com\/blog\/index.php\/author\/javier-camara\/\"}]}<\/script>\n<!-- \/ Yoast SEO plugin. -->","yoast_head_json":{"title":"Claves para prevenir la depresi\u00f3n en personas mayores en residencias - Blog Inforesidencias.com","description":"Claves y recomendaciones para prevenir la depresi\u00f3n y salud mental en las personas mayores que viven en las residencias.","robots":{"index":"index","follow":"follow","max-snippet":"max-snippet:-1","max-image-preview":"max-image-preview:large","max-video-preview":"max-video-preview:-1"},"canonical":"https:\/\/www.inforesidencias.com\/blog\/index.php\/2025\/02\/13\/claves-para-prevenir-la-depresion-en-personas-mayores-en-residencias\/","og_locale":"es_ES","og_type":"article","og_title":"Claves para prevenir la depresi\u00f3n en personas mayores en residencias - Blog Inforesidencias.com","og_description":"Claves y recomendaciones para prevenir la depresi\u00f3n y salud mental en las personas mayores que viven en las residencias.","og_url":"https:\/\/www.inforesidencias.com\/blog\/index.php\/2025\/02\/13\/claves-para-prevenir-la-depresion-en-personas-mayores-en-residencias\/","og_site_name":"Blog Inforesidencias.com","article_publisher":"https:\/\/www.facebook.com\/Inforesidencias\/","article_published_time":"2025-02-13T06:41:00+00:00","article_modified_time":"2025-02-03T06:57:31+00:00","og_image":[{"width":1024,"height":1024,"url":"https:\/\/www.inforesidencias.com\/blog\/wp-content\/uploads\/2025\/01\/residencia-depresion-mayor.jpg","type":"image\/jpeg"}],"author":"Inforesidencias.com","twitter_card":"summary_large_image","twitter_creator":"@inforesidencias","twitter_site":"@inforesidencias","twitter_misc":{"Escrito por":"Inforesidencias.com","Tiempo de lectura":"4 minutos"},"schema":{"@context":"https:\/\/schema.org","@graph":[{"@type":"WebPage","@id":"https:\/\/www.inforesidencias.com\/blog\/index.php\/2025\/02\/13\/claves-para-prevenir-la-depresion-en-personas-mayores-en-residencias\/","url":"https:\/\/www.inforesidencias.com\/blog\/index.php\/2025\/02\/13\/claves-para-prevenir-la-depresion-en-personas-mayores-en-residencias\/","name":"Claves para prevenir la depresi\u00f3n en personas mayores en residencias - Blog Inforesidencias.com","isPartOf":{"@id":"https:\/\/www.inforesidencias.com\/blog\/#website"},"datePublished":"2025-02-13T06:41:00+00:00","dateModified":"2025-02-03T06:57:31+00:00","author":{"@id":"https:\/\/www.inforesidencias.com\/blog\/#\/schema\/person\/4137928ac9e11813f9d22c7eca99e8c6"},"description":"Claves y recomendaciones para prevenir la depresi\u00f3n y salud mental en las personas mayores que viven en las residencias.","breadcrumb":{"@id":"https:\/\/www.inforesidencias.com\/blog\/index.php\/2025\/02\/13\/claves-para-prevenir-la-depresion-en-personas-mayores-en-residencias\/#breadcrumb"},"inLanguage":"es","potentialAction":[{"@type":"ReadAction","target":["https:\/\/www.inforesidencias.com\/blog\/index.php\/2025\/02\/13\/claves-para-prevenir-la-depresion-en-personas-mayores-en-residencias\/"]}]},{"@type":"BreadcrumbList","@id":"https:\/\/www.inforesidencias.com\/blog\/index.php\/2025\/02\/13\/claves-para-prevenir-la-depresion-en-personas-mayores-en-residencias\/#breadcrumb","itemListElement":[{"@type":"ListItem","position":1,"name":"Home","item":"https:\/\/www.inforesidencias.com\/blog\/"},{"@type":"ListItem","position":2,"name":"Claves para prevenir la depresi\u00f3n en personas mayores en residencias"}]},{"@type":"WebSite","@id":"https:\/\/www.inforesidencias.com\/blog\/#website","url":"https:\/\/www.inforesidencias.com\/blog\/","name":"Blog Inforesidencias.com","description":"El buscador de residencias de la 3\u00aa edad","potentialAction":[{"@type":"SearchAction","target":{"@type":"EntryPoint","urlTemplate":"https:\/\/www.inforesidencias.com\/blog\/?s={search_term_string}"},"query-input":"required name=search_term_string"}],"inLanguage":"es"},{"@type":"Person","@id":"https:\/\/www.inforesidencias.com\/blog\/#\/schema\/person\/4137928ac9e11813f9d22c7eca99e8c6","name":"Inforesidencias.com","image":{"@type":"ImageObject","inLanguage":"es","@id":"https:\/\/www.inforesidencias.com\/blog\/#\/schema\/person\/image\/","url":"https:\/\/secure.gravatar.com\/avatar\/2092a1175202f080ba451797bc271678?s=96&d=mm&r=g","contentUrl":"https:\/\/secure.gravatar.com\/avatar\/2092a1175202f080ba451797bc271678?s=96&d=mm&r=g","caption":"Inforesidencias.com"},"url":"https:\/\/www.inforesidencias.com\/blog\/index.php\/author\/javier-camara\/"}]}},"_links":{"self":[{"href":"https:\/\/www.inforesidencias.com\/blog\/index.php\/wp-json\/wp\/v2\/posts\/7639"}],"collection":[{"href":"https:\/\/www.inforesidencias.com\/blog\/index.php\/wp-json\/wp\/v2\/posts"}],"about":[{"href":"https:\/\/www.inforesidencias.com\/blog\/index.php\/wp-json\/wp\/v2\/types\/post"}],"author":[{"embeddable":true,"href":"https:\/\/www.inforesidencias.com\/blog\/index.php\/wp-json\/wp\/v2\/users\/7"}],"replies":[{"embeddable":true,"href":"https:\/\/www.inforesidencias.com\/blog\/index.php\/wp-json\/wp\/v2\/comments?post=7639"}],"version-history":[{"count":3,"href":"https:\/\/www.inforesidencias.com\/blog\/index.php\/wp-json\/wp\/v2\/posts\/7639\/revisions"}],"predecessor-version":[{"id":7645,"href":"https:\/\/www.inforesidencias.com\/blog\/index.php\/wp-json\/wp\/v2\/posts\/7639\/revisions\/7645"}],"wp:featuredmedia":[{"embeddable":true,"href":"https:\/\/www.inforesidencias.com\/blog\/index.php\/wp-json\/wp\/v2\/media\/7641"}],"wp:attachment":[{"href":"https:\/\/www.inforesidencias.com\/blog\/index.php\/wp-json\/wp\/v2\/media?parent=7639"}],"wp:term":[{"taxonomy":"category","embeddable":true,"href":"https:\/\/www.inforesidencias.com\/blog\/index.php\/wp-json\/wp\/v2\/categories?post=7639"},{"taxonomy":"post_tag","embeddable":true,"href":"https:\/\/www.inforesidencias.com\/blog\/index.php\/wp-json\/wp\/v2\/tags?post=7639"}],"curies":[{"name":"wp","href":"https:\/\/api.w.org\/{rel}","templated":true}]}}