{"id":7667,"date":"2025-02-28T07:47:00","date_gmt":"2025-02-28T06:47:00","guid":{"rendered":"https:\/\/www.inforesidencias.com\/blog\/?p=7667"},"modified":"2025-02-17T12:47:55","modified_gmt":"2025-02-17T11:47:55","slug":"cuando-pasar-de-un-centro-de-dia-a-una-residencia-de-mayores","status":"publish","type":"post","link":"https:\/\/www.inforesidencias.com\/blog\/index.php\/2025\/02\/28\/cuando-pasar-de-un-centro-de-dia-a-una-residencia-de-mayores\/","title":{"rendered":"Cu\u00e1ndo pasar de un centro de d\u00eda a una residencia de mayores"},"content":{"rendered":"\n<p>Decidir cu\u00e1ndo pasar de un centro de d\u00eda a una residencia para personas mayores puede ser un proceso emocional y complejo, tanto para la persona mayor como para su familia. Sin embargo, existen momentos en los que este cambio se vuelve necesario. O incluso inevitable, debido a diversas razones relacionadas con el bienestar y la calidad de vida.<\/p>\n\n\n\n<p>El cambio de un centro de d\u00eda a una residencia para personas mayores puede ser necesario por el deterioro de salud, aumento de dependencia o falta de apoyo familiar. Este paso, aunque dif\u00edcil, busca garantizar el bienestar integral, seguridad y calidad de vida del anciano, aliviando tambi\u00e9n la carga familiar.<\/p>\n\n\n<div class=\"wp-block-image\">\n<figure class=\"alignright size-full is-resized\"><a href=\"https:\/\/www.inforesidencias.com\/blog\/wp-content\/uploads\/2025\/02\/centro-de-dia-bing.jpg\"><img decoding=\"async\" loading=\"lazy\" width=\"1024\" height=\"1024\" src=\"https:\/\/www.inforesidencias.com\/blog\/wp-content\/uploads\/2025\/02\/centro-de-dia-bing.jpg\" alt=\"\" class=\"wp-image-7669\" style=\"aspect-ratio:1;width:349px;height:auto\" srcset=\"https:\/\/www.inforesidencias.com\/blog\/wp-content\/uploads\/2025\/02\/centro-de-dia-bing.jpg 1024w, https:\/\/www.inforesidencias.com\/blog\/wp-content\/uploads\/2025\/02\/centro-de-dia-bing-300x300.jpg 300w, https:\/\/www.inforesidencias.com\/blog\/wp-content\/uploads\/2025\/02\/centro-de-dia-bing-150x150.jpg 150w, https:\/\/www.inforesidencias.com\/blog\/wp-content\/uploads\/2025\/02\/centro-de-dia-bing-768x768.jpg 768w\" sizes=\"(max-width: 1024px) 100vw, 1024px\" \/><\/a><\/figure><\/div>\n\n\n<p>En cualquier caso, es fundamental abordar este proceso de cambio con di\u00e1logo, empat\u00eda y considerando siempre las necesidades y deseos de la persona afectada. En Inforesidencias.com creemos que lo importante es que el entorno elegido sea un lugar donde la persona mayor se sienta segura, valorada y cuidada.<\/p>\n\n\n\n<h2 class=\"wp-block-heading\"><strong>\u00bfCu\u00e1ndo es necesario dar este paso?<\/strong><\/h2>\n\n\n\n<ol start=\"1\">\n<li><strong>Empeoramiento del estado de salud:<\/strong> Si la persona mayor experimenta un deterioro f\u00edsico o cognitivo significativo, como en enfermedades avanzadas como el Alzheimer u otras demencias, puede que el centro de d\u00eda no sea suficiente para cubrir sus necesidades de cuidado y supervisi\u00f3n.<\/li>\n\n\n\n<li><strong>Incremento de la dependencia:<\/strong> Cuando una persona mayor necesita ayuda constante para actividades b\u00e1sicas de la vida diaria (alimentaci\u00f3n, aseo, movilidad, etc.), una residencia puede ofrecer un nivel de apoyo que no es posible en un centro de d\u00eda.<\/li>\n\n\n\n<li><strong>Dificultades para recibir cuidados en casa:<\/strong> Si la red de apoyo familiar no puede asumir los cuidados necesarios, ya sea por falta de tiempo, recursos o conocimientos, una residencia puede proporcionar la atenci\u00f3n integral que requiere la persona mayor.<\/li>\n<\/ol>\n\n\n\n<h2 class=\"wp-block-heading\"><strong>\u00bfCu\u00e1ndo es inevitable?<\/strong><\/h2>\n\n\n\n<ol start=\"1\">\n<li><strong>Riesgo para la seguridad:<\/strong> Si la persona mayor comienza a enfrentar riesgos graves, como ca\u00eddas frecuentes, desorientaci\u00f3n que le lleva a perderse o comportamientos peligrosos, como el uso inapropiado de electrodom\u00e9sticos, la transici\u00f3n a una residencia puede ser inevitable para garantizar su seguridad.<\/li>\n\n\n\n<li><strong>Exigencias m\u00e9dicas complejas:<\/strong> Algunas personas mayores desarrollan condiciones que requieren supervisi\u00f3n m\u00e9dica constante, tratamientos especializados o cuidados paliativos, que solo pueden ser proporcionados en un entorno residencial especializado.<\/li>\n<\/ol>\n\n\n\n<h2 class=\"wp-block-heading\"><strong>\u00bfPor qu\u00e9 dar este paso?<\/strong><\/h2>\n\n\n\n<p>El objetivo principal es garantizar el bienestar integral de la persona mayor. Las residencias est\u00e1n dise\u00f1adas para proporcionar:<\/p>\n\n\n\n<ul>\n<li><strong>Atenci\u00f3n profesional y personalizada:<\/strong> Cuentan con equipos multidisciplinares de cuidadores, m\u00e9dicos y terapeutas que aseguran que cada residente reciba los cuidados necesarios.<\/li>\n\n\n\n<li><strong>Seguridad:<\/strong> Cu\u00e1ndo pasar de un centro de d\u00eda a una residencia es un paso importante, por lo que hay que tener muy presente que las residencias ofrecen un entorno adaptado para reducir riesgos como ca\u00eddas y accidentes.<\/li>\n\n\n\n<li><strong>Apoyo emocional:<\/strong> Las actividades sociales y terap\u00e9uticas contribuyen a combatir la soledad y mejorar la calidad de vida.<\/li>\n<\/ul>\n\n\n\n<h2 class=\"wp-block-heading\"><strong>Razones para tomar esta decisi\u00f3n<\/strong><\/h2>\n\n\n\n<ol start=\"1\">\n<li><strong>Mejor calidad de vida:<\/strong> En muchos casos, la atenci\u00f3n que una residencia puede ofrecer supera lo que la familia o el centro de d\u00eda pueden proporcionar.<\/li>\n\n\n\n<li><strong>Reducci\u00f3n del estr\u00e9s familiar:<\/strong> Para las familias, esta decisi\u00f3n puede aliviar la carga emocional y f\u00edsica de los cuidados, permiti\u00e9ndoles disfrutar de una relaci\u00f3n m\u00e1s saludable con su ser querido.<\/li>\n\n\n\n<li><strong>Acceso a servicios especializados:<\/strong> Las residencias ofrecen tratamientos y terapias que ayudan a gestionar mejor las enfermedades cr\u00f3nicas y el envejecimiento.<\/li>\n<\/ol>\n\n\n\n<p>Todo esto responde a la pregunta cu\u00e1ndo pasar de un centro de d\u00eda a una residencia, pero no es una decisi\u00f3n f\u00e1cil, aunque, sin duda, puede ser lo mejor para garantizar el cuidado y la calidad de vida de la persona mayor.<\/p>\n\n\n\n<p>Y si le ha parecido interesante esta informaci\u00f3n relativa a cu\u00e1ndo pasar de un centro de d\u00eda a una residencia, es muy probable que le resulte igualmente \u00fatil:<\/p>\n\n\n\n<ul>\n<li><a href=\"https:\/\/www.inforesidencias.com\/particulares\/buscamos-por-ti?tipologia=1&amp;buscadorProactivo.localizacion=&amp;buscadorProactivo.idPoblacion=&amp;buscadorProactivo.comarca=&amp;buscadorProactivo.provincia=\">Te ayudamos a buscar una residencia para la tercera edad o un centro de d\u00eda<\/a><\/li>\n<\/ul>\n\n\n\n<ul>\n<li><a href=\"https:\/\/dependencia.info\/noticia\/6858\/actualidad\/ceaps-reivindica-las-residencias-y-centros-de-dia-como-solucion-integral-a-la-soledad-no-deseada-que-sufren-especialmente-las-mujeres.html?cache=true\" target=\"_blank\" rel=\"noreferrer noopener\">CEAPs reivindica las residencias y centros de d\u00eda como soluci\u00f3n integral a la soledad no deseada que sufren especialmente las mujeres<\/a><\/li>\n<\/ul>\n","protected":false},"excerpt":{"rendered":"<p>Decidir cu\u00e1ndo pasar de un centro de d\u00eda a una residencia para personas mayores puede ser un proceso emocional y complejo, tanto para la persona mayor como para su familia. Sin embargo, existen momentos en los que este cambio se vuelve necesario. O incluso inevitable, debido a diversas razones relacionadas con el bienestar y la calidad de vida. El cambio de un centro de d\u00eda a una residencia para personas mayores puede ser necesario por el deterioro de salud, aumento de dependencia o falta de apoyo familiar. Este paso, aunque dif\u00edcil, busca garantizar el bienestar integral, seguridad y calidad de vida del anciano, aliviando tambi\u00e9n la carga familiar. En cualquier caso, es fundamental abordar este proceso de cambio con di\u00e1logo, empat\u00eda y considerando siempre las necesidades y deseos de la persona afectada. En Inforesidencias.com creemos que lo importante es que el entorno elegido sea un lugar donde la persona mayor [&hellip;]<\/p>\n","protected":false},"author":7,"featured_media":7669,"comment_status":"open","ping_status":"open","sticky":false,"template":"","format":"standard","meta":{"footnotes":""},"categories":[1],"tags":[],"yoast_head":"<!-- This site is optimized with the Yoast SEO plugin v21.7 - https:\/\/yoast.com\/wordpress\/plugins\/seo\/ -->\n<title>Cu\u00e1ndo pasar de un centro de d\u00eda a una residencia de mayores - Blog Inforesidencias.com<\/title>\n<meta name=\"description\" content=\"Cu\u00e1ndo debe pasar una persona mayor de un centro de d\u00eda a una residencia porque los cuidados as\u00ed lo requieren.\" \/>\n<meta name=\"robots\" content=\"index, follow, max-snippet:-1, max-image-preview:large, max-video-preview:-1\" \/>\n<link rel=\"canonical\" href=\"https:\/\/www.inforesidencias.com\/blog\/index.php\/2025\/02\/28\/cuando-pasar-de-un-centro-de-dia-a-una-residencia-de-mayores\/\" \/>\n<meta property=\"og:locale\" content=\"es_ES\" \/>\n<meta property=\"og:type\" content=\"article\" \/>\n<meta property=\"og:title\" content=\"Cu\u00e1ndo pasar de un centro de d\u00eda a una residencia de mayores - Blog Inforesidencias.com\" \/>\n<meta property=\"og:description\" content=\"Cu\u00e1ndo debe pasar una persona mayor de un centro de d\u00eda a una residencia porque los cuidados as\u00ed lo requieren.\" \/>\n<meta property=\"og:url\" content=\"https:\/\/www.inforesidencias.com\/blog\/index.php\/2025\/02\/28\/cuando-pasar-de-un-centro-de-dia-a-una-residencia-de-mayores\/\" \/>\n<meta property=\"og:site_name\" content=\"Blog Inforesidencias.com\" \/>\n<meta property=\"article:publisher\" content=\"https:\/\/www.facebook.com\/Inforesidencias\/\" \/>\n<meta property=\"article:published_time\" content=\"2025-02-28T06:47:00+00:00\" \/>\n<meta property=\"article:modified_time\" content=\"2025-02-17T11:47:55+00:00\" \/>\n<meta property=\"og:image\" content=\"https:\/\/www.inforesidencias.com\/blog\/wp-content\/uploads\/2025\/02\/centro-de-dia-bing.jpg\" \/>\n\t<meta property=\"og:image:width\" content=\"1024\" \/>\n\t<meta property=\"og:image:height\" content=\"1024\" \/>\n\t<meta property=\"og:image:type\" content=\"image\/jpeg\" \/>\n<meta name=\"author\" content=\"Inforesidencias.com\" \/>\n<meta name=\"twitter:card\" content=\"summary_large_image\" \/>\n<meta name=\"twitter:creator\" content=\"@inforesidencias\" \/>\n<meta name=\"twitter:site\" content=\"@inforesidencias\" \/>\n<meta name=\"twitter:label1\" content=\"Escrito por\" \/>\n\t<meta name=\"twitter:data1\" content=\"Inforesidencias.com\" \/>\n\t<meta name=\"twitter:label2\" content=\"Tiempo de lectura\" \/>\n\t<meta name=\"twitter:data2\" content=\"4 minutos\" \/>\n<script type=\"application\/ld+json\" class=\"yoast-schema-graph\">{\"@context\":\"https:\/\/schema.org\",\"@graph\":[{\"@type\":\"WebPage\",\"@id\":\"https:\/\/www.inforesidencias.com\/blog\/index.php\/2025\/02\/28\/cuando-pasar-de-un-centro-de-dia-a-una-residencia-de-mayores\/\",\"url\":\"https:\/\/www.inforesidencias.com\/blog\/index.php\/2025\/02\/28\/cuando-pasar-de-un-centro-de-dia-a-una-residencia-de-mayores\/\",\"name\":\"Cu\u00e1ndo pasar de un centro de d\u00eda a una residencia de mayores - Blog Inforesidencias.com\",\"isPartOf\":{\"@id\":\"https:\/\/www.inforesidencias.com\/blog\/#website\"},\"datePublished\":\"2025-02-28T06:47:00+00:00\",\"dateModified\":\"2025-02-17T11:47:55+00:00\",\"author\":{\"@id\":\"https:\/\/www.inforesidencias.com\/blog\/#\/schema\/person\/4137928ac9e11813f9d22c7eca99e8c6\"},\"description\":\"Cu\u00e1ndo debe pasar una persona mayor de un centro de d\u00eda a una residencia porque los cuidados as\u00ed lo requieren.\",\"breadcrumb\":{\"@id\":\"https:\/\/www.inforesidencias.com\/blog\/index.php\/2025\/02\/28\/cuando-pasar-de-un-centro-de-dia-a-una-residencia-de-mayores\/#breadcrumb\"},\"inLanguage\":\"es\",\"potentialAction\":[{\"@type\":\"ReadAction\",\"target\":[\"https:\/\/www.inforesidencias.com\/blog\/index.php\/2025\/02\/28\/cuando-pasar-de-un-centro-de-dia-a-una-residencia-de-mayores\/\"]}]},{\"@type\":\"BreadcrumbList\",\"@id\":\"https:\/\/www.inforesidencias.com\/blog\/index.php\/2025\/02\/28\/cuando-pasar-de-un-centro-de-dia-a-una-residencia-de-mayores\/#breadcrumb\",\"itemListElement\":[{\"@type\":\"ListItem\",\"position\":1,\"name\":\"Home\",\"item\":\"https:\/\/www.inforesidencias.com\/blog\/\"},{\"@type\":\"ListItem\",\"position\":2,\"name\":\"Cu\u00e1ndo pasar de un centro de d\u00eda a una residencia de mayores\"}]},{\"@type\":\"WebSite\",\"@id\":\"https:\/\/www.inforesidencias.com\/blog\/#website\",\"url\":\"https:\/\/www.inforesidencias.com\/blog\/\",\"name\":\"Blog Inforesidencias.com\",\"description\":\"El buscador de residencias de la 3\u00aa edad\",\"potentialAction\":[{\"@type\":\"SearchAction\",\"target\":{\"@type\":\"EntryPoint\",\"urlTemplate\":\"https:\/\/www.inforesidencias.com\/blog\/?s={search_term_string}\"},\"query-input\":\"required name=search_term_string\"}],\"inLanguage\":\"es\"},{\"@type\":\"Person\",\"@id\":\"https:\/\/www.inforesidencias.com\/blog\/#\/schema\/person\/4137928ac9e11813f9d22c7eca99e8c6\",\"name\":\"Inforesidencias.com\",\"image\":{\"@type\":\"ImageObject\",\"inLanguage\":\"es\",\"@id\":\"https:\/\/www.inforesidencias.com\/blog\/#\/schema\/person\/image\/\",\"url\":\"https:\/\/secure.gravatar.com\/avatar\/2092a1175202f080ba451797bc271678?s=96&d=mm&r=g\",\"contentUrl\":\"https:\/\/secure.gravatar.com\/avatar\/2092a1175202f080ba451797bc271678?s=96&d=mm&r=g\",\"caption\":\"Inforesidencias.com\"},\"url\":\"https:\/\/www.inforesidencias.com\/blog\/index.php\/author\/javier-camara\/\"}]}<\/script>\n<!-- \/ Yoast SEO plugin. -->","yoast_head_json":{"title":"Cu\u00e1ndo pasar de un centro de d\u00eda a una residencia de mayores - Blog Inforesidencias.com","description":"Cu\u00e1ndo debe pasar una persona mayor de un centro de d\u00eda a una residencia porque los cuidados as\u00ed lo requieren.","robots":{"index":"index","follow":"follow","max-snippet":"max-snippet:-1","max-image-preview":"max-image-preview:large","max-video-preview":"max-video-preview:-1"},"canonical":"https:\/\/www.inforesidencias.com\/blog\/index.php\/2025\/02\/28\/cuando-pasar-de-un-centro-de-dia-a-una-residencia-de-mayores\/","og_locale":"es_ES","og_type":"article","og_title":"Cu\u00e1ndo pasar de un centro de d\u00eda a una residencia de mayores - Blog Inforesidencias.com","og_description":"Cu\u00e1ndo debe pasar una persona mayor de un centro de d\u00eda a una residencia porque los cuidados as\u00ed lo requieren.","og_url":"https:\/\/www.inforesidencias.com\/blog\/index.php\/2025\/02\/28\/cuando-pasar-de-un-centro-de-dia-a-una-residencia-de-mayores\/","og_site_name":"Blog Inforesidencias.com","article_publisher":"https:\/\/www.facebook.com\/Inforesidencias\/","article_published_time":"2025-02-28T06:47:00+00:00","article_modified_time":"2025-02-17T11:47:55+00:00","og_image":[{"width":1024,"height":1024,"url":"https:\/\/www.inforesidencias.com\/blog\/wp-content\/uploads\/2025\/02\/centro-de-dia-bing.jpg","type":"image\/jpeg"}],"author":"Inforesidencias.com","twitter_card":"summary_large_image","twitter_creator":"@inforesidencias","twitter_site":"@inforesidencias","twitter_misc":{"Escrito por":"Inforesidencias.com","Tiempo de lectura":"4 minutos"},"schema":{"@context":"https:\/\/schema.org","@graph":[{"@type":"WebPage","@id":"https:\/\/www.inforesidencias.com\/blog\/index.php\/2025\/02\/28\/cuando-pasar-de-un-centro-de-dia-a-una-residencia-de-mayores\/","url":"https:\/\/www.inforesidencias.com\/blog\/index.php\/2025\/02\/28\/cuando-pasar-de-un-centro-de-dia-a-una-residencia-de-mayores\/","name":"Cu\u00e1ndo pasar de un centro de d\u00eda a una residencia de mayores - Blog Inforesidencias.com","isPartOf":{"@id":"https:\/\/www.inforesidencias.com\/blog\/#website"},"datePublished":"2025-02-28T06:47:00+00:00","dateModified":"2025-02-17T11:47:55+00:00","author":{"@id":"https:\/\/www.inforesidencias.com\/blog\/#\/schema\/person\/4137928ac9e11813f9d22c7eca99e8c6"},"description":"Cu\u00e1ndo debe pasar una persona mayor de un centro de d\u00eda a una residencia porque los cuidados as\u00ed lo requieren.","breadcrumb":{"@id":"https:\/\/www.inforesidencias.com\/blog\/index.php\/2025\/02\/28\/cuando-pasar-de-un-centro-de-dia-a-una-residencia-de-mayores\/#breadcrumb"},"inLanguage":"es","potentialAction":[{"@type":"ReadAction","target":["https:\/\/www.inforesidencias.com\/blog\/index.php\/2025\/02\/28\/cuando-pasar-de-un-centro-de-dia-a-una-residencia-de-mayores\/"]}]},{"@type":"BreadcrumbList","@id":"https:\/\/www.inforesidencias.com\/blog\/index.php\/2025\/02\/28\/cuando-pasar-de-un-centro-de-dia-a-una-residencia-de-mayores\/#breadcrumb","itemListElement":[{"@type":"ListItem","position":1,"name":"Home","item":"https:\/\/www.inforesidencias.com\/blog\/"},{"@type":"ListItem","position":2,"name":"Cu\u00e1ndo pasar de un centro de d\u00eda a una residencia de mayores"}]},{"@type":"WebSite","@id":"https:\/\/www.inforesidencias.com\/blog\/#website","url":"https:\/\/www.inforesidencias.com\/blog\/","name":"Blog Inforesidencias.com","description":"El buscador de residencias de la 3\u00aa edad","potentialAction":[{"@type":"SearchAction","target":{"@type":"EntryPoint","urlTemplate":"https:\/\/www.inforesidencias.com\/blog\/?s={search_term_string}"},"query-input":"required name=search_term_string"}],"inLanguage":"es"},{"@type":"Person","@id":"https:\/\/www.inforesidencias.com\/blog\/#\/schema\/person\/4137928ac9e11813f9d22c7eca99e8c6","name":"Inforesidencias.com","image":{"@type":"ImageObject","inLanguage":"es","@id":"https:\/\/www.inforesidencias.com\/blog\/#\/schema\/person\/image\/","url":"https:\/\/secure.gravatar.com\/avatar\/2092a1175202f080ba451797bc271678?s=96&d=mm&r=g","contentUrl":"https:\/\/secure.gravatar.com\/avatar\/2092a1175202f080ba451797bc271678?s=96&d=mm&r=g","caption":"Inforesidencias.com"},"url":"https:\/\/www.inforesidencias.com\/blog\/index.php\/author\/javier-camara\/"}]}},"_links":{"self":[{"href":"https:\/\/www.inforesidencias.com\/blog\/index.php\/wp-json\/wp\/v2\/posts\/7667"}],"collection":[{"href":"https:\/\/www.inforesidencias.com\/blog\/index.php\/wp-json\/wp\/v2\/posts"}],"about":[{"href":"https:\/\/www.inforesidencias.com\/blog\/index.php\/wp-json\/wp\/v2\/types\/post"}],"author":[{"embeddable":true,"href":"https:\/\/www.inforesidencias.com\/blog\/index.php\/wp-json\/wp\/v2\/users\/7"}],"replies":[{"embeddable":true,"href":"https:\/\/www.inforesidencias.com\/blog\/index.php\/wp-json\/wp\/v2\/comments?post=7667"}],"version-history":[{"count":4,"href":"https:\/\/www.inforesidencias.com\/blog\/index.php\/wp-json\/wp\/v2\/posts\/7667\/revisions"}],"predecessor-version":[{"id":7674,"href":"https:\/\/www.inforesidencias.com\/blog\/index.php\/wp-json\/wp\/v2\/posts\/7667\/revisions\/7674"}],"wp:featuredmedia":[{"embeddable":true,"href":"https:\/\/www.inforesidencias.com\/blog\/index.php\/wp-json\/wp\/v2\/media\/7669"}],"wp:attachment":[{"href":"https:\/\/www.inforesidencias.com\/blog\/index.php\/wp-json\/wp\/v2\/media?parent=7667"}],"wp:term":[{"taxonomy":"category","embeddable":true,"href":"https:\/\/www.inforesidencias.com\/blog\/index.php\/wp-json\/wp\/v2\/categories?post=7667"},{"taxonomy":"post_tag","embeddable":true,"href":"https:\/\/www.inforesidencias.com\/blog\/index.php\/wp-json\/wp\/v2\/tags?post=7667"}],"curies":[{"name":"wp","href":"https:\/\/api.w.org\/{rel}","templated":true}]}}