{"id":781,"date":"2016-07-15T09:51:50","date_gmt":"2016-07-15T09:51:50","guid":{"rendered":"https:\/\/www.inforesidencias.com\/blog\/?p=781"},"modified":"2016-07-10T09:59:19","modified_gmt":"2016-07-10T09:59:19","slug":"781-verano-residencias-geriatricas","status":"publish","type":"post","link":"https:\/\/www.inforesidencias.com\/blog\/index.php\/2016\/07\/15\/781-verano-residencias-geriatricas\/","title":{"rendered":"En verano, que las vacaciones sean para todos, tambi\u00e9n para las personas mayores"},"content":{"rendered":"<p>El verano es, como las Navidades, una temporada complicada para muchas familias, pues deben organizar los periodos vacacionales coordinando trabajo y cuidados a hijos, a personas dependientes o contentando los gustos de todos.<\/p>\n<p>Debemos pensar que el concepto de ocio y vacaciones va variando con el tiempo y la edad, y que las personas mayores pueden tener un concepto muy distinto de lo que son las vacaciones del que pueda tener una persona joven sola o una familia. Para una persona que vive en una <strong>residencia de tercera edad<\/strong> en una ciudad, las vacaciones pueden ser unos d\u00edas en su pueblo, pero si vive en un sitio rural, a lo mejor su deseo es hacer un crucero o irse a un balneario o a la playa. Vamos a plantear una suerte de casu\u00edstica de diferentes circunstancias en las que el verano se echa encima y hay que organizarse.<\/p>\n<p>El periodo estival es propicio para que personas mayores que viven con sus familias pasen una <strong>estancia temporal en una residencia de mayores<\/strong>, sobre todo cuando tienen alg\u00fan grado de dependencia. A veces es elegido por ellas, otras veces las circunstancias obligan. Es importante, cuando esto ocurre, que la persona no sienta que es abandonada porque es un estorbo.<\/p>\n<p>Debemos tener siempre muy presente que cuidar de nuestros mayores no solo es que tengan atendidas las necesidades f\u00edsicas, es tambi\u00e9n hacerles part\u00edcipes de las decisiones y consensuar con ellos c\u00f3mo se gestiona el tiempo. Tambi\u00e9n se da el caso contrario, personas que viven durante el a\u00f1o en una <strong>residencia geri\u00e1trica<\/strong> a las que en verano sus hijos se las llevan para que pasen las vacaciones con ellos. Cuando esto ocurre, es un momento adecuado para fomentar relaciones de calidad entre abuelos y nietos, padres e hijos y disfrutar de experiencias comunes.<\/p>\n<p>Debemos verlo como una oportunidad que fortaleza los lazos entre los miembros de la familia, eso repercutir\u00e1 de forma beneficiosa el resto del a\u00f1o, cuando las obligaciones hagan que las visitas est\u00e9n m\u00e1s reguladas. Las experiencias placenteras unen y hacen crecer el deseo de repetirlas. Tambi\u00e9n muchos mayores que viven tranquilos en sus domicilios, en verano se ven invadidos por hijos y nietos, teniendo que ejercer de cuidadores de estos \u00faltimos con frecuencia.<\/p>\n<p>Aunque en muchas ocasiones es motivo de alegr\u00eda, no por eso deja de ser una responsabilidad y una carga recibir en casa durante un tiempo m\u00e1s o menos largo a personas acostumbradas a otro ritmo de vida y con otros intereses.<\/p>\n<p>Gestionar esa convivencia llegando a acuerdos y no sobrecargando a ninguna de las partes es la clave para que el verano no sea una fuente de conflictos familiares. Hay familias que planean vacaciones comunes para todos los miembros, con viajes o alquiler de apartamentos y casa donde conviven padres, hijos, nietos y quien se quiera acoplar.<\/p>\n<p>Cuando esto ocurre, si todos est\u00e1n de acuerdo y la convivencia es buena, puede ser estupendo. Por otra parte, las personas mayores tienen derecho a planear tambi\u00e9n su periodo de vacaciones sin contar con las necesidades de sus familiares. Desde hace a\u00f1os se ven en solitario, en parejas o grupos a jubilados que aprovechando la tranquilidad de los a\u00f1os, de la pensi\u00f3n y del cese de ciertas obligaciones, se lanzan a recorrer el mundo, o a pasar unos d\u00edas en un sitio tranquilo, cada cual seg\u00fan sus gustos.<\/p>\n<p>Si este es el caso de nuestro familiar, ser\u00e1 estupendo compartir a su regreso sus vivencias. Otra circunstancia es la de la persona mayor que vive con su familia y que cuando esta se marcha por un tiempo, prefieren pasar sus vacaciones en casa y quedarse solos.<\/p>\n<p>Es un tiempo de calidad para ellos, pudiendo organizarse a su manera, sin ir a buscar los nietos al colegio o con otro tipo de obligaciones, por lo que pueden hacer una vida social que durante el curso est\u00e1 m\u00e1s condicionada, apuntarse a actividades o excursiones o, simplemente, sentirse m\u00e1s libre. No debemos sentirnos mal si ese es su deseo, no significa que nos quiera o necesite menos, solo resulta que, como nosotros, tambi\u00e9n tiene la necesidad de momentos de soledad enriquecedora y de sentirse autosuficiente. Hasta ahora hemos hablado de personas mayores que no tienen dependencia o que, si la tienen, es leve o moderada, y tienen un grado razonable de autonom\u00eda f\u00edsica y la capacidad de tomar sus propias decisiones. Tambi\u00e9n est\u00e1 la circunstancia de cuando la persona mayor es un gran dependiente y son sus familiares quienes deben tomar la decisi\u00f3n de d\u00f3nde y con qui\u00e9n pasa el verano.<\/p>\n<p>Si su dependencia solo es f\u00edsica pero tiene grandes problemas de movilidad o para sus necesidades diarias, a pesar de no tener problemas cognitivos, es un condicionante grande que est\u00e9 atendido de la manera m\u00e1s adecuada a su dolencia o discapacidad. Tanto si vive en una residencia como si est\u00e1 en casa con nosotros, deberemos preguntarnos en primer lugar si es conveniente que viaje a donde hemos decidido veranear, si el sitio es adecuado para su edad y su estado de salud. Si eso no ocurre, entonces la cuesti\u00f3n es si debe permanecer en la residencia o, si vive en el domicilio familiar, nos quedamos en casa con \u00e9l, o bien se contrata a una persona de apoyo para los d\u00edas que no estemos, o bien se busca una residencia geri\u00e1trica que ofrezca estancias estivales temporales y que nosotros consideremos que se ajusta a las necesidades y gustos de nuestro familiar, y contar en todo momento con su opini\u00f3n, por supuesto.<\/p>\n<p>Si la dependencia es por un estado de deterioro cognitivo, debemos ser muy cuidadosos y estar atentos a las se\u00f1ales que nos den pistas sobre lo que la persona elegir\u00eda si pudiera hacerlo y sobre la mejor manera de que disfrute y est\u00e9 mejor atendido. Es complicado y muchas veces solo se puede intuir en parte, pero intentarlo y poder regalarle tambi\u00e9n momentos especiales es una buena manera de que tambi\u00e9n tengan algo parecido a unas vacaciones.<\/p>\n","protected":false},"excerpt":{"rendered":"<p>El verano es, como las Navidades, una temporada complicada para muchas familias, pues deben organizar los periodos vacacionales coordinando trabajo y cuidados a hijos, a personas dependientes o contentando los gustos de todos. Debemos pensar que el concepto de ocio y vacaciones va variando con el tiempo y la edad, y que las personas mayores pueden tener un concepto muy distinto de lo que son las vacaciones del que pueda tener una persona joven sola o una familia. Para una persona que vive en una residencia de tercera edad en una ciudad, las vacaciones pueden ser unos d\u00edas en su pueblo, pero si vive en un sitio rural, a lo mejor su deseo es hacer un crucero o irse a un balneario o a la playa. Vamos a plantear una suerte de casu\u00edstica de diferentes circunstancias en las que el verano se echa encima y hay que organizarse. El periodo [&hellip;]<\/p>\n","protected":false},"author":2,"featured_media":783,"comment_status":"open","ping_status":"open","sticky":false,"template":"","format":"standard","meta":{"footnotes":""},"categories":[5,1],"tags":[],"yoast_head":"<!-- This site is optimized with the Yoast SEO plugin v21.7 - https:\/\/yoast.com\/wordpress\/plugins\/seo\/ -->\n<title>En verano, que las vacaciones sean para todos, tambi\u00e9n para las personas mayores - Blog Inforesidencias.com<\/title>\n<meta name=\"description\" content=\"El tiempo de verano las residencias de tercera edad ofrecen estancias temporales que son una opci\u00f3n muy positiva tanto para la persona mayor.\" \/>\n<meta name=\"robots\" content=\"index, follow, max-snippet:-1, max-image-preview:large, max-video-preview:-1\" \/>\n<link rel=\"canonical\" href=\"https:\/\/www.inforesidencias.com\/blog\/index.php\/2016\/07\/15\/781-verano-residencias-geriatricas\/\" \/>\n<meta property=\"og:locale\" content=\"es_ES\" \/>\n<meta property=\"og:type\" content=\"article\" \/>\n<meta property=\"og:title\" content=\"En verano, que las vacaciones sean para todos, tambi\u00e9n para las personas mayores - Blog Inforesidencias.com\" \/>\n<meta property=\"og:description\" content=\"El tiempo de verano las residencias de tercera edad ofrecen estancias temporales que son una opci\u00f3n muy positiva tanto para la persona mayor.\" \/>\n<meta property=\"og:url\" content=\"https:\/\/www.inforesidencias.com\/blog\/index.php\/2016\/07\/15\/781-verano-residencias-geriatricas\/\" \/>\n<meta property=\"og:site_name\" content=\"Blog Inforesidencias.com\" \/>\n<meta property=\"article:publisher\" content=\"https:\/\/www.facebook.com\/Inforesidencias\/\" \/>\n<meta property=\"article:author\" content=\"https:\/\/www.facebook.com\/josep.demarti\" \/>\n<meta property=\"article:published_time\" content=\"2016-07-15T09:51:50+00:00\" \/>\n<meta property=\"article:modified_time\" content=\"2016-07-10T09:59:19+00:00\" \/>\n<meta property=\"og:image\" content=\"https:\/\/www.inforesidencias.com\/blog\/wp-content\/uploads\/2016\/07\/verano-en-la-residencia.jpg\" \/>\n\t<meta property=\"og:image:width\" content=\"395\" \/>\n\t<meta property=\"og:image:height\" content=\"246\" \/>\n\t<meta property=\"og:image:type\" content=\"image\/jpeg\" \/>\n<meta name=\"author\" content=\"Josep de Mart\u00ed\" \/>\n<meta name=\"twitter:card\" content=\"summary_large_image\" \/>\n<meta name=\"twitter:creator\" content=\"@blog-ir\" \/>\n<meta name=\"twitter:site\" content=\"@inforesidencias\" \/>\n<meta name=\"twitter:label1\" content=\"Escrito por\" \/>\n\t<meta name=\"twitter:data1\" content=\"Josep de Mart\u00ed\" \/>\n\t<meta name=\"twitter:label2\" content=\"Tiempo de lectura\" \/>\n\t<meta name=\"twitter:data2\" content=\"5 minutos\" \/>\n<script type=\"application\/ld+json\" class=\"yoast-schema-graph\">{\"@context\":\"https:\/\/schema.org\",\"@graph\":[{\"@type\":\"WebPage\",\"@id\":\"https:\/\/www.inforesidencias.com\/blog\/index.php\/2016\/07\/15\/781-verano-residencias-geriatricas\/\",\"url\":\"https:\/\/www.inforesidencias.com\/blog\/index.php\/2016\/07\/15\/781-verano-residencias-geriatricas\/\",\"name\":\"En verano, que las vacaciones sean para todos, tambi\u00e9n para las personas mayores - Blog Inforesidencias.com\",\"isPartOf\":{\"@id\":\"https:\/\/www.inforesidencias.com\/blog\/#website\"},\"datePublished\":\"2016-07-15T09:51:50+00:00\",\"dateModified\":\"2016-07-10T09:59:19+00:00\",\"author\":{\"@id\":\"https:\/\/www.inforesidencias.com\/blog\/#\/schema\/person\/9e146774d1eb3bc1c0316242a3898628\"},\"description\":\"El tiempo de verano las residencias de tercera edad ofrecen estancias temporales que son una opci\u00f3n muy positiva tanto para la persona mayor.\",\"breadcrumb\":{\"@id\":\"https:\/\/www.inforesidencias.com\/blog\/index.php\/2016\/07\/15\/781-verano-residencias-geriatricas\/#breadcrumb\"},\"inLanguage\":\"es\",\"potentialAction\":[{\"@type\":\"ReadAction\",\"target\":[\"https:\/\/www.inforesidencias.com\/blog\/index.php\/2016\/07\/15\/781-verano-residencias-geriatricas\/\"]}]},{\"@type\":\"BreadcrumbList\",\"@id\":\"https:\/\/www.inforesidencias.com\/blog\/index.php\/2016\/07\/15\/781-verano-residencias-geriatricas\/#breadcrumb\",\"itemListElement\":[{\"@type\":\"ListItem\",\"position\":1,\"name\":\"Home\",\"item\":\"https:\/\/www.inforesidencias.com\/blog\/\"},{\"@type\":\"ListItem\",\"position\":2,\"name\":\"En verano, que las vacaciones sean para todos, tambi\u00e9n para las personas mayores\"}]},{\"@type\":\"WebSite\",\"@id\":\"https:\/\/www.inforesidencias.com\/blog\/#website\",\"url\":\"https:\/\/www.inforesidencias.com\/blog\/\",\"name\":\"Blog Inforesidencias.com\",\"description\":\"El buscador de residencias de la 3\u00aa edad\",\"potentialAction\":[{\"@type\":\"SearchAction\",\"target\":{\"@type\":\"EntryPoint\",\"urlTemplate\":\"https:\/\/www.inforesidencias.com\/blog\/?s={search_term_string}\"},\"query-input\":\"required name=search_term_string\"}],\"inLanguage\":\"es\"},{\"@type\":\"Person\",\"@id\":\"https:\/\/www.inforesidencias.com\/blog\/#\/schema\/person\/9e146774d1eb3bc1c0316242a3898628\",\"name\":\"Josep de Mart\u00ed\",\"image\":{\"@type\":\"ImageObject\",\"inLanguage\":\"es\",\"@id\":\"https:\/\/www.inforesidencias.com\/blog\/#\/schema\/person\/image\/\",\"url\":\"https:\/\/secure.gravatar.com\/avatar\/de0302c4806c00c4cebff396a798c1ff?s=96&d=mm&r=g\",\"contentUrl\":\"https:\/\/secure.gravatar.com\/avatar\/de0302c4806c00c4cebff396a798c1ff?s=96&d=mm&r=g\",\"caption\":\"Josep de Mart\u00ed\"},\"sameAs\":[\"https:\/\/www.inforesidencias.com\",\"https:\/\/www.facebook.com\/josep.demarti\",\"https:\/\/twitter.com\/blog-ir\"],\"url\":\"https:\/\/www.inforesidencias.com\/blog\/index.php\/author\/josepdemarti\/\"}]}<\/script>\n<!-- \/ Yoast SEO plugin. -->","yoast_head_json":{"title":"En verano, que las vacaciones sean para todos, tambi\u00e9n para las personas mayores - Blog Inforesidencias.com","description":"El tiempo de verano las residencias de tercera edad ofrecen estancias temporales que son una opci\u00f3n muy positiva tanto para la persona mayor.","robots":{"index":"index","follow":"follow","max-snippet":"max-snippet:-1","max-image-preview":"max-image-preview:large","max-video-preview":"max-video-preview:-1"},"canonical":"https:\/\/www.inforesidencias.com\/blog\/index.php\/2016\/07\/15\/781-verano-residencias-geriatricas\/","og_locale":"es_ES","og_type":"article","og_title":"En verano, que las vacaciones sean para todos, tambi\u00e9n para las personas mayores - Blog Inforesidencias.com","og_description":"El tiempo de verano las residencias de tercera edad ofrecen estancias temporales que son una opci\u00f3n muy positiva tanto para la persona mayor.","og_url":"https:\/\/www.inforesidencias.com\/blog\/index.php\/2016\/07\/15\/781-verano-residencias-geriatricas\/","og_site_name":"Blog Inforesidencias.com","article_publisher":"https:\/\/www.facebook.com\/Inforesidencias\/","article_author":"https:\/\/www.facebook.com\/josep.demarti","article_published_time":"2016-07-15T09:51:50+00:00","article_modified_time":"2016-07-10T09:59:19+00:00","og_image":[{"width":395,"height":246,"url":"https:\/\/www.inforesidencias.com\/blog\/wp-content\/uploads\/2016\/07\/verano-en-la-residencia.jpg","type":"image\/jpeg"}],"author":"Josep de Mart\u00ed","twitter_card":"summary_large_image","twitter_creator":"@blog-ir","twitter_site":"@inforesidencias","twitter_misc":{"Escrito por":"Josep de Mart\u00ed","Tiempo de lectura":"5 minutos"},"schema":{"@context":"https:\/\/schema.org","@graph":[{"@type":"WebPage","@id":"https:\/\/www.inforesidencias.com\/blog\/index.php\/2016\/07\/15\/781-verano-residencias-geriatricas\/","url":"https:\/\/www.inforesidencias.com\/blog\/index.php\/2016\/07\/15\/781-verano-residencias-geriatricas\/","name":"En verano, que las vacaciones sean para todos, tambi\u00e9n para las personas mayores - Blog Inforesidencias.com","isPartOf":{"@id":"https:\/\/www.inforesidencias.com\/blog\/#website"},"datePublished":"2016-07-15T09:51:50+00:00","dateModified":"2016-07-10T09:59:19+00:00","author":{"@id":"https:\/\/www.inforesidencias.com\/blog\/#\/schema\/person\/9e146774d1eb3bc1c0316242a3898628"},"description":"El tiempo de verano las residencias de tercera edad ofrecen estancias temporales que son una opci\u00f3n muy positiva tanto para la persona mayor.","breadcrumb":{"@id":"https:\/\/www.inforesidencias.com\/blog\/index.php\/2016\/07\/15\/781-verano-residencias-geriatricas\/#breadcrumb"},"inLanguage":"es","potentialAction":[{"@type":"ReadAction","target":["https:\/\/www.inforesidencias.com\/blog\/index.php\/2016\/07\/15\/781-verano-residencias-geriatricas\/"]}]},{"@type":"BreadcrumbList","@id":"https:\/\/www.inforesidencias.com\/blog\/index.php\/2016\/07\/15\/781-verano-residencias-geriatricas\/#breadcrumb","itemListElement":[{"@type":"ListItem","position":1,"name":"Home","item":"https:\/\/www.inforesidencias.com\/blog\/"},{"@type":"ListItem","position":2,"name":"En verano, que las vacaciones sean para todos, tambi\u00e9n para las personas mayores"}]},{"@type":"WebSite","@id":"https:\/\/www.inforesidencias.com\/blog\/#website","url":"https:\/\/www.inforesidencias.com\/blog\/","name":"Blog Inforesidencias.com","description":"El buscador de residencias de la 3\u00aa edad","potentialAction":[{"@type":"SearchAction","target":{"@type":"EntryPoint","urlTemplate":"https:\/\/www.inforesidencias.com\/blog\/?s={search_term_string}"},"query-input":"required name=search_term_string"}],"inLanguage":"es"},{"@type":"Person","@id":"https:\/\/www.inforesidencias.com\/blog\/#\/schema\/person\/9e146774d1eb3bc1c0316242a3898628","name":"Josep de Mart\u00ed","image":{"@type":"ImageObject","inLanguage":"es","@id":"https:\/\/www.inforesidencias.com\/blog\/#\/schema\/person\/image\/","url":"https:\/\/secure.gravatar.com\/avatar\/de0302c4806c00c4cebff396a798c1ff?s=96&d=mm&r=g","contentUrl":"https:\/\/secure.gravatar.com\/avatar\/de0302c4806c00c4cebff396a798c1ff?s=96&d=mm&r=g","caption":"Josep de Mart\u00ed"},"sameAs":["https:\/\/www.inforesidencias.com","https:\/\/www.facebook.com\/josep.demarti","https:\/\/twitter.com\/blog-ir"],"url":"https:\/\/www.inforesidencias.com\/blog\/index.php\/author\/josepdemarti\/"}]}},"_links":{"self":[{"href":"https:\/\/www.inforesidencias.com\/blog\/index.php\/wp-json\/wp\/v2\/posts\/781"}],"collection":[{"href":"https:\/\/www.inforesidencias.com\/blog\/index.php\/wp-json\/wp\/v2\/posts"}],"about":[{"href":"https:\/\/www.inforesidencias.com\/blog\/index.php\/wp-json\/wp\/v2\/types\/post"}],"author":[{"embeddable":true,"href":"https:\/\/www.inforesidencias.com\/blog\/index.php\/wp-json\/wp\/v2\/users\/2"}],"replies":[{"embeddable":true,"href":"https:\/\/www.inforesidencias.com\/blog\/index.php\/wp-json\/wp\/v2\/comments?post=781"}],"version-history":[{"count":1,"href":"https:\/\/www.inforesidencias.com\/blog\/index.php\/wp-json\/wp\/v2\/posts\/781\/revisions"}],"predecessor-version":[{"id":782,"href":"https:\/\/www.inforesidencias.com\/blog\/index.php\/wp-json\/wp\/v2\/posts\/781\/revisions\/782"}],"wp:featuredmedia":[{"embeddable":true,"href":"https:\/\/www.inforesidencias.com\/blog\/index.php\/wp-json\/wp\/v2\/media\/783"}],"wp:attachment":[{"href":"https:\/\/www.inforesidencias.com\/blog\/index.php\/wp-json\/wp\/v2\/media?parent=781"}],"wp:term":[{"taxonomy":"category","embeddable":true,"href":"https:\/\/www.inforesidencias.com\/blog\/index.php\/wp-json\/wp\/v2\/categories?post=781"},{"taxonomy":"post_tag","embeddable":true,"href":"https:\/\/www.inforesidencias.com\/blog\/index.php\/wp-json\/wp\/v2\/tags?post=781"}],"curies":[{"name":"wp","href":"https:\/\/api.w.org\/{rel}","templated":true}]}}