{"id":787,"date":"2016-07-25T14:56:33","date_gmt":"2016-07-25T14:56:33","guid":{"rendered":"https:\/\/www.inforesidencias.com\/blog\/?p=787"},"modified":"2016-07-26T07:10:10","modified_gmt":"2016-07-26T07:10:10","slug":"que-pueden-aprender-nuestras-residencias-de-mayores-de-las-suecas","status":"publish","type":"post","link":"https:\/\/www.inforesidencias.com\/blog\/index.php\/2016\/07\/25\/que-pueden-aprender-nuestras-residencias-de-mayores-de-las-suecas\/","title":{"rendered":"Qu\u00e9 pueden aprender nuestras residencias de mayores de las suecas"},"content":{"rendered":"<p>&nbsp;<\/p>\n<p>En este tercer post\u00a0me gustar\u00eda explicar qu\u00e9 aspectos arquitect\u00f3nicos considero que son directamente importables y cuales requieren de una interpretaci\u00f3n o traducci\u00f3n para poder ser incorporados a nuestras residencias de mayores.<\/p>\n<p>&nbsp;<\/p>\n<p>En los anteriores art\u00edculos he intentado explicar como las residencias en Estocolmo responden directamente a su cultura e idiosincrasia. Su idea de compartir al mismo tiempo que el celo a su propia privacidad, junto con el extremo respeto que tienen por la libertad individual de la persona configuran una manera de ser y una cultura que les es propia e intransferible.<\/p>\n<p>&nbsp;<\/p>\n<p>Pero antes de entrar en materia, creo que vale la pena daros la definici\u00f3n de lo que yo considero Arquitectura<\/p>\n<h2><strong>\u00bfQue se entiende por arquitectura?<\/strong><\/h2>\n<p>&nbsp;<\/p>\n<p>Entiendo por arquitectura aquella disciplina que se ocupa del dise\u00f1o del entorno de las personas. Los arquitectos dise\u00f1amos calles, plazas, edificios para vivir, estudiar, trabajar, curarnos, cuidarnos, etc. Es una disciplina compleja porque requiere combinar tres aspectos determinantes:<\/p>\n<p>&nbsp;<\/p>\n<ul>\n<li><strong>El Art\u00edstico<\/strong>: Todo lo que hace referencia a los espacios, vol\u00famenes, colores, texturas, contraste, luz etc.<\/li>\n<li><strong>El T\u00e9cnico<\/strong>: Los edificios deben tener una estructura, ser sostenibles, proteger de las inclemencias atmosf\u00e9ricas, etc.<\/li>\n<li><strong>Y el Socia<\/strong>l: Deben responder a las necesidades de las personas.<\/li>\n<\/ul>\n<p>&nbsp;<\/p>\n<p>De alguna manera y para que se entienda el argumento, podemos decir que la parte art\u00edstica es el \u201cque\u201d, la parte t\u00e9cnica es el \u201ccomo\u201d y la parte social es el \u201cporqu\u00e9\u201d. Si no hay un \u201cporqu\u00e9\u201d no tienen sentido ni el \u201cqu\u00e9\u201d ni el \u201ccomo\u201d. En nuestra especializaci\u00f3n, el \u201cporqu\u00e9\u201d, es decir, conocer y entender las necesidades de las personas con demencia y la de sus cuidadores es imprescindible. A partir de este conocimiento, el \u201cque\u201d y el \u201ccomo\u201d pueden empezar a ser trabajados.<\/p>\n<p>&nbsp;<\/p>\n<p>Partiendo de esta base, la arquitectura debe responder siempre a las necesidades de las personas, y \u00e9stas vienen definidas tambi\u00e9n por su manera de ser, su cultura y tambi\u00e9n por sus tradiciones. Pero no podemos olvidar que tambi\u00e9n deben responder a un aspecto de sostenibilidad econ\u00f3mica, es decir ha de ser posible dentro de un presupuesto determinado. Por tanto, no todo podemos adaptarlo a nuestro sistema de forma directa, y por extensi\u00f3n, tampoco podemos copiar su arquitectura sin una traducci\u00f3n previa o una adaptaci\u00f3n a nuestra manera de ser.<\/p>\n<p>&nbsp;<\/p>\n<h2><strong>De qu\u00e9 manera podemos mejorar nuestras residencias de mayores a partir del modelo sueco.<\/strong><\/h2>\n<p>&nbsp;<\/p>\n<p>Hay algunos aspectos que podemos tener en cuenta a la hora de proyectar una residencia, o de proponer una modificaci\u00f3n o reforma, como pueden ser la b\u00fasqueda de espacios y materiales que nos acerquen a la imagen y la decoraci\u00f3n de una casa en contraposici\u00f3n a la de una instituci\u00f3n (hospital u hotel). Este es un aspecto que ya hace tiempo que los arquitectos especializados estamos trabajando con algunos \u00e9xitos.<\/p>\n<p>&nbsp;<\/p>\n<p>Por otro lado, debemos ser conscientes que una unidad para personas con demencia de 9 plazas, en habitaciones individuales de 30 m2 y cocina americana dentro de las unidades, es una propuesta de dif\u00edcil encaje en nuestro entorno. Primero, tendr\u00edamos un problema econ\u00f3mico para la construcci\u00f3n por la dimensi\u00f3n de la residencia versus el n\u00famero de plazas resultantes, y por otro, probablemente tambi\u00e9n en lo relativo a la ratio de personal, por no mencionar otros aspectos normativos que nos impedir\u00eda disponer de cocinas abiertas en las unidades, y sobretodo que los propios residentes puedan manipular los alimentos que despu\u00e9s vayan a comer. En este punto est\u00e1 claro que necesitamos una traducci\u00f3n para adaptarlo a nuestras posibilidades, tanto econ\u00f3micas, materiales como normativas.<\/p>\n<p>&nbsp;<\/p>\n<h2><strong>Qu\u00e9 aspectos debemos traducir para poderlos poner en pr\u00e1ctica en nuestras residencias.<\/strong><\/h2>\n<p>&nbsp;<\/p>\n<p>El Dr. arquitecto Habib Chaudhury, director de la Facultat de Gerontolog\u00eda de la Universidad Simon Frasier de Vancouver en Canad\u00e1, entre muchos aspectos importantes, explica como la capacidad total de un centro no tiene nada que ver con la capacidad de cada unidad (Chaudhury, 2013). Uno de los aspectos que Chauhury destaca en sus conferencias y escritos es que unidades m\u00e1s peque\u00f1as permiten que las personas con demencia tengan menos est\u00edmulos y por tanto, padezcan menos ansiedad y estr\u00e9s, lo que mejoran de forma clara su calidad de vida. Al mismo tiempo tambi\u00e9n es muy importante conseguir <strong>est\u00edmulos positivos<\/strong>, es decir que tengan el efecto contrario, como pueden ser im\u00e1genes agradables: un bonito jard\u00edn desde una ventana, un mobiliario ordenado y limpio, etc. Todos estos aspectos se dan en el modelo n\u00f3rdico que hemos visitado con <em>Inforesidencias.com<\/em> en Estocolmo, y creo que son claramente aspectos que se pueden introducir en nuestras residencias a partir de una adaptaci\u00f3n.<\/p>\n<p>&nbsp;<\/p>\n<p>Est\u00e1 claro que no llegaremos, en los tiempos actuales, a poder construir residencias con habitaciones de 30 m2 individuales para todos nuestros residentes, pero s\u00ed podemos hacer unidades m\u00e1s peque\u00f1as comunicadas entre si, de manera de poder compartir un personal sin la necesidad de tenerlo que aumentar de forma exagerada.<\/p>\n<p>Recientemente he podido proyectar en una residencia que constru\u00ed hace ya m\u00e1s de 10 a\u00f1os, una reforma que ha consistido en la partici\u00f3n de una unidad que inicialmente era de 39 residentes, en dos unidades de 16 y 22 residentes. Se han creado dos espacios de convivencia comunicados visualmente, de manera que la atenci\u00f3n a los residentes se puede realizar mejor por el simple he-cho de reducir los est\u00edmulos como son el ruido, la cantidad de personas presentes en la sala, etc. Los resultados son una mejora importante del bienestar de los residentes y tambi\u00e9n un trabajo m\u00e1s agradable para el profesional al que se le reduce de forma importante el \u201cburn out\u201d. Uno de los aspectos que ha provocado esta reforma ha sido que muchos de los residentes ya no tienen la necesidad de bajar a la planta baja donde los espacios eran m\u00e1s generosos. Y se quedan en la planta porqu\u00e9 disponen de espacios m\u00e1s c\u00f3modos ordenados y agradables. Esto ha reducido de forma dr\u00e1stica el tiempo de movilidad a trav\u00e9s de ascensores lentos, y ha a\u00f1adido una virtud m\u00e1s: una vest\u00edbulo mucho m\u00e1s agradable para todas las personas, con espacios amueblados de forma m\u00e1s generosa, por la menor presencia de personas en planta baja.<\/p>\n<p>&nbsp;<\/p>\n<p><a href=\"https:\/\/www.inforesidencias.com\/blog\/wp-content\/uploads\/2016\/07\/Captura-de-pantalla-2016-07-25-a-las-16.49.40.png\"><img decoding=\"async\" loading=\"lazy\" class=\"size-full wp-image-790\" src=\"https:\/\/www.inforesidencias.com\/blog\/wp-content\/uploads\/2016\/07\/Captura-de-pantalla-2016-07-25-a-las-16.49.40.png\" alt=\"Antes y despu\u00e9s de una reforma en una residencia de tercera edad\" width=\"744\" height=\"679\" \/><\/a><\/p>\n<p>Otro aspecto importante es la reducci\u00f3n de la superficie de los espacios de convivencia. En nuestro pa\u00eds estamos muy acostumbrados a los amplios espacios para poder celebrar grandes fiestas (verbenas, Navidad, d\u00eda de San Valent\u00edn, etc.). Como dec\u00eda al principio, la cultura de las personas y su forma de vivir debe ser la base del dise\u00f1o de los entornos, y, por tanto, quiz\u00e1s es verdad que en una residencia hace falta un gran espacio para estos eventos. Pero si buscamos una imagen m\u00e1s dom\u00e9stica, y unidades m\u00e1s peque\u00f1as porqu\u00e9 todas las experiencias que conocemos en todo el mundo nos dicen que es la mejor manera para poder atender a nuestros mayores, algo tendremos que hacer al respecto. La soluci\u00f3n es crear espacios m\u00e1s vers\u00e1tiles y adaptables a diferentes configuraciones que permitan estas celebraciones sin necesidad de tener siempre a las personas en espacios exageradamente grandes con el uso de mobiliario f\u00e1cilmente modificable, tabiques m\u00f3viles, etc.<\/p>\n<p>&nbsp;<\/p>\n<p>Por tanto, no podemos copiar el modelo directamente, pero si podemos aprovechar el conocimiento del modelo para ir reduciendo, a medida de nuestras posibilidades, la capacidad de las unidades, dot\u00e1ndolas de una decoraci\u00f3n m\u00e1s parecida a una casa.<\/p>\n<p>&nbsp;<\/p>\n<h2><strong>El reto de la innovaci\u00f3n a partir de la observaci\u00f3n del modelo n\u00f3rdico<\/strong><\/h2>\n<p>&nbsp;<\/p>\n<p>En toda actividad humana, la investigaci\u00f3n e innovaci\u00f3n es la punta de lanza que nos permite avanzar hacia el futuro en b\u00fasqueda de la excelencia. Por tanto, si estamos todos de acuerdo en que unidades m\u00e1s peque\u00f1as proporcionan mayor calidad de vida a los residentes y a sus cuidadores, debemos ser capaces de buscar la soluci\u00f3n que nos permita implementar estas unidades m\u00e1s peque\u00f1as con las circunstancias econ\u00f3micas y de personal que disponemos. Es evidente que esto no lo puede conseguir solo la arquitectura, porque en t\u00e9rminos de personal hay muchas cosas que se pueden y deben hacer, pero la arquitectura puede ayudar mucho, como hemos visto. El sistema n\u00f3rdico necesita trabajadores m\u00e1s polivalentes con una formaci\u00f3n m\u00e1s global en la atenci\u00f3n a personas con demencia. Por tanto, la formaci\u00f3n permanente del personal es si duda un punto clave para la innovaci\u00f3n.<\/p>\n<p>&nbsp;<\/p>\n<p>Creo que en residencias de alta capacidad global se puede introducir alguna unidad especial, en la que se intente acercar la arquitectura al modelo de atenci\u00f3n centrada en la persona como hemos visto en Estocolmo. En estos momentos estoy trabajando en un proyecto de ampliaci\u00f3n de un centro de 117 camas, en el que proponemos la creaci\u00f3n de dos unidades m\u00e1s de 8 y 9 camas, en dormitorios individuales de unos 20 m2 y todos los espacios necesarios con una cocina americana compartida. Es un claro ejemplo de innovaci\u00f3n en nuestro sector en Catalu\u00f1a que sabemos que se ha probado con \u00e9xito en el Pa\u00eds Vasco.<\/p>\n<p>&nbsp;<\/p>\n<p>Estoy impaciente por poner en pr\u00e1ctica este proyecto y comprobar sus resultados.<\/p>\n<p>&nbsp;<\/p>\n<p>Referencia bibliogr\u00e1fica:<\/p>\n<p>Chaudhury, H. (2013). The Role of Physical Environment in Supporting Person-centered Dining in Long-Term Care: A Review of the Literature. \u2028<em>American Journal of Alzheimer&#8217;s Disease and Other Dementias, 491-500 <\/em><\/p>\n<p>&nbsp;<\/p>\n<p>Marc Trepat Carbonell<\/p>\n<p>Arquitecto<\/p>\n<p>marc.trepat@bta.cat<\/p>\n","protected":false},"excerpt":{"rendered":"<p>&nbsp; En este tercer post\u00a0me gustar\u00eda explicar qu\u00e9 aspectos arquitect\u00f3nicos considero que son directamente importables y cuales requieren de una interpretaci\u00f3n o traducci\u00f3n para poder ser incorporados a nuestras residencias de mayores. &nbsp; En los anteriores art\u00edculos he intentado explicar como las residencias en Estocolmo responden directamente a su cultura e idiosincrasia. Su idea de compartir al mismo tiempo que el celo a su propia privacidad, junto con el extremo respeto que tienen por la libertad individual de la persona configuran una manera de ser y una cultura que les es propia e intransferible. &nbsp; Pero antes de entrar en materia, creo que vale la pena daros la definici\u00f3n de lo que yo considero Arquitectura \u00bfQue se entiende por arquitectura? &nbsp; Entiendo por arquitectura aquella disciplina que se ocupa del dise\u00f1o del entorno de las personas. Los arquitectos dise\u00f1amos calles, plazas, edificios para vivir, estudiar, trabajar, curarnos, cuidarnos, etc. Es [&hellip;]<\/p>\n","protected":false},"author":2,"featured_media":796,"comment_status":"open","ping_status":"open","sticky":false,"template":"","format":"standard","meta":{"footnotes":""},"categories":[3,5,1],"tags":[64,15],"yoast_head":"<!-- This site is optimized with the Yoast SEO plugin v21.7 - https:\/\/yoast.com\/wordpress\/plugins\/seo\/ -->\n<title>Qu\u00e9 pueden aprender nuestras residencias de mayores de las suecas. Arquitecto Marc Trepat<\/title>\n<meta name=\"description\" content=\"Las residencias de mayores en Espa\u00f1a pueden incorporar algunos aspectos de las Suecas, seg\u00fan el arquitecto Marc Trepat\" \/>\n<meta name=\"robots\" content=\"index, follow, max-snippet:-1, max-image-preview:large, max-video-preview:-1\" \/>\n<link rel=\"canonical\" href=\"https:\/\/www.inforesidencias.com\/blog\/index.php\/2016\/07\/25\/que-pueden-aprender-nuestras-residencias-de-mayores-de-las-suecas\/\" \/>\n<meta property=\"og:locale\" content=\"es_ES\" \/>\n<meta property=\"og:type\" content=\"article\" \/>\n<meta property=\"og:title\" content=\"Qu\u00e9 pueden aprender nuestras residencias de mayores de las suecas. Arquitecto Marc Trepat\" \/>\n<meta property=\"og:description\" content=\"Las residencias de mayores en Espa\u00f1a pueden incorporar algunos aspectos de las Suecas, seg\u00fan el arquitecto Marc Trepat\" \/>\n<meta property=\"og:url\" content=\"https:\/\/www.inforesidencias.com\/blog\/index.php\/2016\/07\/25\/que-pueden-aprender-nuestras-residencias-de-mayores-de-las-suecas\/\" \/>\n<meta property=\"og:site_name\" content=\"Blog Inforesidencias.com\" \/>\n<meta property=\"article:publisher\" content=\"https:\/\/www.facebook.com\/Inforesidencias\/\" \/>\n<meta property=\"article:author\" content=\"https:\/\/www.facebook.com\/josep.demarti\" \/>\n<meta property=\"article:published_time\" content=\"2016-07-25T14:56:33+00:00\" \/>\n<meta property=\"article:modified_time\" content=\"2016-07-26T07:10:10+00:00\" \/>\n<meta property=\"og:image\" content=\"https:\/\/www.inforesidencias.com\/blog\/wp-content\/uploads\/2016\/07\/FullSizeRender2.jpg\" \/>\n\t<meta property=\"og:image:width\" content=\"430\" \/>\n\t<meta property=\"og:image:height\" content=\"412\" \/>\n\t<meta property=\"og:image:type\" content=\"image\/jpeg\" \/>\n<meta name=\"author\" content=\"Josep de Mart\u00ed\" \/>\n<meta name=\"twitter:card\" content=\"summary_large_image\" \/>\n<meta name=\"twitter:creator\" content=\"@blog-ir\" \/>\n<meta name=\"twitter:site\" content=\"@inforesidencias\" \/>\n<meta name=\"twitter:label1\" content=\"Escrito por\" \/>\n\t<meta name=\"twitter:data1\" content=\"Josep de Mart\u00ed\" \/>\n\t<meta name=\"twitter:label2\" content=\"Tiempo de lectura\" \/>\n\t<meta name=\"twitter:data2\" content=\"8 minutos\" \/>\n<script type=\"application\/ld+json\" class=\"yoast-schema-graph\">{\"@context\":\"https:\/\/schema.org\",\"@graph\":[{\"@type\":\"WebPage\",\"@id\":\"https:\/\/www.inforesidencias.com\/blog\/index.php\/2016\/07\/25\/que-pueden-aprender-nuestras-residencias-de-mayores-de-las-suecas\/\",\"url\":\"https:\/\/www.inforesidencias.com\/blog\/index.php\/2016\/07\/25\/que-pueden-aprender-nuestras-residencias-de-mayores-de-las-suecas\/\",\"name\":\"Qu\u00e9 pueden aprender nuestras residencias de mayores de las suecas. Arquitecto Marc Trepat\",\"isPartOf\":{\"@id\":\"https:\/\/www.inforesidencias.com\/blog\/#website\"},\"datePublished\":\"2016-07-25T14:56:33+00:00\",\"dateModified\":\"2016-07-26T07:10:10+00:00\",\"author\":{\"@id\":\"https:\/\/www.inforesidencias.com\/blog\/#\/schema\/person\/9e146774d1eb3bc1c0316242a3898628\"},\"description\":\"Las residencias de mayores en Espa\u00f1a pueden incorporar algunos aspectos de las Suecas, seg\u00fan el arquitecto Marc Trepat\",\"breadcrumb\":{\"@id\":\"https:\/\/www.inforesidencias.com\/blog\/index.php\/2016\/07\/25\/que-pueden-aprender-nuestras-residencias-de-mayores-de-las-suecas\/#breadcrumb\"},\"inLanguage\":\"es\",\"potentialAction\":[{\"@type\":\"ReadAction\",\"target\":[\"https:\/\/www.inforesidencias.com\/blog\/index.php\/2016\/07\/25\/que-pueden-aprender-nuestras-residencias-de-mayores-de-las-suecas\/\"]}]},{\"@type\":\"BreadcrumbList\",\"@id\":\"https:\/\/www.inforesidencias.com\/blog\/index.php\/2016\/07\/25\/que-pueden-aprender-nuestras-residencias-de-mayores-de-las-suecas\/#breadcrumb\",\"itemListElement\":[{\"@type\":\"ListItem\",\"position\":1,\"name\":\"Home\",\"item\":\"https:\/\/www.inforesidencias.com\/blog\/\"},{\"@type\":\"ListItem\",\"position\":2,\"name\":\"Qu\u00e9 pueden aprender nuestras residencias de mayores de las suecas\"}]},{\"@type\":\"WebSite\",\"@id\":\"https:\/\/www.inforesidencias.com\/blog\/#website\",\"url\":\"https:\/\/www.inforesidencias.com\/blog\/\",\"name\":\"Blog Inforesidencias.com\",\"description\":\"El buscador de residencias de la 3\u00aa edad\",\"potentialAction\":[{\"@type\":\"SearchAction\",\"target\":{\"@type\":\"EntryPoint\",\"urlTemplate\":\"https:\/\/www.inforesidencias.com\/blog\/?s={search_term_string}\"},\"query-input\":\"required name=search_term_string\"}],\"inLanguage\":\"es\"},{\"@type\":\"Person\",\"@id\":\"https:\/\/www.inforesidencias.com\/blog\/#\/schema\/person\/9e146774d1eb3bc1c0316242a3898628\",\"name\":\"Josep de Mart\u00ed\",\"image\":{\"@type\":\"ImageObject\",\"inLanguage\":\"es\",\"@id\":\"https:\/\/www.inforesidencias.com\/blog\/#\/schema\/person\/image\/\",\"url\":\"https:\/\/secure.gravatar.com\/avatar\/de0302c4806c00c4cebff396a798c1ff?s=96&d=mm&r=g\",\"contentUrl\":\"https:\/\/secure.gravatar.com\/avatar\/de0302c4806c00c4cebff396a798c1ff?s=96&d=mm&r=g\",\"caption\":\"Josep de Mart\u00ed\"},\"sameAs\":[\"https:\/\/www.inforesidencias.com\",\"https:\/\/www.facebook.com\/josep.demarti\",\"https:\/\/twitter.com\/blog-ir\"],\"url\":\"https:\/\/www.inforesidencias.com\/blog\/index.php\/author\/josepdemarti\/\"}]}<\/script>\n<!-- \/ Yoast SEO plugin. -->","yoast_head_json":{"title":"Qu\u00e9 pueden aprender nuestras residencias de mayores de las suecas. Arquitecto Marc Trepat","description":"Las residencias de mayores en Espa\u00f1a pueden incorporar algunos aspectos de las Suecas, seg\u00fan el arquitecto Marc Trepat","robots":{"index":"index","follow":"follow","max-snippet":"max-snippet:-1","max-image-preview":"max-image-preview:large","max-video-preview":"max-video-preview:-1"},"canonical":"https:\/\/www.inforesidencias.com\/blog\/index.php\/2016\/07\/25\/que-pueden-aprender-nuestras-residencias-de-mayores-de-las-suecas\/","og_locale":"es_ES","og_type":"article","og_title":"Qu\u00e9 pueden aprender nuestras residencias de mayores de las suecas. Arquitecto Marc Trepat","og_description":"Las residencias de mayores en Espa\u00f1a pueden incorporar algunos aspectos de las Suecas, seg\u00fan el arquitecto Marc Trepat","og_url":"https:\/\/www.inforesidencias.com\/blog\/index.php\/2016\/07\/25\/que-pueden-aprender-nuestras-residencias-de-mayores-de-las-suecas\/","og_site_name":"Blog Inforesidencias.com","article_publisher":"https:\/\/www.facebook.com\/Inforesidencias\/","article_author":"https:\/\/www.facebook.com\/josep.demarti","article_published_time":"2016-07-25T14:56:33+00:00","article_modified_time":"2016-07-26T07:10:10+00:00","og_image":[{"width":430,"height":412,"url":"https:\/\/www.inforesidencias.com\/blog\/wp-content\/uploads\/2016\/07\/FullSizeRender2.jpg","type":"image\/jpeg"}],"author":"Josep de Mart\u00ed","twitter_card":"summary_large_image","twitter_creator":"@blog-ir","twitter_site":"@inforesidencias","twitter_misc":{"Escrito por":"Josep de Mart\u00ed","Tiempo de lectura":"8 minutos"},"schema":{"@context":"https:\/\/schema.org","@graph":[{"@type":"WebPage","@id":"https:\/\/www.inforesidencias.com\/blog\/index.php\/2016\/07\/25\/que-pueden-aprender-nuestras-residencias-de-mayores-de-las-suecas\/","url":"https:\/\/www.inforesidencias.com\/blog\/index.php\/2016\/07\/25\/que-pueden-aprender-nuestras-residencias-de-mayores-de-las-suecas\/","name":"Qu\u00e9 pueden aprender nuestras residencias de mayores de las suecas. Arquitecto Marc Trepat","isPartOf":{"@id":"https:\/\/www.inforesidencias.com\/blog\/#website"},"datePublished":"2016-07-25T14:56:33+00:00","dateModified":"2016-07-26T07:10:10+00:00","author":{"@id":"https:\/\/www.inforesidencias.com\/blog\/#\/schema\/person\/9e146774d1eb3bc1c0316242a3898628"},"description":"Las residencias de mayores en Espa\u00f1a pueden incorporar algunos aspectos de las Suecas, seg\u00fan el arquitecto Marc Trepat","breadcrumb":{"@id":"https:\/\/www.inforesidencias.com\/blog\/index.php\/2016\/07\/25\/que-pueden-aprender-nuestras-residencias-de-mayores-de-las-suecas\/#breadcrumb"},"inLanguage":"es","potentialAction":[{"@type":"ReadAction","target":["https:\/\/www.inforesidencias.com\/blog\/index.php\/2016\/07\/25\/que-pueden-aprender-nuestras-residencias-de-mayores-de-las-suecas\/"]}]},{"@type":"BreadcrumbList","@id":"https:\/\/www.inforesidencias.com\/blog\/index.php\/2016\/07\/25\/que-pueden-aprender-nuestras-residencias-de-mayores-de-las-suecas\/#breadcrumb","itemListElement":[{"@type":"ListItem","position":1,"name":"Home","item":"https:\/\/www.inforesidencias.com\/blog\/"},{"@type":"ListItem","position":2,"name":"Qu\u00e9 pueden aprender nuestras residencias de mayores de las suecas"}]},{"@type":"WebSite","@id":"https:\/\/www.inforesidencias.com\/blog\/#website","url":"https:\/\/www.inforesidencias.com\/blog\/","name":"Blog Inforesidencias.com","description":"El buscador de residencias de la 3\u00aa edad","potentialAction":[{"@type":"SearchAction","target":{"@type":"EntryPoint","urlTemplate":"https:\/\/www.inforesidencias.com\/blog\/?s={search_term_string}"},"query-input":"required name=search_term_string"}],"inLanguage":"es"},{"@type":"Person","@id":"https:\/\/www.inforesidencias.com\/blog\/#\/schema\/person\/9e146774d1eb3bc1c0316242a3898628","name":"Josep de Mart\u00ed","image":{"@type":"ImageObject","inLanguage":"es","@id":"https:\/\/www.inforesidencias.com\/blog\/#\/schema\/person\/image\/","url":"https:\/\/secure.gravatar.com\/avatar\/de0302c4806c00c4cebff396a798c1ff?s=96&d=mm&r=g","contentUrl":"https:\/\/secure.gravatar.com\/avatar\/de0302c4806c00c4cebff396a798c1ff?s=96&d=mm&r=g","caption":"Josep de Mart\u00ed"},"sameAs":["https:\/\/www.inforesidencias.com","https:\/\/www.facebook.com\/josep.demarti","https:\/\/twitter.com\/blog-ir"],"url":"https:\/\/www.inforesidencias.com\/blog\/index.php\/author\/josepdemarti\/"}]}},"_links":{"self":[{"href":"https:\/\/www.inforesidencias.com\/blog\/index.php\/wp-json\/wp\/v2\/posts\/787"}],"collection":[{"href":"https:\/\/www.inforesidencias.com\/blog\/index.php\/wp-json\/wp\/v2\/posts"}],"about":[{"href":"https:\/\/www.inforesidencias.com\/blog\/index.php\/wp-json\/wp\/v2\/types\/post"}],"author":[{"embeddable":true,"href":"https:\/\/www.inforesidencias.com\/blog\/index.php\/wp-json\/wp\/v2\/users\/2"}],"replies":[{"embeddable":true,"href":"https:\/\/www.inforesidencias.com\/blog\/index.php\/wp-json\/wp\/v2\/comments?post=787"}],"version-history":[{"count":7,"href":"https:\/\/www.inforesidencias.com\/blog\/index.php\/wp-json\/wp\/v2\/posts\/787\/revisions"}],"predecessor-version":[{"id":795,"href":"https:\/\/www.inforesidencias.com\/blog\/index.php\/wp-json\/wp\/v2\/posts\/787\/revisions\/795"}],"wp:featuredmedia":[{"embeddable":true,"href":"https:\/\/www.inforesidencias.com\/blog\/index.php\/wp-json\/wp\/v2\/media\/796"}],"wp:attachment":[{"href":"https:\/\/www.inforesidencias.com\/blog\/index.php\/wp-json\/wp\/v2\/media?parent=787"}],"wp:term":[{"taxonomy":"category","embeddable":true,"href":"https:\/\/www.inforesidencias.com\/blog\/index.php\/wp-json\/wp\/v2\/categories?post=787"},{"taxonomy":"post_tag","embeddable":true,"href":"https:\/\/www.inforesidencias.com\/blog\/index.php\/wp-json\/wp\/v2\/tags?post=787"}],"curies":[{"name":"wp","href":"https:\/\/api.w.org\/{rel}","templated":true}]}}