{"id":8042,"date":"2025-11-10T10:54:49","date_gmt":"2025-11-10T09:54:49","guid":{"rendered":"https:\/\/www.inforesidencias.com\/blog\/?p=8042"},"modified":"2025-11-10T10:54:51","modified_gmt":"2025-11-10T09:54:51","slug":"que-horario-es-mejor-para-las-personas-mayores-en-residencias-verano-o-invierno","status":"publish","type":"post","link":"https:\/\/www.inforesidencias.com\/blog\/index.php\/2025\/11\/10\/que-horario-es-mejor-para-las-personas-mayores-en-residencias-verano-o-invierno\/","title":{"rendered":"\u00bfQu\u00e9 horario es mejor para las personas mayores en residencias, verano o invierno?"},"content":{"rendered":"\n<p>Todos los a\u00f1os, los relojes se retrasan o adelantan una hora para dar paso al horario de verano o de invierno. Este ajuste <strong>afecta especialmente a las personas mayores<\/strong>. Sobre todo a quienes viven en una <a href=\"https:\/\/www.inforesidencias.com\/buscador-de-residencias\" target=\"_blank\" rel=\"noreferrer noopener\">residencia<\/a> o acuden a un <a href=\"https:\/\/www.inforesidencias.com\/centros-de-dia\" target=\"_blank\" rel=\"noreferrer noopener\">centro de d\u00eda<\/a>. Bueno ser\u00e1 preguntarse: \u00bfQu\u00e9 horario es mejor para las personas mayores en residencias, verano o invierno?<\/p>\n\n\n<div class=\"wp-block-image\">\n<figure class=\"alignright size-full is-resized\"><a href=\"https:\/\/www.inforesidencias.com\/blog\/wp-content\/uploads\/2025\/10\/residencia-sol-mayor-alegre.jpg\"><img decoding=\"async\" loading=\"lazy\" width=\"1024\" height=\"797\" src=\"https:\/\/www.inforesidencias.com\/blog\/wp-content\/uploads\/2025\/10\/residencia-sol-mayor-alegre.jpg\" alt=\"\" class=\"wp-image-8044\" style=\"aspect-ratio:1.2848180677540777;width:362px;height:auto\" srcset=\"https:\/\/www.inforesidencias.com\/blog\/wp-content\/uploads\/2025\/10\/residencia-sol-mayor-alegre.jpg 1024w, https:\/\/www.inforesidencias.com\/blog\/wp-content\/uploads\/2025\/10\/residencia-sol-mayor-alegre-300x233.jpg 300w, https:\/\/www.inforesidencias.com\/blog\/wp-content\/uploads\/2025\/10\/residencia-sol-mayor-alegre-768x598.jpg 768w\" sizes=\"(max-width: 1024px) 100vw, 1024px\" \/><\/a><\/figure><\/div>\n\n\n<p>A diferencia de las personas m\u00e1s j\u00f3venes, <strong>el reloj biol\u00f3gico de los mayores es m\u00e1s sensible a las variaciones de luz y rutina<\/strong>. Por ello, una simple modificaci\u00f3n en los horarios puede alterar su sue\u00f1o, su apetito e incluso su estado de \u00e1nimo.<\/p>\n\n\n\n<h2 class=\"wp-block-heading\">Alteraciones del sue\u00f1o y del estado de \u00e1nimo<\/h2>\n\n\n\n<p>Los profesionales de residencias y centros de d\u00eda suelen observar que, durante los d\u00edas posteriores al cambio de hora, <strong>aumentan los episodios de somnolencia diurna. Igualmente, produce confusi\u00f3n o el llamado \u201cs\u00edndrome vespertino\u201d<\/strong>, que se agrava con la falta de luz por la tarde.<\/p>\n\n\n\n<p>El cuerpo humano regula su ritmo circadiano \u2014el ciclo natural de sue\u00f1o y vigilia\u2014 principalmente a trav\u00e9s de la luz solar. Al anochecer antes, <strong>las personas mayores tienden a sentirse cansadas m\u00e1s pronto y pueden despertarse de madrugada<\/strong>. <\/p>\n\n\n\n<p>Esto provoca desajustes en las rutinas y en la atenci\u00f3n que requieren. No es lo mismo, por tanto, la organizaci\u00f3n en verano o en invierno.<\/p>\n\n\n\n<h2 class=\"wp-block-heading\">C\u00f3mo lo afrontan las residencias y centros de d\u00eda<\/h2>\n\n\n\n<p>Y dentro de \u00bfQu\u00e9 horario es mejor para las personas mayores en residencias, verano o invierno?, bueno es saber c\u00f3mo lo afrontan.<\/p>\n\n\n\n<p>Los equipos de atenci\u00f3n geri\u00e1trica lo saben bien. Por eso, <strong>durante las semanas posteriores al cambio de hora, ajustan las actividades, comidas y terapias<\/strong>. El objetivo es que los mayores mantengan sus rutinas con la menor alteraci\u00f3n posible.<\/p>\n\n\n\n<p>Algunas residencias, adem\u00e1s, <strong>aumentan las actividades al aire libre o en espacios bien iluminados por la ma\u00f1ana<\/strong>, para compensar la reducci\u00f3n de luz natural por la tarde. La terapia lum\u00ednica y los paseos en exteriores son estrategias eficaces para estabilizar el reloj interno y evitar el des\u00e1nimo.<\/p>\n\n\n\n<p>En el caso de las personas mayores que reciben <a href=\"https:\/\/www.inforesidencias.com\/servicios-de-ayuda-a-domicilio\" target=\"_blank\" rel=\"noreferrer noopener\">atenci\u00f3n domiciliaria<\/a> o <a href=\"https:\/\/www.inforesidencias.com\/teleasistencia\" target=\"_blank\" rel=\"noreferrer noopener\">teleasistencia<\/a>, es recomendable adaptar los horarios de visitas o llamadas. La percepci\u00f3n del d\u00eda se modifica y puede generar confusi\u00f3n sobre la hora real.<\/p>\n\n\n\n<h2 class=\"wp-block-heading\">\u00bfHorario de verano o de invierno: cu\u00e1l es mejor para las personas mayores?<\/h2>\n\n\n\n<p>Aunque el debate sobre eliminar los cambios de hora sigue abierto en Europa. Los expertos en gerontolog\u00eda y cronobiolog\u00eda coinciden en que <strong>el horario de invierno es m\u00e1s saludable<\/strong> para la mayor\u00eda de las personas, especialmente para las mayores.<\/p>\n\n\n\n<p>El motivo es claro: <strong>el horario de invierno se ajusta mejor al ritmo solar<\/strong>, lo que favorece que haya m\u00e1s luz durante las primeras horas del d\u00eda, cuando el cuerpo necesita activarse. En cambio, el horario de verano retrasa el amanecer, generando una especie de \u201cjet lag social\u201d que afecta al descanso. Tambi\u00e9n la concentraci\u00f3n y el estado de \u00e1nimo.<\/p>\n\n\n\n<p>En las residencias y centros de d\u00eda, donde la rutina y la estabilidad son esenciales para el bienestar. <strong>Mantener un horario m\u00e1s sincronizado con la luz natural facilita el sue\u00f1o, la alimentaci\u00f3n y las terapias.<\/strong><\/p>\n\n\n\n<h2 class=\"wp-block-heading\">Consejos pr\u00e1cticos para mitigar el impacto<\/h2>\n\n\n\n<ul>\n<li><strong>Preparar el cambio con antelaci\u00f3n<\/strong>, adelantando o retrasando gradualmente los horarios de sue\u00f1o y comidas.<\/li>\n\n\n\n<li><strong>Aumentar la exposici\u00f3n a la luz natural por la ma\u00f1ana.<\/strong><\/li>\n\n\n\n<li><strong>Evitar las siestas prolongadas<\/strong> durante los primeros d\u00edas tras el cambio.<\/li>\n\n\n\n<li><strong>Mantener rutinas estables<\/strong>, tanto en las actividades como en las comidas.<\/li>\n\n\n\n<li><strong>Favorecer ambientes bien iluminados al final del d\u00eda<\/strong> para reducir la sensaci\u00f3n de anochecer temprano.<\/li>\n<\/ul>\n\n\n\n<p>El cambio de hora afecta a todos, pero <strong>las personas mayores, especialmente. Las que viven en residencias o acuden a centros de d\u00eda, necesitan un acompa\u00f1amiento cuidadoso durante este periodo de adaptaci\u00f3n.<\/strong><\/p>\n\n\n\n<p>Entre los dos horarios, <strong>el de invierno es el m\u00e1s recomendable<\/strong>, ya que respeta mejor los ritmos biol\u00f3gicos naturales y favorece un descanso de mayor calidad.<\/p>\n\n\n\n<p>En cualquier caso, el trabajo coordinado de los profesionales de <a href=\"https:\/\/www.inforesidencias.com\/buscador-de-residencias\" target=\"_blank\" rel=\"noreferrer noopener\">r<\/a>esidencias, centros de d\u00eda y servicios de atenci\u00f3n domiciliaria es fundamental para que <strong>el cambio de hora no altere el bienestar ni su calidad de vida.<\/strong><\/p>\n\n\n\n<p>Y si este art\u00edculo, \u00bfQu\u00e9 horario es mejor para las personas mayores en residencias, verano o invierno?, te result\u00f3 \u00fatil, tambi\u00e9n ver\u00e1s interesantes estas otros:<\/p>\n\n\n\n<p>&#8211; <a href=\"https:\/\/www.inforesidencias.com\/blog\/index.php\/2024\/10\/27\/como-afecta-el-cambio-de-hora-a-las-personas-mayores\/\" target=\"_blank\" rel=\"noreferrer noopener\">\u00bfC\u00f3mo afecta el cambio de hora a las personas mayores?<\/a><\/p>\n\n\n\n<p>&#8211; <a href=\"https:\/\/dependencia.info\/noticia\/5123\/sector\/cambio-de-hora-y-gestion-del-sueno-en-las-personas-mayores-pautas-para-descansar-mejor.html\" target=\"_blank\" rel=\"noreferrer noopener\">Cambio de hora y gesti\u00f3n del sue\u00f1o en las personas mayores: pautas para descansar mejor<\/a><\/p>\n","protected":false},"excerpt":{"rendered":"<p>Todos los a\u00f1os, los relojes se retrasan o adelantan una hora para dar paso al horario de verano o de invierno. Este ajuste afecta especialmente a las personas mayores. Sobre todo a quienes viven en una residencia o acuden a un centro de d\u00eda. Bueno ser\u00e1 preguntarse: \u00bfQu\u00e9 horario es mejor para las personas mayores en residencias, verano o invierno? A diferencia de las personas m\u00e1s j\u00f3venes, el reloj biol\u00f3gico de los mayores es m\u00e1s sensible a las variaciones de luz y rutina. Por ello, una simple modificaci\u00f3n en los horarios puede alterar su sue\u00f1o, su apetito e incluso su estado de \u00e1nimo. Alteraciones del sue\u00f1o y del estado de \u00e1nimo Los profesionales de residencias y centros de d\u00eda suelen observar que, durante los d\u00edas posteriores al cambio de hora, aumentan los episodios de somnolencia diurna. Igualmente, produce confusi\u00f3n o el llamado \u201cs\u00edndrome vespertino\u201d, que se agrava con la falta [&hellip;]<\/p>\n","protected":false},"author":7,"featured_media":8044,"comment_status":"open","ping_status":"open","sticky":false,"template":"","format":"standard","meta":{"footnotes":""},"categories":[1],"tags":[114,116,115],"yoast_head":"<!-- This site is optimized with the Yoast SEO plugin v21.7 - https:\/\/yoast.com\/wordpress\/plugins\/seo\/ -->\n<title>\u00bfQu\u00e9 horario es mejor para las personas mayores en residencias, verano o invierno? - Blog Inforesidencias.com<\/title>\n<meta name=\"description\" content=\"Qu\u00e9 horario es mejor para las personas mayores en residencias, verano o el de invierno. Salgamos de dudas con este art\u00edculo\" \/>\n<meta name=\"robots\" content=\"index, follow, max-snippet:-1, max-image-preview:large, max-video-preview:-1\" \/>\n<link rel=\"canonical\" href=\"https:\/\/www.inforesidencias.com\/blog\/index.php\/2025\/11\/10\/que-horario-es-mejor-para-las-personas-mayores-en-residencias-verano-o-invierno\/\" \/>\n<meta property=\"og:locale\" content=\"es_ES\" \/>\n<meta property=\"og:type\" content=\"article\" \/>\n<meta property=\"og:title\" content=\"\u00bfQu\u00e9 horario es mejor para las personas mayores en residencias, verano o invierno? - Blog Inforesidencias.com\" \/>\n<meta property=\"og:description\" content=\"Qu\u00e9 horario es mejor para las personas mayores en residencias, verano o el de invierno. Salgamos de dudas con este art\u00edculo\" \/>\n<meta property=\"og:url\" content=\"https:\/\/www.inforesidencias.com\/blog\/index.php\/2025\/11\/10\/que-horario-es-mejor-para-las-personas-mayores-en-residencias-verano-o-invierno\/\" \/>\n<meta property=\"og:site_name\" content=\"Blog Inforesidencias.com\" \/>\n<meta property=\"article:publisher\" content=\"https:\/\/www.facebook.com\/Inforesidencias\/\" \/>\n<meta property=\"article:published_time\" content=\"2025-11-10T09:54:49+00:00\" \/>\n<meta property=\"article:modified_time\" content=\"2025-11-10T09:54:51+00:00\" \/>\n<meta property=\"og:image\" content=\"https:\/\/www.inforesidencias.com\/blog\/wp-content\/uploads\/2025\/10\/residencia-sol-mayor-alegre.jpg\" \/>\n\t<meta property=\"og:image:width\" content=\"1024\" \/>\n\t<meta property=\"og:image:height\" content=\"797\" \/>\n\t<meta property=\"og:image:type\" content=\"image\/jpeg\" \/>\n<meta name=\"author\" content=\"Inforesidencias.com\" \/>\n<meta name=\"twitter:card\" content=\"summary_large_image\" \/>\n<meta name=\"twitter:creator\" content=\"@inforesidencias\" \/>\n<meta name=\"twitter:site\" content=\"@inforesidencias\" \/>\n<meta name=\"twitter:label1\" content=\"Escrito por\" \/>\n\t<meta name=\"twitter:data1\" content=\"Inforesidencias.com\" \/>\n\t<meta name=\"twitter:label2\" content=\"Tiempo de lectura\" \/>\n\t<meta name=\"twitter:data2\" content=\"4 minutos\" \/>\n<script type=\"application\/ld+json\" class=\"yoast-schema-graph\">{\"@context\":\"https:\/\/schema.org\",\"@graph\":[{\"@type\":\"WebPage\",\"@id\":\"https:\/\/www.inforesidencias.com\/blog\/index.php\/2025\/11\/10\/que-horario-es-mejor-para-las-personas-mayores-en-residencias-verano-o-invierno\/\",\"url\":\"https:\/\/www.inforesidencias.com\/blog\/index.php\/2025\/11\/10\/que-horario-es-mejor-para-las-personas-mayores-en-residencias-verano-o-invierno\/\",\"name\":\"\u00bfQu\u00e9 horario es mejor para las personas mayores en residencias, verano o invierno? - Blog Inforesidencias.com\",\"isPartOf\":{\"@id\":\"https:\/\/www.inforesidencias.com\/blog\/#website\"},\"datePublished\":\"2025-11-10T09:54:49+00:00\",\"dateModified\":\"2025-11-10T09:54:51+00:00\",\"author\":{\"@id\":\"https:\/\/www.inforesidencias.com\/blog\/#\/schema\/person\/4137928ac9e11813f9d22c7eca99e8c6\"},\"description\":\"Qu\u00e9 horario es mejor para las personas mayores en residencias, verano o el de invierno. Salgamos de dudas con este art\u00edculo\",\"breadcrumb\":{\"@id\":\"https:\/\/www.inforesidencias.com\/blog\/index.php\/2025\/11\/10\/que-horario-es-mejor-para-las-personas-mayores-en-residencias-verano-o-invierno\/#breadcrumb\"},\"inLanguage\":\"es\",\"potentialAction\":[{\"@type\":\"ReadAction\",\"target\":[\"https:\/\/www.inforesidencias.com\/blog\/index.php\/2025\/11\/10\/que-horario-es-mejor-para-las-personas-mayores-en-residencias-verano-o-invierno\/\"]}]},{\"@type\":\"BreadcrumbList\",\"@id\":\"https:\/\/www.inforesidencias.com\/blog\/index.php\/2025\/11\/10\/que-horario-es-mejor-para-las-personas-mayores-en-residencias-verano-o-invierno\/#breadcrumb\",\"itemListElement\":[{\"@type\":\"ListItem\",\"position\":1,\"name\":\"Home\",\"item\":\"https:\/\/www.inforesidencias.com\/blog\/\"},{\"@type\":\"ListItem\",\"position\":2,\"name\":\"\u00bfQu\u00e9 horario es mejor para las personas mayores en residencias, verano o invierno?\"}]},{\"@type\":\"WebSite\",\"@id\":\"https:\/\/www.inforesidencias.com\/blog\/#website\",\"url\":\"https:\/\/www.inforesidencias.com\/blog\/\",\"name\":\"Blog Inforesidencias.com\",\"description\":\"El buscador de residencias de la 3\u00aa edad\",\"potentialAction\":[{\"@type\":\"SearchAction\",\"target\":{\"@type\":\"EntryPoint\",\"urlTemplate\":\"https:\/\/www.inforesidencias.com\/blog\/?s={search_term_string}\"},\"query-input\":\"required name=search_term_string\"}],\"inLanguage\":\"es\"},{\"@type\":\"Person\",\"@id\":\"https:\/\/www.inforesidencias.com\/blog\/#\/schema\/person\/4137928ac9e11813f9d22c7eca99e8c6\",\"name\":\"Inforesidencias.com\",\"image\":{\"@type\":\"ImageObject\",\"inLanguage\":\"es\",\"@id\":\"https:\/\/www.inforesidencias.com\/blog\/#\/schema\/person\/image\/\",\"url\":\"https:\/\/secure.gravatar.com\/avatar\/2092a1175202f080ba451797bc271678?s=96&d=mm&r=g\",\"contentUrl\":\"https:\/\/secure.gravatar.com\/avatar\/2092a1175202f080ba451797bc271678?s=96&d=mm&r=g\",\"caption\":\"Inforesidencias.com\"},\"url\":\"https:\/\/www.inforesidencias.com\/blog\/index.php\/author\/javier-camara\/\"}]}<\/script>\n<!-- \/ Yoast SEO plugin. -->","yoast_head_json":{"title":"\u00bfQu\u00e9 horario es mejor para las personas mayores en residencias, verano o invierno? - Blog Inforesidencias.com","description":"Qu\u00e9 horario es mejor para las personas mayores en residencias, verano o el de invierno. Salgamos de dudas con este art\u00edculo","robots":{"index":"index","follow":"follow","max-snippet":"max-snippet:-1","max-image-preview":"max-image-preview:large","max-video-preview":"max-video-preview:-1"},"canonical":"https:\/\/www.inforesidencias.com\/blog\/index.php\/2025\/11\/10\/que-horario-es-mejor-para-las-personas-mayores-en-residencias-verano-o-invierno\/","og_locale":"es_ES","og_type":"article","og_title":"\u00bfQu\u00e9 horario es mejor para las personas mayores en residencias, verano o invierno? - Blog Inforesidencias.com","og_description":"Qu\u00e9 horario es mejor para las personas mayores en residencias, verano o el de invierno. Salgamos de dudas con este art\u00edculo","og_url":"https:\/\/www.inforesidencias.com\/blog\/index.php\/2025\/11\/10\/que-horario-es-mejor-para-las-personas-mayores-en-residencias-verano-o-invierno\/","og_site_name":"Blog Inforesidencias.com","article_publisher":"https:\/\/www.facebook.com\/Inforesidencias\/","article_published_time":"2025-11-10T09:54:49+00:00","article_modified_time":"2025-11-10T09:54:51+00:00","og_image":[{"width":1024,"height":797,"url":"https:\/\/www.inforesidencias.com\/blog\/wp-content\/uploads\/2025\/10\/residencia-sol-mayor-alegre.jpg","type":"image\/jpeg"}],"author":"Inforesidencias.com","twitter_card":"summary_large_image","twitter_creator":"@inforesidencias","twitter_site":"@inforesidencias","twitter_misc":{"Escrito por":"Inforesidencias.com","Tiempo de lectura":"4 minutos"},"schema":{"@context":"https:\/\/schema.org","@graph":[{"@type":"WebPage","@id":"https:\/\/www.inforesidencias.com\/blog\/index.php\/2025\/11\/10\/que-horario-es-mejor-para-las-personas-mayores-en-residencias-verano-o-invierno\/","url":"https:\/\/www.inforesidencias.com\/blog\/index.php\/2025\/11\/10\/que-horario-es-mejor-para-las-personas-mayores-en-residencias-verano-o-invierno\/","name":"\u00bfQu\u00e9 horario es mejor para las personas mayores en residencias, verano o invierno? - Blog Inforesidencias.com","isPartOf":{"@id":"https:\/\/www.inforesidencias.com\/blog\/#website"},"datePublished":"2025-11-10T09:54:49+00:00","dateModified":"2025-11-10T09:54:51+00:00","author":{"@id":"https:\/\/www.inforesidencias.com\/blog\/#\/schema\/person\/4137928ac9e11813f9d22c7eca99e8c6"},"description":"Qu\u00e9 horario es mejor para las personas mayores en residencias, verano o el de invierno. Salgamos de dudas con este art\u00edculo","breadcrumb":{"@id":"https:\/\/www.inforesidencias.com\/blog\/index.php\/2025\/11\/10\/que-horario-es-mejor-para-las-personas-mayores-en-residencias-verano-o-invierno\/#breadcrumb"},"inLanguage":"es","potentialAction":[{"@type":"ReadAction","target":["https:\/\/www.inforesidencias.com\/blog\/index.php\/2025\/11\/10\/que-horario-es-mejor-para-las-personas-mayores-en-residencias-verano-o-invierno\/"]}]},{"@type":"BreadcrumbList","@id":"https:\/\/www.inforesidencias.com\/blog\/index.php\/2025\/11\/10\/que-horario-es-mejor-para-las-personas-mayores-en-residencias-verano-o-invierno\/#breadcrumb","itemListElement":[{"@type":"ListItem","position":1,"name":"Home","item":"https:\/\/www.inforesidencias.com\/blog\/"},{"@type":"ListItem","position":2,"name":"\u00bfQu\u00e9 horario es mejor para las personas mayores en residencias, verano o invierno?"}]},{"@type":"WebSite","@id":"https:\/\/www.inforesidencias.com\/blog\/#website","url":"https:\/\/www.inforesidencias.com\/blog\/","name":"Blog Inforesidencias.com","description":"El buscador de residencias de la 3\u00aa edad","potentialAction":[{"@type":"SearchAction","target":{"@type":"EntryPoint","urlTemplate":"https:\/\/www.inforesidencias.com\/blog\/?s={search_term_string}"},"query-input":"required name=search_term_string"}],"inLanguage":"es"},{"@type":"Person","@id":"https:\/\/www.inforesidencias.com\/blog\/#\/schema\/person\/4137928ac9e11813f9d22c7eca99e8c6","name":"Inforesidencias.com","image":{"@type":"ImageObject","inLanguage":"es","@id":"https:\/\/www.inforesidencias.com\/blog\/#\/schema\/person\/image\/","url":"https:\/\/secure.gravatar.com\/avatar\/2092a1175202f080ba451797bc271678?s=96&d=mm&r=g","contentUrl":"https:\/\/secure.gravatar.com\/avatar\/2092a1175202f080ba451797bc271678?s=96&d=mm&r=g","caption":"Inforesidencias.com"},"url":"https:\/\/www.inforesidencias.com\/blog\/index.php\/author\/javier-camara\/"}]}},"_links":{"self":[{"href":"https:\/\/www.inforesidencias.com\/blog\/index.php\/wp-json\/wp\/v2\/posts\/8042"}],"collection":[{"href":"https:\/\/www.inforesidencias.com\/blog\/index.php\/wp-json\/wp\/v2\/posts"}],"about":[{"href":"https:\/\/www.inforesidencias.com\/blog\/index.php\/wp-json\/wp\/v2\/types\/post"}],"author":[{"embeddable":true,"href":"https:\/\/www.inforesidencias.com\/blog\/index.php\/wp-json\/wp\/v2\/users\/7"}],"replies":[{"embeddable":true,"href":"https:\/\/www.inforesidencias.com\/blog\/index.php\/wp-json\/wp\/v2\/comments?post=8042"}],"version-history":[{"count":8,"href":"https:\/\/www.inforesidencias.com\/blog\/index.php\/wp-json\/wp\/v2\/posts\/8042\/revisions"}],"predecessor-version":[{"id":8053,"href":"https:\/\/www.inforesidencias.com\/blog\/index.php\/wp-json\/wp\/v2\/posts\/8042\/revisions\/8053"}],"wp:featuredmedia":[{"embeddable":true,"href":"https:\/\/www.inforesidencias.com\/blog\/index.php\/wp-json\/wp\/v2\/media\/8044"}],"wp:attachment":[{"href":"https:\/\/www.inforesidencias.com\/blog\/index.php\/wp-json\/wp\/v2\/media?parent=8042"}],"wp:term":[{"taxonomy":"category","embeddable":true,"href":"https:\/\/www.inforesidencias.com\/blog\/index.php\/wp-json\/wp\/v2\/categories?post=8042"},{"taxonomy":"post_tag","embeddable":true,"href":"https:\/\/www.inforesidencias.com\/blog\/index.php\/wp-json\/wp\/v2\/tags?post=8042"}],"curies":[{"name":"wp","href":"https:\/\/api.w.org\/{rel}","templated":true}]}}