{"id":8055,"date":"2025-11-22T07:42:00","date_gmt":"2025-11-22T06:42:00","guid":{"rendered":"https:\/\/www.inforesidencias.com\/blog\/?p=8055"},"modified":"2025-11-14T10:02:06","modified_gmt":"2025-11-14T09:02:06","slug":"cinco-mitos-sobre-la-comida-en-las-residencias-de-personas-mayores-y-la-realidad","status":"publish","type":"post","link":"https:\/\/www.inforesidencias.com\/blog\/index.php\/2025\/11\/22\/cinco-mitos-sobre-la-comida-en-las-residencias-de-personas-mayores-y-la-realidad\/","title":{"rendered":"Cinco mitos sobre la comida en las residencias de personas mayores (y la realidad)"},"content":{"rendered":"\n<p>Durante a\u00f1os se ha repetido una idea injusta: que la comida en las residencias de personas mayores es \u201ccomo la de hospital\u201d, \u201cprecocinada\u201d o \u201cpoco sabrosa\u201d. Sin embargo, quienes visitan hoy muchos centros descubren una realidad muy distinta. Por ello, en Inforesidencias pensamos que puede resultar interesante repasar&nbsp;cinco mitos sobre la comida en las residencias de personas mayores (y la realidad).<\/p>\n\n\n<div class=\"wp-block-image\">\n<figure class=\"alignright size-full is-resized\"><a href=\"https:\/\/www.inforesidencias.com\/blog\/wp-content\/uploads\/2025\/11\/comida-residencias.jpg\"><img decoding=\"async\" loading=\"lazy\" width=\"1024\" height=\"1024\" src=\"https:\/\/www.inforesidencias.com\/blog\/wp-content\/uploads\/2025\/11\/comida-residencias.jpg\" alt=\"\" class=\"wp-image-8057\" style=\"aspect-ratio:1;width:362px;height:auto\" srcset=\"https:\/\/www.inforesidencias.com\/blog\/wp-content\/uploads\/2025\/11\/comida-residencias.jpg 1024w, https:\/\/www.inforesidencias.com\/blog\/wp-content\/uploads\/2025\/11\/comida-residencias-300x300.jpg 300w, https:\/\/www.inforesidencias.com\/blog\/wp-content\/uploads\/2025\/11\/comida-residencias-150x150.jpg 150w, https:\/\/www.inforesidencias.com\/blog\/wp-content\/uploads\/2025\/11\/comida-residencias-768x768.jpg 768w\" sizes=\"(max-width: 1024px) 100vw, 1024px\" \/><\/a><\/figure><\/div>\n\n\n<p>En las <a href=\"https:\/\/www.inforesidencias.com\/centros\/buscador\/residencias\" target=\"_blank\" rel=\"noreferrer noopener\">residencias de la tercera edad actuales<\/a>, la alimentaci\u00f3n forma parte del bienestar, la salud y el disfrute diario. Los men\u00fas se planifican con rigor nutricional, se adaptan a cada persona y, en muchos casos, se cocinan a diario con productos frescos y de proximidad.<\/p>\n\n\n\n<p>A continuaci\u00f3n, desmontamos cinco mitos muy extendidos sobre la comida en las residencias y explicamos c\u00f3mo es realmente alimentarse en ellas:<\/p>\n\n\n\n<h2 class=\"wp-block-heading\">1.- \u201cLa comida en las residencias es como la de hospital\u201d<\/h2>\n\n\n\n<p><strong>Falso.<\/strong> Aunque en ambos entornos se cuida la nutrici\u00f3n, las residencias no funcionan como hospitales. La alimentaci\u00f3n forma parte de la vida cotidiana, no de un tratamiento m\u00e9dico. Los equipos de cocina buscan el equilibrio entre nutrici\u00f3n y placer, con platos tradicionales, guisos y postres caseros adaptados a las necesidades de cada persona.<\/p>\n\n\n\n<p>La presentaci\u00f3n, el olor y el sabor se cuidan porque comer bien no solo es cuesti\u00f3n de salud, sino tambi\u00e9n de bienestar emocional. Un plato bien presentado abre el apetito, estimula los sentidos y convierte el momento de la comida en algo agradable. El aroma recuerda a la cocina de casa y el sabor reconforta, evocando recuerdos y sensaciones positivas.<\/p>\n\n\n\n<p>Por eso, en muchas residencias se busca que cada comida sea tambi\u00e9n una peque\u00f1a experiencia de placer y de hogar.<\/p>\n\n\n\n<h2 class=\"wp-block-heading\">2.- \u201cTodo es precocinado\u201d<\/h2>\n\n\n\n<p><strong>No, y cada vez menos.<\/strong> La tendencia general es la cocina propia y la elaboraci\u00f3n diaria. Muchas residencias trabajan con proveedores locales y productos de temporada. Los platos se preparan en las propias instalaciones o en cocinas centrales gestionadas por empresas especializadas en restauraci\u00f3n geri\u00e1trica, con est\u00e1ndares de seguridad alimentaria y control nutricional.<\/p>\n\n\n\n<p>Algunos centros incluso permiten ver el proceso de cocinado o participar en actividades culinarias, reforzando la transparencia y la confianza. En ocasiones, las cocinas est\u00e1n integradas en espacios abiertos para que los residentes puedan oler lo que se est\u00e1 preparando y sentirse parte de la rutina diaria. Tambi\u00e9n se organizan talleres o jornadas gastron\u00f3micas donde colaboran en la elaboraci\u00f3n de platos sencillos o recetas tradicionales.<\/p>\n\n\n\n<p>Estas iniciativas fortalecen el v\u00ednculo con la comida y ayudan a mantener viva la relaci\u00f3n emocional con la cocina.<\/p>\n\n\n\n<h2 class=\"wp-block-heading\">3.- \u201cTodos comen lo mismo\u201d<\/h2>\n\n\n\n<p><strong>No es as\u00ed.<\/strong> En las residencias actuales, los men\u00fas se adaptan a las caracter\u00edsticas, gustos y necesidades de cada residente. Existen diferentes tipos de dietas: sin sal, diab\u00e9ticas, ricas en fibra, blandas o con texturas modificadas para personas con dificultades de degluci\u00f3n.<\/p>\n\n\n\n<p>Adem\u00e1s, la personalizaci\u00f3n no solo tiene en cuenta la salud, sino tambi\u00e9n las preferencias individuales: hay quienes no comen legumbres, quienes prefieren carne blanca o quienes disfrutan de un postre concreto. El objetivo es que cada persona mantenga sus h\u00e1bitos alimentarios dentro de un entorno cuidado.<\/p>\n\n\n\n<p>Para las personas con dificultades de degluci\u00f3n, conocidas como disfagia, la alimentaci\u00f3n requiere especial atenci\u00f3n. En estos casos se elaboran comidas texturizadas o con distintas densidades que facilitan la ingesta sin perder sabor ni atractivo visual. Los pur\u00e9s, cremas o gelificados mantienen los mismos valores nutricionales que el plato original, pero con una textura adaptada. De este modo, se garantiza la seguridad al comer y se conserva el placer de disfrutar de la comida.<\/p>\n\n\n\n<h2 class=\"wp-block-heading\">4.- \u201cEn las residencias grandes se come peor\u201d<\/h2>\n\n\n\n<p><strong>Falso.<\/strong>&nbsp;Entre los cinco mitos sobre la comida en las residencias de personas mayores se dice que en las residencias grandes se come peor, pero no es verdad. La calidad de la comida no depende del tama\u00f1o del centro, sino de la planificaci\u00f3n, la gesti\u00f3n y la supervisi\u00f3n de los men\u00fas. Incluso en residencias con muchas plazas, los equipos de cocina y nutrici\u00f3n pueden ofrecer platos equilibrados, variados y adaptados a las necesidades de cada residente.<\/p>\n\n\n\n<p>Lo importante es la dedicaci\u00f3n del personal y el seguimiento de protocolos de seguridad alimentaria, no el n\u00famero de residentes. De hecho, muchas residencias grandes invierten en cocinas modernas y control de calidad para garantizar que todos los platos sean nutritivos y apetecibles.<\/p>\n\n\n\n<h2 class=\"wp-block-heading\">5.- \u201cComer en una residencia es impersonal, la comida es rutinaria y poco cercana\u201d<\/h2>\n\n\n\n<p><strong>Falso.<\/strong> Aunque algunos puedan imaginar un comedor grande y repetitivo, en la realidad muchas residencias cuidan que el momento de la comida sea agradable y cercano. Los horarios se adaptan a las necesidades de los residentes, los comedores se organizan para favorecer la interacci\u00f3n y se fomenta la participaci\u00f3n en la elecci\u00f3n de men\u00fas o en actividades gastron\u00f3micas.<\/p>\n\n\n\n<p>Adem\u00e1s, se buscan estrategias para mantener la individualizaci\u00f3n: atenci\u00f3n al gusto personal, texturas adaptadas y presentaci\u00f3n cuidada. Comer en la residencia no es solo nutrirse, sino tambi\u00e9n compartir, conversar y mantener rutinas sociales que aportan bienestar y conexi\u00f3n emocional.<\/p>\n\n\n\n<h3 class=\"wp-block-heading\">Comer bien tambi\u00e9n es cuidar<\/h3>\n\n\n\n<p>La comida en las residencias de mayores ha evolucionado enormemente en los \u00faltimos a\u00f1os. Hoy se entiende como una parte esencial de la atenci\u00f3n integral: alimenta, cuida, reconforta y socializa.<\/p>\n\n\n\n<p>Romper los mitos y reconocer ese esfuerzo es tambi\u00e9n una forma de valorar a los equipos de cocina, dietistas y cuidadores que, cada d\u00eda, trabajan para que las personas mayores <strong>disfruten de una alimentaci\u00f3n sana, segura y con sabor a hogar<\/strong>.<\/p>\n\n\n\n<p>Y como decimos siempre, si le ha parecido interesante este art\u00edculo sobre&nbsp;Cinco mitos sobre la comida en las residencias de personas mayores (y la realidad), es muy probable que le vea el inter\u00e9s a:<\/p>\n\n\n\n<p>&#8211;&nbsp;<a href=\"https:\/\/dependencia.info\/noticia\/6593\/alimentacion-en-residencias\/sodexo-presenta-en-la-residencia-los-robles-su-proyecto-el-despertar-de-los-sentidos-para-estimular-el-apetito-en-las-personas-mayores.html?cache=true\" target=\"_blank\" rel=\"noreferrer noopener\">Sodexo presenta \u201cel Despertar de los Sentidos\u201d para estimular el apetito en las personas mayores<\/a><\/p>\n\n\n\n<p>&#8211; <a href=\"https:\/\/www.inforesidencias.com\/blog\/index.php\/2025\/10\/20\/por-que-se-come-bien-en-una-residencia-de-personas-mayores\/\" target=\"_blank\" rel=\"noreferrer noopener\">Alimentaci\u00f3n y nutrici\u00f3n saludable en las personas mayores<\/a><\/p>\n","protected":false},"excerpt":{"rendered":"<p>Durante a\u00f1os se ha repetido una idea injusta: que la comida en las residencias de personas mayores es \u201ccomo la de hospital\u201d, \u201cprecocinada\u201d o \u201cpoco sabrosa\u201d. Sin embargo, quienes visitan hoy muchos centros descubren una realidad muy distinta. Por ello, en Inforesidencias pensamos que puede resultar interesante repasar&nbsp;cinco mitos sobre la comida en las residencias de personas mayores (y la realidad). En las residencias de la tercera edad actuales, la alimentaci\u00f3n forma parte del bienestar, la salud y el disfrute diario. Los men\u00fas se planifican con rigor nutricional, se adaptan a cada persona y, en muchos casos, se cocinan a diario con productos frescos y de proximidad. A continuaci\u00f3n, desmontamos cinco mitos muy extendidos sobre la comida en las residencias y explicamos c\u00f3mo es realmente alimentarse en ellas: 1.- \u201cLa comida en las residencias es como la de hospital\u201d Falso. Aunque en ambos entornos se cuida la nutrici\u00f3n, las residencias [&hellip;]<\/p>\n","protected":false},"author":7,"featured_media":8057,"comment_status":"open","ping_status":"open","sticky":false,"template":"","format":"standard","meta":{"footnotes":""},"categories":[1],"tags":[],"yoast_head":"<!-- This site is optimized with the Yoast SEO plugin v21.7 - https:\/\/yoast.com\/wordpress\/plugins\/seo\/ -->\n<title>Cinco mitos sobre la comida en las residencias de personas mayores (y la realidad) - Blog Inforesidencias.com<\/title>\n<meta name=\"description\" content=\"Cinco mitos sobre la comida en las residencias de personas mayores y la realidad que nos encontramos cuando vamos a una\" \/>\n<meta name=\"robots\" content=\"index, follow, max-snippet:-1, max-image-preview:large, max-video-preview:-1\" \/>\n<link rel=\"canonical\" href=\"https:\/\/www.inforesidencias.com\/blog\/index.php\/2025\/11\/22\/cinco-mitos-sobre-la-comida-en-las-residencias-de-personas-mayores-y-la-realidad\/\" \/>\n<meta property=\"og:locale\" content=\"es_ES\" \/>\n<meta property=\"og:type\" content=\"article\" \/>\n<meta property=\"og:title\" content=\"Cinco mitos sobre la comida en las residencias de personas mayores (y la realidad) - Blog Inforesidencias.com\" \/>\n<meta property=\"og:description\" content=\"Cinco mitos sobre la comida en las residencias de personas mayores y la realidad que nos encontramos cuando vamos a una\" \/>\n<meta property=\"og:url\" content=\"https:\/\/www.inforesidencias.com\/blog\/index.php\/2025\/11\/22\/cinco-mitos-sobre-la-comida-en-las-residencias-de-personas-mayores-y-la-realidad\/\" \/>\n<meta property=\"og:site_name\" content=\"Blog Inforesidencias.com\" \/>\n<meta property=\"article:publisher\" content=\"https:\/\/www.facebook.com\/Inforesidencias\/\" \/>\n<meta property=\"article:published_time\" content=\"2025-11-22T06:42:00+00:00\" \/>\n<meta property=\"article:modified_time\" content=\"2025-11-14T09:02:06+00:00\" \/>\n<meta property=\"og:image\" content=\"https:\/\/www.inforesidencias.com\/blog\/wp-content\/uploads\/2025\/11\/comida-residencias.jpg\" \/>\n\t<meta property=\"og:image:width\" content=\"1024\" \/>\n\t<meta property=\"og:image:height\" content=\"1024\" \/>\n\t<meta property=\"og:image:type\" content=\"image\/jpeg\" \/>\n<meta name=\"author\" content=\"Inforesidencias.com\" \/>\n<meta name=\"twitter:card\" content=\"summary_large_image\" \/>\n<meta name=\"twitter:creator\" content=\"@inforesidencias\" \/>\n<meta name=\"twitter:site\" content=\"@inforesidencias\" \/>\n<meta name=\"twitter:label1\" content=\"Escrito por\" \/>\n\t<meta name=\"twitter:data1\" content=\"Inforesidencias.com\" \/>\n\t<meta name=\"twitter:label2\" content=\"Tiempo de lectura\" \/>\n\t<meta name=\"twitter:data2\" content=\"5 minutos\" \/>\n<script type=\"application\/ld+json\" class=\"yoast-schema-graph\">{\"@context\":\"https:\/\/schema.org\",\"@graph\":[{\"@type\":\"WebPage\",\"@id\":\"https:\/\/www.inforesidencias.com\/blog\/index.php\/2025\/11\/22\/cinco-mitos-sobre-la-comida-en-las-residencias-de-personas-mayores-y-la-realidad\/\",\"url\":\"https:\/\/www.inforesidencias.com\/blog\/index.php\/2025\/11\/22\/cinco-mitos-sobre-la-comida-en-las-residencias-de-personas-mayores-y-la-realidad\/\",\"name\":\"Cinco mitos sobre la comida en las residencias de personas mayores (y la realidad) - Blog Inforesidencias.com\",\"isPartOf\":{\"@id\":\"https:\/\/www.inforesidencias.com\/blog\/#website\"},\"datePublished\":\"2025-11-22T06:42:00+00:00\",\"dateModified\":\"2025-11-14T09:02:06+00:00\",\"author\":{\"@id\":\"https:\/\/www.inforesidencias.com\/blog\/#\/schema\/person\/4137928ac9e11813f9d22c7eca99e8c6\"},\"description\":\"Cinco mitos sobre la comida en las residencias de personas mayores y la realidad que nos encontramos cuando vamos a una\",\"breadcrumb\":{\"@id\":\"https:\/\/www.inforesidencias.com\/blog\/index.php\/2025\/11\/22\/cinco-mitos-sobre-la-comida-en-las-residencias-de-personas-mayores-y-la-realidad\/#breadcrumb\"},\"inLanguage\":\"es\",\"potentialAction\":[{\"@type\":\"ReadAction\",\"target\":[\"https:\/\/www.inforesidencias.com\/blog\/index.php\/2025\/11\/22\/cinco-mitos-sobre-la-comida-en-las-residencias-de-personas-mayores-y-la-realidad\/\"]}]},{\"@type\":\"BreadcrumbList\",\"@id\":\"https:\/\/www.inforesidencias.com\/blog\/index.php\/2025\/11\/22\/cinco-mitos-sobre-la-comida-en-las-residencias-de-personas-mayores-y-la-realidad\/#breadcrumb\",\"itemListElement\":[{\"@type\":\"ListItem\",\"position\":1,\"name\":\"Home\",\"item\":\"https:\/\/www.inforesidencias.com\/blog\/\"},{\"@type\":\"ListItem\",\"position\":2,\"name\":\"Cinco mitos sobre la comida en las residencias de personas mayores (y la realidad)\"}]},{\"@type\":\"WebSite\",\"@id\":\"https:\/\/www.inforesidencias.com\/blog\/#website\",\"url\":\"https:\/\/www.inforesidencias.com\/blog\/\",\"name\":\"Blog Inforesidencias.com\",\"description\":\"El buscador de residencias de la 3\u00aa edad\",\"potentialAction\":[{\"@type\":\"SearchAction\",\"target\":{\"@type\":\"EntryPoint\",\"urlTemplate\":\"https:\/\/www.inforesidencias.com\/blog\/?s={search_term_string}\"},\"query-input\":\"required name=search_term_string\"}],\"inLanguage\":\"es\"},{\"@type\":\"Person\",\"@id\":\"https:\/\/www.inforesidencias.com\/blog\/#\/schema\/person\/4137928ac9e11813f9d22c7eca99e8c6\",\"name\":\"Inforesidencias.com\",\"image\":{\"@type\":\"ImageObject\",\"inLanguage\":\"es\",\"@id\":\"https:\/\/www.inforesidencias.com\/blog\/#\/schema\/person\/image\/\",\"url\":\"https:\/\/secure.gravatar.com\/avatar\/2092a1175202f080ba451797bc271678?s=96&d=mm&r=g\",\"contentUrl\":\"https:\/\/secure.gravatar.com\/avatar\/2092a1175202f080ba451797bc271678?s=96&d=mm&r=g\",\"caption\":\"Inforesidencias.com\"},\"url\":\"https:\/\/www.inforesidencias.com\/blog\/index.php\/author\/javier-camara\/\"}]}<\/script>\n<!-- \/ Yoast SEO plugin. -->","yoast_head_json":{"title":"Cinco mitos sobre la comida en las residencias de personas mayores (y la realidad) - Blog Inforesidencias.com","description":"Cinco mitos sobre la comida en las residencias de personas mayores y la realidad que nos encontramos cuando vamos a una","robots":{"index":"index","follow":"follow","max-snippet":"max-snippet:-1","max-image-preview":"max-image-preview:large","max-video-preview":"max-video-preview:-1"},"canonical":"https:\/\/www.inforesidencias.com\/blog\/index.php\/2025\/11\/22\/cinco-mitos-sobre-la-comida-en-las-residencias-de-personas-mayores-y-la-realidad\/","og_locale":"es_ES","og_type":"article","og_title":"Cinco mitos sobre la comida en las residencias de personas mayores (y la realidad) - Blog Inforesidencias.com","og_description":"Cinco mitos sobre la comida en las residencias de personas mayores y la realidad que nos encontramos cuando vamos a una","og_url":"https:\/\/www.inforesidencias.com\/blog\/index.php\/2025\/11\/22\/cinco-mitos-sobre-la-comida-en-las-residencias-de-personas-mayores-y-la-realidad\/","og_site_name":"Blog Inforesidencias.com","article_publisher":"https:\/\/www.facebook.com\/Inforesidencias\/","article_published_time":"2025-11-22T06:42:00+00:00","article_modified_time":"2025-11-14T09:02:06+00:00","og_image":[{"width":1024,"height":1024,"url":"https:\/\/www.inforesidencias.com\/blog\/wp-content\/uploads\/2025\/11\/comida-residencias.jpg","type":"image\/jpeg"}],"author":"Inforesidencias.com","twitter_card":"summary_large_image","twitter_creator":"@inforesidencias","twitter_site":"@inforesidencias","twitter_misc":{"Escrito por":"Inforesidencias.com","Tiempo de lectura":"5 minutos"},"schema":{"@context":"https:\/\/schema.org","@graph":[{"@type":"WebPage","@id":"https:\/\/www.inforesidencias.com\/blog\/index.php\/2025\/11\/22\/cinco-mitos-sobre-la-comida-en-las-residencias-de-personas-mayores-y-la-realidad\/","url":"https:\/\/www.inforesidencias.com\/blog\/index.php\/2025\/11\/22\/cinco-mitos-sobre-la-comida-en-las-residencias-de-personas-mayores-y-la-realidad\/","name":"Cinco mitos sobre la comida en las residencias de personas mayores (y la realidad) - Blog Inforesidencias.com","isPartOf":{"@id":"https:\/\/www.inforesidencias.com\/blog\/#website"},"datePublished":"2025-11-22T06:42:00+00:00","dateModified":"2025-11-14T09:02:06+00:00","author":{"@id":"https:\/\/www.inforesidencias.com\/blog\/#\/schema\/person\/4137928ac9e11813f9d22c7eca99e8c6"},"description":"Cinco mitos sobre la comida en las residencias de personas mayores y la realidad que nos encontramos cuando vamos a una","breadcrumb":{"@id":"https:\/\/www.inforesidencias.com\/blog\/index.php\/2025\/11\/22\/cinco-mitos-sobre-la-comida-en-las-residencias-de-personas-mayores-y-la-realidad\/#breadcrumb"},"inLanguage":"es","potentialAction":[{"@type":"ReadAction","target":["https:\/\/www.inforesidencias.com\/blog\/index.php\/2025\/11\/22\/cinco-mitos-sobre-la-comida-en-las-residencias-de-personas-mayores-y-la-realidad\/"]}]},{"@type":"BreadcrumbList","@id":"https:\/\/www.inforesidencias.com\/blog\/index.php\/2025\/11\/22\/cinco-mitos-sobre-la-comida-en-las-residencias-de-personas-mayores-y-la-realidad\/#breadcrumb","itemListElement":[{"@type":"ListItem","position":1,"name":"Home","item":"https:\/\/www.inforesidencias.com\/blog\/"},{"@type":"ListItem","position":2,"name":"Cinco mitos sobre la comida en las residencias de personas mayores (y la realidad)"}]},{"@type":"WebSite","@id":"https:\/\/www.inforesidencias.com\/blog\/#website","url":"https:\/\/www.inforesidencias.com\/blog\/","name":"Blog Inforesidencias.com","description":"El buscador de residencias de la 3\u00aa edad","potentialAction":[{"@type":"SearchAction","target":{"@type":"EntryPoint","urlTemplate":"https:\/\/www.inforesidencias.com\/blog\/?s={search_term_string}"},"query-input":"required name=search_term_string"}],"inLanguage":"es"},{"@type":"Person","@id":"https:\/\/www.inforesidencias.com\/blog\/#\/schema\/person\/4137928ac9e11813f9d22c7eca99e8c6","name":"Inforesidencias.com","image":{"@type":"ImageObject","inLanguage":"es","@id":"https:\/\/www.inforesidencias.com\/blog\/#\/schema\/person\/image\/","url":"https:\/\/secure.gravatar.com\/avatar\/2092a1175202f080ba451797bc271678?s=96&d=mm&r=g","contentUrl":"https:\/\/secure.gravatar.com\/avatar\/2092a1175202f080ba451797bc271678?s=96&d=mm&r=g","caption":"Inforesidencias.com"},"url":"https:\/\/www.inforesidencias.com\/blog\/index.php\/author\/javier-camara\/"}]}},"_links":{"self":[{"href":"https:\/\/www.inforesidencias.com\/blog\/index.php\/wp-json\/wp\/v2\/posts\/8055"}],"collection":[{"href":"https:\/\/www.inforesidencias.com\/blog\/index.php\/wp-json\/wp\/v2\/posts"}],"about":[{"href":"https:\/\/www.inforesidencias.com\/blog\/index.php\/wp-json\/wp\/v2\/types\/post"}],"author":[{"embeddable":true,"href":"https:\/\/www.inforesidencias.com\/blog\/index.php\/wp-json\/wp\/v2\/users\/7"}],"replies":[{"embeddable":true,"href":"https:\/\/www.inforesidencias.com\/blog\/index.php\/wp-json\/wp\/v2\/comments?post=8055"}],"version-history":[{"count":4,"href":"https:\/\/www.inforesidencias.com\/blog\/index.php\/wp-json\/wp\/v2\/posts\/8055\/revisions"}],"predecessor-version":[{"id":8077,"href":"https:\/\/www.inforesidencias.com\/blog\/index.php\/wp-json\/wp\/v2\/posts\/8055\/revisions\/8077"}],"wp:featuredmedia":[{"embeddable":true,"href":"https:\/\/www.inforesidencias.com\/blog\/index.php\/wp-json\/wp\/v2\/media\/8057"}],"wp:attachment":[{"href":"https:\/\/www.inforesidencias.com\/blog\/index.php\/wp-json\/wp\/v2\/media?parent=8055"}],"wp:term":[{"taxonomy":"category","embeddable":true,"href":"https:\/\/www.inforesidencias.com\/blog\/index.php\/wp-json\/wp\/v2\/categories?post=8055"},{"taxonomy":"post_tag","embeddable":true,"href":"https:\/\/www.inforesidencias.com\/blog\/index.php\/wp-json\/wp\/v2\/tags?post=8055"}],"curies":[{"name":"wp","href":"https:\/\/api.w.org\/{rel}","templated":true}]}}