{"id":806,"date":"2016-09-02T17:28:16","date_gmt":"2016-09-02T17:28:16","guid":{"rendered":"https:\/\/www.inforesidencias.com\/blog\/?p=806"},"modified":"2016-08-02T17:29:36","modified_gmt":"2016-08-02T17:29:36","slug":"terapia-asistida-con-perros-en-residencias-un-video-vale-mas-que","status":"publish","type":"post","link":"https:\/\/www.inforesidencias.com\/blog\/index.php\/2016\/09\/02\/terapia-asistida-con-perros-en-residencias-un-video-vale-mas-que\/","title":{"rendered":"Terapia asistida con perros en residencias: un v\u00eddeo vale m\u00e1s que&#8230;"},"content":{"rendered":"<p>Hace poco Manuel Balibrea nos describi\u00f3 c\u00f3mo hab\u00edan evolucionado las terapias asistidas con animales tanto en la atenci\u00f3n a personas mayores como otros colectivos. \u00a0Como una imagen vale m\u00e1s que mil palabras y un v\u00eddeo mas que mil im\u00e1genes, aqu\u00ed tenemos un interesante v\u00eddeo que ha editado Manuel y que seguro resulta interesante para quienes quieren empezar a trabajar con <strong>terapia asistida con perros<\/strong> en \u00a0residencias de mayores.<\/p>\n<p>&nbsp;<\/p>\n<p><iframe loading=\"lazy\" width=\"500\" height=\"281\" src=\"https:\/\/www.youtube.com\/embed\/VqGS2x8Brvo?feature=oembed\" frameborder=\"0\" allowfullscreen><\/iframe><\/p>\n<p>Quien quiera contactar con Manuel puede <a href=\"https:\/\/www.inforesidencias.com\/infoclasificados\/anuncio\/1141700015\">hacerlo aqu\u00ed<\/a><\/p>\n<p>Otros temas que hemos tratado en Inforesidencias sobre terapia asistida con perros y otros animales en residencias de ancianos que puedes considerar interesantes:<\/p>\n<p><a href=\"https:\/\/www.inforesidencias.com\/contenidos\/noticias\/nacional\/mascotas-en-residencias-de-ancianos\">Terapias con perros o tener a tu mascota en la residencia<\/a><\/p>\n<p><a href=\"https:\/\/www.inforesidencias.com\/contenidos\/noticias\/nacional\/terapia-con-caballos-en-residencia-de-mayores\">Terapia con caballos en una residencia de mayores<\/a><\/p>\n","protected":false},"excerpt":{"rendered":"<p>Hace poco Manuel Balibrea nos describi\u00f3 c\u00f3mo hab\u00edan evolucionado las terapias asistidas con animales tanto en la atenci\u00f3n a personas mayores como otros colectivos. \u00a0Como una imagen vale m\u00e1s que mil palabras y un v\u00eddeo mas que mil im\u00e1genes, aqu\u00ed tenemos un interesante v\u00eddeo que ha editado Manuel y que seguro resulta interesante para quienes quieren empezar a trabajar con terapia asistida con perros en \u00a0residencias de mayores. &nbsp; Quien quiera contactar con Manuel puede hacerlo aqu\u00ed Otros temas que hemos tratado en Inforesidencias sobre terapia asistida con perros y otros animales en residencias de ancianos que puedes considerar interesantes: Terapias con perros o tener a tu mascota en la residencia Terapia con caballos en una residencia de mayores<\/p>\n","protected":false},"author":2,"featured_media":801,"comment_status":"open","ping_status":"open","sticky":false,"template":"","format":"standard","meta":{"footnotes":""},"categories":[3,5,1],"tags":[],"yoast_head":"<!-- This site is optimized with the Yoast SEO plugin v21.7 - https:\/\/yoast.com\/wordpress\/plugins\/seo\/ -->\n<title>Terapia asistida con perros en residencias: un v\u00eddeo vale m\u00e1s que... - Blog Inforesidencias.com<\/title>\n<meta name=\"description\" content=\"Un ejemplo de terapia asistida con perros en una residencia de personas mayores\" \/>\n<meta name=\"robots\" content=\"index, follow, max-snippet:-1, max-image-preview:large, max-video-preview:-1\" \/>\n<link rel=\"canonical\" href=\"https:\/\/www.inforesidencias.com\/blog\/index.php\/2016\/09\/02\/terapia-asistida-con-perros-en-residencias-un-video-vale-mas-que\/\" \/>\n<meta property=\"og:locale\" content=\"es_ES\" \/>\n<meta property=\"og:type\" content=\"article\" \/>\n<meta property=\"og:title\" content=\"Terapia asistida con perros en residencias: un v\u00eddeo vale m\u00e1s que... - Blog Inforesidencias.com\" \/>\n<meta property=\"og:description\" content=\"Un ejemplo de terapia asistida con perros en una residencia de personas mayores\" \/>\n<meta property=\"og:url\" content=\"https:\/\/www.inforesidencias.com\/blog\/index.php\/2016\/09\/02\/terapia-asistida-con-perros-en-residencias-un-video-vale-mas-que\/\" \/>\n<meta property=\"og:site_name\" content=\"Blog Inforesidencias.com\" \/>\n<meta property=\"article:publisher\" content=\"https:\/\/www.facebook.com\/Inforesidencias\/\" \/>\n<meta property=\"article:author\" content=\"https:\/\/www.facebook.com\/josep.demarti\" \/>\n<meta property=\"article:published_time\" content=\"2016-09-02T17:28:16+00:00\" \/>\n<meta property=\"article:modified_time\" content=\"2016-08-02T17:29:36+00:00\" \/>\n<meta property=\"og:image\" content=\"https:\/\/www.inforesidencias.com\/blog\/wp-content\/uploads\/2016\/08\/perro2.png\" \/>\n\t<meta property=\"og:image:width\" content=\"524\" \/>\n\t<meta property=\"og:image:height\" content=\"393\" \/>\n\t<meta property=\"og:image:type\" content=\"image\/png\" \/>\n<meta name=\"author\" content=\"Josep de Mart\u00ed\" \/>\n<meta name=\"twitter:card\" content=\"summary_large_image\" \/>\n<meta name=\"twitter:creator\" content=\"@blog-ir\" \/>\n<meta name=\"twitter:site\" content=\"@inforesidencias\" \/>\n<meta name=\"twitter:label1\" content=\"Escrito por\" \/>\n\t<meta name=\"twitter:data1\" content=\"Josep de Mart\u00ed\" \/>\n\t<meta name=\"twitter:label2\" content=\"Tiempo de lectura\" \/>\n\t<meta name=\"twitter:data2\" content=\"1 minuto\" \/>\n<script type=\"application\/ld+json\" class=\"yoast-schema-graph\">{\"@context\":\"https:\/\/schema.org\",\"@graph\":[{\"@type\":\"WebPage\",\"@id\":\"https:\/\/www.inforesidencias.com\/blog\/index.php\/2016\/09\/02\/terapia-asistida-con-perros-en-residencias-un-video-vale-mas-que\/\",\"url\":\"https:\/\/www.inforesidencias.com\/blog\/index.php\/2016\/09\/02\/terapia-asistida-con-perros-en-residencias-un-video-vale-mas-que\/\",\"name\":\"Terapia asistida con perros en residencias: un v\u00eddeo vale m\u00e1s que... - Blog Inforesidencias.com\",\"isPartOf\":{\"@id\":\"https:\/\/www.inforesidencias.com\/blog\/#website\"},\"datePublished\":\"2016-09-02T17:28:16+00:00\",\"dateModified\":\"2016-08-02T17:29:36+00:00\",\"author\":{\"@id\":\"https:\/\/www.inforesidencias.com\/blog\/#\/schema\/person\/9e146774d1eb3bc1c0316242a3898628\"},\"description\":\"Un ejemplo de terapia asistida con perros en una residencia de personas mayores\",\"breadcrumb\":{\"@id\":\"https:\/\/www.inforesidencias.com\/blog\/index.php\/2016\/09\/02\/terapia-asistida-con-perros-en-residencias-un-video-vale-mas-que\/#breadcrumb\"},\"inLanguage\":\"es\",\"potentialAction\":[{\"@type\":\"ReadAction\",\"target\":[\"https:\/\/www.inforesidencias.com\/blog\/index.php\/2016\/09\/02\/terapia-asistida-con-perros-en-residencias-un-video-vale-mas-que\/\"]}]},{\"@type\":\"BreadcrumbList\",\"@id\":\"https:\/\/www.inforesidencias.com\/blog\/index.php\/2016\/09\/02\/terapia-asistida-con-perros-en-residencias-un-video-vale-mas-que\/#breadcrumb\",\"itemListElement\":[{\"@type\":\"ListItem\",\"position\":1,\"name\":\"Home\",\"item\":\"https:\/\/www.inforesidencias.com\/blog\/\"},{\"@type\":\"ListItem\",\"position\":2,\"name\":\"Terapia asistida con perros en residencias: un v\u00eddeo vale m\u00e1s que&#8230;\"}]},{\"@type\":\"WebSite\",\"@id\":\"https:\/\/www.inforesidencias.com\/blog\/#website\",\"url\":\"https:\/\/www.inforesidencias.com\/blog\/\",\"name\":\"Blog Inforesidencias.com\",\"description\":\"El buscador de residencias de la 3\u00aa edad\",\"potentialAction\":[{\"@type\":\"SearchAction\",\"target\":{\"@type\":\"EntryPoint\",\"urlTemplate\":\"https:\/\/www.inforesidencias.com\/blog\/?s={search_term_string}\"},\"query-input\":\"required name=search_term_string\"}],\"inLanguage\":\"es\"},{\"@type\":\"Person\",\"@id\":\"https:\/\/www.inforesidencias.com\/blog\/#\/schema\/person\/9e146774d1eb3bc1c0316242a3898628\",\"name\":\"Josep de Mart\u00ed\",\"image\":{\"@type\":\"ImageObject\",\"inLanguage\":\"es\",\"@id\":\"https:\/\/www.inforesidencias.com\/blog\/#\/schema\/person\/image\/\",\"url\":\"https:\/\/secure.gravatar.com\/avatar\/de0302c4806c00c4cebff396a798c1ff?s=96&d=mm&r=g\",\"contentUrl\":\"https:\/\/secure.gravatar.com\/avatar\/de0302c4806c00c4cebff396a798c1ff?s=96&d=mm&r=g\",\"caption\":\"Josep de Mart\u00ed\"},\"sameAs\":[\"https:\/\/www.inforesidencias.com\",\"https:\/\/www.facebook.com\/josep.demarti\",\"https:\/\/twitter.com\/blog-ir\"],\"url\":\"https:\/\/www.inforesidencias.com\/blog\/index.php\/author\/josepdemarti\/\"}]}<\/script>\n<!-- \/ Yoast SEO plugin. -->","yoast_head_json":{"title":"Terapia asistida con perros en residencias: un v\u00eddeo vale m\u00e1s que... - Blog Inforesidencias.com","description":"Un ejemplo de terapia asistida con perros en una residencia de personas mayores","robots":{"index":"index","follow":"follow","max-snippet":"max-snippet:-1","max-image-preview":"max-image-preview:large","max-video-preview":"max-video-preview:-1"},"canonical":"https:\/\/www.inforesidencias.com\/blog\/index.php\/2016\/09\/02\/terapia-asistida-con-perros-en-residencias-un-video-vale-mas-que\/","og_locale":"es_ES","og_type":"article","og_title":"Terapia asistida con perros en residencias: un v\u00eddeo vale m\u00e1s que... - Blog Inforesidencias.com","og_description":"Un ejemplo de terapia asistida con perros en una residencia de personas mayores","og_url":"https:\/\/www.inforesidencias.com\/blog\/index.php\/2016\/09\/02\/terapia-asistida-con-perros-en-residencias-un-video-vale-mas-que\/","og_site_name":"Blog Inforesidencias.com","article_publisher":"https:\/\/www.facebook.com\/Inforesidencias\/","article_author":"https:\/\/www.facebook.com\/josep.demarti","article_published_time":"2016-09-02T17:28:16+00:00","article_modified_time":"2016-08-02T17:29:36+00:00","og_image":[{"width":524,"height":393,"url":"https:\/\/www.inforesidencias.com\/blog\/wp-content\/uploads\/2016\/08\/perro2.png","type":"image\/png"}],"author":"Josep de Mart\u00ed","twitter_card":"summary_large_image","twitter_creator":"@blog-ir","twitter_site":"@inforesidencias","twitter_misc":{"Escrito por":"Josep de Mart\u00ed","Tiempo de lectura":"1 minuto"},"schema":{"@context":"https:\/\/schema.org","@graph":[{"@type":"WebPage","@id":"https:\/\/www.inforesidencias.com\/blog\/index.php\/2016\/09\/02\/terapia-asistida-con-perros-en-residencias-un-video-vale-mas-que\/","url":"https:\/\/www.inforesidencias.com\/blog\/index.php\/2016\/09\/02\/terapia-asistida-con-perros-en-residencias-un-video-vale-mas-que\/","name":"Terapia asistida con perros en residencias: un v\u00eddeo vale m\u00e1s que... - Blog Inforesidencias.com","isPartOf":{"@id":"https:\/\/www.inforesidencias.com\/blog\/#website"},"datePublished":"2016-09-02T17:28:16+00:00","dateModified":"2016-08-02T17:29:36+00:00","author":{"@id":"https:\/\/www.inforesidencias.com\/blog\/#\/schema\/person\/9e146774d1eb3bc1c0316242a3898628"},"description":"Un ejemplo de terapia asistida con perros en una residencia de personas mayores","breadcrumb":{"@id":"https:\/\/www.inforesidencias.com\/blog\/index.php\/2016\/09\/02\/terapia-asistida-con-perros-en-residencias-un-video-vale-mas-que\/#breadcrumb"},"inLanguage":"es","potentialAction":[{"@type":"ReadAction","target":["https:\/\/www.inforesidencias.com\/blog\/index.php\/2016\/09\/02\/terapia-asistida-con-perros-en-residencias-un-video-vale-mas-que\/"]}]},{"@type":"BreadcrumbList","@id":"https:\/\/www.inforesidencias.com\/blog\/index.php\/2016\/09\/02\/terapia-asistida-con-perros-en-residencias-un-video-vale-mas-que\/#breadcrumb","itemListElement":[{"@type":"ListItem","position":1,"name":"Home","item":"https:\/\/www.inforesidencias.com\/blog\/"},{"@type":"ListItem","position":2,"name":"Terapia asistida con perros en residencias: un v\u00eddeo vale m\u00e1s que&#8230;"}]},{"@type":"WebSite","@id":"https:\/\/www.inforesidencias.com\/blog\/#website","url":"https:\/\/www.inforesidencias.com\/blog\/","name":"Blog Inforesidencias.com","description":"El buscador de residencias de la 3\u00aa edad","potentialAction":[{"@type":"SearchAction","target":{"@type":"EntryPoint","urlTemplate":"https:\/\/www.inforesidencias.com\/blog\/?s={search_term_string}"},"query-input":"required name=search_term_string"}],"inLanguage":"es"},{"@type":"Person","@id":"https:\/\/www.inforesidencias.com\/blog\/#\/schema\/person\/9e146774d1eb3bc1c0316242a3898628","name":"Josep de Mart\u00ed","image":{"@type":"ImageObject","inLanguage":"es","@id":"https:\/\/www.inforesidencias.com\/blog\/#\/schema\/person\/image\/","url":"https:\/\/secure.gravatar.com\/avatar\/de0302c4806c00c4cebff396a798c1ff?s=96&d=mm&r=g","contentUrl":"https:\/\/secure.gravatar.com\/avatar\/de0302c4806c00c4cebff396a798c1ff?s=96&d=mm&r=g","caption":"Josep de Mart\u00ed"},"sameAs":["https:\/\/www.inforesidencias.com","https:\/\/www.facebook.com\/josep.demarti","https:\/\/twitter.com\/blog-ir"],"url":"https:\/\/www.inforesidencias.com\/blog\/index.php\/author\/josepdemarti\/"}]}},"_links":{"self":[{"href":"https:\/\/www.inforesidencias.com\/blog\/index.php\/wp-json\/wp\/v2\/posts\/806"}],"collection":[{"href":"https:\/\/www.inforesidencias.com\/blog\/index.php\/wp-json\/wp\/v2\/posts"}],"about":[{"href":"https:\/\/www.inforesidencias.com\/blog\/index.php\/wp-json\/wp\/v2\/types\/post"}],"author":[{"embeddable":true,"href":"https:\/\/www.inforesidencias.com\/blog\/index.php\/wp-json\/wp\/v2\/users\/2"}],"replies":[{"embeddable":true,"href":"https:\/\/www.inforesidencias.com\/blog\/index.php\/wp-json\/wp\/v2\/comments?post=806"}],"version-history":[{"count":3,"href":"https:\/\/www.inforesidencias.com\/blog\/index.php\/wp-json\/wp\/v2\/posts\/806\/revisions"}],"predecessor-version":[{"id":809,"href":"https:\/\/www.inforesidencias.com\/blog\/index.php\/wp-json\/wp\/v2\/posts\/806\/revisions\/809"}],"wp:featuredmedia":[{"embeddable":true,"href":"https:\/\/www.inforesidencias.com\/blog\/index.php\/wp-json\/wp\/v2\/media\/801"}],"wp:attachment":[{"href":"https:\/\/www.inforesidencias.com\/blog\/index.php\/wp-json\/wp\/v2\/media?parent=806"}],"wp:term":[{"taxonomy":"category","embeddable":true,"href":"https:\/\/www.inforesidencias.com\/blog\/index.php\/wp-json\/wp\/v2\/categories?post=806"},{"taxonomy":"post_tag","embeddable":true,"href":"https:\/\/www.inforesidencias.com\/blog\/index.php\/wp-json\/wp\/v2\/tags?post=806"}],"curies":[{"name":"wp","href":"https:\/\/api.w.org\/{rel}","templated":true}]}}