{"id":811,"date":"2016-08-22T15:14:09","date_gmt":"2016-08-22T15:14:09","guid":{"rendered":"https:\/\/www.inforesidencias.com\/blog\/?p=811"},"modified":"2016-08-22T15:19:42","modified_gmt":"2016-08-22T15:19:42","slug":"los-testamentos-mal-hechos-rompen-familias","status":"publish","type":"post","link":"https:\/\/www.inforesidencias.com\/blog\/index.php\/2016\/08\/22\/los-testamentos-mal-hechos-rompen-familias\/","title":{"rendered":"Los testamentos mal hechos rompen familias"},"content":{"rendered":"<p>Hace unos cuantos a\u00f1os en Inforesidencias.com creamos\u00a0una p\u00e1gina con consejos a tener en cuenta <a href=\"https:\/\/www.inforesidencias.com\/contenidos\/mayores-y-familia\/nacional\/ante-la-muerte-de-un-familiar\">ante la muerte de un familiar<\/a>. \u00a0Sab\u00edamos que cuando fallece un ser querido, al dolor por la p\u00e9rdida se \u00a0suman los problemas pr\u00e1cticos\u00a0vinculados a los tr\u00e1mites administrativos que hay que llevar a cabo.<\/p>\n<p>Ahora damos un paso m\u00e1s y pensamos, no tanto en los tr\u00e1mites sino en las consecuencias \u00a0y para ello contamos con la a ayuda de un abogado,<strong> Alejandro Ebrat,<\/strong> especializado en derecho sucesorio y fiscal que colaborar\u00e1 como bloguista invitado.<\/p>\n<p>La idea es que, tanto quienes trabajan en residencias de mayores puedan aconsejar a los residentes que busquen el mejor asesoramiento para no dejar problemas como herencia como que todo el mundo haga un peque\u00f1o receso y se pregunte \u00bftengo todo bien preparado por si muriese ma\u00f1ana?<\/p>\n<h2>Los testamentos mal hechos rompen familias<\/h2>\n<p>Para empezar recomendamos la lectura de la entrevista que le realizaron en la Contra de la Vanguardia con el t\u00edtulo \u00ab<a href=\"http:\/\/www.lavanguardia.com\/lacontra\/20120315\/54268892594\/alejandro-ebrat-nada-rompe-mas-familias-que-las-herencias.html\">Nada rompe m\u00e1s familias que\u00a0las herencias<\/a>\u00bb o la audici\u00f3n de la entrevista que le hizo Luis del Olmo en su <a href=\"https:\/\/www.youtube.com\/watch?v=ymO5qOUf7ws\">programa Protagonistas<\/a>. Quien dedique un momento a conocer estos archivos ver\u00e1 la importancia que tienen los testamentos y la planificaci\u00f3n. \u00a0De esto vamos a pedir que escriba Alejando Ebrat, un profesional que ha ayudado a muchas personas a evitar problemas planificando su sucesi\u00f3n.<\/p>\n<p>Su pr\u00f3xima colaboraci\u00f3n tratar\u00e1 sobre el<strong> Pack sucesorio<\/strong>.<\/p>\n<p>Ebrat lleva escritos <a href=\"http:\/\/www.todostuslibros.com\/autor\/alejandro-ebrat-picart\">nueve libros<\/a> sobre sucesiones e impuestos, es adem\u00e1s:<\/p>\n<p><a title=\"Alejandro Ebrat\" href=\"http:\/\/www.ebratabogados.com\/alejandro-ebrat\/\" target=\"_blank\" rel=\"\"><img decoding=\"async\" class=\" alignleft\" src=\"https:\/\/www.inforesidencias.com\/resources\/public\/biblioteca\/imagenes\/contenidos\/noticias\/alejandro-ebrat.jpg\" alt=\"Alejandro Ebrat\" border=\"0\" \/><\/a><\/p>\n<p>Presidente de la Secci\u00f3n de Derecho Financiero y Tributario del Iltre. Colegio de Abogados de Barcelona.<br \/>\nAutor de varios libros sobre sucesiones e impuestos.<br \/>\nVicepresidente de la \u00abAsociaci\u00f3n de\u00a0 Expertos en Derecho Sucesorio Catal\u00e1n\u201d<br \/>\nProfesor en varios cursos y colaborador de peri\u00f3dicos, programas de radio y televisi\u00f3n.<br \/>\nContactar con Alejandro Ebrat Abogados. \u00a0Tel\u00e9fono: 93.439.79.50. \u00a0<a title=\"Contacto Alejandro Ebrat\" href=\"mailto:alejandro@ebratabogados.com\">Mail<\/a><\/p>\n<p>Palabras clave: Testamentos, sucesiones, herencias<\/p>\n","protected":false},"excerpt":{"rendered":"<p>Hace unos cuantos a\u00f1os en Inforesidencias.com creamos\u00a0una p\u00e1gina con consejos a tener en cuenta ante la muerte de un familiar. \u00a0Sab\u00edamos que cuando fallece un ser querido, al dolor por la p\u00e9rdida se \u00a0suman los problemas pr\u00e1cticos\u00a0vinculados a los tr\u00e1mites administrativos que hay que llevar a cabo. Ahora damos un paso m\u00e1s y pensamos, no tanto en los tr\u00e1mites sino en las consecuencias \u00a0y para ello contamos con la a ayuda de un abogado, Alejandro Ebrat, especializado en derecho sucesorio y fiscal que colaborar\u00e1 como bloguista invitado. La idea es que, tanto quienes trabajan en residencias de mayores puedan aconsejar a los residentes que busquen el mejor asesoramiento para no dejar problemas como herencia como que todo el mundo haga un peque\u00f1o receso y se pregunte \u00bftengo todo bien preparado por si muriese ma\u00f1ana? Los testamentos mal hechos rompen familias Para empezar recomendamos la lectura de la entrevista que le [&hellip;]<\/p>\n","protected":false},"author":2,"featured_media":816,"comment_status":"open","ping_status":"open","sticky":false,"template":"","format":"standard","meta":{"footnotes":""},"categories":[1],"tags":[],"yoast_head":"<!-- This site is optimized with the Yoast SEO plugin v21.7 - https:\/\/yoast.com\/wordpress\/plugins\/seo\/ -->\n<title>Los testamentos mal hechos rompen familias - Blog Inforesidencias.com<\/title>\n<meta name=\"description\" content=\"Hacer testamento es la clave para evitar problemas sucesorios. La opini\u00f3n de Alejandro Ebrat\" \/>\n<meta name=\"robots\" content=\"index, follow, max-snippet:-1, max-image-preview:large, max-video-preview:-1\" \/>\n<link rel=\"canonical\" href=\"https:\/\/www.inforesidencias.com\/blog\/index.php\/2016\/08\/22\/los-testamentos-mal-hechos-rompen-familias\/\" \/>\n<meta property=\"og:locale\" content=\"es_ES\" \/>\n<meta property=\"og:type\" content=\"article\" \/>\n<meta property=\"og:title\" content=\"Los testamentos mal hechos rompen familias - Blog Inforesidencias.com\" \/>\n<meta property=\"og:description\" content=\"Hacer testamento es la clave para evitar problemas sucesorios. La opini\u00f3n de Alejandro Ebrat\" \/>\n<meta property=\"og:url\" content=\"https:\/\/www.inforesidencias.com\/blog\/index.php\/2016\/08\/22\/los-testamentos-mal-hechos-rompen-familias\/\" \/>\n<meta property=\"og:site_name\" content=\"Blog Inforesidencias.com\" \/>\n<meta property=\"article:publisher\" content=\"https:\/\/www.facebook.com\/Inforesidencias\/\" \/>\n<meta property=\"article:author\" content=\"https:\/\/www.facebook.com\/josep.demarti\" \/>\n<meta property=\"article:published_time\" content=\"2016-08-22T15:14:09+00:00\" \/>\n<meta property=\"article:modified_time\" content=\"2016-08-22T15:19:42+00:00\" \/>\n<meta property=\"og:image\" content=\"https:\/\/www.inforesidencias.com\/blog\/wp-content\/uploads\/2016\/08\/Captura-de-pantalla-2016-08-22-a-las-17.16.45.png\" \/>\n\t<meta property=\"og:image:width\" content=\"259\" \/>\n\t<meta property=\"og:image:height\" content=\"229\" \/>\n\t<meta property=\"og:image:type\" content=\"image\/png\" \/>\n<meta name=\"author\" content=\"Josep de Mart\u00ed\" \/>\n<meta name=\"twitter:card\" content=\"summary_large_image\" \/>\n<meta name=\"twitter:creator\" content=\"@blog-ir\" \/>\n<meta name=\"twitter:site\" content=\"@inforesidencias\" \/>\n<meta name=\"twitter:label1\" content=\"Escrito por\" \/>\n\t<meta name=\"twitter:data1\" content=\"Josep de Mart\u00ed\" \/>\n\t<meta name=\"twitter:label2\" content=\"Tiempo de lectura\" \/>\n\t<meta name=\"twitter:data2\" content=\"2 minutos\" \/>\n<script type=\"application\/ld+json\" class=\"yoast-schema-graph\">{\"@context\":\"https:\/\/schema.org\",\"@graph\":[{\"@type\":\"WebPage\",\"@id\":\"https:\/\/www.inforesidencias.com\/blog\/index.php\/2016\/08\/22\/los-testamentos-mal-hechos-rompen-familias\/\",\"url\":\"https:\/\/www.inforesidencias.com\/blog\/index.php\/2016\/08\/22\/los-testamentos-mal-hechos-rompen-familias\/\",\"name\":\"Los testamentos mal hechos rompen familias - Blog Inforesidencias.com\",\"isPartOf\":{\"@id\":\"https:\/\/www.inforesidencias.com\/blog\/#website\"},\"datePublished\":\"2016-08-22T15:14:09+00:00\",\"dateModified\":\"2016-08-22T15:19:42+00:00\",\"author\":{\"@id\":\"https:\/\/www.inforesidencias.com\/blog\/#\/schema\/person\/9e146774d1eb3bc1c0316242a3898628\"},\"description\":\"Hacer testamento es la clave para evitar problemas sucesorios. La opini\u00f3n de Alejandro Ebrat\",\"breadcrumb\":{\"@id\":\"https:\/\/www.inforesidencias.com\/blog\/index.php\/2016\/08\/22\/los-testamentos-mal-hechos-rompen-familias\/#breadcrumb\"},\"inLanguage\":\"es\",\"potentialAction\":[{\"@type\":\"ReadAction\",\"target\":[\"https:\/\/www.inforesidencias.com\/blog\/index.php\/2016\/08\/22\/los-testamentos-mal-hechos-rompen-familias\/\"]}]},{\"@type\":\"BreadcrumbList\",\"@id\":\"https:\/\/www.inforesidencias.com\/blog\/index.php\/2016\/08\/22\/los-testamentos-mal-hechos-rompen-familias\/#breadcrumb\",\"itemListElement\":[{\"@type\":\"ListItem\",\"position\":1,\"name\":\"Home\",\"item\":\"https:\/\/www.inforesidencias.com\/blog\/\"},{\"@type\":\"ListItem\",\"position\":2,\"name\":\"Los testamentos mal hechos rompen familias\"}]},{\"@type\":\"WebSite\",\"@id\":\"https:\/\/www.inforesidencias.com\/blog\/#website\",\"url\":\"https:\/\/www.inforesidencias.com\/blog\/\",\"name\":\"Blog Inforesidencias.com\",\"description\":\"El buscador de residencias de la 3\u00aa edad\",\"potentialAction\":[{\"@type\":\"SearchAction\",\"target\":{\"@type\":\"EntryPoint\",\"urlTemplate\":\"https:\/\/www.inforesidencias.com\/blog\/?s={search_term_string}\"},\"query-input\":\"required name=search_term_string\"}],\"inLanguage\":\"es\"},{\"@type\":\"Person\",\"@id\":\"https:\/\/www.inforesidencias.com\/blog\/#\/schema\/person\/9e146774d1eb3bc1c0316242a3898628\",\"name\":\"Josep de Mart\u00ed\",\"image\":{\"@type\":\"ImageObject\",\"inLanguage\":\"es\",\"@id\":\"https:\/\/www.inforesidencias.com\/blog\/#\/schema\/person\/image\/\",\"url\":\"https:\/\/secure.gravatar.com\/avatar\/de0302c4806c00c4cebff396a798c1ff?s=96&d=mm&r=g\",\"contentUrl\":\"https:\/\/secure.gravatar.com\/avatar\/de0302c4806c00c4cebff396a798c1ff?s=96&d=mm&r=g\",\"caption\":\"Josep de Mart\u00ed\"},\"sameAs\":[\"https:\/\/www.inforesidencias.com\",\"https:\/\/www.facebook.com\/josep.demarti\",\"https:\/\/twitter.com\/blog-ir\"],\"url\":\"https:\/\/www.inforesidencias.com\/blog\/index.php\/author\/josepdemarti\/\"}]}<\/script>\n<!-- \/ Yoast SEO plugin. -->","yoast_head_json":{"title":"Los testamentos mal hechos rompen familias - Blog Inforesidencias.com","description":"Hacer testamento es la clave para evitar problemas sucesorios. La opini\u00f3n de Alejandro Ebrat","robots":{"index":"index","follow":"follow","max-snippet":"max-snippet:-1","max-image-preview":"max-image-preview:large","max-video-preview":"max-video-preview:-1"},"canonical":"https:\/\/www.inforesidencias.com\/blog\/index.php\/2016\/08\/22\/los-testamentos-mal-hechos-rompen-familias\/","og_locale":"es_ES","og_type":"article","og_title":"Los testamentos mal hechos rompen familias - Blog Inforesidencias.com","og_description":"Hacer testamento es la clave para evitar problemas sucesorios. La opini\u00f3n de Alejandro Ebrat","og_url":"https:\/\/www.inforesidencias.com\/blog\/index.php\/2016\/08\/22\/los-testamentos-mal-hechos-rompen-familias\/","og_site_name":"Blog Inforesidencias.com","article_publisher":"https:\/\/www.facebook.com\/Inforesidencias\/","article_author":"https:\/\/www.facebook.com\/josep.demarti","article_published_time":"2016-08-22T15:14:09+00:00","article_modified_time":"2016-08-22T15:19:42+00:00","og_image":[{"width":259,"height":229,"url":"https:\/\/www.inforesidencias.com\/blog\/wp-content\/uploads\/2016\/08\/Captura-de-pantalla-2016-08-22-a-las-17.16.45.png","type":"image\/png"}],"author":"Josep de Mart\u00ed","twitter_card":"summary_large_image","twitter_creator":"@blog-ir","twitter_site":"@inforesidencias","twitter_misc":{"Escrito por":"Josep de Mart\u00ed","Tiempo de lectura":"2 minutos"},"schema":{"@context":"https:\/\/schema.org","@graph":[{"@type":"WebPage","@id":"https:\/\/www.inforesidencias.com\/blog\/index.php\/2016\/08\/22\/los-testamentos-mal-hechos-rompen-familias\/","url":"https:\/\/www.inforesidencias.com\/blog\/index.php\/2016\/08\/22\/los-testamentos-mal-hechos-rompen-familias\/","name":"Los testamentos mal hechos rompen familias - Blog Inforesidencias.com","isPartOf":{"@id":"https:\/\/www.inforesidencias.com\/blog\/#website"},"datePublished":"2016-08-22T15:14:09+00:00","dateModified":"2016-08-22T15:19:42+00:00","author":{"@id":"https:\/\/www.inforesidencias.com\/blog\/#\/schema\/person\/9e146774d1eb3bc1c0316242a3898628"},"description":"Hacer testamento es la clave para evitar problemas sucesorios. La opini\u00f3n de Alejandro Ebrat","breadcrumb":{"@id":"https:\/\/www.inforesidencias.com\/blog\/index.php\/2016\/08\/22\/los-testamentos-mal-hechos-rompen-familias\/#breadcrumb"},"inLanguage":"es","potentialAction":[{"@type":"ReadAction","target":["https:\/\/www.inforesidencias.com\/blog\/index.php\/2016\/08\/22\/los-testamentos-mal-hechos-rompen-familias\/"]}]},{"@type":"BreadcrumbList","@id":"https:\/\/www.inforesidencias.com\/blog\/index.php\/2016\/08\/22\/los-testamentos-mal-hechos-rompen-familias\/#breadcrumb","itemListElement":[{"@type":"ListItem","position":1,"name":"Home","item":"https:\/\/www.inforesidencias.com\/blog\/"},{"@type":"ListItem","position":2,"name":"Los testamentos mal hechos rompen familias"}]},{"@type":"WebSite","@id":"https:\/\/www.inforesidencias.com\/blog\/#website","url":"https:\/\/www.inforesidencias.com\/blog\/","name":"Blog Inforesidencias.com","description":"El buscador de residencias de la 3\u00aa edad","potentialAction":[{"@type":"SearchAction","target":{"@type":"EntryPoint","urlTemplate":"https:\/\/www.inforesidencias.com\/blog\/?s={search_term_string}"},"query-input":"required name=search_term_string"}],"inLanguage":"es"},{"@type":"Person","@id":"https:\/\/www.inforesidencias.com\/blog\/#\/schema\/person\/9e146774d1eb3bc1c0316242a3898628","name":"Josep de Mart\u00ed","image":{"@type":"ImageObject","inLanguage":"es","@id":"https:\/\/www.inforesidencias.com\/blog\/#\/schema\/person\/image\/","url":"https:\/\/secure.gravatar.com\/avatar\/de0302c4806c00c4cebff396a798c1ff?s=96&d=mm&r=g","contentUrl":"https:\/\/secure.gravatar.com\/avatar\/de0302c4806c00c4cebff396a798c1ff?s=96&d=mm&r=g","caption":"Josep de Mart\u00ed"},"sameAs":["https:\/\/www.inforesidencias.com","https:\/\/www.facebook.com\/josep.demarti","https:\/\/twitter.com\/blog-ir"],"url":"https:\/\/www.inforesidencias.com\/blog\/index.php\/author\/josepdemarti\/"}]}},"_links":{"self":[{"href":"https:\/\/www.inforesidencias.com\/blog\/index.php\/wp-json\/wp\/v2\/posts\/811"}],"collection":[{"href":"https:\/\/www.inforesidencias.com\/blog\/index.php\/wp-json\/wp\/v2\/posts"}],"about":[{"href":"https:\/\/www.inforesidencias.com\/blog\/index.php\/wp-json\/wp\/v2\/types\/post"}],"author":[{"embeddable":true,"href":"https:\/\/www.inforesidencias.com\/blog\/index.php\/wp-json\/wp\/v2\/users\/2"}],"replies":[{"embeddable":true,"href":"https:\/\/www.inforesidencias.com\/blog\/index.php\/wp-json\/wp\/v2\/comments?post=811"}],"version-history":[{"count":5,"href":"https:\/\/www.inforesidencias.com\/blog\/index.php\/wp-json\/wp\/v2\/posts\/811\/revisions"}],"predecessor-version":[{"id":817,"href":"https:\/\/www.inforesidencias.com\/blog\/index.php\/wp-json\/wp\/v2\/posts\/811\/revisions\/817"}],"wp:featuredmedia":[{"embeddable":true,"href":"https:\/\/www.inforesidencias.com\/blog\/index.php\/wp-json\/wp\/v2\/media\/816"}],"wp:attachment":[{"href":"https:\/\/www.inforesidencias.com\/blog\/index.php\/wp-json\/wp\/v2\/media?parent=811"}],"wp:term":[{"taxonomy":"category","embeddable":true,"href":"https:\/\/www.inforesidencias.com\/blog\/index.php\/wp-json\/wp\/v2\/categories?post=811"},{"taxonomy":"post_tag","embeddable":true,"href":"https:\/\/www.inforesidencias.com\/blog\/index.php\/wp-json\/wp\/v2\/tags?post=811"}],"curies":[{"name":"wp","href":"https:\/\/api.w.org\/{rel}","templated":true}]}}