{"id":8204,"date":"2026-03-02T19:47:00","date_gmt":"2026-03-02T18:47:00","guid":{"rendered":"https:\/\/www.inforesidencias.com\/blog\/?p=8204"},"modified":"2026-02-04T17:48:16","modified_gmt":"2026-02-04T16:48:16","slug":"la-generacion-mas-longeva-llega-y-faltan-residencias-el-gran-desajuste-de-los-cuidados","status":"publish","type":"post","link":"https:\/\/www.inforesidencias.com\/blog\/index.php\/2026\/03\/02\/la-generacion-mas-longeva-llega-y-faltan-residencias-el-gran-desajuste-de-los-cuidados\/","title":{"rendered":"La generaci\u00f3n m\u00e1s longeva llega y faltan residencias, el gran desajuste de los cuidados"},"content":{"rendered":"\n<p>Las residencias de personas mayores han dejado de ser un recurso m\u00e1s dentro del sistema de dependencia para convertirse en el lugar donde se est\u00e1 poniendo a prueba todo el modelo de cuidados de larga duraci\u00f3n. La frase resume bien el momento actual, la generaci\u00f3n m\u00e1s longeva llega y faltan residencias, el gran desajuste de los cuidados ya no es una advertencia, es una realidad que se empieza a notar en el d\u00eda a d\u00eda de familias, profesionales y gestores.<\/p>\n\n\n\n<p>Mientras el discurso p\u00fablico insiste en el envejecimiento activo y la permanencia en el domicilio, la realidad asistencial es otra. Cada vez hay m\u00e1s personas con un nivel de fragilidad que solo puede sostenerse con cuidados intensivos, continuados y profesionales. Cuando aparecen deterioro cognitivo avanzado, pluripatolog\u00eda, riesgo de ca\u00eddas o necesidad de supervisi\u00f3n constante, el domicilio deja de ser un entorno seguro. En ese punto, la residencia no es una opci\u00f3n m\u00e1s, es el \u00fanico entorno capaz de garantizar cuidados 24 horas con apoyo profesional estable.<\/p>\n\n\n\n<p>El sistema, sin embargo, se est\u00e1 tensando. Aumentan las personas con derecho a prestaci\u00f3n, crecen los beneficiarios efectivos y sube el n\u00famero de prestaciones por persona, se\u00f1al de trayectorias asistenciales m\u00e1s largas y complejas. Pero el recurso que absorbe los casos de mayor gravedad, la atenci\u00f3n residencial, no est\u00e1 creciendo al ritmo que marca la necesidad real. Las residencias se han convertido en el punto donde confluyen m\u00e1s personas muy dependientes, m\u00e1s complejidad cl\u00ednica y un modelo de provisi\u00f3n sometido a una presi\u00f3n econ\u00f3mica y laboral cada vez mayor.<\/p>\n\n\n\n<h2 class=\"wp-block-heading\"><strong>M\u00e1s mayores muy dependientes, m\u00e1s residencias imprescindibles<\/strong><\/h2>\n\n\n\n<p>La demanda de atenci\u00f3n residencial financiada p\u00fablicamente mantiene una tendencia claramente ascendente. En 2024 se concedieron 284.629 prestaciones de atenci\u00f3n residencial, 9.417 m\u00e1s que el a\u00f1o anterior, dentro de un crecimiento medio anual cercano al 4 por ciento desde 2018. Detr\u00e1s de esta cifra hay un cambio profundo en el perfil de quienes necesitan cuidados, no un simple ajuste administrativo.<\/p>\n\n\n<div class=\"wp-block-image\">\n<figure class=\"alignright size-full is-resized\"><a href=\"https:\/\/www.inforesidencias.com\/blog\/wp-content\/uploads\/2026\/02\/La-generacio\u0301n-ma\u0301s-longeva-llega-y-faltan-residencias.png\"><img decoding=\"async\" loading=\"lazy\" width=\"942\" height=\"610\" src=\"https:\/\/www.inforesidencias.com\/blog\/wp-content\/uploads\/2026\/02\/La-generacio\u0301n-ma\u0301s-longeva-llega-y-faltan-residencias.png\" alt=\"\" class=\"wp-image-8206\" style=\"aspect-ratio:1.544262295081967;width:402px;height:auto\" srcset=\"https:\/\/www.inforesidencias.com\/blog\/wp-content\/uploads\/2026\/02\/La-generacio\u0301n-ma\u0301s-longeva-llega-y-faltan-residencias.png 942w, https:\/\/www.inforesidencias.com\/blog\/wp-content\/uploads\/2026\/02\/La-generacio\u0301n-ma\u0301s-longeva-llega-y-faltan-residencias-300x194.png 300w, https:\/\/www.inforesidencias.com\/blog\/wp-content\/uploads\/2026\/02\/La-generacio\u0301n-ma\u0301s-longeva-llega-y-faltan-residencias-768x497.png 768w\" sizes=\"(max-width: 942px) 100vw, 942px\" \/><\/a><\/figure><\/div>\n\n\n<p>El aumento del grupo de m\u00e1s de 80 a\u00f1os est\u00e1 disparando las situaciones de dependencia severa, deterioro cognitivo y pluripatolog\u00eda. En estos casos, la ayuda a domicilio o el apoyo familiar resultan insuficientes. La familia puede sostener cuidados en fases iniciales, pero cuando la carga f\u00edsica, emocional y sanitaria supera ciertos l\u00edmites, el domicilio se convierte en un entorno de riesgo tanto para la persona dependiente como para quien cuida. Ah\u00ed es donde la residencia se convierte en un recurso imprescindible.<\/p>\n\n\n\n<p>Adem\u00e1s, el propio funcionamiento del sistema refuerza esta presi\u00f3n. Hay m\u00e1s personas reconocidas con derecho, m\u00e1s beneficiarios de PIA y una mayor intensidad de apoyos por persona. Muchas trayectorias de atenci\u00f3n desembocan finalmente en un entorno residencial cuando el domicilio deja de ser viable. La residencia aparece as\u00ed como el destino final de una parte creciente de personas con gran dependencia, y esa presi\u00f3n no har\u00e1 m\u00e1s que aumentar en la pr\u00f3xima d\u00e9cada.<\/p>\n\n\n\n<h2 class=\"wp-block-heading\"><strong>Menos plazas y m\u00e1s cierres, el cuello de botella residencial<\/strong><\/h2>\n\n\n\n<p>Frente a esta necesidad creciente, la oferta residencial no est\u00e1 expandi\u00e9ndose, est\u00e1 mostrando se\u00f1ales de retroceso. En 2023 hab\u00eda 390.318 plazas residenciales en 5.420 centros, con un tama\u00f1o medio cercano a las 70 plazas y un peso muy relevante de la iniciativa privada y de las plazas concertadas. El sistema p\u00fablico depende, en gran medida, de que estos centros sean econ\u00f3micamente viables<\/p>\n\n\n\n<p>Por primera vez en la serie reciente, el n\u00famero total de plazas baj\u00f3, de 393.581 a 390.318, con una p\u00e9rdida neta de 3.263 camas ligada al cierre de 153 centros. Este descenso coincide con un aumento constante de la poblaci\u00f3n mayor, lo que empuja a la baja las ratios de cobertura, situadas en torno a 3,98 plazas por cada 100 personas mayores de 65 a\u00f1os, por debajo de muchos referentes europeos<\/p>\n\n\n\n<h2 class=\"wp-block-heading\">Algunas explicaciones<\/h2>\n\n\n\n<p>Detr\u00e1s de esta reducci\u00f3n hay costes crecientes, sobre todo en personal, mayor complejidad asistencial y dificultades para atraer y mantener profesionales. Cuando la financiaci\u00f3n p\u00fablica no acompasa esta realidad, algunos centros dejan de ser viables y las plazas desaparecen. El efecto es claro, la residencia empieza a funcionar como un aut\u00e9ntico cuello de botella. Se reconocen derechos, pero convertirlos en una plaza real resulta cada vez m\u00e1s dif\u00edcil en determinados territorios.<\/p>\n\n\n\n<p>La combinaci\u00f3n es inquietante. Una demanda residencial estructuralmente creciente y una oferta que se estanca o retrocede confirman que <strong>la generaci\u00f3n m\u00e1s longeva llega y faltan residencias, el gran desajuste de los cuidados<\/strong> no es un eslogan, es la descripci\u00f3n de un sistema que empieza a quedarse corto justo en el recurso m\u00e1s cr\u00edtico para las personas con mayor fragilidad. Si no se refuerza de forma decidida la red residencial, el desfase entre necesidad y capacidad seguir\u00e1 ampli\u00e1ndose, con consecuencias directas para mayores, familias y profesionales<\/p>\n\n\n\n<p>Te puede interesar:<\/p>\n\n\n\n<ul>\n<li><a href=\"https:\/\/www.inforesidencias.com\/blog\/?s=El+sector+de+las+residencias+geri%C3%A1tricas+en\">El sector e las residencias de mayores en<\/a>&#8230;. <\/li>\n<\/ul>\n\n\n\n<p>Fuente:<\/p>\n\n\n\n<ul>\n<li><a href=\"https:\/\/www.acra.cat\/estudio-socioecon%C3%B3mico-de-la-atenci%C3%B3n-para-personas-en-situaci%C3%B3n-de-dependencia-en-espa%C3%B1a-2025_1252083.pdf\">Estudio socioecon\u00f3mico de la atenci\u00f3n para personas en situaci\u00f3n de dependencia en Espa\u00f1a <\/a>elaborado por Antares Consulting con la colaboraci\u00f3n de Acra <\/li>\n<\/ul>\n","protected":false},"excerpt":{"rendered":"<p>Las residencias de personas mayores han dejado de ser un recurso m\u00e1s dentro del sistema de dependencia para convertirse en el lugar donde se est\u00e1 poniendo a prueba todo el modelo de cuidados de larga duraci\u00f3n. La frase resume bien el momento actual, la generaci\u00f3n m\u00e1s longeva llega y faltan residencias, el gran desajuste de los cuidados ya no es una advertencia, es una realidad que se empieza a notar en el d\u00eda a d\u00eda de familias, profesionales y gestores. Mientras el discurso p\u00fablico insiste en el envejecimiento activo y la permanencia en el domicilio, la realidad asistencial es otra. Cada vez hay m\u00e1s personas con un nivel de fragilidad que solo puede sostenerse con cuidados intensivos, continuados y profesionales. Cuando aparecen deterioro cognitivo avanzado, pluripatolog\u00eda, riesgo de ca\u00eddas o necesidad de supervisi\u00f3n constante, el domicilio deja de ser un entorno seguro. En ese punto, la residencia no es una [&hellip;]<\/p>\n","protected":false},"author":6,"featured_media":8206,"comment_status":"open","ping_status":"open","sticky":false,"template":"","format":"standard","meta":{"footnotes":""},"categories":[1],"tags":[],"yoast_head":"<!-- This site is optimized with the Yoast SEO plugin v21.7 - https:\/\/yoast.com\/wordpress\/plugins\/seo\/ -->\n<title>La generaci\u00f3n m\u00e1s longeva llega y faltan residencias, el gran desajuste de los cuidados - Blog Inforesidencias.com<\/title>\n<meta name=\"description\" content=\"La generaci\u00f3n m\u00e1s longeva llega y faltan residencias. Se viene hablando de ello desde hace tiempo pero no se consigue darle la vuelta\" \/>\n<meta name=\"robots\" content=\"index, follow, max-snippet:-1, max-image-preview:large, max-video-preview:-1\" \/>\n<link rel=\"canonical\" href=\"https:\/\/www.inforesidencias.com\/blog\/index.php\/2026\/03\/02\/la-generacion-mas-longeva-llega-y-faltan-residencias-el-gran-desajuste-de-los-cuidados\/\" \/>\n<meta property=\"og:locale\" content=\"es_ES\" \/>\n<meta property=\"og:type\" content=\"article\" \/>\n<meta property=\"og:title\" content=\"La generaci\u00f3n m\u00e1s longeva llega y faltan residencias, el gran desajuste de los cuidados - Blog Inforesidencias.com\" \/>\n<meta property=\"og:description\" content=\"La generaci\u00f3n m\u00e1s longeva llega y faltan residencias. Se viene hablando de ello desde hace tiempo pero no se consigue darle la vuelta\" \/>\n<meta property=\"og:url\" content=\"https:\/\/www.inforesidencias.com\/blog\/index.php\/2026\/03\/02\/la-generacion-mas-longeva-llega-y-faltan-residencias-el-gran-desajuste-de-los-cuidados\/\" \/>\n<meta property=\"og:site_name\" content=\"Blog Inforesidencias.com\" \/>\n<meta property=\"article:publisher\" content=\"https:\/\/www.facebook.com\/Inforesidencias\/\" \/>\n<meta property=\"article:published_time\" content=\"2026-03-02T18:47:00+00:00\" \/>\n<meta property=\"article:modified_time\" content=\"2026-02-04T16:48:16+00:00\" \/>\n<meta property=\"og:image\" content=\"https:\/\/www.inforesidencias.com\/blog\/wp-content\/uploads\/2026\/02\/La-generacio\u0301n-ma\u0301s-longeva-llega-y-faltan-residencias.png\" \/>\n\t<meta property=\"og:image:width\" content=\"942\" \/>\n\t<meta property=\"og:image:height\" content=\"610\" \/>\n\t<meta property=\"og:image:type\" content=\"image\/png\" \/>\n<meta name=\"author\" content=\"Carles Reixach\" \/>\n<meta name=\"twitter:card\" content=\"summary_large_image\" \/>\n<meta name=\"twitter:creator\" content=\"@blog-ir\" \/>\n<meta name=\"twitter:site\" content=\"@inforesidencias\" \/>\n<meta name=\"twitter:label1\" content=\"Escrito por\" \/>\n\t<meta name=\"twitter:data1\" content=\"Carles Reixach\" \/>\n\t<meta name=\"twitter:label2\" content=\"Tiempo de lectura\" \/>\n\t<meta name=\"twitter:data2\" content=\"5 minutos\" \/>\n<script type=\"application\/ld+json\" class=\"yoast-schema-graph\">{\"@context\":\"https:\/\/schema.org\",\"@graph\":[{\"@type\":\"WebPage\",\"@id\":\"https:\/\/www.inforesidencias.com\/blog\/index.php\/2026\/03\/02\/la-generacion-mas-longeva-llega-y-faltan-residencias-el-gran-desajuste-de-los-cuidados\/\",\"url\":\"https:\/\/www.inforesidencias.com\/blog\/index.php\/2026\/03\/02\/la-generacion-mas-longeva-llega-y-faltan-residencias-el-gran-desajuste-de-los-cuidados\/\",\"name\":\"La generaci\u00f3n m\u00e1s longeva llega y faltan residencias, el gran desajuste de los cuidados - Blog Inforesidencias.com\",\"isPartOf\":{\"@id\":\"https:\/\/www.inforesidencias.com\/blog\/#website\"},\"datePublished\":\"2026-03-02T18:47:00+00:00\",\"dateModified\":\"2026-02-04T16:48:16+00:00\",\"author\":{\"@id\":\"https:\/\/www.inforesidencias.com\/blog\/#\/schema\/person\/90ec02c0eaf05c8c2260bd3cb30ff126\"},\"description\":\"La generaci\u00f3n m\u00e1s longeva llega y faltan residencias. Se viene hablando de ello desde hace tiempo pero no se consigue darle la vuelta\",\"breadcrumb\":{\"@id\":\"https:\/\/www.inforesidencias.com\/blog\/index.php\/2026\/03\/02\/la-generacion-mas-longeva-llega-y-faltan-residencias-el-gran-desajuste-de-los-cuidados\/#breadcrumb\"},\"inLanguage\":\"es\",\"potentialAction\":[{\"@type\":\"ReadAction\",\"target\":[\"https:\/\/www.inforesidencias.com\/blog\/index.php\/2026\/03\/02\/la-generacion-mas-longeva-llega-y-faltan-residencias-el-gran-desajuste-de-los-cuidados\/\"]}]},{\"@type\":\"BreadcrumbList\",\"@id\":\"https:\/\/www.inforesidencias.com\/blog\/index.php\/2026\/03\/02\/la-generacion-mas-longeva-llega-y-faltan-residencias-el-gran-desajuste-de-los-cuidados\/#breadcrumb\",\"itemListElement\":[{\"@type\":\"ListItem\",\"position\":1,\"name\":\"Home\",\"item\":\"https:\/\/www.inforesidencias.com\/blog\/\"},{\"@type\":\"ListItem\",\"position\":2,\"name\":\"La generaci\u00f3n m\u00e1s longeva llega y faltan residencias, el gran desajuste de los cuidados\"}]},{\"@type\":\"WebSite\",\"@id\":\"https:\/\/www.inforesidencias.com\/blog\/#website\",\"url\":\"https:\/\/www.inforesidencias.com\/blog\/\",\"name\":\"Blog Inforesidencias.com\",\"description\":\"El buscador de residencias de la 3\u00aa edad\",\"potentialAction\":[{\"@type\":\"SearchAction\",\"target\":{\"@type\":\"EntryPoint\",\"urlTemplate\":\"https:\/\/www.inforesidencias.com\/blog\/?s={search_term_string}\"},\"query-input\":\"required name=search_term_string\"}],\"inLanguage\":\"es\"},{\"@type\":\"Person\",\"@id\":\"https:\/\/www.inforesidencias.com\/blog\/#\/schema\/person\/90ec02c0eaf05c8c2260bd3cb30ff126\",\"name\":\"Carles Reixach\",\"image\":{\"@type\":\"ImageObject\",\"inLanguage\":\"es\",\"@id\":\"https:\/\/www.inforesidencias.com\/blog\/#\/schema\/person\/image\/\",\"url\":\"https:\/\/secure.gravatar.com\/avatar\/fb527b07d09398462de613ba8a48e61f?s=96&d=mm&r=g\",\"contentUrl\":\"https:\/\/secure.gravatar.com\/avatar\/fb527b07d09398462de613ba8a48e61f?s=96&d=mm&r=g\",\"caption\":\"Carles Reixach\"},\"sameAs\":[\"https:\/\/twitter.com\/blog-ir\"],\"url\":\"https:\/\/www.inforesidencias.com\/blog\/index.php\/author\/carles\/\"}]}<\/script>\n<!-- \/ Yoast SEO plugin. -->","yoast_head_json":{"title":"La generaci\u00f3n m\u00e1s longeva llega y faltan residencias, el gran desajuste de los cuidados - Blog Inforesidencias.com","description":"La generaci\u00f3n m\u00e1s longeva llega y faltan residencias. Se viene hablando de ello desde hace tiempo pero no se consigue darle la vuelta","robots":{"index":"index","follow":"follow","max-snippet":"max-snippet:-1","max-image-preview":"max-image-preview:large","max-video-preview":"max-video-preview:-1"},"canonical":"https:\/\/www.inforesidencias.com\/blog\/index.php\/2026\/03\/02\/la-generacion-mas-longeva-llega-y-faltan-residencias-el-gran-desajuste-de-los-cuidados\/","og_locale":"es_ES","og_type":"article","og_title":"La generaci\u00f3n m\u00e1s longeva llega y faltan residencias, el gran desajuste de los cuidados - Blog Inforesidencias.com","og_description":"La generaci\u00f3n m\u00e1s longeva llega y faltan residencias. Se viene hablando de ello desde hace tiempo pero no se consigue darle la vuelta","og_url":"https:\/\/www.inforesidencias.com\/blog\/index.php\/2026\/03\/02\/la-generacion-mas-longeva-llega-y-faltan-residencias-el-gran-desajuste-de-los-cuidados\/","og_site_name":"Blog Inforesidencias.com","article_publisher":"https:\/\/www.facebook.com\/Inforesidencias\/","article_published_time":"2026-03-02T18:47:00+00:00","article_modified_time":"2026-02-04T16:48:16+00:00","og_image":[{"width":942,"height":610,"url":"https:\/\/www.inforesidencias.com\/blog\/wp-content\/uploads\/2026\/02\/La-generacio\u0301n-ma\u0301s-longeva-llega-y-faltan-residencias.png","type":"image\/png"}],"author":"Carles Reixach","twitter_card":"summary_large_image","twitter_creator":"@blog-ir","twitter_site":"@inforesidencias","twitter_misc":{"Escrito por":"Carles Reixach","Tiempo de lectura":"5 minutos"},"schema":{"@context":"https:\/\/schema.org","@graph":[{"@type":"WebPage","@id":"https:\/\/www.inforesidencias.com\/blog\/index.php\/2026\/03\/02\/la-generacion-mas-longeva-llega-y-faltan-residencias-el-gran-desajuste-de-los-cuidados\/","url":"https:\/\/www.inforesidencias.com\/blog\/index.php\/2026\/03\/02\/la-generacion-mas-longeva-llega-y-faltan-residencias-el-gran-desajuste-de-los-cuidados\/","name":"La generaci\u00f3n m\u00e1s longeva llega y faltan residencias, el gran desajuste de los cuidados - Blog Inforesidencias.com","isPartOf":{"@id":"https:\/\/www.inforesidencias.com\/blog\/#website"},"datePublished":"2026-03-02T18:47:00+00:00","dateModified":"2026-02-04T16:48:16+00:00","author":{"@id":"https:\/\/www.inforesidencias.com\/blog\/#\/schema\/person\/90ec02c0eaf05c8c2260bd3cb30ff126"},"description":"La generaci\u00f3n m\u00e1s longeva llega y faltan residencias. Se viene hablando de ello desde hace tiempo pero no se consigue darle la vuelta","breadcrumb":{"@id":"https:\/\/www.inforesidencias.com\/blog\/index.php\/2026\/03\/02\/la-generacion-mas-longeva-llega-y-faltan-residencias-el-gran-desajuste-de-los-cuidados\/#breadcrumb"},"inLanguage":"es","potentialAction":[{"@type":"ReadAction","target":["https:\/\/www.inforesidencias.com\/blog\/index.php\/2026\/03\/02\/la-generacion-mas-longeva-llega-y-faltan-residencias-el-gran-desajuste-de-los-cuidados\/"]}]},{"@type":"BreadcrumbList","@id":"https:\/\/www.inforesidencias.com\/blog\/index.php\/2026\/03\/02\/la-generacion-mas-longeva-llega-y-faltan-residencias-el-gran-desajuste-de-los-cuidados\/#breadcrumb","itemListElement":[{"@type":"ListItem","position":1,"name":"Home","item":"https:\/\/www.inforesidencias.com\/blog\/"},{"@type":"ListItem","position":2,"name":"La generaci\u00f3n m\u00e1s longeva llega y faltan residencias, el gran desajuste de los cuidados"}]},{"@type":"WebSite","@id":"https:\/\/www.inforesidencias.com\/blog\/#website","url":"https:\/\/www.inforesidencias.com\/blog\/","name":"Blog Inforesidencias.com","description":"El buscador de residencias de la 3\u00aa edad","potentialAction":[{"@type":"SearchAction","target":{"@type":"EntryPoint","urlTemplate":"https:\/\/www.inforesidencias.com\/blog\/?s={search_term_string}"},"query-input":"required name=search_term_string"}],"inLanguage":"es"},{"@type":"Person","@id":"https:\/\/www.inforesidencias.com\/blog\/#\/schema\/person\/90ec02c0eaf05c8c2260bd3cb30ff126","name":"Carles Reixach","image":{"@type":"ImageObject","inLanguage":"es","@id":"https:\/\/www.inforesidencias.com\/blog\/#\/schema\/person\/image\/","url":"https:\/\/secure.gravatar.com\/avatar\/fb527b07d09398462de613ba8a48e61f?s=96&d=mm&r=g","contentUrl":"https:\/\/secure.gravatar.com\/avatar\/fb527b07d09398462de613ba8a48e61f?s=96&d=mm&r=g","caption":"Carles Reixach"},"sameAs":["https:\/\/twitter.com\/blog-ir"],"url":"https:\/\/www.inforesidencias.com\/blog\/index.php\/author\/carles\/"}]}},"_links":{"self":[{"href":"https:\/\/www.inforesidencias.com\/blog\/index.php\/wp-json\/wp\/v2\/posts\/8204"}],"collection":[{"href":"https:\/\/www.inforesidencias.com\/blog\/index.php\/wp-json\/wp\/v2\/posts"}],"about":[{"href":"https:\/\/www.inforesidencias.com\/blog\/index.php\/wp-json\/wp\/v2\/types\/post"}],"author":[{"embeddable":true,"href":"https:\/\/www.inforesidencias.com\/blog\/index.php\/wp-json\/wp\/v2\/users\/6"}],"replies":[{"embeddable":true,"href":"https:\/\/www.inforesidencias.com\/blog\/index.php\/wp-json\/wp\/v2\/comments?post=8204"}],"version-history":[{"count":3,"href":"https:\/\/www.inforesidencias.com\/blog\/index.php\/wp-json\/wp\/v2\/posts\/8204\/revisions"}],"predecessor-version":[{"id":8208,"href":"https:\/\/www.inforesidencias.com\/blog\/index.php\/wp-json\/wp\/v2\/posts\/8204\/revisions\/8208"}],"wp:featuredmedia":[{"embeddable":true,"href":"https:\/\/www.inforesidencias.com\/blog\/index.php\/wp-json\/wp\/v2\/media\/8206"}],"wp:attachment":[{"href":"https:\/\/www.inforesidencias.com\/blog\/index.php\/wp-json\/wp\/v2\/media?parent=8204"}],"wp:term":[{"taxonomy":"category","embeddable":true,"href":"https:\/\/www.inforesidencias.com\/blog\/index.php\/wp-json\/wp\/v2\/categories?post=8204"},{"taxonomy":"post_tag","embeddable":true,"href":"https:\/\/www.inforesidencias.com\/blog\/index.php\/wp-json\/wp\/v2\/tags?post=8204"}],"curies":[{"name":"wp","href":"https:\/\/api.w.org\/{rel}","templated":true}]}}