{"id":8288,"date":"2026-04-29T06:25:00","date_gmt":"2026-04-29T05:25:00","guid":{"rendered":"https:\/\/www.inforesidencias.com\/blog\/?p=8288"},"modified":"2026-03-12T17:25:48","modified_gmt":"2026-03-12T16:25:48","slug":"el-sector-geriatrico-en-la-comunidad-valenciana-en-2026","status":"publish","type":"post","link":"https:\/\/www.inforesidencias.com\/blog\/index.php\/2026\/04\/29\/el-sector-geriatrico-en-la-comunidad-valenciana-en-2026\/","title":{"rendered":"El sector geri\u00e1trico en la Comunidad Valenciana en 2026"},"content":{"rendered":"\n<p>La Comunidad Valenciana contin\u00faa ampliando su red de atenci\u00f3n residencial para personas mayores en un contexto marcado por el envejecimiento progresivo de la poblaci\u00f3n. En los \u00faltimos a\u00f1os el sector ha mostrado una evoluci\u00f3n constante, con nuevas aperturas, la llegada de operadores que no estaban presentes en la regi\u00f3n y una cartera de proyectos que anticipa un crecimiento significativo en los pr\u00f3ximos ejercicios. En este escenario, el sector geri\u00e1trico en la Comunidad Valenciana en 2026 se presenta como un mercado din\u00e1mico en el que conviven grandes grupos nacionales, operadores locales consolidados e inversores internacionales interesados en este segmento asistencial.<\/p>\n\n\n\n<p>Actualmente la regi\u00f3n dispone de 351 centros geri\u00e1tricos, entre residencias y viviendas con servicios, que suman 30.703 plazas operativas. Esta cifra supone un incremento respecto al a\u00f1o anterior y confirma una tendencia de crecimiento moderado del sector. Aun as\u00ed, la ratio de cobertura contin\u00faa siendo relativamente reducida, situ\u00e1ndose en 2,77 camas por cada 100 personas mayores de 65 a\u00f1os y en 9,86 camas por cada 100 mayores de 80.<\/p>\n\n\n\n<p>La estructura del sistema valenciano tambi\u00e9n se caracteriza por una diversidad en la titularidad de las plazas, donde la iniciativa privada representa cerca de la mitad de la oferta, seguida de modelos de concesi\u00f3n administrativa, entidades del tercer sector y centros de titularidad p\u00fablica.<\/p>\n\n\n\n<h3 class=\"wp-block-heading\">Nuevos operadores y aperturas recientes<\/h3>\n\n\n\n<p>Durante el \u00faltimo periodo se produjeron varias inauguraciones que ampliaron la red asistencial de la comunidad. Cinco nuevos centros se incorporaron al sistema, aportando m\u00e1s de seiscientas plazas adicionales.<\/p>\n\n\n<div class=\"wp-block-image\">\n<figure class=\"alignright size-full is-resized\"><a href=\"https:\/\/www.inforesidencias.com\/blog\/wp-content\/uploads\/2026\/03\/El-sector-geria\u0301trico-en-la-Comunidad-Valenciana-en-2026.png\"><img decoding=\"async\" loading=\"lazy\" width=\"940\" height=\"628\" src=\"https:\/\/www.inforesidencias.com\/blog\/wp-content\/uploads\/2026\/03\/El-sector-geria\u0301trico-en-la-Comunidad-Valenciana-en-2026.png\" alt=\"\" class=\"wp-image-8289\" style=\"aspect-ratio:1.4968152866242037;width:399px;height:auto\" srcset=\"https:\/\/www.inforesidencias.com\/blog\/wp-content\/uploads\/2026\/03\/El-sector-geria\u0301trico-en-la-Comunidad-Valenciana-en-2026.png 940w, https:\/\/www.inforesidencias.com\/blog\/wp-content\/uploads\/2026\/03\/El-sector-geria\u0301trico-en-la-Comunidad-Valenciana-en-2026-300x200.png 300w, https:\/\/www.inforesidencias.com\/blog\/wp-content\/uploads\/2026\/03\/El-sector-geria\u0301trico-en-la-Comunidad-Valenciana-en-2026-768x513.png 768w\" sizes=\"(max-width: 940px) 100vw, 940px\" \/><\/a><\/figure><\/div>\n\n\n<p>Uno de los protagonistas de esta expansi\u00f3n fue el grupo valenciano Novaedat, que inici\u00f3 la actividad de tres residencias de nueva construcci\u00f3n en Cullera, Mutxamel y Vall d\u2019Uix\u00f3. Estos centros, promovidos por inversores internacionales, permitieron a la compa\u00f1\u00eda ampliar notablemente su presencia en la regi\u00f3n y consolidarse entre los principales operadores valencianos.<\/p>\n\n\n\n<p>Tambi\u00e9n el grupo DomusVi reforz\u00f3 su implantaci\u00f3n en la provincia de Alicante con la puesta en marcha de una residencia en Mutxamel, mientras que Albertia Servicios Sociosanitarios debut\u00f3 en la comunidad con la apertura de un centro en Canet de Berenguer.<\/p>\n\n\n\n<p>Estas incorporaciones reflejan el dinamismo del mercado regional y muestran c\u00f3mo el sector geri\u00e1trico en la Comunidad Valenciana en 2026 contin\u00faa atrayendo tanto a operadores consolidados como a nuevas compa\u00f1\u00edas interesadas en desarrollar proyectos en la regi\u00f3n.<\/p>\n\n\n\n<h3 class=\"wp-block-heading\">Cambios en la gesti\u00f3n de centros y adjudicaciones<\/h3>\n\n\n\n<p>Adem\u00e1s de las nuevas residencias, el sector tambi\u00e9n ha registrado cambios en la gesti\u00f3n de algunos centros existentes. Entre ellos destaca la llegada del grupo Mimara a la Comunidad Valenciana, tras asumir la gesti\u00f3n de la residencia San Sebasti\u00e1n en Vinar\u00f2s.<\/p>\n\n\n\n<p>Por su parte, la Generalitat Valenciana adjudic\u00f3 la gesti\u00f3n de cuatro residencias p\u00fablicas a la divisi\u00f3n social del grupo Serveo. Estos centros se encuentran en Benet\u00fasser, Paterna, Orihuela y Benej\u00fazar y forman parte de la red p\u00fablica de atenci\u00f3n a personas mayores.<\/p>\n\n\n\n<p>Este tipo de adjudicaciones pone de manifiesto el papel que siguen desempe\u00f1ando las administraciones p\u00fablicas en la organizaci\u00f3n del sistema residencial valenciano.<\/p>\n\n\n\n<h3 class=\"wp-block-heading\">Proyectos en desarrollo y crecimiento previsto<\/h3>\n\n\n\n<p>El crecimiento del sector no se limita a las aperturas recientes. Actualmente existen m\u00e1s de cuarenta residencias en distintas fases de desarrollo que sumar\u00e1n m\u00e1s de 4.300 plazas en los pr\u00f3ximos a\u00f1os.<\/p>\n\n\n\n<p>Entre los operadores con planes de expansi\u00f3n destaca la gestora valenciana Savia, que mantiene varios proyectos destinados a ampliar su red en distintas ciudades. Asimismo, la empresa Gero Residenciales Solimar prepara nuevas residencias en Alicante, Castell\u00f3n y Elche.<\/p>\n\n\n\n<p>Tambi\u00e9n se encuentran en marcha desarrollos impulsados por inversores especializados que posteriormente ser\u00e1n gestionados por operadores del sector, como el proyecto previsto en Alicante que ser\u00e1 gestionado por Emera. Este volumen de iniciativas confirma que el sector geri\u00e1trico en la Comunidad Valenciana en 2026 mantiene una perspectiva de crecimiento sostenido en los pr\u00f3ximos a\u00f1os.<\/p>\n\n\n\n<h3 class=\"wp-block-heading\">Nuevas iniciativas p\u00fablicas y futuras infraestructuras<\/h3>\n\n\n\n<p>Las administraciones auton\u00f3micas y locales tambi\u00e9n contin\u00faan impulsando nuevos proyectos destinados a ampliar la red p\u00fablica de atenci\u00f3n a mayores. Entre ellos figuran residencias en municipios como Alfafar, X\u00e0tiva, Ibi o Castell\u00f3n, as\u00ed como distintos centros previstos en la ciudad de Valencia.<\/p>\n\n\n\n<p>La Generalitat ha anunciado adem\u00e1s la creaci\u00f3n de varias nuevas residencias p\u00fablicas en diferentes localidades de la comunidad, junto con la puesta en marcha de nuevos centros de d\u00eda para personas mayores.<\/p>\n\n\n\n<p>Estas iniciativas reflejan el esfuerzo institucional por mejorar la cobertura asistencial y adaptarla a las necesidades de una poblaci\u00f3n cada vez m\u00e1s envejecida. En conjunto, todo apunta a que el sector geri\u00e1trico en la Comunidad Valenciana en 2026 continuar\u00e1 evolucionando durante los pr\u00f3ximos a\u00f1os con nuevas inversiones, proyectos y modelos de atenci\u00f3n.<\/p>\n\n\n\n<p>Los datos y referencias sectoriales utilizados para este an\u00e1lisis proceden de informaci\u00f3n publicada por Alimarket.<\/p>\n\n\n\n<p><a href=\"https:\/\/www.inforesidencias.com\/blog\/index.php\/2020\/09\/15\/sector-geriatrico-de-la-comunidad-valencianavalencia\/\">Datos de otros a\u00f1os como el 2020<\/a><\/p>\n\n\n\n<p><a href=\"https:\/\/dependencia.info\/noticia\/8176\/actualidad\/firmado-el-xi-convenio-colectivo-de-dependencia-en-la-comunidad-valenciana-con-mejoras-salariales-y-de-jornada.html\">Nuevo convenio colectivo de la dependencia de la Comunidad Valenciana<\/a><\/p>\n","protected":false},"excerpt":{"rendered":"<p>La Comunidad Valenciana contin\u00faa ampliando su red de atenci\u00f3n residencial para personas mayores en un contexto marcado por el envejecimiento progresivo de la poblaci\u00f3n. En los \u00faltimos a\u00f1os el sector ha mostrado una evoluci\u00f3n constante, con nuevas aperturas, la llegada de operadores que no estaban presentes en la regi\u00f3n y una cartera de proyectos que anticipa un crecimiento significativo en los pr\u00f3ximos ejercicios. En este escenario, el sector geri\u00e1trico en la Comunidad Valenciana en 2026 se presenta como un mercado din\u00e1mico en el que conviven grandes grupos nacionales, operadores locales consolidados e inversores internacionales interesados en este segmento asistencial. Actualmente la regi\u00f3n dispone de 351 centros geri\u00e1tricos, entre residencias y viviendas con servicios, que suman 30.703 plazas operativas. Esta cifra supone un incremento respecto al a\u00f1o anterior y confirma una tendencia de crecimiento moderado del sector. Aun as\u00ed, la ratio de cobertura contin\u00faa siendo relativamente reducida, situ\u00e1ndose en 2,77 camas [&hellip;]<\/p>\n","protected":false},"author":6,"featured_media":8289,"comment_status":"open","ping_status":"open","sticky":false,"template":"","format":"standard","meta":{"footnotes":""},"categories":[1],"tags":[],"yoast_head":"<!-- This site is optimized with the Yoast SEO plugin v21.7 - https:\/\/yoast.com\/wordpress\/plugins\/seo\/ -->\n<title>El sector geri\u00e1trico en la Comunidad Valenciana en 2026 - Blog Inforesidencias.com<\/title>\n<meta name=\"description\" content=\"El sector geri\u00e1trico en la Comunidad Valenciana en 2026 va estar implusada ala 50 por ciento por el sector privado y el p\u00fablico\" \/>\n<meta name=\"robots\" content=\"index, follow, max-snippet:-1, max-image-preview:large, max-video-preview:-1\" \/>\n<link rel=\"canonical\" href=\"https:\/\/www.inforesidencias.com\/blog\/index.php\/2026\/04\/29\/el-sector-geriatrico-en-la-comunidad-valenciana-en-2026\/\" \/>\n<meta property=\"og:locale\" content=\"es_ES\" \/>\n<meta property=\"og:type\" content=\"article\" \/>\n<meta property=\"og:title\" content=\"El sector geri\u00e1trico en la Comunidad Valenciana en 2026 - Blog Inforesidencias.com\" \/>\n<meta property=\"og:description\" content=\"El sector geri\u00e1trico en la Comunidad Valenciana en 2026 va estar implusada ala 50 por ciento por el sector privado y el p\u00fablico\" \/>\n<meta property=\"og:url\" content=\"https:\/\/www.inforesidencias.com\/blog\/index.php\/2026\/04\/29\/el-sector-geriatrico-en-la-comunidad-valenciana-en-2026\/\" \/>\n<meta property=\"og:site_name\" content=\"Blog Inforesidencias.com\" \/>\n<meta property=\"article:publisher\" content=\"https:\/\/www.facebook.com\/Inforesidencias\/\" \/>\n<meta property=\"article:published_time\" content=\"2026-04-29T05:25:00+00:00\" \/>\n<meta property=\"article:modified_time\" content=\"2026-03-12T16:25:48+00:00\" \/>\n<meta property=\"og:image\" content=\"https:\/\/www.inforesidencias.com\/blog\/wp-content\/uploads\/2026\/03\/El-sector-geria\u0301trico-en-la-Comunidad-Valenciana-en-2026.png\" \/>\n\t<meta property=\"og:image:width\" content=\"940\" \/>\n\t<meta property=\"og:image:height\" content=\"628\" \/>\n\t<meta property=\"og:image:type\" content=\"image\/png\" \/>\n<meta name=\"author\" content=\"Carles Reixach\" \/>\n<meta name=\"twitter:card\" content=\"summary_large_image\" \/>\n<meta name=\"twitter:creator\" content=\"@blog-ir\" \/>\n<meta name=\"twitter:site\" content=\"@inforesidencias\" \/>\n<meta name=\"twitter:label1\" content=\"Escrito por\" \/>\n\t<meta name=\"twitter:data1\" content=\"Carles Reixach\" \/>\n\t<meta name=\"twitter:label2\" content=\"Tiempo de lectura\" \/>\n\t<meta name=\"twitter:data2\" content=\"4 minutos\" \/>\n<script type=\"application\/ld+json\" class=\"yoast-schema-graph\">{\"@context\":\"https:\/\/schema.org\",\"@graph\":[{\"@type\":\"WebPage\",\"@id\":\"https:\/\/www.inforesidencias.com\/blog\/index.php\/2026\/04\/29\/el-sector-geriatrico-en-la-comunidad-valenciana-en-2026\/\",\"url\":\"https:\/\/www.inforesidencias.com\/blog\/index.php\/2026\/04\/29\/el-sector-geriatrico-en-la-comunidad-valenciana-en-2026\/\",\"name\":\"El sector geri\u00e1trico en la Comunidad Valenciana en 2026 - Blog Inforesidencias.com\",\"isPartOf\":{\"@id\":\"https:\/\/www.inforesidencias.com\/blog\/#website\"},\"datePublished\":\"2026-04-29T05:25:00+00:00\",\"dateModified\":\"2026-03-12T16:25:48+00:00\",\"author\":{\"@id\":\"https:\/\/www.inforesidencias.com\/blog\/#\/schema\/person\/90ec02c0eaf05c8c2260bd3cb30ff126\"},\"description\":\"El sector geri\u00e1trico en la Comunidad Valenciana en 2026 va estar implusada ala 50 por ciento por el sector privado y el p\u00fablico\",\"breadcrumb\":{\"@id\":\"https:\/\/www.inforesidencias.com\/blog\/index.php\/2026\/04\/29\/el-sector-geriatrico-en-la-comunidad-valenciana-en-2026\/#breadcrumb\"},\"inLanguage\":\"es\",\"potentialAction\":[{\"@type\":\"ReadAction\",\"target\":[\"https:\/\/www.inforesidencias.com\/blog\/index.php\/2026\/04\/29\/el-sector-geriatrico-en-la-comunidad-valenciana-en-2026\/\"]}]},{\"@type\":\"BreadcrumbList\",\"@id\":\"https:\/\/www.inforesidencias.com\/blog\/index.php\/2026\/04\/29\/el-sector-geriatrico-en-la-comunidad-valenciana-en-2026\/#breadcrumb\",\"itemListElement\":[{\"@type\":\"ListItem\",\"position\":1,\"name\":\"Home\",\"item\":\"https:\/\/www.inforesidencias.com\/blog\/\"},{\"@type\":\"ListItem\",\"position\":2,\"name\":\"El sector geri\u00e1trico en la Comunidad Valenciana en 2026\"}]},{\"@type\":\"WebSite\",\"@id\":\"https:\/\/www.inforesidencias.com\/blog\/#website\",\"url\":\"https:\/\/www.inforesidencias.com\/blog\/\",\"name\":\"Blog Inforesidencias.com\",\"description\":\"El buscador de residencias de la 3\u00aa edad\",\"potentialAction\":[{\"@type\":\"SearchAction\",\"target\":{\"@type\":\"EntryPoint\",\"urlTemplate\":\"https:\/\/www.inforesidencias.com\/blog\/?s={search_term_string}\"},\"query-input\":\"required name=search_term_string\"}],\"inLanguage\":\"es\"},{\"@type\":\"Person\",\"@id\":\"https:\/\/www.inforesidencias.com\/blog\/#\/schema\/person\/90ec02c0eaf05c8c2260bd3cb30ff126\",\"name\":\"Carles Reixach\",\"image\":{\"@type\":\"ImageObject\",\"inLanguage\":\"es\",\"@id\":\"https:\/\/www.inforesidencias.com\/blog\/#\/schema\/person\/image\/\",\"url\":\"https:\/\/secure.gravatar.com\/avatar\/fb527b07d09398462de613ba8a48e61f?s=96&d=mm&r=g\",\"contentUrl\":\"https:\/\/secure.gravatar.com\/avatar\/fb527b07d09398462de613ba8a48e61f?s=96&d=mm&r=g\",\"caption\":\"Carles Reixach\"},\"sameAs\":[\"https:\/\/twitter.com\/blog-ir\"],\"url\":\"https:\/\/www.inforesidencias.com\/blog\/index.php\/author\/carles\/\"}]}<\/script>\n<!-- \/ Yoast SEO plugin. -->","yoast_head_json":{"title":"El sector geri\u00e1trico en la Comunidad Valenciana en 2026 - Blog Inforesidencias.com","description":"El sector geri\u00e1trico en la Comunidad Valenciana en 2026 va estar implusada ala 50 por ciento por el sector privado y el p\u00fablico","robots":{"index":"index","follow":"follow","max-snippet":"max-snippet:-1","max-image-preview":"max-image-preview:large","max-video-preview":"max-video-preview:-1"},"canonical":"https:\/\/www.inforesidencias.com\/blog\/index.php\/2026\/04\/29\/el-sector-geriatrico-en-la-comunidad-valenciana-en-2026\/","og_locale":"es_ES","og_type":"article","og_title":"El sector geri\u00e1trico en la Comunidad Valenciana en 2026 - Blog Inforesidencias.com","og_description":"El sector geri\u00e1trico en la Comunidad Valenciana en 2026 va estar implusada ala 50 por ciento por el sector privado y el p\u00fablico","og_url":"https:\/\/www.inforesidencias.com\/blog\/index.php\/2026\/04\/29\/el-sector-geriatrico-en-la-comunidad-valenciana-en-2026\/","og_site_name":"Blog Inforesidencias.com","article_publisher":"https:\/\/www.facebook.com\/Inforesidencias\/","article_published_time":"2026-04-29T05:25:00+00:00","article_modified_time":"2026-03-12T16:25:48+00:00","og_image":[{"width":940,"height":628,"url":"https:\/\/www.inforesidencias.com\/blog\/wp-content\/uploads\/2026\/03\/El-sector-geria\u0301trico-en-la-Comunidad-Valenciana-en-2026.png","type":"image\/png"}],"author":"Carles Reixach","twitter_card":"summary_large_image","twitter_creator":"@blog-ir","twitter_site":"@inforesidencias","twitter_misc":{"Escrito por":"Carles Reixach","Tiempo de lectura":"4 minutos"},"schema":{"@context":"https:\/\/schema.org","@graph":[{"@type":"WebPage","@id":"https:\/\/www.inforesidencias.com\/blog\/index.php\/2026\/04\/29\/el-sector-geriatrico-en-la-comunidad-valenciana-en-2026\/","url":"https:\/\/www.inforesidencias.com\/blog\/index.php\/2026\/04\/29\/el-sector-geriatrico-en-la-comunidad-valenciana-en-2026\/","name":"El sector geri\u00e1trico en la Comunidad Valenciana en 2026 - Blog Inforesidencias.com","isPartOf":{"@id":"https:\/\/www.inforesidencias.com\/blog\/#website"},"datePublished":"2026-04-29T05:25:00+00:00","dateModified":"2026-03-12T16:25:48+00:00","author":{"@id":"https:\/\/www.inforesidencias.com\/blog\/#\/schema\/person\/90ec02c0eaf05c8c2260bd3cb30ff126"},"description":"El sector geri\u00e1trico en la Comunidad Valenciana en 2026 va estar implusada ala 50 por ciento por el sector privado y el p\u00fablico","breadcrumb":{"@id":"https:\/\/www.inforesidencias.com\/blog\/index.php\/2026\/04\/29\/el-sector-geriatrico-en-la-comunidad-valenciana-en-2026\/#breadcrumb"},"inLanguage":"es","potentialAction":[{"@type":"ReadAction","target":["https:\/\/www.inforesidencias.com\/blog\/index.php\/2026\/04\/29\/el-sector-geriatrico-en-la-comunidad-valenciana-en-2026\/"]}]},{"@type":"BreadcrumbList","@id":"https:\/\/www.inforesidencias.com\/blog\/index.php\/2026\/04\/29\/el-sector-geriatrico-en-la-comunidad-valenciana-en-2026\/#breadcrumb","itemListElement":[{"@type":"ListItem","position":1,"name":"Home","item":"https:\/\/www.inforesidencias.com\/blog\/"},{"@type":"ListItem","position":2,"name":"El sector geri\u00e1trico en la Comunidad Valenciana en 2026"}]},{"@type":"WebSite","@id":"https:\/\/www.inforesidencias.com\/blog\/#website","url":"https:\/\/www.inforesidencias.com\/blog\/","name":"Blog Inforesidencias.com","description":"El buscador de residencias de la 3\u00aa edad","potentialAction":[{"@type":"SearchAction","target":{"@type":"EntryPoint","urlTemplate":"https:\/\/www.inforesidencias.com\/blog\/?s={search_term_string}"},"query-input":"required name=search_term_string"}],"inLanguage":"es"},{"@type":"Person","@id":"https:\/\/www.inforesidencias.com\/blog\/#\/schema\/person\/90ec02c0eaf05c8c2260bd3cb30ff126","name":"Carles Reixach","image":{"@type":"ImageObject","inLanguage":"es","@id":"https:\/\/www.inforesidencias.com\/blog\/#\/schema\/person\/image\/","url":"https:\/\/secure.gravatar.com\/avatar\/fb527b07d09398462de613ba8a48e61f?s=96&d=mm&r=g","contentUrl":"https:\/\/secure.gravatar.com\/avatar\/fb527b07d09398462de613ba8a48e61f?s=96&d=mm&r=g","caption":"Carles Reixach"},"sameAs":["https:\/\/twitter.com\/blog-ir"],"url":"https:\/\/www.inforesidencias.com\/blog\/index.php\/author\/carles\/"}]}},"_links":{"self":[{"href":"https:\/\/www.inforesidencias.com\/blog\/index.php\/wp-json\/wp\/v2\/posts\/8288"}],"collection":[{"href":"https:\/\/www.inforesidencias.com\/blog\/index.php\/wp-json\/wp\/v2\/posts"}],"about":[{"href":"https:\/\/www.inforesidencias.com\/blog\/index.php\/wp-json\/wp\/v2\/types\/post"}],"author":[{"embeddable":true,"href":"https:\/\/www.inforesidencias.com\/blog\/index.php\/wp-json\/wp\/v2\/users\/6"}],"replies":[{"embeddable":true,"href":"https:\/\/www.inforesidencias.com\/blog\/index.php\/wp-json\/wp\/v2\/comments?post=8288"}],"version-history":[{"count":1,"href":"https:\/\/www.inforesidencias.com\/blog\/index.php\/wp-json\/wp\/v2\/posts\/8288\/revisions"}],"predecessor-version":[{"id":8290,"href":"https:\/\/www.inforesidencias.com\/blog\/index.php\/wp-json\/wp\/v2\/posts\/8288\/revisions\/8290"}],"wp:featuredmedia":[{"embeddable":true,"href":"https:\/\/www.inforesidencias.com\/blog\/index.php\/wp-json\/wp\/v2\/media\/8289"}],"wp:attachment":[{"href":"https:\/\/www.inforesidencias.com\/blog\/index.php\/wp-json\/wp\/v2\/media?parent=8288"}],"wp:term":[{"taxonomy":"category","embeddable":true,"href":"https:\/\/www.inforesidencias.com\/blog\/index.php\/wp-json\/wp\/v2\/categories?post=8288"},{"taxonomy":"post_tag","embeddable":true,"href":"https:\/\/www.inforesidencias.com\/blog\/index.php\/wp-json\/wp\/v2\/tags?post=8288"}],"curies":[{"name":"wp","href":"https:\/\/api.w.org\/{rel}","templated":true}]}}