{"id":8291,"date":"2026-05-03T09:29:52","date_gmt":"2026-05-03T08:29:52","guid":{"rendered":"https:\/\/www.inforesidencias.com\/blog\/?p=8291"},"modified":"2026-03-13T10:44:03","modified_gmt":"2026-03-13T09:44:03","slug":"el-sector-geriatrico-en-canarias-en-2026","status":"publish","type":"post","link":"https:\/\/www.inforesidencias.com\/blog\/index.php\/2026\/05\/03\/el-sector-geriatrico-en-canarias-en-2026\/","title":{"rendered":"El sector geri\u00e1trico en Canarias en 2026"},"content":{"rendered":"\n<p>El archipi\u00e9lago canario contin\u00faa enfrentando uno de los mayores retos del sistema de atenci\u00f3n a personas mayores en Espa\u00f1a: la escasez de plazas residenciales. A pesar de algunos proyectos en desarrollo, la red asistencial sigue siendo limitada y mantiene a la comunidad en las \u00faltimas posiciones del pa\u00eds en cuanto a cobertura. En este contexto, el sector geri\u00e1trico en Canarias en 2026 se caracteriza por un d\u00e9ficit estructural de camas y por un papel muy relevante de las administraciones p\u00fablicas en la creaci\u00f3n de nuevas infraestructuras.<\/p>\n\n\n\n<p>Actualmente Canarias cuenta con 112 centros geri\u00e1tricos operativos que suman 7.186 camas. Esta cifra resulta claramente insuficiente para atender a la poblaci\u00f3n mayor del archipi\u00e9lago, lo que se refleja en una ratio de 1,75 camas por cada 100 personas mayores de 65 a\u00f1os y de 6,82 camas por cada 100 mayores de 80, la m\u00e1s baja de todas las comunidades aut\u00f3nomas espa\u00f1olas.<\/p>\n\n\n\n<p>Este escenario explica por qu\u00e9 el desarrollo de nuevas residencias contin\u00faa siendo una prioridad para las administraciones locales y auton\u00f3micas.<\/p>\n\n\n\n<h3 class=\"wp-block-heading\">Una oferta limitada y pocas aperturas recientes<\/h3>\n\n\n\n<p>El crecimiento de la red residencial canaria ha sido muy moderado en los \u00faltimos a\u00f1os. Durante el \u00faltimo ejercicio solo se incorpor\u00f3 un nuevo centro al sistema, lo que refleja las dificultades estructurales del sector en la regi\u00f3n.<\/p>\n\n\n<div class=\"wp-block-image\">\n<figure class=\"alignright size-full is-resized\"><a href=\"https:\/\/www.inforesidencias.com\/blog\/wp-content\/uploads\/2026\/03\/El-sector-geria\u0301trico-en-Canarias-en-2026.png\"><img decoding=\"async\" loading=\"lazy\" width=\"946\" height=\"628\" src=\"https:\/\/www.inforesidencias.com\/blog\/wp-content\/uploads\/2026\/03\/El-sector-geria\u0301trico-en-Canarias-en-2026.png\" alt=\"\" class=\"wp-image-8292\" style=\"aspect-ratio:1.5063694267515924;width:400px;height:auto\" srcset=\"https:\/\/www.inforesidencias.com\/blog\/wp-content\/uploads\/2026\/03\/El-sector-geria\u0301trico-en-Canarias-en-2026.png 946w, https:\/\/www.inforesidencias.com\/blog\/wp-content\/uploads\/2026\/03\/El-sector-geria\u0301trico-en-Canarias-en-2026-300x199.png 300w, https:\/\/www.inforesidencias.com\/blog\/wp-content\/uploads\/2026\/03\/El-sector-geria\u0301trico-en-Canarias-en-2026-768x510.png 768w\" sizes=\"(max-width: 946px) 100vw, 946px\" \/><\/a><\/figure><\/div>\n\n\n<p>La apertura correspondi\u00f3 al grupo Amavir, que inaugur\u00f3 en Santa Cruz de Tenerife una residencia de 104 plazas. Con este centro, la compa\u00f1\u00eda alcanza cuatro residencias en el archipi\u00e9lago y se sit\u00faa entre los principales operadores por capacidad asistencial.<\/p>\n\n\n\n<p>El ranking regional sigue encabezado por entidades como Fundaci\u00f3n Hogar Santa Rita y Aerom\u00e9dica Canaria, que contin\u00faan concentrando una parte importante de las plazas disponibles en las islas. En este contexto, el sector geri\u00e1trico en Canarias en 2026 mantiene una estructura con pocos operadores y una oferta todav\u00eda limitada en comparaci\u00f3n con otras comunidades.<\/p>\n\n\n\n<h3 class=\"wp-block-heading\">El papel central de las administraciones p\u00fablicas<\/h3>\n\n\n\n<p>Ante la falta de inversi\u00f3n privada suficiente para cubrir la demanda, las administraciones p\u00fablicas se han convertido en el principal motor del crecimiento de la red geri\u00e1trica en el archipi\u00e9lago.<\/p>\n\n\n\n<p>De hecho, la gran mayor\u00eda de los nuevos proyectos en marcha tienen origen p\u00fablico. De los 37 centros actualmente en desarrollo, casi el 95% corresponde a iniciativas impulsadas por administraciones auton\u00f3micas o municipales, mientras que la participaci\u00f3n de promotores privados o entidades del tercer sector es mucho menor. 202361_high<\/p>\n\n\n\n<p>Entre los proyectos m\u00e1s inmediatos destaca la pr\u00f3xima apertura de la residencia p\u00fablica Benedicta Ojeda en el barrio de Tamaraceite, en Las Palmas de Gran Canaria. El centro contar\u00e1 con 105 plazas residenciales y 21 estancias diurnas, adem\u00e1s de unidades espec\u00edficas para salud mental. <\/p>\n\n\n\n<h3 class=\"wp-block-heading\">Proyectos en construcci\u00f3n en distintas islas<\/h3>\n\n\n\n<p>Adem\u00e1s de este centro, diferentes cabildos insulares est\u00e1n impulsando nuevas infraestructuras destinadas a ampliar la red asistencial.<\/p>\n\n\n\n<p>En Fuerteventura se encuentra en construcci\u00f3n la futura residencia sociosanitaria de Gran Tarajal, con 60 plazas residenciales y 30 de centro de d\u00eda. Tambi\u00e9n el Cabildo de Tenerife ha aprobado inversiones destinadas a levantar nuevos centros sociosanitarios en A\u00f1aza y en La Orotava.<\/p>\n\n\n\n<p>Otros proyectos incluyen ampliaciones de residencias existentes, como la prevista en el municipio de Tazacorte, en La Palma, as\u00ed como nuevas obras en diferentes localidades del archipi\u00e9lago.<\/p>\n\n\n\n<p>El tercer sector tambi\u00e9n participa de forma puntual en el desarrollo de nuevos centros. Un ejemplo es la residencia promovida por C\u00e1ritas en Arrecife, cuya construcci\u00f3n comenz\u00f3 recientemente tras recibir la licencia municipal.<\/p>\n\n\n\n<h3 class=\"wp-block-heading\">Perspectivas de desarrollo del sector<\/h3>\n\n\n\n<p>Aunque el n\u00famero de proyectos en marcha es relevante, el ritmo de crecimiento de la red sigue siendo insuficiente para corregir r\u00e1pidamente el d\u00e9ficit de plazas existente. El envejecimiento progresivo de la poblaci\u00f3n canaria y la limitada oferta actual hacen prever que la necesidad de nuevas residencias continuar\u00e1 siendo elevada durante los pr\u00f3ximos a\u00f1os.<\/p>\n\n\n\n<p>Por ello, el sector geri\u00e1trico en Canarias en 2026 se encuentra en una fase de transici\u00f3n, en la que las nuevas infraestructuras impulsadas por las administraciones podr\u00edan contribuir a mejorar gradualmente la cobertura del sistema residencial.<\/p>\n\n\n\n<p>Los datos y referencias sectoriales utilizados para este an\u00e1lisis proceden de informaci\u00f3n publicada por Alimarket.<\/p>\n\n\n\n<p>Informaci\u00f3n de esa zona de otros a\u00f1os: <\/p>\n\n\n\n<ul>\n<li><a href=\"https:\/\/www.inforesidencias.com\/blog\/index.php\/2020\/06\/04\/sector-geriatrico-islas-canarias\/\">Canarias 2020<\/a><\/li>\n<\/ul>\n","protected":false},"excerpt":{"rendered":"<p>El archipi\u00e9lago canario contin\u00faa enfrentando uno de los mayores retos del sistema de atenci\u00f3n a personas mayores en Espa\u00f1a: la escasez de plazas residenciales. A pesar de algunos proyectos en desarrollo, la red asistencial sigue siendo limitada y mantiene a la comunidad en las \u00faltimas posiciones del pa\u00eds en cuanto a cobertura. En este contexto, el sector geri\u00e1trico en Canarias en 2026 se caracteriza por un d\u00e9ficit estructural de camas y por un papel muy relevante de las administraciones p\u00fablicas en la creaci\u00f3n de nuevas infraestructuras. Actualmente Canarias cuenta con 112 centros geri\u00e1tricos operativos que suman 7.186 camas. Esta cifra resulta claramente insuficiente para atender a la poblaci\u00f3n mayor del archipi\u00e9lago, lo que se refleja en una ratio de 1,75 camas por cada 100 personas mayores de 65 a\u00f1os y de 6,82 camas por cada 100 mayores de 80, la m\u00e1s baja de todas las comunidades aut\u00f3nomas espa\u00f1olas. Este escenario [&hellip;]<\/p>\n","protected":false},"author":6,"featured_media":8292,"comment_status":"open","ping_status":"open","sticky":false,"template":"","format":"standard","meta":{"footnotes":""},"categories":[1],"tags":[],"yoast_head":"<!-- This site is optimized with the Yoast SEO plugin v21.7 - https:\/\/yoast.com\/wordpress\/plugins\/seo\/ -->\n<title>El sector geri\u00e1trico en Canarias en 2026 - Blog Inforesidencias.com<\/title>\n<meta name=\"description\" content=\"El sector geri\u00e1trico en Canarias en 2026 sigue a la cola en nuestro pa\u00eds en cuanto al n\u00famero de plazas de residencias\" \/>\n<meta name=\"robots\" content=\"index, follow, max-snippet:-1, max-image-preview:large, max-video-preview:-1\" \/>\n<link rel=\"canonical\" href=\"https:\/\/www.inforesidencias.com\/blog\/index.php\/2026\/05\/03\/el-sector-geriatrico-en-canarias-en-2026\/\" \/>\n<meta property=\"og:locale\" content=\"es_ES\" \/>\n<meta property=\"og:type\" content=\"article\" \/>\n<meta property=\"og:title\" content=\"El sector geri\u00e1trico en Canarias en 2026 - Blog Inforesidencias.com\" \/>\n<meta property=\"og:description\" content=\"El sector geri\u00e1trico en Canarias en 2026 sigue a la cola en nuestro pa\u00eds en cuanto al n\u00famero de plazas de residencias\" \/>\n<meta property=\"og:url\" content=\"https:\/\/www.inforesidencias.com\/blog\/index.php\/2026\/05\/03\/el-sector-geriatrico-en-canarias-en-2026\/\" \/>\n<meta property=\"og:site_name\" content=\"Blog Inforesidencias.com\" \/>\n<meta property=\"article:publisher\" content=\"https:\/\/www.facebook.com\/Inforesidencias\/\" \/>\n<meta property=\"article:published_time\" content=\"2026-05-03T08:29:52+00:00\" \/>\n<meta property=\"article:modified_time\" content=\"2026-03-13T09:44:03+00:00\" \/>\n<meta property=\"og:image\" content=\"https:\/\/www.inforesidencias.com\/blog\/wp-content\/uploads\/2026\/03\/El-sector-geria\u0301trico-en-Canarias-en-2026.png\" \/>\n\t<meta property=\"og:image:width\" content=\"946\" \/>\n\t<meta property=\"og:image:height\" content=\"628\" \/>\n\t<meta property=\"og:image:type\" content=\"image\/png\" \/>\n<meta name=\"author\" content=\"Carles Reixach\" \/>\n<meta name=\"twitter:card\" content=\"summary_large_image\" \/>\n<meta name=\"twitter:creator\" content=\"@blog-ir\" \/>\n<meta name=\"twitter:site\" content=\"@inforesidencias\" \/>\n<meta name=\"twitter:label1\" content=\"Escrito por\" \/>\n\t<meta name=\"twitter:data1\" content=\"Carles Reixach\" \/>\n\t<meta name=\"twitter:label2\" content=\"Tiempo de lectura\" \/>\n\t<meta name=\"twitter:data2\" content=\"4 minutos\" \/>\n<script type=\"application\/ld+json\" class=\"yoast-schema-graph\">{\"@context\":\"https:\/\/schema.org\",\"@graph\":[{\"@type\":\"WebPage\",\"@id\":\"https:\/\/www.inforesidencias.com\/blog\/index.php\/2026\/05\/03\/el-sector-geriatrico-en-canarias-en-2026\/\",\"url\":\"https:\/\/www.inforesidencias.com\/blog\/index.php\/2026\/05\/03\/el-sector-geriatrico-en-canarias-en-2026\/\",\"name\":\"El sector geri\u00e1trico en Canarias en 2026 - Blog Inforesidencias.com\",\"isPartOf\":{\"@id\":\"https:\/\/www.inforesidencias.com\/blog\/#website\"},\"datePublished\":\"2026-05-03T08:29:52+00:00\",\"dateModified\":\"2026-03-13T09:44:03+00:00\",\"author\":{\"@id\":\"https:\/\/www.inforesidencias.com\/blog\/#\/schema\/person\/90ec02c0eaf05c8c2260bd3cb30ff126\"},\"description\":\"El sector geri\u00e1trico en Canarias en 2026 sigue a la cola en nuestro pa\u00eds en cuanto al n\u00famero de plazas de residencias\",\"breadcrumb\":{\"@id\":\"https:\/\/www.inforesidencias.com\/blog\/index.php\/2026\/05\/03\/el-sector-geriatrico-en-canarias-en-2026\/#breadcrumb\"},\"inLanguage\":\"es\",\"potentialAction\":[{\"@type\":\"ReadAction\",\"target\":[\"https:\/\/www.inforesidencias.com\/blog\/index.php\/2026\/05\/03\/el-sector-geriatrico-en-canarias-en-2026\/\"]}]},{\"@type\":\"BreadcrumbList\",\"@id\":\"https:\/\/www.inforesidencias.com\/blog\/index.php\/2026\/05\/03\/el-sector-geriatrico-en-canarias-en-2026\/#breadcrumb\",\"itemListElement\":[{\"@type\":\"ListItem\",\"position\":1,\"name\":\"Home\",\"item\":\"https:\/\/www.inforesidencias.com\/blog\/\"},{\"@type\":\"ListItem\",\"position\":2,\"name\":\"El sector geri\u00e1trico en Canarias en 2026\"}]},{\"@type\":\"WebSite\",\"@id\":\"https:\/\/www.inforesidencias.com\/blog\/#website\",\"url\":\"https:\/\/www.inforesidencias.com\/blog\/\",\"name\":\"Blog Inforesidencias.com\",\"description\":\"El buscador de residencias de la 3\u00aa edad\",\"potentialAction\":[{\"@type\":\"SearchAction\",\"target\":{\"@type\":\"EntryPoint\",\"urlTemplate\":\"https:\/\/www.inforesidencias.com\/blog\/?s={search_term_string}\"},\"query-input\":\"required name=search_term_string\"}],\"inLanguage\":\"es\"},{\"@type\":\"Person\",\"@id\":\"https:\/\/www.inforesidencias.com\/blog\/#\/schema\/person\/90ec02c0eaf05c8c2260bd3cb30ff126\",\"name\":\"Carles Reixach\",\"image\":{\"@type\":\"ImageObject\",\"inLanguage\":\"es\",\"@id\":\"https:\/\/www.inforesidencias.com\/blog\/#\/schema\/person\/image\/\",\"url\":\"https:\/\/secure.gravatar.com\/avatar\/fb527b07d09398462de613ba8a48e61f?s=96&d=mm&r=g\",\"contentUrl\":\"https:\/\/secure.gravatar.com\/avatar\/fb527b07d09398462de613ba8a48e61f?s=96&d=mm&r=g\",\"caption\":\"Carles Reixach\"},\"sameAs\":[\"https:\/\/twitter.com\/blog-ir\"],\"url\":\"https:\/\/www.inforesidencias.com\/blog\/index.php\/author\/carles\/\"}]}<\/script>\n<!-- \/ Yoast SEO plugin. -->","yoast_head_json":{"title":"El sector geri\u00e1trico en Canarias en 2026 - Blog Inforesidencias.com","description":"El sector geri\u00e1trico en Canarias en 2026 sigue a la cola en nuestro pa\u00eds en cuanto al n\u00famero de plazas de residencias","robots":{"index":"index","follow":"follow","max-snippet":"max-snippet:-1","max-image-preview":"max-image-preview:large","max-video-preview":"max-video-preview:-1"},"canonical":"https:\/\/www.inforesidencias.com\/blog\/index.php\/2026\/05\/03\/el-sector-geriatrico-en-canarias-en-2026\/","og_locale":"es_ES","og_type":"article","og_title":"El sector geri\u00e1trico en Canarias en 2026 - Blog Inforesidencias.com","og_description":"El sector geri\u00e1trico en Canarias en 2026 sigue a la cola en nuestro pa\u00eds en cuanto al n\u00famero de plazas de residencias","og_url":"https:\/\/www.inforesidencias.com\/blog\/index.php\/2026\/05\/03\/el-sector-geriatrico-en-canarias-en-2026\/","og_site_name":"Blog Inforesidencias.com","article_publisher":"https:\/\/www.facebook.com\/Inforesidencias\/","article_published_time":"2026-05-03T08:29:52+00:00","article_modified_time":"2026-03-13T09:44:03+00:00","og_image":[{"width":946,"height":628,"url":"https:\/\/www.inforesidencias.com\/blog\/wp-content\/uploads\/2026\/03\/El-sector-geria\u0301trico-en-Canarias-en-2026.png","type":"image\/png"}],"author":"Carles Reixach","twitter_card":"summary_large_image","twitter_creator":"@blog-ir","twitter_site":"@inforesidencias","twitter_misc":{"Escrito por":"Carles Reixach","Tiempo de lectura":"4 minutos"},"schema":{"@context":"https:\/\/schema.org","@graph":[{"@type":"WebPage","@id":"https:\/\/www.inforesidencias.com\/blog\/index.php\/2026\/05\/03\/el-sector-geriatrico-en-canarias-en-2026\/","url":"https:\/\/www.inforesidencias.com\/blog\/index.php\/2026\/05\/03\/el-sector-geriatrico-en-canarias-en-2026\/","name":"El sector geri\u00e1trico en Canarias en 2026 - Blog Inforesidencias.com","isPartOf":{"@id":"https:\/\/www.inforesidencias.com\/blog\/#website"},"datePublished":"2026-05-03T08:29:52+00:00","dateModified":"2026-03-13T09:44:03+00:00","author":{"@id":"https:\/\/www.inforesidencias.com\/blog\/#\/schema\/person\/90ec02c0eaf05c8c2260bd3cb30ff126"},"description":"El sector geri\u00e1trico en Canarias en 2026 sigue a la cola en nuestro pa\u00eds en cuanto al n\u00famero de plazas de residencias","breadcrumb":{"@id":"https:\/\/www.inforesidencias.com\/blog\/index.php\/2026\/05\/03\/el-sector-geriatrico-en-canarias-en-2026\/#breadcrumb"},"inLanguage":"es","potentialAction":[{"@type":"ReadAction","target":["https:\/\/www.inforesidencias.com\/blog\/index.php\/2026\/05\/03\/el-sector-geriatrico-en-canarias-en-2026\/"]}]},{"@type":"BreadcrumbList","@id":"https:\/\/www.inforesidencias.com\/blog\/index.php\/2026\/05\/03\/el-sector-geriatrico-en-canarias-en-2026\/#breadcrumb","itemListElement":[{"@type":"ListItem","position":1,"name":"Home","item":"https:\/\/www.inforesidencias.com\/blog\/"},{"@type":"ListItem","position":2,"name":"El sector geri\u00e1trico en Canarias en 2026"}]},{"@type":"WebSite","@id":"https:\/\/www.inforesidencias.com\/blog\/#website","url":"https:\/\/www.inforesidencias.com\/blog\/","name":"Blog Inforesidencias.com","description":"El buscador de residencias de la 3\u00aa edad","potentialAction":[{"@type":"SearchAction","target":{"@type":"EntryPoint","urlTemplate":"https:\/\/www.inforesidencias.com\/blog\/?s={search_term_string}"},"query-input":"required name=search_term_string"}],"inLanguage":"es"},{"@type":"Person","@id":"https:\/\/www.inforesidencias.com\/blog\/#\/schema\/person\/90ec02c0eaf05c8c2260bd3cb30ff126","name":"Carles Reixach","image":{"@type":"ImageObject","inLanguage":"es","@id":"https:\/\/www.inforesidencias.com\/blog\/#\/schema\/person\/image\/","url":"https:\/\/secure.gravatar.com\/avatar\/fb527b07d09398462de613ba8a48e61f?s=96&d=mm&r=g","contentUrl":"https:\/\/secure.gravatar.com\/avatar\/fb527b07d09398462de613ba8a48e61f?s=96&d=mm&r=g","caption":"Carles Reixach"},"sameAs":["https:\/\/twitter.com\/blog-ir"],"url":"https:\/\/www.inforesidencias.com\/blog\/index.php\/author\/carles\/"}]}},"_links":{"self":[{"href":"https:\/\/www.inforesidencias.com\/blog\/index.php\/wp-json\/wp\/v2\/posts\/8291"}],"collection":[{"href":"https:\/\/www.inforesidencias.com\/blog\/index.php\/wp-json\/wp\/v2\/posts"}],"about":[{"href":"https:\/\/www.inforesidencias.com\/blog\/index.php\/wp-json\/wp\/v2\/types\/post"}],"author":[{"embeddable":true,"href":"https:\/\/www.inforesidencias.com\/blog\/index.php\/wp-json\/wp\/v2\/users\/6"}],"replies":[{"embeddable":true,"href":"https:\/\/www.inforesidencias.com\/blog\/index.php\/wp-json\/wp\/v2\/comments?post=8291"}],"version-history":[{"count":1,"href":"https:\/\/www.inforesidencias.com\/blog\/index.php\/wp-json\/wp\/v2\/posts\/8291\/revisions"}],"predecessor-version":[{"id":8293,"href":"https:\/\/www.inforesidencias.com\/blog\/index.php\/wp-json\/wp\/v2\/posts\/8291\/revisions\/8293"}],"wp:featuredmedia":[{"embeddable":true,"href":"https:\/\/www.inforesidencias.com\/blog\/index.php\/wp-json\/wp\/v2\/media\/8292"}],"wp:attachment":[{"href":"https:\/\/www.inforesidencias.com\/blog\/index.php\/wp-json\/wp\/v2\/media?parent=8291"}],"wp:term":[{"taxonomy":"category","embeddable":true,"href":"https:\/\/www.inforesidencias.com\/blog\/index.php\/wp-json\/wp\/v2\/categories?post=8291"},{"taxonomy":"post_tag","embeddable":true,"href":"https:\/\/www.inforesidencias.com\/blog\/index.php\/wp-json\/wp\/v2\/tags?post=8291"}],"curies":[{"name":"wp","href":"https:\/\/api.w.org\/{rel}","templated":true}]}}