{"id":8303,"date":"2026-03-17T07:49:00","date_gmt":"2026-03-17T06:49:00","guid":{"rendered":"https:\/\/www.inforesidencias.com\/blog\/?p=8303"},"modified":"2026-03-16T11:16:07","modified_gmt":"2026-03-16T10:16:07","slug":"residencias-temporales-para-mayores-que-son-cuando-se-necesitan-y-como-elegir-la-mejor-opcion","status":"publish","type":"post","link":"https:\/\/www.inforesidencias.com\/blog\/index.php\/2026\/03\/17\/residencias-temporales-para-mayores-que-son-cuando-se-necesitan-y-como-elegir-la-mejor-opcion\/","title":{"rendered":"Residencias temporales para mayores: qu\u00e9 son, cu\u00e1ndo se necesitan y c\u00f3mo elegir la mejor opci\u00f3n"},"content":{"rendered":"\n<p>Las residencias para mayores est\u00e1n siendo una de las elecciones m\u00e1s complejas para familiares que, llegado el momento, no pueden garantizar una seguridad, para sus mayores, en casa. Elegir una residencia de mayores adecuada es el inicio de una etapa centrada en hacerles sentir bien y que puedan socializar. De un tiempo a esta parte o\u00edmos hablar de residencias temporales para mayores. <\/p>\n\n\n\n<p>Te contamos todo lo que tienes que saber sobre ellas.<\/p>\n\n\n<div class=\"wp-block-image\">\n<figure class=\"alignright size-large is-resized\"><a href=\"https:\/\/www.inforesidencias.com\/blog\/wp-content\/uploads\/2026\/03\/mayores-ajedrez.jpg\"><img decoding=\"async\" loading=\"lazy\" width=\"1024\" height=\"682\" src=\"https:\/\/www.inforesidencias.com\/blog\/wp-content\/uploads\/2026\/03\/mayores-ajedrez-1024x682.jpg\" alt=\"\" class=\"wp-image-8305\" style=\"aspect-ratio:1.501466275659824;width:355px;height:auto\" srcset=\"https:\/\/www.inforesidencias.com\/blog\/wp-content\/uploads\/2026\/03\/mayores-ajedrez-1024x682.jpg 1024w, https:\/\/www.inforesidencias.com\/blog\/wp-content\/uploads\/2026\/03\/mayores-ajedrez-300x200.jpg 300w, https:\/\/www.inforesidencias.com\/blog\/wp-content\/uploads\/2026\/03\/mayores-ajedrez-768x512.jpg 768w, https:\/\/www.inforesidencias.com\/blog\/wp-content\/uploads\/2026\/03\/mayores-ajedrez.jpg 1280w\" sizes=\"(max-width: 1024px) 100vw, 1024px\" \/><\/a><\/figure><\/div>\n\n\n<p>Las residencias temporales para mayores son lugares que ofrecen un servicio de alojamiento y cuidados por un per\u00edodo determinado que puede variar entre d\u00edas o meses, a diferencia de las residencias de estancia permanente. Pueden necesitarse por motivos de recuperaci\u00f3n del paciente o de respiro para las familias, por ejemplo.<\/p>\n\n\n\n<h2 class=\"wp-block-heading\">\u00bfQu\u00e9 es una residencia temporal para mayores?<\/h2>\n\n\n\n<p>Como venimos comentando, una residencia temporal para mayores es una residencia al uso en la que nuestros mayores pueden permanecer unos d\u00edas o unos meses, no ser\u00e1n residencia en las que el paciente ingrese de manera indefinida.<\/p>\n\n\n\n<h3 class=\"wp-block-heading\">Diferencias entre estancia temporal y permanente<\/h3>\n\n\n\n<p>Las diferencias entre una estancia temporal o una permanente estar\u00e1 condicionada por los motivos del ingreso en la misma.<\/p>\n\n\n\n<p>Hablamos de estancia temporal que tiene como objetivo una recuperaci\u00f3n del residente, un per\u00edodo de vacaciones de familiares que est\u00e1n a su cargo o un respiro para los cuidadores que cuidan de esa persona. En este caso, suelen disfrutar de los mismos servicios que un residente fijo. Pernoctaci\u00f3n, servicios de comedor, cuidados y todo lo que la residencia ofrezca en su programa.<\/p>\n\n\n\n<p>Por el contrario, en el caso de una estancia permanente, ofrece un entorno seguro para el residente que ya no puede quedarse solo en su domicilio. Estas personas mayores necesitar\u00e1n un proceso de adaptaci\u00f3n mucho m\u00e1s profundo, ya que ser\u00e1 su nueva casa de manera indefinida.<\/p>\n\n\n\n<h2 class=\"wp-block-heading\">\u00bfEn qu\u00e9 situaciones se recomienda una residencia temporal?<\/h2>\n\n\n\n<p>Una <a href=\"https:\/\/www.caseresidencial.es\/cuidados\/residencia-respiro-familiar\" target=\"_blank\" rel=\"noreferrer noopener\">residencia temporal para mayores<\/a> se recomienda, como hemos comentado anteriormente, en \u00e9pocas de mayor vigilancia del paciente por haberse sometido a una intervenci\u00f3n quir\u00fargica. En caso de per\u00edodos de descanso de sus cuidadores o si estos cuentan con d\u00edas de vacaciones para desconectar.<\/p>\n\n\n\n<h2 class=\"wp-block-heading\">Beneficios de una residencia temporal frente al cuidado en domicilio<\/h2>\n\n\n\n<p>En una residencia temporal el paciente estar\u00e1 m\u00e1s acompa\u00f1ado por otros residentes, estar\u00e1 vigilado y ser\u00e1 tratado por personal altamente cualificado que controlar\u00e1 las necesidades de esa persona mayor, a cada momento.<\/p>\n\n\n\n<p>En el cuidado a domicilio, en muchas ocasiones, el coste econ\u00f3mico es mayor porque se puede necesitar m\u00e1s de una persona para su cuidado.<\/p>\n\n\n\n<h2 class=\"wp-block-heading\">\u00bfCu\u00e1nto tiempo puede durar una estancia temporal?<\/h2>\n\n\n\n<p>La estancia del residente en una residencia temporal puede ser desde varios d\u00edas hasta varios meses. Algunas ayudas, como las de MUFACE, cubren hasta 3 meses de ingreso del paciente en la residencia temporal.<\/p>\n\n\n\n<h2 class=\"wp-block-heading\">C\u00f3mo elegir una buena residencia temporal para un familiar<\/h2>\n\n\n\n<p>Para elegir la mejor residencia temporal para mayores, los familiares deber\u00e1n tener en cuenta el objetivo del ingreso. Si se trata de un ingreso postquir\u00fargico, lo ideal es que sea la m\u00e1s especializada en esa dolencia o recuperaci\u00f3n. Pueden, tambi\u00e9n, tenerse en cuenta las diferentes actividades que puedan llevar a cabo o la calidad de sus servicios.<\/p>\n\n\n\n<h2 class=\"wp-block-heading\">Preguntas frecuentes antes de solicitar una estancia temporal<\/h2>\n\n\n\n<p>Entre las preguntas frecuentes que pueden hacerse los familiares est\u00e1n las relacionadas con las dudas en los pagos de la misma, las pol\u00edticas de cancelaci\u00f3n, las compatibilidades con la ley de dependencia, las subvenciones, la rehabilitaci\u00f3n en la misma, si es necesaria\u2026<\/p>\n\n\n\n<p>En definitiva, las residencias temporales representan una alternativa segura para aquellas personas mayores que necesitan un apoyo puntual, ya sea por motivos de salud, descanso del cuidador o situaciones concretas que requieren una mayor supervisi\u00f3n. El lugar perfecto en el que sentirse cuidados y llenos de amor.<\/p>\n","protected":false},"excerpt":{"rendered":"<p>Las residencias para mayores est\u00e1n siendo una de las elecciones m\u00e1s complejas para familiares que, llegado el momento, no pueden garantizar una seguridad, para sus mayores, en casa. Elegir una residencia de mayores adecuada es el inicio de una etapa centrada en hacerles sentir bien y que puedan socializar. De un tiempo a esta parte o\u00edmos hablar de residencias temporales para mayores. Te contamos todo lo que tienes que saber sobre ellas. Las residencias temporales para mayores son lugares que ofrecen un servicio de alojamiento y cuidados por un per\u00edodo determinado que puede variar entre d\u00edas o meses, a diferencia de las residencias de estancia permanente. Pueden necesitarse por motivos de recuperaci\u00f3n del paciente o de respiro para las familias, por ejemplo. \u00bfQu\u00e9 es una residencia temporal para mayores? Como venimos comentando, una residencia temporal para mayores es una residencia al uso en la que nuestros mayores pueden permanecer unos [&hellip;]<\/p>\n","protected":false},"author":7,"featured_media":8305,"comment_status":"open","ping_status":"open","sticky":false,"template":"","format":"standard","meta":{"footnotes":""},"categories":[1],"tags":[],"yoast_head":"<!-- This site is optimized with the Yoast SEO plugin v21.7 - https:\/\/yoast.com\/wordpress\/plugins\/seo\/ -->\n<title>Residencias temporales para mayores: qu\u00e9 son, cu\u00e1ndo se necesitan y c\u00f3mo elegir la mejor opci\u00f3n - Blog Inforesidencias.com<\/title>\n<meta name=\"description\" content=\"Residencias temporales para personas mayores: qu\u00e9 son, cu\u00e1ndo se necesitan y c\u00f3mo elegir la mejor opci\u00f3n seg\u00fan cada uno.\" \/>\n<meta name=\"robots\" content=\"index, follow, max-snippet:-1, max-image-preview:large, max-video-preview:-1\" \/>\n<link rel=\"canonical\" href=\"https:\/\/www.inforesidencias.com\/blog\/index.php\/2026\/03\/17\/residencias-temporales-para-mayores-que-son-cuando-se-necesitan-y-como-elegir-la-mejor-opcion\/\" \/>\n<meta property=\"og:locale\" content=\"es_ES\" \/>\n<meta property=\"og:type\" content=\"article\" \/>\n<meta property=\"og:title\" content=\"Residencias temporales para mayores: qu\u00e9 son, cu\u00e1ndo se necesitan y c\u00f3mo elegir la mejor opci\u00f3n - Blog Inforesidencias.com\" \/>\n<meta property=\"og:description\" content=\"Residencias temporales para personas mayores: qu\u00e9 son, cu\u00e1ndo se necesitan y c\u00f3mo elegir la mejor opci\u00f3n seg\u00fan cada uno.\" \/>\n<meta property=\"og:url\" content=\"https:\/\/www.inforesidencias.com\/blog\/index.php\/2026\/03\/17\/residencias-temporales-para-mayores-que-son-cuando-se-necesitan-y-como-elegir-la-mejor-opcion\/\" \/>\n<meta property=\"og:site_name\" content=\"Blog Inforesidencias.com\" \/>\n<meta property=\"article:publisher\" content=\"https:\/\/www.facebook.com\/Inforesidencias\/\" \/>\n<meta property=\"article:published_time\" content=\"2026-03-17T06:49:00+00:00\" \/>\n<meta property=\"article:modified_time\" content=\"2026-03-16T10:16:07+00:00\" \/>\n<meta property=\"og:image\" content=\"https:\/\/www.inforesidencias.com\/blog\/wp-content\/uploads\/2026\/03\/mayores-ajedrez.jpg\" \/>\n\t<meta property=\"og:image:width\" content=\"1280\" \/>\n\t<meta property=\"og:image:height\" content=\"853\" \/>\n\t<meta property=\"og:image:type\" content=\"image\/jpeg\" \/>\n<meta name=\"author\" content=\"Inforesidencias.com\" \/>\n<meta name=\"twitter:card\" content=\"summary_large_image\" \/>\n<meta name=\"twitter:creator\" content=\"@inforesidencias\" \/>\n<meta name=\"twitter:site\" content=\"@inforesidencias\" \/>\n<meta name=\"twitter:label1\" content=\"Escrito por\" \/>\n\t<meta name=\"twitter:data1\" content=\"Inforesidencias.com\" \/>\n\t<meta name=\"twitter:label2\" content=\"Tiempo de lectura\" \/>\n\t<meta name=\"twitter:data2\" content=\"4 minutos\" \/>\n<script type=\"application\/ld+json\" class=\"yoast-schema-graph\">{\"@context\":\"https:\/\/schema.org\",\"@graph\":[{\"@type\":\"WebPage\",\"@id\":\"https:\/\/www.inforesidencias.com\/blog\/index.php\/2026\/03\/17\/residencias-temporales-para-mayores-que-son-cuando-se-necesitan-y-como-elegir-la-mejor-opcion\/\",\"url\":\"https:\/\/www.inforesidencias.com\/blog\/index.php\/2026\/03\/17\/residencias-temporales-para-mayores-que-son-cuando-se-necesitan-y-como-elegir-la-mejor-opcion\/\",\"name\":\"Residencias temporales para mayores: qu\u00e9 son, cu\u00e1ndo se necesitan y c\u00f3mo elegir la mejor opci\u00f3n - Blog Inforesidencias.com\",\"isPartOf\":{\"@id\":\"https:\/\/www.inforesidencias.com\/blog\/#website\"},\"datePublished\":\"2026-03-17T06:49:00+00:00\",\"dateModified\":\"2026-03-16T10:16:07+00:00\",\"author\":{\"@id\":\"https:\/\/www.inforesidencias.com\/blog\/#\/schema\/person\/4137928ac9e11813f9d22c7eca99e8c6\"},\"description\":\"Residencias temporales para personas mayores: qu\u00e9 son, cu\u00e1ndo se necesitan y c\u00f3mo elegir la mejor opci\u00f3n seg\u00fan cada uno.\",\"breadcrumb\":{\"@id\":\"https:\/\/www.inforesidencias.com\/blog\/index.php\/2026\/03\/17\/residencias-temporales-para-mayores-que-son-cuando-se-necesitan-y-como-elegir-la-mejor-opcion\/#breadcrumb\"},\"inLanguage\":\"es\",\"potentialAction\":[{\"@type\":\"ReadAction\",\"target\":[\"https:\/\/www.inforesidencias.com\/blog\/index.php\/2026\/03\/17\/residencias-temporales-para-mayores-que-son-cuando-se-necesitan-y-como-elegir-la-mejor-opcion\/\"]}]},{\"@type\":\"BreadcrumbList\",\"@id\":\"https:\/\/www.inforesidencias.com\/blog\/index.php\/2026\/03\/17\/residencias-temporales-para-mayores-que-son-cuando-se-necesitan-y-como-elegir-la-mejor-opcion\/#breadcrumb\",\"itemListElement\":[{\"@type\":\"ListItem\",\"position\":1,\"name\":\"Home\",\"item\":\"https:\/\/www.inforesidencias.com\/blog\/\"},{\"@type\":\"ListItem\",\"position\":2,\"name\":\"Residencias temporales para mayores: qu\u00e9 son, cu\u00e1ndo se necesitan y c\u00f3mo elegir la mejor opci\u00f3n\"}]},{\"@type\":\"WebSite\",\"@id\":\"https:\/\/www.inforesidencias.com\/blog\/#website\",\"url\":\"https:\/\/www.inforesidencias.com\/blog\/\",\"name\":\"Blog Inforesidencias.com\",\"description\":\"El buscador de residencias de la 3\u00aa edad\",\"potentialAction\":[{\"@type\":\"SearchAction\",\"target\":{\"@type\":\"EntryPoint\",\"urlTemplate\":\"https:\/\/www.inforesidencias.com\/blog\/?s={search_term_string}\"},\"query-input\":\"required name=search_term_string\"}],\"inLanguage\":\"es\"},{\"@type\":\"Person\",\"@id\":\"https:\/\/www.inforesidencias.com\/blog\/#\/schema\/person\/4137928ac9e11813f9d22c7eca99e8c6\",\"name\":\"Inforesidencias.com\",\"image\":{\"@type\":\"ImageObject\",\"inLanguage\":\"es\",\"@id\":\"https:\/\/www.inforesidencias.com\/blog\/#\/schema\/person\/image\/\",\"url\":\"https:\/\/secure.gravatar.com\/avatar\/2092a1175202f080ba451797bc271678?s=96&d=mm&r=g\",\"contentUrl\":\"https:\/\/secure.gravatar.com\/avatar\/2092a1175202f080ba451797bc271678?s=96&d=mm&r=g\",\"caption\":\"Inforesidencias.com\"},\"url\":\"https:\/\/www.inforesidencias.com\/blog\/index.php\/author\/javier-camara\/\"}]}<\/script>\n<!-- \/ Yoast SEO plugin. -->","yoast_head_json":{"title":"Residencias temporales para mayores: qu\u00e9 son, cu\u00e1ndo se necesitan y c\u00f3mo elegir la mejor opci\u00f3n - Blog Inforesidencias.com","description":"Residencias temporales para personas mayores: qu\u00e9 son, cu\u00e1ndo se necesitan y c\u00f3mo elegir la mejor opci\u00f3n seg\u00fan cada uno.","robots":{"index":"index","follow":"follow","max-snippet":"max-snippet:-1","max-image-preview":"max-image-preview:large","max-video-preview":"max-video-preview:-1"},"canonical":"https:\/\/www.inforesidencias.com\/blog\/index.php\/2026\/03\/17\/residencias-temporales-para-mayores-que-son-cuando-se-necesitan-y-como-elegir-la-mejor-opcion\/","og_locale":"es_ES","og_type":"article","og_title":"Residencias temporales para mayores: qu\u00e9 son, cu\u00e1ndo se necesitan y c\u00f3mo elegir la mejor opci\u00f3n - Blog Inforesidencias.com","og_description":"Residencias temporales para personas mayores: qu\u00e9 son, cu\u00e1ndo se necesitan y c\u00f3mo elegir la mejor opci\u00f3n seg\u00fan cada uno.","og_url":"https:\/\/www.inforesidencias.com\/blog\/index.php\/2026\/03\/17\/residencias-temporales-para-mayores-que-son-cuando-se-necesitan-y-como-elegir-la-mejor-opcion\/","og_site_name":"Blog Inforesidencias.com","article_publisher":"https:\/\/www.facebook.com\/Inforesidencias\/","article_published_time":"2026-03-17T06:49:00+00:00","article_modified_time":"2026-03-16T10:16:07+00:00","og_image":[{"width":1280,"height":853,"url":"https:\/\/www.inforesidencias.com\/blog\/wp-content\/uploads\/2026\/03\/mayores-ajedrez.jpg","type":"image\/jpeg"}],"author":"Inforesidencias.com","twitter_card":"summary_large_image","twitter_creator":"@inforesidencias","twitter_site":"@inforesidencias","twitter_misc":{"Escrito por":"Inforesidencias.com","Tiempo de lectura":"4 minutos"},"schema":{"@context":"https:\/\/schema.org","@graph":[{"@type":"WebPage","@id":"https:\/\/www.inforesidencias.com\/blog\/index.php\/2026\/03\/17\/residencias-temporales-para-mayores-que-son-cuando-se-necesitan-y-como-elegir-la-mejor-opcion\/","url":"https:\/\/www.inforesidencias.com\/blog\/index.php\/2026\/03\/17\/residencias-temporales-para-mayores-que-son-cuando-se-necesitan-y-como-elegir-la-mejor-opcion\/","name":"Residencias temporales para mayores: qu\u00e9 son, cu\u00e1ndo se necesitan y c\u00f3mo elegir la mejor opci\u00f3n - Blog Inforesidencias.com","isPartOf":{"@id":"https:\/\/www.inforesidencias.com\/blog\/#website"},"datePublished":"2026-03-17T06:49:00+00:00","dateModified":"2026-03-16T10:16:07+00:00","author":{"@id":"https:\/\/www.inforesidencias.com\/blog\/#\/schema\/person\/4137928ac9e11813f9d22c7eca99e8c6"},"description":"Residencias temporales para personas mayores: qu\u00e9 son, cu\u00e1ndo se necesitan y c\u00f3mo elegir la mejor opci\u00f3n seg\u00fan cada uno.","breadcrumb":{"@id":"https:\/\/www.inforesidencias.com\/blog\/index.php\/2026\/03\/17\/residencias-temporales-para-mayores-que-son-cuando-se-necesitan-y-como-elegir-la-mejor-opcion\/#breadcrumb"},"inLanguage":"es","potentialAction":[{"@type":"ReadAction","target":["https:\/\/www.inforesidencias.com\/blog\/index.php\/2026\/03\/17\/residencias-temporales-para-mayores-que-son-cuando-se-necesitan-y-como-elegir-la-mejor-opcion\/"]}]},{"@type":"BreadcrumbList","@id":"https:\/\/www.inforesidencias.com\/blog\/index.php\/2026\/03\/17\/residencias-temporales-para-mayores-que-son-cuando-se-necesitan-y-como-elegir-la-mejor-opcion\/#breadcrumb","itemListElement":[{"@type":"ListItem","position":1,"name":"Home","item":"https:\/\/www.inforesidencias.com\/blog\/"},{"@type":"ListItem","position":2,"name":"Residencias temporales para mayores: qu\u00e9 son, cu\u00e1ndo se necesitan y c\u00f3mo elegir la mejor opci\u00f3n"}]},{"@type":"WebSite","@id":"https:\/\/www.inforesidencias.com\/blog\/#website","url":"https:\/\/www.inforesidencias.com\/blog\/","name":"Blog Inforesidencias.com","description":"El buscador de residencias de la 3\u00aa edad","potentialAction":[{"@type":"SearchAction","target":{"@type":"EntryPoint","urlTemplate":"https:\/\/www.inforesidencias.com\/blog\/?s={search_term_string}"},"query-input":"required name=search_term_string"}],"inLanguage":"es"},{"@type":"Person","@id":"https:\/\/www.inforesidencias.com\/blog\/#\/schema\/person\/4137928ac9e11813f9d22c7eca99e8c6","name":"Inforesidencias.com","image":{"@type":"ImageObject","inLanguage":"es","@id":"https:\/\/www.inforesidencias.com\/blog\/#\/schema\/person\/image\/","url":"https:\/\/secure.gravatar.com\/avatar\/2092a1175202f080ba451797bc271678?s=96&d=mm&r=g","contentUrl":"https:\/\/secure.gravatar.com\/avatar\/2092a1175202f080ba451797bc271678?s=96&d=mm&r=g","caption":"Inforesidencias.com"},"url":"https:\/\/www.inforesidencias.com\/blog\/index.php\/author\/javier-camara\/"}]}},"_links":{"self":[{"href":"https:\/\/www.inforesidencias.com\/blog\/index.php\/wp-json\/wp\/v2\/posts\/8303"}],"collection":[{"href":"https:\/\/www.inforesidencias.com\/blog\/index.php\/wp-json\/wp\/v2\/posts"}],"about":[{"href":"https:\/\/www.inforesidencias.com\/blog\/index.php\/wp-json\/wp\/v2\/types\/post"}],"author":[{"embeddable":true,"href":"https:\/\/www.inforesidencias.com\/blog\/index.php\/wp-json\/wp\/v2\/users\/7"}],"replies":[{"embeddable":true,"href":"https:\/\/www.inforesidencias.com\/blog\/index.php\/wp-json\/wp\/v2\/comments?post=8303"}],"version-history":[{"count":2,"href":"https:\/\/www.inforesidencias.com\/blog\/index.php\/wp-json\/wp\/v2\/posts\/8303\/revisions"}],"predecessor-version":[{"id":8306,"href":"https:\/\/www.inforesidencias.com\/blog\/index.php\/wp-json\/wp\/v2\/posts\/8303\/revisions\/8306"}],"wp:featuredmedia":[{"embeddable":true,"href":"https:\/\/www.inforesidencias.com\/blog\/index.php\/wp-json\/wp\/v2\/media\/8305"}],"wp:attachment":[{"href":"https:\/\/www.inforesidencias.com\/blog\/index.php\/wp-json\/wp\/v2\/media?parent=8303"}],"wp:term":[{"taxonomy":"category","embeddable":true,"href":"https:\/\/www.inforesidencias.com\/blog\/index.php\/wp-json\/wp\/v2\/categories?post=8303"},{"taxonomy":"post_tag","embeddable":true,"href":"https:\/\/www.inforesidencias.com\/blog\/index.php\/wp-json\/wp\/v2\/tags?post=8303"}],"curies":[{"name":"wp","href":"https:\/\/api.w.org\/{rel}","templated":true}]}}