{"id":8322,"date":"2026-04-26T09:33:00","date_gmt":"2026-04-26T08:33:00","guid":{"rendered":"https:\/\/www.inforesidencias.com\/blog\/?p=8322"},"modified":"2026-04-20T07:24:11","modified_gmt":"2026-04-20T06:24:11","slug":"puede-ser-alergico-al-polen-una-persona-con-80-anos","status":"publish","type":"post","link":"https:\/\/www.inforesidencias.com\/blog\/index.php\/2026\/04\/26\/puede-ser-alergico-al-polen-una-persona-con-80-anos\/","title":{"rendered":"\u00bfPuede ser al\u00e9rgico al polen una persona con 80 a\u00f1os?"},"content":{"rendered":"\n<p>Dice el refr\u00e1n que la primavera la sangre altera, y para quienes conviven con la alergia, esa alteraci\u00f3n es sin\u00f3nimo de un calvario de estornudos, lagrimeo y congesti\u00f3n. Sin embargo, tendemos a visualizar este cuadro en ni\u00f1os que juegan en el parque o en j\u00f3venes adultos, dejando fuera de la ecuaci\u00f3n a un colectivo que tambi\u00e9n est\u00e1 sufriendo las consecuencias de un entorno cada vez m\u00e1s hostil. Por ello, hoy en <strong>Inforesidencias<\/strong> nos preguntamos: <strong>\u00bfPuede ser al\u00e9rgico al polen una persona con 80 a\u00f1os?<\/strong><\/p>\n\n\n<div class=\"wp-block-image\">\n<figure class=\"alignright size-full is-resized\"><a href=\"https:\/\/www.inforesidencias.com\/blog\/wp-content\/uploads\/2026\/04\/residencia-alergia.jpg\"><img decoding=\"async\" loading=\"lazy\" width=\"470\" height=\"329\" src=\"https:\/\/www.inforesidencias.com\/blog\/wp-content\/uploads\/2026\/04\/residencia-alergia.jpg\" alt=\"\" class=\"wp-image-8324\" style=\"aspect-ratio:1.4285714285714286;width:376px;height:auto\" srcset=\"https:\/\/www.inforesidencias.com\/blog\/wp-content\/uploads\/2026\/04\/residencia-alergia.jpg 470w, https:\/\/www.inforesidencias.com\/blog\/wp-content\/uploads\/2026\/04\/residencia-alergia-300x210.jpg 300w\" sizes=\"(max-width: 470px) 100vw, 470px\" \/><\/a><\/figure><\/div>\n\n\n<p>Lo cierto es que el sistema inmunitario no es una estructura est\u00e1tica que deja de evolucionar al cumplir los sesenta. Aunque tradicionalmente la salud respiratoria en la vejez se ha focalizado en patolog\u00edas cr\u00f3nicas como la EPOC o en la prevenci\u00f3n de los efectos de la gripe y otros virus, la realidad en las <a href=\"https:\/\/www.inforesidencias.com\/centros\/buscador\/residencias\" target=\"_blank\" rel=\"noreferrer noopener\">residencias<\/a> y <a href=\"https:\/\/www.inforesidencias.com\/centros\/buscador\/centros-de-dia-para-mayores\" target=\"_blank\" rel=\"noreferrer noopener\">centros de d\u00eda<\/a> est\u00e1 cambiando. Cada vez es m\u00e1s com\u00fan ver a personas de avanzada edad debutar con s\u00edntomas de hipersensibilidad que nunca antes hab\u00edan experimentado.<\/p>\n\n\n\n<p>Este aumento de consultas por <strong>picor ocular y rinitis<\/strong> en hogares y centros geri\u00e1tricos nos obliga a replantear lo que sabemos sobre el envejecimiento. El contacto con p\u00f3lenes m\u00e1s agresivos debido a la contaminaci\u00f3n y el cambio clim\u00e1tico est\u00e1 rompiendo las barreras generacionales de la alergia. Entender por qu\u00e9 un octogenario puede empezar a sufrir estos s\u00edntomas ahora es fundamental para garantizar su bienestar y evitar diagn\u00f3sticos err\u00f3neos que confundan una simple alergia con problemas respiratorios m\u00e1s severos.<\/p>\n\n\n\n<h2 class=\"wp-block-heading\">La rinitis al\u00e9rgica de debut tard\u00edo: un fen\u00f3meno en auge<\/h2>\n\n\n\n<p>Aunque la sabidur\u00eda popular sugiere que las alergias \u00abson cosa de ni\u00f1os\u00bb, los datos de la <strong>Sociedad Espa\u00f1ola de Alergolog\u00eda e Inmunolog\u00eda Cl\u00ednica (SEAIC)<\/strong> confirman que el sistema inmunitario no es est\u00e1tico. La aparici\u00f3n de s\u00edntomas al\u00e9rgicos por primera vez a los 70 u 80 a\u00f1os es una realidad cl\u00ednica cada vez m\u00e1s frecuente.<\/p>\n\n\n\n<p>Este fen\u00f3meno, conocido como <strong>rinitis al\u00e9rgica de debut tard\u00edo<\/strong>, puede estar motivado por varios factores clave:<\/p>\n\n\n\n<ul>\n<li><strong>Inmunosenescencia:<\/strong> El envejecimiento natural del sistema inmune puede provocar respuestas desmesuradas o nuevas sensibilidades ante part\u00edculas que antes eran toleradas.<\/li>\n\n\n\n<li><strong>Efecto acumulativo y Cambio Clim\u00e1tico:<\/strong> La mayor duraci\u00f3n de las temporadas de polinizaci\u00f3n y la agresividad de los p\u00f3lenes en zonas urbanas facilitan que personas que nunca fueron al\u00e9rgicas acaben desarrollando una sensibilizaci\u00f3n.<\/li>\n<\/ul>\n\n\n\n<h2 class=\"wp-block-heading\">\u00bfPuede ser al\u00e9rgico al polen una persona con 80 a\u00f1os? Diagn\u00f3stico y confusi\u00f3n<\/h2>\n\n\n\n<p>La respuesta es afirmativa, pero el diagn\u00f3stico es complejo. En el entorno de la atenci\u00f3n a la dependencia, es com\u00fan confundir la alergia con otros cuadros. Es fundamental diferenciarla de:<\/p>\n\n\n\n<ol start=\"1\">\n<li><strong>Rinitis Senil:<\/strong> Una alteraci\u00f3n f\u00edsica de la mucosa nasal que produce goteo, pero no est\u00e1 causada por el polen.<\/li>\n\n\n\n<li><strong>Efectos de la Polifarmacia:<\/strong> Algunos f\u00e1rmacos para la hipertensi\u00f3n o problemas card\u00edacos pueden causar congesti\u00f3n nasal como efecto secundario.<\/li>\n<\/ol>\n\n\n\n<h3 class=\"wp-block-heading\">Diferencias clave entre Resfriado y Alergia en Mayores<\/h3>\n\n\n\n<figure class=\"wp-block-table\"><table><thead><tr><td><strong>S\u00edntoma<\/strong><\/td><td><strong>Alergia al Polen<\/strong><\/td><td><strong>Resfriado Com\u00fan<\/strong><\/td><\/tr><\/thead><tbody><tr><td><strong>Duraci\u00f3n<\/strong><\/td><td>Semanas (mientras dure el polen)<\/td><td>7 a 10 d\u00edas<\/td><\/tr><tr><td><strong>Picor (Ojos\/Nariz)<\/strong><\/td><td>Muy frecuente<\/td><td>Raro<\/td><\/tr><tr><td><strong>Fiebre<\/strong><\/td><td>Nunca<\/td><td>Ocasional<\/td><\/tr><tr><td><strong>Secreci\u00f3n<\/strong><\/td><td>Acuosa y transparente<\/td><td>Espesa y amarillenta<\/td><\/tr><\/tbody><\/table><\/figure>\n\n\n\n<h2 class=\"wp-block-heading\"><\/h2>\n\n\n\n<h2 class=\"wp-block-heading\">Tratamiento y seguridad: El peligro de la automedicaci\u00f3n<\/h2>\n\n\n\n<p>El principal riesgo para una persona de 80 a\u00f1os no es la alergia en s\u00ed, sino el tratamiento inadecuado. Los <strong>antihistam\u00ednicos de primera generaci\u00f3n<\/strong> (como la difenhidramina) est\u00e1n totalmente desaconsejados en la tercera edad por sus efectos anticolin\u00e9rgicos.<\/p>\n\n\n\n<blockquote class=\"wp-block-quote\">\n<p><strong>\u00a1Atenci\u00f3n!<\/strong> Estos f\u00e1rmacos pueden provocar confusi\u00f3n mental, retenci\u00f3n urinaria y, lo m\u00e1s grave, somnolencia extrema que deriva en <strong>ca\u00eddas y fracturas de cadera<\/strong>.<\/p>\n<\/blockquote>\n\n\n\n<p>Para garantizar el bienestar en el domicilio o en la residencia, es vital optar por antihistam\u00ednicos de segunda generaci\u00f3n o corticoides nasales bajo estricta supervisi\u00f3n m\u00e9dica, asegurando que no existan interacciones con su medicaci\u00f3n habitual.<\/p>\n\n\n\n<h2 class=\"wp-block-heading\">Consejos pr\u00e1cticos para cuidadores y residencias<\/h2>\n\n\n\n<p>Si gestionas un centro o cuidas de un familiar, estas medidas reducen la exposici\u00f3n:<\/p>\n\n\n\n<ul>\n<li><strong>Ventilaci\u00f3n controlada:<\/strong> Abrir ventanas solo durante 5-10 minutos a primera hora de la ma\u00f1ana.<\/li>\n\n\n\n<li><strong>Protecci\u00f3n exterior:<\/strong> Uso de gafas de sol y, si los niveles de polen son extremos, mascarilla FFP2 en paseos.<\/li>\n\n\n\n<li><strong>Higiene al volver a casa:<\/strong> Cambiar la ropa y, si es posible, una ducha r\u00e1pida para eliminar restos de polen del cabello y la piel.<\/li>\n<\/ul>\n\n\n\n<p>En conclusi\u00f3n, la edad no es una barrera para la alergia. Mantenerse alerta ante estos s\u00edntomas permite mejorar dr\u00e1sticamente la <strong>calidad de vida<\/strong> de nuestros mayores, evitando que un simple polen se convierta en un problema de salud mayor.<\/p>\n\n\n\n<p>Si has visto \u00fatil este art\u00edculo sobre &#8216;\u00bfPuede ser al\u00e9rgico al polen una persona con 80 a\u00f1os?&#8217;, es muy probable que veas igual de interesante estos otros:&nbsp;<\/p>\n\n\n\n<p>&#8211;&nbsp;<a href=\"https:\/\/www.inforesidencias.com\/blog\/index.php\/2025\/04\/09\/como-afecta-la-primavera-a-las-personas-mayores-que-viven-en-residencias\/\" target=\"_blank\" rel=\"noreferrer noopener\">C\u00f3mo afecta la primavera a las personas mayores que viven en residencias<\/a><\/p>\n\n\n\n<p>&#8211;&nbsp;<a href=\"https:\/\/dependencia.info\/noticia\/7844\/salud\/infografia-sobre-como-la-primavera-afecta-a-personas-con-demencia.html?cache=true\" target=\"_blank\" rel=\"noreferrer noopener\">Infograf\u00eda sobre c\u00f3mo la primavera afecta a personas con demencia<\/a><\/p>\n","protected":false},"excerpt":{"rendered":"<p>Dice el refr\u00e1n que la primavera la sangre altera, y para quienes conviven con la alergia, esa alteraci\u00f3n es sin\u00f3nimo de un calvario de estornudos, lagrimeo y congesti\u00f3n. Sin embargo, tendemos a visualizar este cuadro en ni\u00f1os que juegan en el parque o en j\u00f3venes adultos, dejando fuera de la ecuaci\u00f3n a un colectivo que tambi\u00e9n est\u00e1 sufriendo las consecuencias de un entorno cada vez m\u00e1s hostil. Por ello, hoy en Inforesidencias nos preguntamos: \u00bfPuede ser al\u00e9rgico al polen una persona con 80 a\u00f1os? Lo cierto es que el sistema inmunitario no es una estructura est\u00e1tica que deja de evolucionar al cumplir los sesenta. Aunque tradicionalmente la salud respiratoria en la vejez se ha focalizado en patolog\u00edas cr\u00f3nicas como la EPOC o en la prevenci\u00f3n de los efectos de la gripe y otros virus, la realidad en las residencias y centros de d\u00eda est\u00e1 cambiando. Cada vez es m\u00e1s com\u00fan [&hellip;]<\/p>\n","protected":false},"author":7,"featured_media":8324,"comment_status":"open","ping_status":"open","sticky":false,"template":"","format":"standard","meta":{"footnotes":""},"categories":[1],"tags":[],"yoast_head":"<!-- This site is optimized with the Yoast SEO plugin v21.7 - https:\/\/yoast.com\/wordpress\/plugins\/seo\/ -->\n<title>\u00bfPuede ser al\u00e9rgico al polen una persona con 80 a\u00f1os? - Blog Inforesidencias.com<\/title>\n<meta name=\"description\" content=\"\u00bfPuede ser al\u00e9rgico al polen o cualquier otra sustancia una persona con 80 a\u00f1os que vive en su casa o en una residencia?\" \/>\n<meta name=\"robots\" content=\"index, follow, max-snippet:-1, max-image-preview:large, max-video-preview:-1\" \/>\n<link rel=\"canonical\" href=\"https:\/\/www.inforesidencias.com\/blog\/index.php\/2026\/04\/26\/puede-ser-alergico-al-polen-una-persona-con-80-anos\/\" \/>\n<meta property=\"og:locale\" content=\"es_ES\" \/>\n<meta property=\"og:type\" content=\"article\" \/>\n<meta property=\"og:title\" content=\"\u00bfPuede ser al\u00e9rgico al polen una persona con 80 a\u00f1os? - Blog Inforesidencias.com\" \/>\n<meta property=\"og:description\" content=\"\u00bfPuede ser al\u00e9rgico al polen o cualquier otra sustancia una persona con 80 a\u00f1os que vive en su casa o en una residencia?\" \/>\n<meta property=\"og:url\" content=\"https:\/\/www.inforesidencias.com\/blog\/index.php\/2026\/04\/26\/puede-ser-alergico-al-polen-una-persona-con-80-anos\/\" \/>\n<meta property=\"og:site_name\" content=\"Blog Inforesidencias.com\" \/>\n<meta property=\"article:publisher\" content=\"https:\/\/www.facebook.com\/Inforesidencias\/\" \/>\n<meta property=\"article:published_time\" content=\"2026-04-26T08:33:00+00:00\" \/>\n<meta property=\"article:modified_time\" content=\"2026-04-20T06:24:11+00:00\" \/>\n<meta property=\"og:image\" content=\"https:\/\/www.inforesidencias.com\/blog\/wp-content\/uploads\/2026\/04\/residencia-alergia.jpg\" \/>\n\t<meta property=\"og:image:width\" content=\"470\" \/>\n\t<meta property=\"og:image:height\" content=\"329\" \/>\n\t<meta property=\"og:image:type\" content=\"image\/jpeg\" \/>\n<meta name=\"author\" content=\"Inforesidencias.com\" \/>\n<meta name=\"twitter:card\" content=\"summary_large_image\" \/>\n<meta name=\"twitter:creator\" content=\"@inforesidencias\" \/>\n<meta name=\"twitter:site\" content=\"@inforesidencias\" \/>\n<meta name=\"twitter:label1\" content=\"Escrito por\" \/>\n\t<meta name=\"twitter:data1\" content=\"Inforesidencias.com\" \/>\n\t<meta name=\"twitter:label2\" content=\"Tiempo de lectura\" \/>\n\t<meta name=\"twitter:data2\" content=\"4 minutos\" \/>\n<script type=\"application\/ld+json\" class=\"yoast-schema-graph\">{\"@context\":\"https:\/\/schema.org\",\"@graph\":[{\"@type\":\"WebPage\",\"@id\":\"https:\/\/www.inforesidencias.com\/blog\/index.php\/2026\/04\/26\/puede-ser-alergico-al-polen-una-persona-con-80-anos\/\",\"url\":\"https:\/\/www.inforesidencias.com\/blog\/index.php\/2026\/04\/26\/puede-ser-alergico-al-polen-una-persona-con-80-anos\/\",\"name\":\"\u00bfPuede ser al\u00e9rgico al polen una persona con 80 a\u00f1os? - Blog Inforesidencias.com\",\"isPartOf\":{\"@id\":\"https:\/\/www.inforesidencias.com\/blog\/#website\"},\"datePublished\":\"2026-04-26T08:33:00+00:00\",\"dateModified\":\"2026-04-20T06:24:11+00:00\",\"author\":{\"@id\":\"https:\/\/www.inforesidencias.com\/blog\/#\/schema\/person\/4137928ac9e11813f9d22c7eca99e8c6\"},\"description\":\"\u00bfPuede ser al\u00e9rgico al polen o cualquier otra sustancia una persona con 80 a\u00f1os que vive en su casa o en una residencia?\",\"breadcrumb\":{\"@id\":\"https:\/\/www.inforesidencias.com\/blog\/index.php\/2026\/04\/26\/puede-ser-alergico-al-polen-una-persona-con-80-anos\/#breadcrumb\"},\"inLanguage\":\"es\",\"potentialAction\":[{\"@type\":\"ReadAction\",\"target\":[\"https:\/\/www.inforesidencias.com\/blog\/index.php\/2026\/04\/26\/puede-ser-alergico-al-polen-una-persona-con-80-anos\/\"]}]},{\"@type\":\"BreadcrumbList\",\"@id\":\"https:\/\/www.inforesidencias.com\/blog\/index.php\/2026\/04\/26\/puede-ser-alergico-al-polen-una-persona-con-80-anos\/#breadcrumb\",\"itemListElement\":[{\"@type\":\"ListItem\",\"position\":1,\"name\":\"Home\",\"item\":\"https:\/\/www.inforesidencias.com\/blog\/\"},{\"@type\":\"ListItem\",\"position\":2,\"name\":\"\u00bfPuede ser al\u00e9rgico al polen una persona con 80 a\u00f1os?\"}]},{\"@type\":\"WebSite\",\"@id\":\"https:\/\/www.inforesidencias.com\/blog\/#website\",\"url\":\"https:\/\/www.inforesidencias.com\/blog\/\",\"name\":\"Blog Inforesidencias.com\",\"description\":\"El buscador de residencias de la 3\u00aa edad\",\"potentialAction\":[{\"@type\":\"SearchAction\",\"target\":{\"@type\":\"EntryPoint\",\"urlTemplate\":\"https:\/\/www.inforesidencias.com\/blog\/?s={search_term_string}\"},\"query-input\":\"required name=search_term_string\"}],\"inLanguage\":\"es\"},{\"@type\":\"Person\",\"@id\":\"https:\/\/www.inforesidencias.com\/blog\/#\/schema\/person\/4137928ac9e11813f9d22c7eca99e8c6\",\"name\":\"Inforesidencias.com\",\"image\":{\"@type\":\"ImageObject\",\"inLanguage\":\"es\",\"@id\":\"https:\/\/www.inforesidencias.com\/blog\/#\/schema\/person\/image\/\",\"url\":\"https:\/\/secure.gravatar.com\/avatar\/2092a1175202f080ba451797bc271678?s=96&d=mm&r=g\",\"contentUrl\":\"https:\/\/secure.gravatar.com\/avatar\/2092a1175202f080ba451797bc271678?s=96&d=mm&r=g\",\"caption\":\"Inforesidencias.com\"},\"url\":\"https:\/\/www.inforesidencias.com\/blog\/index.php\/author\/javier-camara\/\"}]}<\/script>\n<!-- \/ Yoast SEO plugin. -->","yoast_head_json":{"title":"\u00bfPuede ser al\u00e9rgico al polen una persona con 80 a\u00f1os? - Blog Inforesidencias.com","description":"\u00bfPuede ser al\u00e9rgico al polen o cualquier otra sustancia una persona con 80 a\u00f1os que vive en su casa o en una residencia?","robots":{"index":"index","follow":"follow","max-snippet":"max-snippet:-1","max-image-preview":"max-image-preview:large","max-video-preview":"max-video-preview:-1"},"canonical":"https:\/\/www.inforesidencias.com\/blog\/index.php\/2026\/04\/26\/puede-ser-alergico-al-polen-una-persona-con-80-anos\/","og_locale":"es_ES","og_type":"article","og_title":"\u00bfPuede ser al\u00e9rgico al polen una persona con 80 a\u00f1os? - Blog Inforesidencias.com","og_description":"\u00bfPuede ser al\u00e9rgico al polen o cualquier otra sustancia una persona con 80 a\u00f1os que vive en su casa o en una residencia?","og_url":"https:\/\/www.inforesidencias.com\/blog\/index.php\/2026\/04\/26\/puede-ser-alergico-al-polen-una-persona-con-80-anos\/","og_site_name":"Blog Inforesidencias.com","article_publisher":"https:\/\/www.facebook.com\/Inforesidencias\/","article_published_time":"2026-04-26T08:33:00+00:00","article_modified_time":"2026-04-20T06:24:11+00:00","og_image":[{"width":470,"height":329,"url":"https:\/\/www.inforesidencias.com\/blog\/wp-content\/uploads\/2026\/04\/residencia-alergia.jpg","type":"image\/jpeg"}],"author":"Inforesidencias.com","twitter_card":"summary_large_image","twitter_creator":"@inforesidencias","twitter_site":"@inforesidencias","twitter_misc":{"Escrito por":"Inforesidencias.com","Tiempo de lectura":"4 minutos"},"schema":{"@context":"https:\/\/schema.org","@graph":[{"@type":"WebPage","@id":"https:\/\/www.inforesidencias.com\/blog\/index.php\/2026\/04\/26\/puede-ser-alergico-al-polen-una-persona-con-80-anos\/","url":"https:\/\/www.inforesidencias.com\/blog\/index.php\/2026\/04\/26\/puede-ser-alergico-al-polen-una-persona-con-80-anos\/","name":"\u00bfPuede ser al\u00e9rgico al polen una persona con 80 a\u00f1os? - Blog Inforesidencias.com","isPartOf":{"@id":"https:\/\/www.inforesidencias.com\/blog\/#website"},"datePublished":"2026-04-26T08:33:00+00:00","dateModified":"2026-04-20T06:24:11+00:00","author":{"@id":"https:\/\/www.inforesidencias.com\/blog\/#\/schema\/person\/4137928ac9e11813f9d22c7eca99e8c6"},"description":"\u00bfPuede ser al\u00e9rgico al polen o cualquier otra sustancia una persona con 80 a\u00f1os que vive en su casa o en una residencia?","breadcrumb":{"@id":"https:\/\/www.inforesidencias.com\/blog\/index.php\/2026\/04\/26\/puede-ser-alergico-al-polen-una-persona-con-80-anos\/#breadcrumb"},"inLanguage":"es","potentialAction":[{"@type":"ReadAction","target":["https:\/\/www.inforesidencias.com\/blog\/index.php\/2026\/04\/26\/puede-ser-alergico-al-polen-una-persona-con-80-anos\/"]}]},{"@type":"BreadcrumbList","@id":"https:\/\/www.inforesidencias.com\/blog\/index.php\/2026\/04\/26\/puede-ser-alergico-al-polen-una-persona-con-80-anos\/#breadcrumb","itemListElement":[{"@type":"ListItem","position":1,"name":"Home","item":"https:\/\/www.inforesidencias.com\/blog\/"},{"@type":"ListItem","position":2,"name":"\u00bfPuede ser al\u00e9rgico al polen una persona con 80 a\u00f1os?"}]},{"@type":"WebSite","@id":"https:\/\/www.inforesidencias.com\/blog\/#website","url":"https:\/\/www.inforesidencias.com\/blog\/","name":"Blog Inforesidencias.com","description":"El buscador de residencias de la 3\u00aa edad","potentialAction":[{"@type":"SearchAction","target":{"@type":"EntryPoint","urlTemplate":"https:\/\/www.inforesidencias.com\/blog\/?s={search_term_string}"},"query-input":"required name=search_term_string"}],"inLanguage":"es"},{"@type":"Person","@id":"https:\/\/www.inforesidencias.com\/blog\/#\/schema\/person\/4137928ac9e11813f9d22c7eca99e8c6","name":"Inforesidencias.com","image":{"@type":"ImageObject","inLanguage":"es","@id":"https:\/\/www.inforesidencias.com\/blog\/#\/schema\/person\/image\/","url":"https:\/\/secure.gravatar.com\/avatar\/2092a1175202f080ba451797bc271678?s=96&d=mm&r=g","contentUrl":"https:\/\/secure.gravatar.com\/avatar\/2092a1175202f080ba451797bc271678?s=96&d=mm&r=g","caption":"Inforesidencias.com"},"url":"https:\/\/www.inforesidencias.com\/blog\/index.php\/author\/javier-camara\/"}]}},"_links":{"self":[{"href":"https:\/\/www.inforesidencias.com\/blog\/index.php\/wp-json\/wp\/v2\/posts\/8322"}],"collection":[{"href":"https:\/\/www.inforesidencias.com\/blog\/index.php\/wp-json\/wp\/v2\/posts"}],"about":[{"href":"https:\/\/www.inforesidencias.com\/blog\/index.php\/wp-json\/wp\/v2\/types\/post"}],"author":[{"embeddable":true,"href":"https:\/\/www.inforesidencias.com\/blog\/index.php\/wp-json\/wp\/v2\/users\/7"}],"replies":[{"embeddable":true,"href":"https:\/\/www.inforesidencias.com\/blog\/index.php\/wp-json\/wp\/v2\/comments?post=8322"}],"version-history":[{"count":3,"href":"https:\/\/www.inforesidencias.com\/blog\/index.php\/wp-json\/wp\/v2\/posts\/8322\/revisions"}],"predecessor-version":[{"id":8326,"href":"https:\/\/www.inforesidencias.com\/blog\/index.php\/wp-json\/wp\/v2\/posts\/8322\/revisions\/8326"}],"wp:featuredmedia":[{"embeddable":true,"href":"https:\/\/www.inforesidencias.com\/blog\/index.php\/wp-json\/wp\/v2\/media\/8324"}],"wp:attachment":[{"href":"https:\/\/www.inforesidencias.com\/blog\/index.php\/wp-json\/wp\/v2\/media?parent=8322"}],"wp:term":[{"taxonomy":"category","embeddable":true,"href":"https:\/\/www.inforesidencias.com\/blog\/index.php\/wp-json\/wp\/v2\/categories?post=8322"},{"taxonomy":"post_tag","embeddable":true,"href":"https:\/\/www.inforesidencias.com\/blog\/index.php\/wp-json\/wp\/v2\/tags?post=8322"}],"curies":[{"name":"wp","href":"https:\/\/api.w.org\/{rel}","templated":true}]}}