{"id":8389,"date":"2026-08-31T08:45:00","date_gmt":"2026-08-31T07:45:00","guid":{"rendered":"https:\/\/www.inforesidencias.com\/blog\/?p=8389"},"modified":"2026-07-27T13:56:40","modified_gmt":"2026-07-27T12:56:40","slug":"mas-de-500-nuevos-proyectos-dibujan-el-futuro-de-la-atencion-a-las-personas-mayores-en-espana","status":"publish","type":"post","link":"https:\/\/www.inforesidencias.com\/blog\/index.php\/2026\/08\/31\/mas-de-500-nuevos-proyectos-dibujan-el-futuro-de-la-atencion-a-las-personas-mayores-en-espana\/","title":{"rendered":"M\u00e1s de 500 nuevos proyectos dibujan el futuro de la atenci\u00f3n a las personas mayores en Espa\u00f1a"},"content":{"rendered":"\n<p>M\u00e1s de 500 nuevos proyectos dibujan el futuro de la atenci\u00f3n a las personas mayores en Espa\u00f1a. Nuestro pa\u00eds est\u00e1 inmerso en una de las mayores oleadas de inversi\u00f3n geri\u00e1trica de las \u00faltimas d\u00e9cadas. Un <a href=\"https:\/\/www.alimarket.es\/sanidad\/informe\/427366\/informe-2026-de-proyectos-geriatricos-en-espana\">reciente informe de Alimarket <\/a>cifra en 528 los proyectos de nuevas residencias y viviendas con servicios actualmente previstos en nuestro pa\u00eds. En conjunto supondr\u00e1n la creaci\u00f3n de m\u00e1s de 46.500 plazas durante los pr\u00f3ximos a\u00f1os. No hablamos \u00fanicamente de edificios en construcci\u00f3n. Estamos ante una transformaci\u00f3n profunda del modelo de atenci\u00f3n a las personas mayores y una respuesta cada vez m\u00e1s decidida al envejecimiento de la poblaci\u00f3n.<\/p>\n\n\n\n<h2 class=\"wp-block-heading\">Una inversi\u00f3n repartida por toda Espa\u00f1a<\/h2>\n\n\n\n<p>Lo primero que llama la atenci\u00f3n es que este crecimiento no responde a una \u00fanica comunidad aut\u00f3noma. Tampoco se trata de una iniciativa aislada. Andaluc\u00eda encabeza el n\u00famero de proyectos previstos. Le siguen Catalu\u00f1a y la Comunidad de Madrid. Galicia, la Comunidad Valenciana, Castilla-La Mancha y Castilla y Le\u00f3n tambi\u00e9n presentan un importante volumen de nuevas iniciativas. Incluso comunidades con menor poblaci\u00f3n, como Baleares, Asturias, Extremadura o Cantabria, mantienen planes para ampliar plazas y construir nuevos centros. Las necesidades aparecen tanto en las grandes capitales como en municipios medianos y peque\u00f1os. En estos \u00faltimos, una residencia supone mucho m\u00e1s que un recurso asistencial. Representa la posibilidad de que las personas mayores puedan seguir viviendo cerca de su entorno y de su familia.<\/p>\n\n\n\n<p>En definitiva, <strong>m\u00e1s de 500 nuevos proyectos dibujan el futuro de la atenci\u00f3n a las personas mayores en Espa\u00f1a<\/strong> y ponen de manifiesto que el pa\u00eds se sigue preparando para responder a uno de los mayores retos demogr\u00e1ficos de las pr\u00f3ximas d\u00e9cadas.<\/p>\n\n\n\n<p>Otro aspecto especialmente interesante del estudio es conocer qui\u00e9n est\u00e1 impulsando esta transformaci\u00f3n. Durante los \u00faltimos a\u00f1os exist\u00eda la sensaci\u00f3n de que el desarrollo del sector depend\u00eda casi exclusivamente de los grandes grupos privados. Sin embargo, la realidad actual es mucho m\u00e1s diversa. Los proyectos promovidos por ayuntamientos, diputaciones, fundaciones, cooperativas y entidades del tercer sector tambi\u00e9n crecen a buen ritmo. En muchos municipios son las propias administraciones locales quienes promueven nuevas residencias para evitar que sus vecinos tengan que abandonar la poblaci\u00f3n cuando aparece una situaci\u00f3n de dependencia. En otros casos son entidades sociales las que desarrollan iniciativas con una fuerte vinculaci\u00f3n territorial.<\/p>\n\n\n\n<figure class=\"wp-block-image size-large is-resized\"><a href=\"https:\/\/www.inforesidencias.com\/blog\/wp-content\/uploads\/2026\/06\/nuevos-proyectos-dibujan-el-futuro-de-la-atencio\u0301n-a-las-personas-mayores-en-Espan\u0303a.png\"><img decoding=\"async\" loading=\"lazy\" width=\"1024\" height=\"673\" src=\"https:\/\/www.inforesidencias.com\/blog\/wp-content\/uploads\/2026\/06\/nuevos-proyectos-dibujan-el-futuro-de-la-atencio\u0301n-a-las-personas-mayores-en-Espan\u0303a-1024x673.png\" alt=\"nuevos proyectos dibujan el futuro de la atenci\u00f3n a las personas mayores \" class=\"wp-image-8390\" style=\"aspect-ratio:1.5215453194650816;width:460px;height:auto\" srcset=\"https:\/\/www.inforesidencias.com\/blog\/wp-content\/uploads\/2026\/06\/nuevos-proyectos-dibujan-el-futuro-de-la-atencio\u0301n-a-las-personas-mayores-en-Espan\u0303a-1024x673.png 1024w, https:\/\/www.inforesidencias.com\/blog\/wp-content\/uploads\/2026\/06\/nuevos-proyectos-dibujan-el-futuro-de-la-atencio\u0301n-a-las-personas-mayores-en-Espan\u0303a-300x197.png 300w, https:\/\/www.inforesidencias.com\/blog\/wp-content\/uploads\/2026\/06\/nuevos-proyectos-dibujan-el-futuro-de-la-atencio\u0301n-a-las-personas-mayores-en-Espan\u0303a-768x504.png 768w, https:\/\/www.inforesidencias.com\/blog\/wp-content\/uploads\/2026\/06\/nuevos-proyectos-dibujan-el-futuro-de-la-atencio\u0301n-a-las-personas-mayores-en-Espan\u0303a-1536x1009.png 1536w, https:\/\/www.inforesidencias.com\/blog\/wp-content\/uploads\/2026\/06\/nuevos-proyectos-dibujan-el-futuro-de-la-atencio\u0301n-a-las-personas-mayores-en-Espan\u0303a-2048x1345.png 2048w\" sizes=\"(max-width: 1024px) 100vw, 1024px\" \/><\/a><\/figure>\n\n\n\n<p>El informe de Alimarket tambi\u00e9n refleja el esfuerzo que est\u00e1n realizando distintas comunidades aut\u00f3nomas para incrementar la oferta de plazas. Lo hacen mediante nuevos centros, ampliaciones de residencias existentes o colaboraciones con entidades especializadas. Esta apuesta institucional demuestra que el envejecimiento ya forma parte de la planificaci\u00f3n de las administraciones p\u00fablicas.<\/p>\n\n\n\n<p>Junto a la iniciativa p\u00fablica, los operadores privados contin\u00faan desempe\u00f1ando un papel protagonista. El informe muestra c\u00f3mo grupos consolidados mantienen importantes planes de expansi\u00f3n mientras nuevos inversores siguen apostando por este \u00e1mbito. Que contin\u00faen desarroll\u00e1ndose proyectos de esta magnitud significa que existe confianza en el futuro del sector. Tambi\u00e9n demuestra que la demanda seguir\u00e1 creciendo durante las pr\u00f3ximas d\u00e9cadas.<\/p>\n\n\n\n<h2 class=\"wp-block-heading\">El reto no es solo construir, sino cuidar mejor<\/h2>\n\n\n\n<p>M\u00e1s all\u00e1 del n\u00famero de nuevas residencias, resulta interesante analizar c\u00f3mo ser\u00e1n estos centros. La mayor\u00eda de los proyectos incorporan conceptos diferentes a los tradicionales. Destacan las unidades de convivencia de menor tama\u00f1o, las habitaciones individuales, los jardines terap\u00e9uticos, los espacios abiertos al barrio, la tecnolog\u00eda para favorecer la autonom\u00eda y nuevas f\u00f3rmulas residenciales como las viviendas con servicios o el <em>senior living<\/em>. El objetivo ya no consiste \u00fanicamente en ofrecer cuidados. Tambi\u00e9n se busca crear entornos donde las personas puedan seguir desarrollando su proyecto vital el mayor tiempo posible.<\/p>\n\n\n\n<p>El estudio muestra adem\u00e1s que las residencias seguir\u00e1n siendo imprescindibles. Al mismo tiempo convivir\u00e1n con otros recursos capaces de ofrecer respuestas m\u00e1s adaptadas a cada situaci\u00f3n. Apartamentos con servicios, viviendas supervisadas, complejos intergeneracionales o modelos h\u00edbridos forman ya parte de la planificaci\u00f3n de numerosos promotores. Esta diversificaci\u00f3n responde a una realidad evidente: no todas las personas mayores tienen las mismas necesidades ni requieren el mismo nivel de apoyo. Disponer de diferentes alternativas facilitar\u00e1 que cada persona pueda elegir el recurso que mejor se adapte a su autonom\u00eda y a su proyecto de vida.<\/p>\n\n\n\n<p>Naturalmente, construir nuevos edificios no resolver\u00e1 por s\u00ed solo todos los retos pendientes. La disponibilidad de profesionales seguir\u00e1 siendo probablemente el principal desaf\u00edo. <a href=\"https:\/\/trabajo.inforesidencias.com\/bolsa\/ofertas-de-trabajo\">Har\u00e1n falta miles de gerocultores, enfermeras, fisioterapeutas y otros perfiles especializados para poner en funcionamiento todos estos proyectos. Tambi\u00e9n ser\u00e1 necesario mejorar la financiaci\u00f3n p\u00fablica, revisar el precio de las plazas concertadas y seguir avanzando hacia modelos organizativos que permitan ofrecer una atenci\u00f3n cada vez m\u00e1s personalizad<\/a>a. En otras palabras, cantidad y calidad deber\u00e1n avanzar de la mano.<\/p>\n\n\n\n<p>Una vez le\u00eddo este articulo sobre  qu\u00e9 nuevos proyectos dibujan el futuro de la atenci\u00f3n a las personas mayores en Espa\u00f1a, te puede interesar<\/p>\n\n\n\n<p><a href=\"http:\/\/nuevos proyectos dibujan el futuro de la atenci\u00f3n a las personas mayores en Espa\u00f1a\">Las residencias del futuro. \u00bfC\u00f3mo ser\u00e1n?<\/a><\/p>\n","protected":false},"excerpt":{"rendered":"<p>M\u00e1s de 500 nuevos proyectos dibujan el futuro de la atenci\u00f3n a las personas mayores en Espa\u00f1a. Nuestro pa\u00eds est\u00e1 inmerso en una de las mayores oleadas de inversi\u00f3n geri\u00e1trica de las \u00faltimas d\u00e9cadas. Un reciente informe de Alimarket cifra en 528 los proyectos de nuevas residencias y viviendas con servicios actualmente previstos en nuestro pa\u00eds. En conjunto supondr\u00e1n la creaci\u00f3n de m\u00e1s de 46.500 plazas durante los pr\u00f3ximos a\u00f1os. No hablamos \u00fanicamente de edificios en construcci\u00f3n. Estamos ante una transformaci\u00f3n profunda del modelo de atenci\u00f3n a las personas mayores y una respuesta cada vez m\u00e1s decidida al envejecimiento de la poblaci\u00f3n. Una inversi\u00f3n repartida por toda Espa\u00f1a Lo primero que llama la atenci\u00f3n es que este crecimiento no responde a una \u00fanica comunidad aut\u00f3noma. Tampoco se trata de una iniciativa aislada. Andaluc\u00eda encabeza el n\u00famero de proyectos previstos. Le siguen Catalu\u00f1a y la Comunidad de Madrid. Galicia, la Comunidad [&hellip;]<\/p>\n","protected":false},"author":6,"featured_media":8390,"comment_status":"open","ping_status":"open","sticky":false,"template":"","format":"standard","meta":{"footnotes":""},"categories":[1],"tags":[],"yoast_head":"<!-- This site is optimized with the Yoast SEO plugin v21.7 - https:\/\/yoast.com\/wordpress\/plugins\/seo\/ -->\n<title>M\u00e1s de 500 nuevos proyectos dibujan el futuro de la atenci\u00f3n a las personas mayores en Espa\u00f1a - Blog Inforesidencias.com<\/title>\n<meta name=\"description\" content=\"M\u00e1s de 500 nuevos proyectos dibujan el futuro de la atenci\u00f3n a las personas mayores con residencias y viviendas con servicios\" \/>\n<meta name=\"robots\" content=\"index, follow, max-snippet:-1, max-image-preview:large, max-video-preview:-1\" \/>\n<link rel=\"canonical\" href=\"https:\/\/www.inforesidencias.com\/blog\/index.php\/2026\/08\/31\/mas-de-500-nuevos-proyectos-dibujan-el-futuro-de-la-atencion-a-las-personas-mayores-en-espana\/\" \/>\n<meta property=\"og:locale\" content=\"es_ES\" \/>\n<meta property=\"og:type\" content=\"article\" \/>\n<meta property=\"og:title\" content=\"M\u00e1s de 500 nuevos proyectos dibujan el futuro de la atenci\u00f3n a las personas mayores en Espa\u00f1a - Blog Inforesidencias.com\" \/>\n<meta property=\"og:description\" content=\"M\u00e1s de 500 nuevos proyectos dibujan el futuro de la atenci\u00f3n a las personas mayores con residencias y viviendas con servicios\" \/>\n<meta property=\"og:url\" content=\"https:\/\/www.inforesidencias.com\/blog\/index.php\/2026\/08\/31\/mas-de-500-nuevos-proyectos-dibujan-el-futuro-de-la-atencion-a-las-personas-mayores-en-espana\/\" \/>\n<meta property=\"og:site_name\" content=\"Blog Inforesidencias.com\" \/>\n<meta property=\"article:publisher\" content=\"https:\/\/www.facebook.com\/Inforesidencias\/\" \/>\n<meta property=\"article:published_time\" content=\"2026-08-31T07:45:00+00:00\" \/>\n<meta property=\"article:modified_time\" content=\"2026-07-27T12:56:40+00:00\" \/>\n<meta property=\"og:image\" content=\"https:\/\/www.inforesidencias.com\/blog\/wp-content\/uploads\/2026\/06\/nuevos-proyectos-dibujan-el-futuro-de-la-atencio\u0301n-a-las-personas-mayores-en-Espan\u0303a-1024x673.png\" \/>\n\t<meta property=\"og:image:width\" content=\"1024\" \/>\n\t<meta property=\"og:image:height\" content=\"673\" \/>\n\t<meta property=\"og:image:type\" content=\"image\/png\" \/>\n<meta name=\"author\" content=\"Carles Reixach\" \/>\n<meta name=\"twitter:card\" content=\"summary_large_image\" \/>\n<meta name=\"twitter:creator\" content=\"@blog-ir\" \/>\n<meta name=\"twitter:site\" content=\"@inforesidencias\" \/>\n<meta name=\"twitter:label1\" content=\"Escrito por\" \/>\n\t<meta name=\"twitter:data1\" content=\"Carles Reixach\" \/>\n\t<meta name=\"twitter:label2\" content=\"Tiempo de lectura\" \/>\n\t<meta name=\"twitter:data2\" content=\"5 minutos\" \/>\n<script type=\"application\/ld+json\" class=\"yoast-schema-graph\">{\"@context\":\"https:\/\/schema.org\",\"@graph\":[{\"@type\":\"WebPage\",\"@id\":\"https:\/\/www.inforesidencias.com\/blog\/index.php\/2026\/08\/31\/mas-de-500-nuevos-proyectos-dibujan-el-futuro-de-la-atencion-a-las-personas-mayores-en-espana\/\",\"url\":\"https:\/\/www.inforesidencias.com\/blog\/index.php\/2026\/08\/31\/mas-de-500-nuevos-proyectos-dibujan-el-futuro-de-la-atencion-a-las-personas-mayores-en-espana\/\",\"name\":\"M\u00e1s de 500 nuevos proyectos dibujan el futuro de la atenci\u00f3n a las personas mayores en Espa\u00f1a - Blog Inforesidencias.com\",\"isPartOf\":{\"@id\":\"https:\/\/www.inforesidencias.com\/blog\/#website\"},\"datePublished\":\"2026-08-31T07:45:00+00:00\",\"dateModified\":\"2026-07-27T12:56:40+00:00\",\"author\":{\"@id\":\"https:\/\/www.inforesidencias.com\/blog\/#\/schema\/person\/90ec02c0eaf05c8c2260bd3cb30ff126\"},\"description\":\"M\u00e1s de 500 nuevos proyectos dibujan el futuro de la atenci\u00f3n a las personas mayores con residencias y viviendas con servicios\",\"breadcrumb\":{\"@id\":\"https:\/\/www.inforesidencias.com\/blog\/index.php\/2026\/08\/31\/mas-de-500-nuevos-proyectos-dibujan-el-futuro-de-la-atencion-a-las-personas-mayores-en-espana\/#breadcrumb\"},\"inLanguage\":\"es\",\"potentialAction\":[{\"@type\":\"ReadAction\",\"target\":[\"https:\/\/www.inforesidencias.com\/blog\/index.php\/2026\/08\/31\/mas-de-500-nuevos-proyectos-dibujan-el-futuro-de-la-atencion-a-las-personas-mayores-en-espana\/\"]}]},{\"@type\":\"BreadcrumbList\",\"@id\":\"https:\/\/www.inforesidencias.com\/blog\/index.php\/2026\/08\/31\/mas-de-500-nuevos-proyectos-dibujan-el-futuro-de-la-atencion-a-las-personas-mayores-en-espana\/#breadcrumb\",\"itemListElement\":[{\"@type\":\"ListItem\",\"position\":1,\"name\":\"Home\",\"item\":\"https:\/\/www.inforesidencias.com\/blog\/\"},{\"@type\":\"ListItem\",\"position\":2,\"name\":\"M\u00e1s de 500 nuevos proyectos dibujan el futuro de la atenci\u00f3n a las personas mayores en Espa\u00f1a\"}]},{\"@type\":\"WebSite\",\"@id\":\"https:\/\/www.inforesidencias.com\/blog\/#website\",\"url\":\"https:\/\/www.inforesidencias.com\/blog\/\",\"name\":\"Blog Inforesidencias.com\",\"description\":\"El buscador de residencias de la 3\u00aa edad\",\"potentialAction\":[{\"@type\":\"SearchAction\",\"target\":{\"@type\":\"EntryPoint\",\"urlTemplate\":\"https:\/\/www.inforesidencias.com\/blog\/?s={search_term_string}\"},\"query-input\":\"required name=search_term_string\"}],\"inLanguage\":\"es\"},{\"@type\":\"Person\",\"@id\":\"https:\/\/www.inforesidencias.com\/blog\/#\/schema\/person\/90ec02c0eaf05c8c2260bd3cb30ff126\",\"name\":\"Carles Reixach\",\"image\":{\"@type\":\"ImageObject\",\"inLanguage\":\"es\",\"@id\":\"https:\/\/www.inforesidencias.com\/blog\/#\/schema\/person\/image\/\",\"url\":\"https:\/\/secure.gravatar.com\/avatar\/fb527b07d09398462de613ba8a48e61f?s=96&d=mm&r=g\",\"contentUrl\":\"https:\/\/secure.gravatar.com\/avatar\/fb527b07d09398462de613ba8a48e61f?s=96&d=mm&r=g\",\"caption\":\"Carles Reixach\"},\"sameAs\":[\"https:\/\/twitter.com\/blog-ir\"],\"url\":\"https:\/\/www.inforesidencias.com\/blog\/index.php\/author\/carles\/\"}]}<\/script>\n<!-- \/ Yoast SEO plugin. -->","yoast_head_json":{"title":"M\u00e1s de 500 nuevos proyectos dibujan el futuro de la atenci\u00f3n a las personas mayores en Espa\u00f1a - Blog Inforesidencias.com","description":"M\u00e1s de 500 nuevos proyectos dibujan el futuro de la atenci\u00f3n a las personas mayores con residencias y viviendas con servicios","robots":{"index":"index","follow":"follow","max-snippet":"max-snippet:-1","max-image-preview":"max-image-preview:large","max-video-preview":"max-video-preview:-1"},"canonical":"https:\/\/www.inforesidencias.com\/blog\/index.php\/2026\/08\/31\/mas-de-500-nuevos-proyectos-dibujan-el-futuro-de-la-atencion-a-las-personas-mayores-en-espana\/","og_locale":"es_ES","og_type":"article","og_title":"M\u00e1s de 500 nuevos proyectos dibujan el futuro de la atenci\u00f3n a las personas mayores en Espa\u00f1a - Blog Inforesidencias.com","og_description":"M\u00e1s de 500 nuevos proyectos dibujan el futuro de la atenci\u00f3n a las personas mayores con residencias y viviendas con servicios","og_url":"https:\/\/www.inforesidencias.com\/blog\/index.php\/2026\/08\/31\/mas-de-500-nuevos-proyectos-dibujan-el-futuro-de-la-atencion-a-las-personas-mayores-en-espana\/","og_site_name":"Blog Inforesidencias.com","article_publisher":"https:\/\/www.facebook.com\/Inforesidencias\/","article_published_time":"2026-08-31T07:45:00+00:00","article_modified_time":"2026-07-27T12:56:40+00:00","og_image":[{"width":1024,"height":673,"url":"https:\/\/www.inforesidencias.com\/blog\/wp-content\/uploads\/2026\/06\/nuevos-proyectos-dibujan-el-futuro-de-la-atencio\u0301n-a-las-personas-mayores-en-Espan\u0303a-1024x673.png","type":"image\/png"}],"author":"Carles Reixach","twitter_card":"summary_large_image","twitter_creator":"@blog-ir","twitter_site":"@inforesidencias","twitter_misc":{"Escrito por":"Carles Reixach","Tiempo de lectura":"5 minutos"},"schema":{"@context":"https:\/\/schema.org","@graph":[{"@type":"WebPage","@id":"https:\/\/www.inforesidencias.com\/blog\/index.php\/2026\/08\/31\/mas-de-500-nuevos-proyectos-dibujan-el-futuro-de-la-atencion-a-las-personas-mayores-en-espana\/","url":"https:\/\/www.inforesidencias.com\/blog\/index.php\/2026\/08\/31\/mas-de-500-nuevos-proyectos-dibujan-el-futuro-de-la-atencion-a-las-personas-mayores-en-espana\/","name":"M\u00e1s de 500 nuevos proyectos dibujan el futuro de la atenci\u00f3n a las personas mayores en Espa\u00f1a - Blog Inforesidencias.com","isPartOf":{"@id":"https:\/\/www.inforesidencias.com\/blog\/#website"},"datePublished":"2026-08-31T07:45:00+00:00","dateModified":"2026-07-27T12:56:40+00:00","author":{"@id":"https:\/\/www.inforesidencias.com\/blog\/#\/schema\/person\/90ec02c0eaf05c8c2260bd3cb30ff126"},"description":"M\u00e1s de 500 nuevos proyectos dibujan el futuro de la atenci\u00f3n a las personas mayores con residencias y viviendas con servicios","breadcrumb":{"@id":"https:\/\/www.inforesidencias.com\/blog\/index.php\/2026\/08\/31\/mas-de-500-nuevos-proyectos-dibujan-el-futuro-de-la-atencion-a-las-personas-mayores-en-espana\/#breadcrumb"},"inLanguage":"es","potentialAction":[{"@type":"ReadAction","target":["https:\/\/www.inforesidencias.com\/blog\/index.php\/2026\/08\/31\/mas-de-500-nuevos-proyectos-dibujan-el-futuro-de-la-atencion-a-las-personas-mayores-en-espana\/"]}]},{"@type":"BreadcrumbList","@id":"https:\/\/www.inforesidencias.com\/blog\/index.php\/2026\/08\/31\/mas-de-500-nuevos-proyectos-dibujan-el-futuro-de-la-atencion-a-las-personas-mayores-en-espana\/#breadcrumb","itemListElement":[{"@type":"ListItem","position":1,"name":"Home","item":"https:\/\/www.inforesidencias.com\/blog\/"},{"@type":"ListItem","position":2,"name":"M\u00e1s de 500 nuevos proyectos dibujan el futuro de la atenci\u00f3n a las personas mayores en Espa\u00f1a"}]},{"@type":"WebSite","@id":"https:\/\/www.inforesidencias.com\/blog\/#website","url":"https:\/\/www.inforesidencias.com\/blog\/","name":"Blog Inforesidencias.com","description":"El buscador de residencias de la 3\u00aa edad","potentialAction":[{"@type":"SearchAction","target":{"@type":"EntryPoint","urlTemplate":"https:\/\/www.inforesidencias.com\/blog\/?s={search_term_string}"},"query-input":"required name=search_term_string"}],"inLanguage":"es"},{"@type":"Person","@id":"https:\/\/www.inforesidencias.com\/blog\/#\/schema\/person\/90ec02c0eaf05c8c2260bd3cb30ff126","name":"Carles Reixach","image":{"@type":"ImageObject","inLanguage":"es","@id":"https:\/\/www.inforesidencias.com\/blog\/#\/schema\/person\/image\/","url":"https:\/\/secure.gravatar.com\/avatar\/fb527b07d09398462de613ba8a48e61f?s=96&d=mm&r=g","contentUrl":"https:\/\/secure.gravatar.com\/avatar\/fb527b07d09398462de613ba8a48e61f?s=96&d=mm&r=g","caption":"Carles Reixach"},"sameAs":["https:\/\/twitter.com\/blog-ir"],"url":"https:\/\/www.inforesidencias.com\/blog\/index.php\/author\/carles\/"}]}},"_links":{"self":[{"href":"https:\/\/www.inforesidencias.com\/blog\/index.php\/wp-json\/wp\/v2\/posts\/8389"}],"collection":[{"href":"https:\/\/www.inforesidencias.com\/blog\/index.php\/wp-json\/wp\/v2\/posts"}],"about":[{"href":"https:\/\/www.inforesidencias.com\/blog\/index.php\/wp-json\/wp\/v2\/types\/post"}],"author":[{"embeddable":true,"href":"https:\/\/www.inforesidencias.com\/blog\/index.php\/wp-json\/wp\/v2\/users\/6"}],"replies":[{"embeddable":true,"href":"https:\/\/www.inforesidencias.com\/blog\/index.php\/wp-json\/wp\/v2\/comments?post=8389"}],"version-history":[{"count":3,"href":"https:\/\/www.inforesidencias.com\/blog\/index.php\/wp-json\/wp\/v2\/posts\/8389\/revisions"}],"predecessor-version":[{"id":8393,"href":"https:\/\/www.inforesidencias.com\/blog\/index.php\/wp-json\/wp\/v2\/posts\/8389\/revisions\/8393"}],"wp:featuredmedia":[{"embeddable":true,"href":"https:\/\/www.inforesidencias.com\/blog\/index.php\/wp-json\/wp\/v2\/media\/8390"}],"wp:attachment":[{"href":"https:\/\/www.inforesidencias.com\/blog\/index.php\/wp-json\/wp\/v2\/media?parent=8389"}],"wp:term":[{"taxonomy":"category","embeddable":true,"href":"https:\/\/www.inforesidencias.com\/blog\/index.php\/wp-json\/wp\/v2\/categories?post=8389"},{"taxonomy":"post_tag","embeddable":true,"href":"https:\/\/www.inforesidencias.com\/blog\/index.php\/wp-json\/wp\/v2\/tags?post=8389"}],"curies":[{"name":"wp","href":"https:\/\/api.w.org\/{rel}","templated":true}]}}