{"id":8465,"date":"2026-09-04T08:12:00","date_gmt":"2026-09-04T07:12:00","guid":{"rendered":"https:\/\/www.inforesidencias.com\/blog\/?p=8465"},"modified":"2026-08-04T09:21:30","modified_gmt":"2026-08-04T08:21:30","slug":"que-diferencia-hay-entre-una-plaza-residencial-publica-una-privada-y-una-concertada","status":"publish","type":"post","link":"https:\/\/www.inforesidencias.com\/blog\/index.php\/2026\/09\/04\/que-diferencia-hay-entre-una-plaza-residencial-publica-una-privada-y-una-concertada\/","title":{"rendered":"\u00bfQu\u00e9 diferencia hay entre una plaza residencial p\u00fablica, una privada y una concertada?"},"content":{"rendered":"\n<p>Cuando una familia comienza a buscar una residencia para una persona mayor, una de las primeras dudas que surgen es qu\u00e9 tipo de plaza necesita o a cu\u00e1l puede acceder. Aunque los t\u00e9rminos <em>p\u00fablica<\/em>, <em>privada<\/em> y <em>concertada<\/em> son muy habituales, no siempre se conocen sus diferencias, lo que puede generar confusi\u00f3n durante el proceso de b\u00fasqueda. Por ello, hoy en Inforesidencias nos preguntamos: \u00bfQu\u00e9 diferencia hay entre una plaza residencial p\u00fablica, una privada y una concertada?<\/p>\n\n\n<div class=\"wp-block-image\">\n<figure class=\"alignright size-full is-resized\"><a href=\"https:\/\/www.inforesidencias.com\/blog\/wp-content\/uploads\/2026\/07\/residencia-las-marismas-privada-concertada-blog.jpg\"><img loading=\"lazy\" decoding=\"async\" width=\"535\" height=\"500\" src=\"https:\/\/www.inforesidencias.com\/blog\/wp-content\/uploads\/2026\/07\/residencia-las-marismas-privada-concertada-blog.jpg\" alt=\"\" class=\"wp-image-8467\" style=\"aspect-ratio:1.07;width:371px;height:auto\" srcset=\"https:\/\/www.inforesidencias.com\/blog\/wp-content\/uploads\/2026\/07\/residencia-las-marismas-privada-concertada-blog.jpg 535w, https:\/\/www.inforesidencias.com\/blog\/wp-content\/uploads\/2026\/07\/residencia-las-marismas-privada-concertada-blog-300x280.jpg 300w\" sizes=\"auto, (max-width: 535px) 100vw, 535px\" \/><\/a><\/figure><\/div>\n\n\n<p>Comprender qu\u00e9 significa cada modalidad ayuda a tomar decisiones mejor informadas y a conocer qu\u00e9 opciones existen en funci\u00f3n de la situaci\u00f3n econ\u00f3mica, el grado de dependencia o las necesidades de atenci\u00f3n de cada persona. Adem\u00e1s, conviene recordar que el tipo de plaza no determina necesariamente la calidad asistencial del centro, sino la forma en la que se financia y se accede a ella.<\/p>\n\n\n\n<p>En Espa\u00f1a conviven distintos modelos de financiaci\u00f3n de las plazas residenciales dentro del Sistema para la Autonom\u00eda y Atenci\u00f3n a la Dependencia (SAAD). Conocer c\u00f3mo funciona cada uno permite entender mejor las listas de espera, los procedimientos administrativos y las posibilidades que tiene cada familia.<\/p>\n\n\n\n<h2 class=\"wp-block-heading\">\u00bfQu\u00e9 es una plaza residencial p\u00fablica?<\/h2>\n\n\n\n<p>Una plaza p\u00fablica es aquella financiada \u00edntegramente por una administraci\u00f3n p\u00fablica y destinada a personas que cumplen los requisitos establecidos por la comunidad aut\u00f3noma correspondiente.<\/p>\n\n\n\n<p>Generalmente, el acceso requiere tener reconocido un grado de dependencia cuando as\u00ed lo exige la normativa auton\u00f3mica y seguir el procedimiento de asignaci\u00f3n previsto por la administraci\u00f3n. La persona beneficiaria suele aportar una cantidad en funci\u00f3n de su capacidad econ\u00f3mica, mientras que el resto del coste es asumido con financiaci\u00f3n p\u00fablica.<\/p>\n\n\n\n<p>Las condiciones concretas de acceso, copago y adjudicaci\u00f3n pueden variar entre comunidades aut\u00f3nomas.<\/p>\n\n\n\n<h2 class=\"wp-block-heading\">\u00bfQu\u00e9 es una plaza residencial privada?<\/h2>\n\n\n\n<p>La <a href=\"https:\/\/www.inforesidencias.com\/centros\/buscador\/residencias\" target=\"_blank\" rel=\"noreferrer noopener\"><strong>plaza privada<\/strong><\/a> es aquella que contrata directamente la persona usuaria o su familia con el centro residencial.<\/p>\n\n\n\n<p>En este caso, el coste de la plaza es asumido por la propia persona, aunque en determinadas circunstancias puede compatibilizarse con prestaciones econ\u00f3micas previstas por la Ley de Dependencia cuando la normativa auton\u00f3mica lo permite.<\/p>\n\n\n\n<p>La contrataci\u00f3n suele ser m\u00e1s \u00e1gil, ya que no depende de un procedimiento administrativo de adjudicaci\u00f3n de plaza, sino de la disponibilidad del centro y del acuerdo entre ambas partes.<\/p>\n\n\n\n<h2 class=\"wp-block-heading\">\u00bfQu\u00e9 es una plaza residencial concertada?<\/h2>\n\n\n\n<p>La plaza concertada ocupa un espacio intermedio entre las dos anteriores.<\/p>\n\n\n\n<p>Se trata de una plaza ubicada en una residencia de titularidad privada, pero cuya financiaci\u00f3n se realiza, total o parcialmente, mediante un concierto entre la administraci\u00f3n p\u00fablica y el centro residencial.<\/p>\n\n\n\n<p>Para la persona usuaria, el acceso se realiza a trav\u00e9s de la administraci\u00f3n competente, igual que sucede con una plaza p\u00fablica. Es decir, no basta con que exista una plaza libre en la residencia, sino que debe ser adjudicada por el organismo responsable.<\/p>\n\n\n\n<h2 class=\"wp-block-heading\">\u00bfQu\u00e9 diferencia hay entre una plaza residencial p\u00fablica, una privada y una concertada?<\/h2>\n\n\n\n<p>La principal diferencia no reside en la atenci\u00f3n que recibe la persona mayor, sino en el modelo de financiaci\u00f3n y en la forma de acceder a la plaza.<\/p>\n\n\n\n<p>Mientras que las plazas p\u00fablicas y concertadas requieren un procedimiento administrativo de adjudicaci\u00f3n, las plazas privadas pueden contratarse directamente con el centro. Asimismo, las plazas concertadas se prestan en residencias privadas que mantienen acuerdos con la administraci\u00f3n para atender a personas derivadas por los servicios p\u00fablicos.<\/p>\n\n\n\n<p>Por ello, dos residentes que viven en la misma residencia pueden recibir exactamente los mismos cuidados y servicios, aunque uno ocupe una plaza privada y otro una concertada.<\/p>\n\n\n\n<h2 class=\"wp-block-heading\">\u00bfInfluye el tipo de plaza en los servicios que recibe la persona mayor?<\/h2>\n\n\n\n<p>Con car\u00e1cter general, la normativa exige que todas las plazas autorizadas de un centro cumplan los requisitos de funcionamiento, personal y calidad establecidos por cada comunidad aut\u00f3noma.<\/p>\n\n\n\n<p>Las posibles diferencias suelen venir determinadas por las condiciones del contrato o por determinados servicios complementarios que el centro pueda ofrecer, pero no por el hecho de que la plaza sea p\u00fablica, privada o concertada.<\/p>\n\n\n\n<p>Por ello, adem\u00e1s del tipo de financiaci\u00f3n, resulta recomendable valorar otros aspectos como el proyecto asistencial, la ubicaci\u00f3n, la atenci\u00f3n personalizada, las instalaciones, la transparencia del centro o la participaci\u00f3n de las familias.<\/p>\n\n\n\n<h2 class=\"wp-block-heading\">\u00bfQu\u00e9 conviene tener en cuenta antes de elegir?<\/h2>\n\n\n\n<p>Antes de iniciar la b\u00fasqueda de una residencia es aconsejable informarse sobre:<\/p>\n\n\n\n<ul class=\"wp-block-list\">\n<li>El procedimiento de acceso a las plazas p\u00fablicas y concertadas.<\/li>\n\n\n\n<li>Los tiempos de espera existentes en la comunidad aut\u00f3noma.<\/li>\n\n\n\n<li>El coste de las plazas privadas.<\/li>\n\n\n\n<li>Las ayudas o prestaciones econ\u00f3micas que puedan corresponder.<\/li>\n\n\n\n<li>Los servicios incluidos en cada modalidad.<\/li>\n<\/ul>\n\n\n\n<p>Disponer de esta informaci\u00f3n facilita la planificaci\u00f3n y ayuda a tomar una decisi\u00f3n adaptada a las necesidades de la persona mayor y de su entorno familiar.<\/p>\n\n\n\n<p>Las administraciones auton\u00f3micas, el IMSERSO y la Ley 39\/2006, de Promoci\u00f3n de la Autonom\u00eda Personal y Atenci\u00f3n a las personas en situaci\u00f3n de dependencia, constituyen las principales referencias para conocer el funcionamiento del sistema y los requisitos de acceso a cada modalidad de plaza.<\/p>\n\n\n\n<p>Y, como decimos siempre, si ha visto interesante este art\u00edculo \u00ab\u00bfQu\u00e9 diferencia hay entre una plaza residencial p\u00fablica, una privada y una concertada?\u00bb, es muy probable que encuentre igualmente \u00fatiles estos otros:<\/p>\n\n\n\n<p>&#8211; <a href=\"https:\/\/www.inforesidencias.com\/blog\/index.php\/2008\/07\/24\/gestion-privada-de-servicios-publicos-un-baile-de-mascaras\/\" target=\"_blank\" rel=\"noreferrer noopener\">Gesti\u00f3n privada de servicios p\u00fablicos; un baile de m\u00e1scaras<\/a><\/p>\n\n\n\n<p>&#8211;&nbsp;<a href=\"https:\/\/dependencia.info\/noticia\/8307\/actualidad\/como-ha-variado-el-precio-de-las-residencias-de-personas-mayores-privadas-en-espana-durante-los-ultimos-25-anos.html?cache=true\" target=\"_blank\" rel=\"noreferrer noopener\">\u00bfC\u00f3mo ha variado el precio de las residencias de personas mayores privadas en Espa\u00f1a durante los \u00faltimos 25 a\u00f1os?<\/a><\/p>\n","protected":false},"excerpt":{"rendered":"<p>Cuando una familia comienza a buscar una residencia para una persona mayor, una de las primeras dudas que surgen es qu\u00e9 tipo de plaza necesita o a cu\u00e1l puede acceder. Aunque los t\u00e9rminos p\u00fablica, privada y concertada son muy habituales, no siempre se conocen sus diferencias, lo que puede generar confusi\u00f3n durante el proceso de b\u00fasqueda. Por ello, hoy en Inforesidencias nos preguntamos: \u00bfQu\u00e9 diferencia hay entre una plaza residencial p\u00fablica, una privada y una concertada? Comprender qu\u00e9 significa cada modalidad ayuda a tomar decisiones mejor informadas y a conocer qu\u00e9 opciones existen en funci\u00f3n de la situaci\u00f3n econ\u00f3mica, el grado de dependencia o las necesidades de atenci\u00f3n de cada persona. Adem\u00e1s, conviene recordar que el tipo de plaza no determina necesariamente la calidad asistencial del centro, sino la forma en la que se financia y se accede a ella. En Espa\u00f1a conviven distintos modelos de financiaci\u00f3n de las plazas [&hellip;]<\/p>\n","protected":false},"author":7,"featured_media":8467,"comment_status":"open","ping_status":"open","sticky":false,"template":"","format":"standard","meta":{"footnotes":""},"categories":[1],"tags":[],"class_list":["post-8465","post","type-post","status-publish","format-standard","has-post-thumbnail","hentry","category-uncategorized"],"yoast_head":"<!-- This site is optimized with the Yoast SEO plugin v21.7 - https:\/\/yoast.com\/wordpress\/plugins\/seo\/ -->\n<title>\u00bfQu\u00e9 diferencia hay entre una plaza residencial p\u00fablica, una privada y una concertada? - Blog Inforesidencias.com<\/title>\n<meta name=\"description\" content=\"Diferencia entre lo que es y supone una plaza residencial p\u00fablica, una privada y una concertada en las residencias\" \/>\n<meta name=\"robots\" content=\"index, follow, max-snippet:-1, max-image-preview:large, max-video-preview:-1\" \/>\n<link rel=\"canonical\" href=\"https:\/\/www.inforesidencias.com\/blog\/index.php\/2026\/09\/04\/que-diferencia-hay-entre-una-plaza-residencial-publica-una-privada-y-una-concertada\/\" \/>\n<meta property=\"og:locale\" content=\"es_ES\" \/>\n<meta property=\"og:type\" content=\"article\" \/>\n<meta property=\"og:title\" content=\"\u00bfQu\u00e9 diferencia hay entre una plaza residencial p\u00fablica, una privada y una concertada? - Blog Inforesidencias.com\" \/>\n<meta property=\"og:description\" content=\"Diferencia entre lo que es y supone una plaza residencial p\u00fablica, una privada y una concertada en las residencias\" \/>\n<meta property=\"og:url\" content=\"https:\/\/www.inforesidencias.com\/blog\/index.php\/2026\/09\/04\/que-diferencia-hay-entre-una-plaza-residencial-publica-una-privada-y-una-concertada\/\" \/>\n<meta property=\"og:site_name\" content=\"Blog Inforesidencias.com\" \/>\n<meta property=\"article:publisher\" content=\"https:\/\/www.facebook.com\/Inforesidencias\/\" \/>\n<meta property=\"article:published_time\" content=\"2026-09-04T07:12:00+00:00\" \/>\n<meta property=\"article:modified_time\" content=\"2026-08-04T08:21:30+00:00\" \/>\n<meta property=\"og:image\" content=\"https:\/\/www.inforesidencias.com\/blog\/wp-content\/uploads\/2026\/07\/residencia-las-marismas-privada-concertada-blog.jpg\" \/>\n\t<meta property=\"og:image:width\" content=\"535\" \/>\n\t<meta property=\"og:image:height\" content=\"500\" \/>\n\t<meta property=\"og:image:type\" content=\"image\/jpeg\" \/>\n<meta name=\"author\" content=\"Inforesidencias.com\" \/>\n<meta name=\"twitter:card\" content=\"summary_large_image\" \/>\n<meta name=\"twitter:creator\" content=\"@inforesidencias\" \/>\n<meta name=\"twitter:site\" content=\"@inforesidencias\" \/>\n<meta name=\"twitter:label1\" content=\"Escrito por\" \/>\n\t<meta name=\"twitter:data1\" content=\"Inforesidencias.com\" \/>\n\t<meta name=\"twitter:label2\" content=\"Tiempo de lectura\" \/>\n\t<meta name=\"twitter:data2\" content=\"5 minutos\" \/>\n<script type=\"application\/ld+json\" class=\"yoast-schema-graph\">{\"@context\":\"https:\/\/schema.org\",\"@graph\":[{\"@type\":\"WebPage\",\"@id\":\"https:\/\/www.inforesidencias.com\/blog\/index.php\/2026\/09\/04\/que-diferencia-hay-entre-una-plaza-residencial-publica-una-privada-y-una-concertada\/\",\"url\":\"https:\/\/www.inforesidencias.com\/blog\/index.php\/2026\/09\/04\/que-diferencia-hay-entre-una-plaza-residencial-publica-una-privada-y-una-concertada\/\",\"name\":\"\u00bfQu\u00e9 diferencia hay entre una plaza residencial p\u00fablica, una privada y una concertada? - Blog Inforesidencias.com\",\"isPartOf\":{\"@id\":\"https:\/\/www.inforesidencias.com\/blog\/#website\"},\"datePublished\":\"2026-09-04T07:12:00+00:00\",\"dateModified\":\"2026-08-04T08:21:30+00:00\",\"author\":{\"@id\":\"https:\/\/www.inforesidencias.com\/blog\/#\/schema\/person\/4137928ac9e11813f9d22c7eca99e8c6\"},\"description\":\"Diferencia entre lo que es y supone una plaza residencial p\u00fablica, una privada y una concertada en las residencias\",\"breadcrumb\":{\"@id\":\"https:\/\/www.inforesidencias.com\/blog\/index.php\/2026\/09\/04\/que-diferencia-hay-entre-una-plaza-residencial-publica-una-privada-y-una-concertada\/#breadcrumb\"},\"inLanguage\":\"es\",\"potentialAction\":[{\"@type\":\"ReadAction\",\"target\":[\"https:\/\/www.inforesidencias.com\/blog\/index.php\/2026\/09\/04\/que-diferencia-hay-entre-una-plaza-residencial-publica-una-privada-y-una-concertada\/\"]}]},{\"@type\":\"BreadcrumbList\",\"@id\":\"https:\/\/www.inforesidencias.com\/blog\/index.php\/2026\/09\/04\/que-diferencia-hay-entre-una-plaza-residencial-publica-una-privada-y-una-concertada\/#breadcrumb\",\"itemListElement\":[{\"@type\":\"ListItem\",\"position\":1,\"name\":\"Home\",\"item\":\"https:\/\/www.inforesidencias.com\/blog\/\"},{\"@type\":\"ListItem\",\"position\":2,\"name\":\"\u00bfQu\u00e9 diferencia hay entre una plaza residencial p\u00fablica, una privada y una concertada?\"}]},{\"@type\":\"WebSite\",\"@id\":\"https:\/\/www.inforesidencias.com\/blog\/#website\",\"url\":\"https:\/\/www.inforesidencias.com\/blog\/\",\"name\":\"Blog Inforesidencias.com\",\"description\":\"El buscador de residencias de la 3\u00aa edad\",\"potentialAction\":[{\"@type\":\"SearchAction\",\"target\":{\"@type\":\"EntryPoint\",\"urlTemplate\":\"https:\/\/www.inforesidencias.com\/blog\/?s={search_term_string}\"},\"query-input\":\"required name=search_term_string\"}],\"inLanguage\":\"es\"},{\"@type\":\"Person\",\"@id\":\"https:\/\/www.inforesidencias.com\/blog\/#\/schema\/person\/4137928ac9e11813f9d22c7eca99e8c6\",\"name\":\"Inforesidencias.com\",\"image\":{\"@type\":\"ImageObject\",\"inLanguage\":\"es\",\"@id\":\"https:\/\/www.inforesidencias.com\/blog\/#\/schema\/person\/image\/\",\"url\":\"https:\/\/secure.gravatar.com\/avatar\/7789883debe237110623a7170ad0045b1ce31840971c4fe21979d3d4e4178285?s=96&d=mm&r=g\",\"contentUrl\":\"https:\/\/secure.gravatar.com\/avatar\/7789883debe237110623a7170ad0045b1ce31840971c4fe21979d3d4e4178285?s=96&d=mm&r=g\",\"caption\":\"Inforesidencias.com\"},\"url\":\"https:\/\/www.inforesidencias.com\/blog\/index.php\/author\/javier-camara\/\"}]}<\/script>\n<!-- \/ Yoast SEO plugin. -->","yoast_head_json":{"title":"\u00bfQu\u00e9 diferencia hay entre una plaza residencial p\u00fablica, una privada y una concertada? - Blog Inforesidencias.com","description":"Diferencia entre lo que es y supone una plaza residencial p\u00fablica, una privada y una concertada en las residencias","robots":{"index":"index","follow":"follow","max-snippet":"max-snippet:-1","max-image-preview":"max-image-preview:large","max-video-preview":"max-video-preview:-1"},"canonical":"https:\/\/www.inforesidencias.com\/blog\/index.php\/2026\/09\/04\/que-diferencia-hay-entre-una-plaza-residencial-publica-una-privada-y-una-concertada\/","og_locale":"es_ES","og_type":"article","og_title":"\u00bfQu\u00e9 diferencia hay entre una plaza residencial p\u00fablica, una privada y una concertada? - Blog Inforesidencias.com","og_description":"Diferencia entre lo que es y supone una plaza residencial p\u00fablica, una privada y una concertada en las residencias","og_url":"https:\/\/www.inforesidencias.com\/blog\/index.php\/2026\/09\/04\/que-diferencia-hay-entre-una-plaza-residencial-publica-una-privada-y-una-concertada\/","og_site_name":"Blog Inforesidencias.com","article_publisher":"https:\/\/www.facebook.com\/Inforesidencias\/","article_published_time":"2026-09-04T07:12:00+00:00","article_modified_time":"2026-08-04T08:21:30+00:00","og_image":[{"width":535,"height":500,"url":"https:\/\/www.inforesidencias.com\/blog\/wp-content\/uploads\/2026\/07\/residencia-las-marismas-privada-concertada-blog.jpg","type":"image\/jpeg"}],"author":"Inforesidencias.com","twitter_card":"summary_large_image","twitter_creator":"@inforesidencias","twitter_site":"@inforesidencias","twitter_misc":{"Escrito por":"Inforesidencias.com","Tiempo de lectura":"5 minutos"},"schema":{"@context":"https:\/\/schema.org","@graph":[{"@type":"WebPage","@id":"https:\/\/www.inforesidencias.com\/blog\/index.php\/2026\/09\/04\/que-diferencia-hay-entre-una-plaza-residencial-publica-una-privada-y-una-concertada\/","url":"https:\/\/www.inforesidencias.com\/blog\/index.php\/2026\/09\/04\/que-diferencia-hay-entre-una-plaza-residencial-publica-una-privada-y-una-concertada\/","name":"\u00bfQu\u00e9 diferencia hay entre una plaza residencial p\u00fablica, una privada y una concertada? - Blog Inforesidencias.com","isPartOf":{"@id":"https:\/\/www.inforesidencias.com\/blog\/#website"},"datePublished":"2026-09-04T07:12:00+00:00","dateModified":"2026-08-04T08:21:30+00:00","author":{"@id":"https:\/\/www.inforesidencias.com\/blog\/#\/schema\/person\/4137928ac9e11813f9d22c7eca99e8c6"},"description":"Diferencia entre lo que es y supone una plaza residencial p\u00fablica, una privada y una concertada en las residencias","breadcrumb":{"@id":"https:\/\/www.inforesidencias.com\/blog\/index.php\/2026\/09\/04\/que-diferencia-hay-entre-una-plaza-residencial-publica-una-privada-y-una-concertada\/#breadcrumb"},"inLanguage":"es","potentialAction":[{"@type":"ReadAction","target":["https:\/\/www.inforesidencias.com\/blog\/index.php\/2026\/09\/04\/que-diferencia-hay-entre-una-plaza-residencial-publica-una-privada-y-una-concertada\/"]}]},{"@type":"BreadcrumbList","@id":"https:\/\/www.inforesidencias.com\/blog\/index.php\/2026\/09\/04\/que-diferencia-hay-entre-una-plaza-residencial-publica-una-privada-y-una-concertada\/#breadcrumb","itemListElement":[{"@type":"ListItem","position":1,"name":"Home","item":"https:\/\/www.inforesidencias.com\/blog\/"},{"@type":"ListItem","position":2,"name":"\u00bfQu\u00e9 diferencia hay entre una plaza residencial p\u00fablica, una privada y una concertada?"}]},{"@type":"WebSite","@id":"https:\/\/www.inforesidencias.com\/blog\/#website","url":"https:\/\/www.inforesidencias.com\/blog\/","name":"Blog Inforesidencias.com","description":"El buscador de residencias de la 3\u00aa edad","potentialAction":[{"@type":"SearchAction","target":{"@type":"EntryPoint","urlTemplate":"https:\/\/www.inforesidencias.com\/blog\/?s={search_term_string}"},"query-input":"required name=search_term_string"}],"inLanguage":"es"},{"@type":"Person","@id":"https:\/\/www.inforesidencias.com\/blog\/#\/schema\/person\/4137928ac9e11813f9d22c7eca99e8c6","name":"Inforesidencias.com","image":{"@type":"ImageObject","inLanguage":"es","@id":"https:\/\/www.inforesidencias.com\/blog\/#\/schema\/person\/image\/","url":"https:\/\/secure.gravatar.com\/avatar\/7789883debe237110623a7170ad0045b1ce31840971c4fe21979d3d4e4178285?s=96&d=mm&r=g","contentUrl":"https:\/\/secure.gravatar.com\/avatar\/7789883debe237110623a7170ad0045b1ce31840971c4fe21979d3d4e4178285?s=96&d=mm&r=g","caption":"Inforesidencias.com"},"url":"https:\/\/www.inforesidencias.com\/blog\/index.php\/author\/javier-camara\/"}]}},"_links":{"self":[{"href":"https:\/\/www.inforesidencias.com\/blog\/index.php\/wp-json\/wp\/v2\/posts\/8465","targetHints":{"allow":["GET"]}}],"collection":[{"href":"https:\/\/www.inforesidencias.com\/blog\/index.php\/wp-json\/wp\/v2\/posts"}],"about":[{"href":"https:\/\/www.inforesidencias.com\/blog\/index.php\/wp-json\/wp\/v2\/types\/post"}],"author":[{"embeddable":true,"href":"https:\/\/www.inforesidencias.com\/blog\/index.php\/wp-json\/wp\/v2\/users\/7"}],"replies":[{"embeddable":true,"href":"https:\/\/www.inforesidencias.com\/blog\/index.php\/wp-json\/wp\/v2\/comments?post=8465"}],"version-history":[{"count":4,"href":"https:\/\/www.inforesidencias.com\/blog\/index.php\/wp-json\/wp\/v2\/posts\/8465\/revisions"}],"predecessor-version":[{"id":8500,"href":"https:\/\/www.inforesidencias.com\/blog\/index.php\/wp-json\/wp\/v2\/posts\/8465\/revisions\/8500"}],"wp:featuredmedia":[{"embeddable":true,"href":"https:\/\/www.inforesidencias.com\/blog\/index.php\/wp-json\/wp\/v2\/media\/8467"}],"wp:attachment":[{"href":"https:\/\/www.inforesidencias.com\/blog\/index.php\/wp-json\/wp\/v2\/media?parent=8465"}],"wp:term":[{"taxonomy":"category","embeddable":true,"href":"https:\/\/www.inforesidencias.com\/blog\/index.php\/wp-json\/wp\/v2\/categories?post=8465"},{"taxonomy":"post_tag","embeddable":true,"href":"https:\/\/www.inforesidencias.com\/blog\/index.php\/wp-json\/wp\/v2\/tags?post=8465"}],"curies":[{"name":"wp","href":"https:\/\/api.w.org\/{rel}","templated":true}]}}